{"id":114,"date":"2010-08-27T14:36:50","date_gmt":"2010-08-27T18:36:50","guid":{"rendered":"http:\/\/medicina.udd.cl\/centro-alumnos-medicina\/2010\/08\/27\/centro-de-alumnos-presentes-con-un-techo-para-chile\/"},"modified":"2010-08-31T14:41:03","modified_gmt":"2010-08-31T18:41:03","slug":"centro-de-alumnos-presentes-con-un-techo-para-chile","status":"publish","type":"post","link":"https:\/\/medicina.udd.cl\/centro-alumnos-medicina\/noticias\/2010\/08\/27\/centro-de-alumnos-presentes-con-un-techo-para-chile\/","title":{"rendered":"Centro de Alumnos presente con Un Techo para Chile"},"content":{"rendered":"<p style=\"text-align: justify\"><a href=\"http:\/\/medicina.udd.cl\/centro-alumnos-medicina\/files\/2010\/08\/trabajos-voluntarios-096.jpg\" class=\"thickbox\"><img loading=\"lazy\" decoding=\"async\" class=\"alignleft size-medium wp-image-113\" title=\"trabajos voluntarios\" src=\"http:\/\/medicina.udd.cl\/centro-alumnos-medicina\/files\/2010\/08\/trabajos-voluntarios-096-300x225.jpg\" alt=\"\" width=\"300\" height=\"225\" srcset=\"https:\/\/medicina.udd.cl\/centro-alumnos-medicina\/files\/2010\/08\/trabajos-voluntarios-096-300x225.jpg 300w, https:\/\/medicina.udd.cl\/centro-alumnos-medicina\/files\/2010\/08\/trabajos-voluntarios-096-768x576.jpg 768w, https:\/\/medicina.udd.cl\/centro-alumnos-medicina\/files\/2010\/08\/trabajos-voluntarios-096-1024x768.jpg 1024w\" sizes=\"auto, (max-width: 300px) 100vw, 300px\" \/><\/a>Durante el mes de\u00a0mayo, estudiantes de las siete carreras de la salud llegaron hasta la comuna de Maule para construir mediaguas como parte del programa <strong>Un Techo para Chile<\/strong>.\u00a0<\/p>\n<p style=\"text-align: justify\">Acompa\u00f1ados por el\u00a0Dr. Patricio Varas y la Dra. Cristina Biehl, 63 alumnos se trasladaron hasta la zona devastada por el pasado terremoto del 27 de febrero, donde distintas familias esperaban la ayuda\u00a0los estudiantes de nuestra Facultad.<\/p>\n<p style=\"text-align: justify\">La iniciativa, a cargo de la Direcci\u00f3n de Asuntos Estudiantiles (DAE) y de la Facultad de Medicina, permiti\u00f3 que alumnos participaran por primera vez en esta iniciativa impulsada por el Hogar de Cristo.\u00a0\u00a0<\/p>\n<p style=\"text-align: justify\">\u201cEsta fue una experiencia s\u00faper enriquecedora no s\u00f3lo por el apoyo que entregamos, sino que tambi\u00e9n porque esta instancia nos permiti\u00f3 conocernos m\u00e1s entre las distintas carreras de la salud\u201d, explic\u00f3 <strong>Francesca Gorziglia<\/strong>, presidenta del Centro de Alumnos de Medicina.<\/p>\n<p style=\"text-align: justify\">Cabe destacar que esta actividad fue parte del cierre de campa\u00f1a, donde se cumpli\u00f3 la meta al construir 40 mil viviendas de emergencia para las familias damnificadas por el terremoto y posterior tsunami.<\/p>\n","protected":false},"excerpt":{"rendered":"<p>Nos trasladamos hasta la comuna de Maule, al sur de Talca. <\/p>\n","protected":false},"author":1,"featured_media":0,"comment_status":"open","ping_status":"open","sticky":false,"template":"","format":"standard","meta":{"footnotes":""},"categories":[4],"tags":[],"class_list":["post-114","post","type-post","status-publish","format-standard","hentry","category-noticias"],"yoast_head":"<!-- This site is optimized with the Yoast SEO plugin v26.9 - https:\/\/yoast.com\/product\/yoast-seo-wordpress\/ -->\n<title>Centro de Alumnos presente con Un Techo para Chile - Centro de Alumnos de Medicina<\/title>\n<meta name=\"robots\" content=\"index, follow, max-snippet:-1, max-image-preview:large, max-video-preview:-1\" \/>\n<link rel=\"canonical\" href=\"https:\/\/medicina.udd.cl\/centro-alumnos-medicina\/noticias\/2010\/08\/27\/centro-de-alumnos-presentes-con-un-techo-para-chile\/\" \/>\n<meta property=\"og:locale\" content=\"es_ES\" \/>\n<meta property=\"og:type\" content=\"article\" \/>\n<meta property=\"og:title\" content=\"Centro de Alumnos presente con Un Techo para Chile - Centro de Alumnos de Medicina\" \/>\n<meta property=\"og:description\" content=\"Nos trasladamos hasta la comuna de Maule, al sur de Talca.\" \/>\n<meta property=\"og:url\" content=\"https:\/\/medicina.udd.cl\/centro-alumnos-medicina\/noticias\/2010\/08\/27\/centro-de-alumnos-presentes-con-un-techo-para-chile\/\" \/>\n<meta property=\"og:site_name\" content=\"Centro de Alumnos de Medicina\" \/>\n<meta property=\"article:published_time\" content=\"2010-08-27T18:36:50+00:00\" \/>\n<meta property=\"article:modified_time\" content=\"2010-08-31T18:41:03+00:00\" \/>\n<meta property=\"og:image\" content=\"http:\/\/medicina.udd.cl\/centro-alumnos-medicina\/files\/2010\/08\/trabajos-voluntarios-096-300x225.jpg\" \/>\n<meta name=\"author\" content=\"admin\" \/>\n<meta name=\"twitter:label1\" content=\"Escrito por\" \/>\n\t<meta name=\"twitter:data1\" content=\"admin\" \/>\n\t<meta name=\"twitter:label2\" content=\"Tiempo de lectura\" \/>\n\t<meta name=\"twitter:data2\" content=\"1 minuto\" \/>\n<script type=\"application\/ld+json\" class=\"yoast-schema-graph\">{\"@context\":\"https:\/\/schema.org\",\"@graph\":[{\"@type\":\"Article\",\"@id\":\"https:\/\/medicina.udd.cl\/centro-alumnos-medicina\/noticias\/2010\/08\/27\/centro-de-alumnos-presentes-con-un-techo-para-chile\/#article\",\"isPartOf\":{\"@id\":\"https:\/\/medicina.udd.cl\/centro-alumnos-medicina\/noticias\/2010\/08\/27\/centro-de-alumnos-presentes-con-un-techo-para-chile\/\"},\"author\":{\"name\":\"admin\",\"@id\":\"https:\/\/medicina.udd.cl\/centro-alumnos-medicina\/#\/schema\/person\/f7abfa784c86da427e89287831f96ab7\"},\"headline\":\"Centro de Alumnos presente con Un Techo para Chile\",\"datePublished\":\"2010-08-27T18:36:50+00:00\",\"dateModified\":\"2010-08-31T18:41:03+00:00\",\"mainEntityOfPage\":{\"@id\":\"https:\/\/medicina.udd.cl\/centro-alumnos-medicina\/noticias\/2010\/08\/27\/centro-de-alumnos-presentes-con-un-techo-para-chile\/\"},\"wordCount\":187,\"commentCount\":0,\"image\":{\"@id\":\"https:\/\/medicina.udd.cl\/centro-alumnos-medicina\/noticias\/2010\/08\/27\/centro-de-alumnos-presentes-con-un-techo-para-chile\/#primaryimage\"},\"thumbnailUrl\":\"http:\/\/medicina.udd.cl\/centro-alumnos-medicina\/files\/2010\/08\/trabajos-voluntarios-096-300x225.jpg\",\"articleSection\":[\"Noticias\"],\"inLanguage\":\"es\",\"potentialAction\":[{\"@type\":\"CommentAction\",\"name\":\"Comment\",\"target\":[\"https:\/\/medicina.udd.cl\/centro-alumnos-medicina\/noticias\/2010\/08\/27\/centro-de-alumnos-presentes-con-un-techo-para-chile\/#respond\"]}]},{\"@type\":\"WebPage\",\"@id\":\"https:\/\/medicina.udd.cl\/centro-alumnos-medicina\/noticias\/2010\/08\/27\/centro-de-alumnos-presentes-con-un-techo-para-chile\/\",\"url\":\"https:\/\/medicina.udd.cl\/centro-alumnos-medicina\/noticias\/2010\/08\/27\/centro-de-alumnos-presentes-con-un-techo-para-chile\/\",\"name\":\"Centro de Alumnos presente con Un Techo para Chile - Centro de Alumnos de Medicina\",\"isPartOf\":{\"@id\":\"https:\/\/medicina.udd.cl\/centro-alumnos-medicina\/#website\"},\"primaryImageOfPage\":{\"@id\":\"https:\/\/medicina.udd.cl\/centro-alumnos-medicina\/noticias\/2010\/08\/27\/centro-de-alumnos-presentes-con-un-techo-para-chile\/#primaryimage\"},\"image\":{\"@id\":\"https:\/\/medicina.udd.cl\/centro-alumnos-medicina\/noticias\/2010\/08\/27\/centro-de-alumnos-presentes-con-un-techo-para-chile\/#primaryimage\"},\"thumbnailUrl\":\"http:\/\/medicina.udd.cl\/centro-alumnos-medicina\/files\/2010\/08\/trabajos-voluntarios-096-300x225.jpg\",\"datePublished\":\"2010-08-27T18:36:50+00:00\",\"dateModified\":\"2010-08-31T18:41:03+00:00\",\"author\":{\"@id\":\"https:\/\/medicina.udd.cl\/centro-alumnos-medicina\/#\/schema\/person\/f7abfa784c86da427e89287831f96ab7\"},\"breadcrumb\":{\"@id\":\"https:\/\/medicina.udd.cl\/centro-alumnos-medicina\/noticias\/2010\/08\/27\/centro-de-alumnos-presentes-con-un-techo-para-chile\/#breadcrumb\"},\"inLanguage\":\"es\",\"potentialAction\":[{\"@type\":\"ReadAction\",\"target\":[\"https:\/\/medicina.udd.cl\/centro-alumnos-medicina\/noticias\/2010\/08\/27\/centro-de-alumnos-presentes-con-un-techo-para-chile\/\"]}]},{\"@type\":\"ImageObject\",\"inLanguage\":\"es\",\"@id\":\"https:\/\/medicina.udd.cl\/centro-alumnos-medicina\/noticias\/2010\/08\/27\/centro-de-alumnos-presentes-con-un-techo-para-chile\/#primaryimage\",\"url\":\"https:\/\/medicina.udd.cl\/centro-alumnos-medicina\/files\/2010\/08\/trabajos-voluntarios-096.jpg\",\"contentUrl\":\"https:\/\/medicina.udd.cl\/centro-alumnos-medicina\/files\/2010\/08\/trabajos-voluntarios-096.jpg\",\"width\":3648,\"height\":2736},{\"@type\":\"BreadcrumbList\",\"@id\":\"https:\/\/medicina.udd.cl\/centro-alumnos-medicina\/noticias\/2010\/08\/27\/centro-de-alumnos-presentes-con-un-techo-para-chile\/#breadcrumb\",\"itemListElement\":[{\"@type\":\"ListItem\",\"position\":1,\"name\":\"Home\",\"item\":\"https:\/\/medicina.udd.cl\/centro-alumnos-medicina\/\"},{\"@type\":\"ListItem\",\"position\":2,\"name\":\"Centro de Alumnos presente con Un Techo para Chile\"}]},{\"@type\":\"WebSite\",\"@id\":\"https:\/\/medicina.udd.cl\/centro-alumnos-medicina\/#website\",\"url\":\"https:\/\/medicina.udd.cl\/centro-alumnos-medicina\/\",\"name\":\"Centro de Alumnos de Medicina\",\"description\":\"Otro sitio m\u00e1s de Medicina\",\"potentialAction\":[{\"@type\":\"SearchAction\",\"target\":{\"@type\":\"EntryPoint\",\"urlTemplate\":\"https:\/\/medicina.udd.cl\/centro-alumnos-medicina\/?s={search_term_string}\"},\"query-input\":{\"@type\":\"PropertyValueSpecification\",\"valueRequired\":true,\"valueName\":\"search_term_string\"}}],\"inLanguage\":\"es\"},{\"@type\":\"Person\",\"@id\":\"https:\/\/medicina.udd.cl\/centro-alumnos-medicina\/#\/schema\/person\/f7abfa784c86da427e89287831f96ab7\",\"name\":\"admin\",\"image\":{\"@type\":\"ImageObject\",\"inLanguage\":\"es\",\"@id\":\"https:\/\/medicina.udd.cl\/centro-alumnos-medicina\/#\/schema\/person\/image\/\",\"url\":\"https:\/\/secure.gravatar.com\/avatar\/3cb6da298954dfb54457c0910b8c9ca010abd8d87a60f7d701b6ce4254e1c642?s=96&d=mm&r=g\",\"contentUrl\":\"https:\/\/secure.gravatar.com\/avatar\/3cb6da298954dfb54457c0910b8c9ca010abd8d87a60f7d701b6ce4254e1c642?s=96&d=mm&r=g\",\"caption\":\"admin\"},\"url\":\"https:\/\/medicina.udd.cl\/centro-alumnos-medicina\/noticias\/author\/admin\/\"}]}<\/script>\n<!-- \/ Yoast SEO plugin. -->","yoast_head_json":{"title":"Centro de Alumnos presente con Un Techo para Chile - Centro de Alumnos de Medicina","robots":{"index":"index","follow":"follow","max-snippet":"max-snippet:-1","max-image-preview":"max-image-preview:large","max-video-preview":"max-video-preview:-1"},"canonical":"https:\/\/medicina.udd.cl\/centro-alumnos-medicina\/noticias\/2010\/08\/27\/centro-de-alumnos-presentes-con-un-techo-para-chile\/","og_locale":"es_ES","og_type":"article","og_title":"Centro de Alumnos presente con Un Techo para Chile - Centro de Alumnos de Medicina","og_description":"Nos trasladamos hasta la comuna de Maule, al sur de Talca.","og_url":"https:\/\/medicina.udd.cl\/centro-alumnos-medicina\/noticias\/2010\/08\/27\/centro-de-alumnos-presentes-con-un-techo-para-chile\/","og_site_name":"Centro de Alumnos de Medicina","article_published_time":"2010-08-27T18:36:50+00:00","article_modified_time":"2010-08-31T18:41:03+00:00","og_image":[{"url":"http:\/\/medicina.udd.cl\/centro-alumnos-medicina\/files\/2010\/08\/trabajos-voluntarios-096-300x225.jpg","type":"","width":"","height":""}],"author":"admin","twitter_misc":{"Escrito por":"admin","Tiempo de lectura":"1 minuto"},"schema":{"@context":"https:\/\/schema.org","@graph":[{"@type":"Article","@id":"https:\/\/medicina.udd.cl\/centro-alumnos-medicina\/noticias\/2010\/08\/27\/centro-de-alumnos-presentes-con-un-techo-para-chile\/#article","isPartOf":{"@id":"https:\/\/medicina.udd.cl\/centro-alumnos-medicina\/noticias\/2010\/08\/27\/centro-de-alumnos-presentes-con-un-techo-para-chile\/"},"author":{"name":"admin","@id":"https:\/\/medicina.udd.cl\/centro-alumnos-medicina\/#\/schema\/person\/f7abfa784c86da427e89287831f96ab7"},"headline":"Centro de Alumnos presente con Un Techo para Chile","datePublished":"2010-08-27T18:36:50+00:00","dateModified":"2010-08-31T18:41:03+00:00","mainEntityOfPage":{"@id":"https:\/\/medicina.udd.cl\/centro-alumnos-medicina\/noticias\/2010\/08\/27\/centro-de-alumnos-presentes-con-un-techo-para-chile\/"},"wordCount":187,"commentCount":0,"image":{"@id":"https:\/\/medicina.udd.cl\/centro-alumnos-medicina\/noticias\/2010\/08\/27\/centro-de-alumnos-presentes-con-un-techo-para-chile\/#primaryimage"},"thumbnailUrl":"http:\/\/medicina.udd.cl\/centro-alumnos-medicina\/files\/2010\/08\/trabajos-voluntarios-096-300x225.jpg","articleSection":["Noticias"],"inLanguage":"es","potentialAction":[{"@type":"CommentAction","name":"Comment","target":["https:\/\/medicina.udd.cl\/centro-alumnos-medicina\/noticias\/2010\/08\/27\/centro-de-alumnos-presentes-con-un-techo-para-chile\/#respond"]}]},{"@type":"WebPage","@id":"https:\/\/medicina.udd.cl\/centro-alumnos-medicina\/noticias\/2010\/08\/27\/centro-de-alumnos-presentes-con-un-techo-para-chile\/","url":"https:\/\/medicina.udd.cl\/centro-alumnos-medicina\/noticias\/2010\/08\/27\/centro-de-alumnos-presentes-con-un-techo-para-chile\/","name":"Centro de Alumnos presente con Un Techo para Chile - Centro de Alumnos de Medicina","isPartOf":{"@id":"https:\/\/medicina.udd.cl\/centro-alumnos-medicina\/#website"},"primaryImageOfPage":{"@id":"https:\/\/medicina.udd.cl\/centro-alumnos-medicina\/noticias\/2010\/08\/27\/centro-de-alumnos-presentes-con-un-techo-para-chile\/#primaryimage"},"image":{"@id":"https:\/\/medicina.udd.cl\/centro-alumnos-medicina\/noticias\/2010\/08\/27\/centro-de-alumnos-presentes-con-un-techo-para-chile\/#primaryimage"},"thumbnailUrl":"http:\/\/medicina.udd.cl\/centro-alumnos-medicina\/files\/2010\/08\/trabajos-voluntarios-096-300x225.jpg","datePublished":"2010-08-27T18:36:50+00:00","dateModified":"2010-08-31T18:41:03+00:00","author":{"@id":"https:\/\/medicina.udd.cl\/centro-alumnos-medicina\/#\/schema\/person\/f7abfa784c86da427e89287831f96ab7"},"breadcrumb":{"@id":"https:\/\/medicina.udd.cl\/centro-alumnos-medicina\/noticias\/2010\/08\/27\/centro-de-alumnos-presentes-con-un-techo-para-chile\/#breadcrumb"},"inLanguage":"es","potentialAction":[{"@type":"ReadAction","target":["https:\/\/medicina.udd.cl\/centro-alumnos-medicina\/noticias\/2010\/08\/27\/centro-de-alumnos-presentes-con-un-techo-para-chile\/"]}]},{"@type":"ImageObject","inLanguage":"es","@id":"https:\/\/medicina.udd.cl\/centro-alumnos-medicina\/noticias\/2010\/08\/27\/centro-de-alumnos-presentes-con-un-techo-para-chile\/#primaryimage","url":"https:\/\/medicina.udd.cl\/centro-alumnos-medicina\/files\/2010\/08\/trabajos-voluntarios-096.jpg","contentUrl":"https:\/\/medicina.udd.cl\/centro-alumnos-medicina\/files\/2010\/08\/trabajos-voluntarios-096.jpg","width":3648,"height":2736},{"@type":"BreadcrumbList","@id":"https:\/\/medicina.udd.cl\/centro-alumnos-medicina\/noticias\/2010\/08\/27\/centro-de-alumnos-presentes-con-un-techo-para-chile\/#breadcrumb","itemListElement":[{"@type":"ListItem","position":1,"name":"Home","item":"https:\/\/medicina.udd.cl\/centro-alumnos-medicina\/"},{"@type":"ListItem","position":2,"name":"Centro de Alumnos presente con Un Techo para Chile"}]},{"@type":"WebSite","@id":"https:\/\/medicina.udd.cl\/centro-alumnos-medicina\/#website","url":"https:\/\/medicina.udd.cl\/centro-alumnos-medicina\/","name":"Centro de Alumnos de Medicina","description":"Otro sitio m\u00e1s de Medicina","potentialAction":[{"@type":"SearchAction","target":{"@type":"EntryPoint","urlTemplate":"https:\/\/medicina.udd.cl\/centro-alumnos-medicina\/?s={search_term_string}"},"query-input":{"@type":"PropertyValueSpecification","valueRequired":true,"valueName":"search_term_string"}}],"inLanguage":"es"},{"@type":"Person","@id":"https:\/\/medicina.udd.cl\/centro-alumnos-medicina\/#\/schema\/person\/f7abfa784c86da427e89287831f96ab7","name":"admin","image":{"@type":"ImageObject","inLanguage":"es","@id":"https:\/\/medicina.udd.cl\/centro-alumnos-medicina\/#\/schema\/person\/image\/","url":"https:\/\/secure.gravatar.com\/avatar\/3cb6da298954dfb54457c0910b8c9ca010abd8d87a60f7d701b6ce4254e1c642?s=96&d=mm&r=g","contentUrl":"https:\/\/secure.gravatar.com\/avatar\/3cb6da298954dfb54457c0910b8c9ca010abd8d87a60f7d701b6ce4254e1c642?s=96&d=mm&r=g","caption":"admin"},"url":"https:\/\/medicina.udd.cl\/centro-alumnos-medicina\/noticias\/author\/admin\/"}]}},"_links":{"self":[{"href":"https:\/\/medicina.udd.cl\/centro-alumnos-medicina\/wp-json\/wp\/v2\/posts\/114","targetHints":{"allow":["GET"]}}],"collection":[{"href":"https:\/\/medicina.udd.cl\/centro-alumnos-medicina\/wp-json\/wp\/v2\/posts"}],"about":[{"href":"https:\/\/medicina.udd.cl\/centro-alumnos-medicina\/wp-json\/wp\/v2\/types\/post"}],"author":[{"embeddable":true,"href":"https:\/\/medicina.udd.cl\/centro-alumnos-medicina\/wp-json\/wp\/v2\/users\/1"}],"replies":[{"embeddable":true,"href":"https:\/\/medicina.udd.cl\/centro-alumnos-medicina\/wp-json\/wp\/v2\/comments?post=114"}],"version-history":[{"count":1,"href":"https:\/\/medicina.udd.cl\/centro-alumnos-medicina\/wp-json\/wp\/v2\/posts\/114\/revisions"}],"predecessor-version":[{"id":115,"href":"https:\/\/medicina.udd.cl\/centro-alumnos-medicina\/wp-json\/wp\/v2\/posts\/114\/revisions\/115"}],"wp:attachment":[{"href":"https:\/\/medicina.udd.cl\/centro-alumnos-medicina\/wp-json\/wp\/v2\/media?parent=114"}],"wp:term":[{"taxonomy":"category","embeddable":true,"href":"https:\/\/medicina.udd.cl\/centro-alumnos-medicina\/wp-json\/wp\/v2\/categories?post=114"},{"taxonomy":"post_tag","embeddable":true,"href":"https:\/\/medicina.udd.cl\/centro-alumnos-medicina\/wp-json\/wp\/v2\/tags?post=114"}],"curies":[{"name":"wp","href":"https:\/\/api.w.org\/{rel}","templated":true}]}}