{"id":243,"date":"2010-09-20T20:04:53","date_gmt":"2010-09-21T00:04:53","guid":{"rendered":"http:\/\/medicina.udd.cl\/centro-alumnos-medicina\/2010\/09\/20\/seminario-los-jovenes-y-el-chile-del-bicentenario\/"},"modified":"2010-09-22T15:50:14","modified_gmt":"2010-09-22T19:50:14","slug":"seminario-los-jovenes-y-el-chile-del-bicentenario","status":"publish","type":"post","link":"https:\/\/medicina.udd.cl\/centro-alumnos-medicina\/noticias\/2010\/09\/20\/seminario-los-jovenes-y-el-chile-del-bicentenario\/","title":{"rendered":"Seminario \u00abLos J\u00f3venes y el Chile del Bicentenario\u00bb"},"content":{"rendered":"<p>El d\u00eda viernes 24 se desarrollar\u00e1 el seminario, en donde participar\u00e1n destacados personajes de la actualidad pol\u00edtica del pa\u00eds.<\/p>\n<p>A partir de las 10:00, en el Aula Magna Dr. V\u00edctor Ayub, UDD sede Las Condes<\/p>\n<p><strong>Bloque 1 <\/strong>\u201cDesde el mundo pol\u00edtico\u201d (10:00 a 11:20): Ernesto Silva M.; Pedro Browne, Carolina Toh\u00e1, Marcelo D\u00edaz. Modera: Eugenio Guzm\u00e1n.<\/p>\n<p><strong>Bloque 2 <\/strong>\u201cDesde el mundo social\u201d (11:30 a 12:50): Felipe Kast, Carol Bown, Claudio Orrego, Benito Baranda. Modera: Rodrigo Arellano.<\/p>\n<p><strong>Bloque 3 <\/strong>Discurso vocera de Gobierno (13:00 hrs): Ena Von Baer.<\/p>\n<p><strong>Contacto<\/strong>:<\/p>\n<p>Juan Manuel Masferrer<\/p>\n<p>jmasferrer@udd.cl<\/p>\n<p>DAE<\/p>\n<p>Ojal\u00e1 aprovechen esta oportunidad, a los interesados con estos temas de la actualidad.<\/p>\n<div><span style=\"color: #0000ee\"><br \/>\n<\/span><\/div>\n","protected":false},"excerpt":{"rendered":"<p>El d\u00eda viernes 24 se desarrollar\u00e1 el seminario, en donde participar\u00e1n destacados personajes de la actualidad pol\u00edtica del pa\u00eds. A partir de las 10:00, en el Aula Magna Dr. V\u00edctor Ayub, UDD sede Las Condes Bloque 1 \u201cDesde el mundo pol\u00edtico\u201d (10:00 a 11:20): Ernesto Silva M.; Pedro Browne, Carolina Toh\u00e1, Marcelo D\u00edaz. Modera: Eugenio [&hellip;]<\/p>\n","protected":false},"author":47,"featured_media":0,"comment_status":"open","ping_status":"open","sticky":false,"template":"","format":"standard","meta":{"footnotes":""},"categories":[4],"tags":[],"class_list":["post-243","post","type-post","status-publish","format-standard","hentry","category-noticias"],"yoast_head":"<!-- This site is optimized with the Yoast SEO plugin v26.9 - https:\/\/yoast.com\/product\/yoast-seo-wordpress\/ -->\n<title>Seminario &quot;Los J\u00f3venes y el Chile del Bicentenario&quot; - Centro de Alumnos de Medicina<\/title>\n<meta name=\"robots\" content=\"index, follow, max-snippet:-1, max-image-preview:large, max-video-preview:-1\" \/>\n<link rel=\"canonical\" href=\"https:\/\/medicina.udd.cl\/centro-alumnos-medicina\/noticias\/2010\/09\/20\/seminario-los-jovenes-y-el-chile-del-bicentenario\/\" \/>\n<meta property=\"og:locale\" content=\"es_ES\" \/>\n<meta property=\"og:type\" content=\"article\" \/>\n<meta property=\"og:title\" content=\"Seminario &quot;Los J\u00f3venes y el Chile del Bicentenario&quot; - Centro de Alumnos de Medicina\" \/>\n<meta property=\"og:description\" content=\"El d\u00eda viernes 24 se desarrollar\u00e1 el seminario, en donde participar\u00e1n destacados personajes de la actualidad pol\u00edtica del pa\u00eds. A partir de las 10:00, en el Aula Magna Dr. V\u00edctor Ayub, UDD sede Las Condes Bloque 1 \u201cDesde el mundo pol\u00edtico\u201d (10:00 a 11:20): Ernesto Silva M.; Pedro Browne, Carolina Toh\u00e1, Marcelo D\u00edaz. Modera: Eugenio [&hellip;]\" \/>\n<meta property=\"og:url\" content=\"https:\/\/medicina.udd.cl\/centro-alumnos-medicina\/noticias\/2010\/09\/20\/seminario-los-jovenes-y-el-chile-del-bicentenario\/\" \/>\n<meta property=\"og:site_name\" content=\"Centro de Alumnos de Medicina\" \/>\n<meta property=\"article:published_time\" content=\"2010-09-21T00:04:53+00:00\" \/>\n<meta property=\"article:modified_time\" content=\"2010-09-22T19:50:14+00:00\" \/>\n<meta name=\"author\" content=\"rominagianotti\" \/>\n<meta name=\"twitter:label1\" content=\"Escrito por\" \/>\n\t<meta name=\"twitter:data1\" content=\"rominagianotti\" \/>\n\t<meta name=\"twitter:label2\" content=\"Tiempo de lectura\" \/>\n\t<meta name=\"twitter:data2\" content=\"1 minuto\" \/>\n<script type=\"application\/ld+json\" class=\"yoast-schema-graph\">{\"@context\":\"https:\/\/schema.org\",\"@graph\":[{\"@type\":\"Article\",\"@id\":\"https:\/\/medicina.udd.cl\/centro-alumnos-medicina\/noticias\/2010\/09\/20\/seminario-los-jovenes-y-el-chile-del-bicentenario\/#article\",\"isPartOf\":{\"@id\":\"https:\/\/medicina.udd.cl\/centro-alumnos-medicina\/noticias\/2010\/09\/20\/seminario-los-jovenes-y-el-chile-del-bicentenario\/\"},\"author\":{\"name\":\"rominagianotti\",\"@id\":\"https:\/\/medicina.udd.cl\/centro-alumnos-medicina\/#\/schema\/person\/d2a1450d36aff8cda548012f30ae8d47\"},\"headline\":\"Seminario \u00abLos J\u00f3venes y el Chile del Bicentenario\u00bb\",\"datePublished\":\"2010-09-21T00:04:53+00:00\",\"dateModified\":\"2010-09-22T19:50:14+00:00\",\"mainEntityOfPage\":{\"@id\":\"https:\/\/medicina.udd.cl\/centro-alumnos-medicina\/noticias\/2010\/09\/20\/seminario-los-jovenes-y-el-chile-del-bicentenario\/\"},\"wordCount\":115,\"commentCount\":0,\"articleSection\":[\"Noticias\"],\"inLanguage\":\"es\",\"potentialAction\":[{\"@type\":\"CommentAction\",\"name\":\"Comment\",\"target\":[\"https:\/\/medicina.udd.cl\/centro-alumnos-medicina\/noticias\/2010\/09\/20\/seminario-los-jovenes-y-el-chile-del-bicentenario\/#respond\"]}]},{\"@type\":\"WebPage\",\"@id\":\"https:\/\/medicina.udd.cl\/centro-alumnos-medicina\/noticias\/2010\/09\/20\/seminario-los-jovenes-y-el-chile-del-bicentenario\/\",\"url\":\"https:\/\/medicina.udd.cl\/centro-alumnos-medicina\/noticias\/2010\/09\/20\/seminario-los-jovenes-y-el-chile-del-bicentenario\/\",\"name\":\"Seminario \\\"Los J\u00f3venes y el Chile del Bicentenario\\\" - Centro de Alumnos de Medicina\",\"isPartOf\":{\"@id\":\"https:\/\/medicina.udd.cl\/centro-alumnos-medicina\/#website\"},\"datePublished\":\"2010-09-21T00:04:53+00:00\",\"dateModified\":\"2010-09-22T19:50:14+00:00\",\"author\":{\"@id\":\"https:\/\/medicina.udd.cl\/centro-alumnos-medicina\/#\/schema\/person\/d2a1450d36aff8cda548012f30ae8d47\"},\"breadcrumb\":{\"@id\":\"https:\/\/medicina.udd.cl\/centro-alumnos-medicina\/noticias\/2010\/09\/20\/seminario-los-jovenes-y-el-chile-del-bicentenario\/#breadcrumb\"},\"inLanguage\":\"es\",\"potentialAction\":[{\"@type\":\"ReadAction\",\"target\":[\"https:\/\/medicina.udd.cl\/centro-alumnos-medicina\/noticias\/2010\/09\/20\/seminario-los-jovenes-y-el-chile-del-bicentenario\/\"]}]},{\"@type\":\"BreadcrumbList\",\"@id\":\"https:\/\/medicina.udd.cl\/centro-alumnos-medicina\/noticias\/2010\/09\/20\/seminario-los-jovenes-y-el-chile-del-bicentenario\/#breadcrumb\",\"itemListElement\":[{\"@type\":\"ListItem\",\"position\":1,\"name\":\"Home\",\"item\":\"https:\/\/medicina.udd.cl\/centro-alumnos-medicina\/\"},{\"@type\":\"ListItem\",\"position\":2,\"name\":\"Seminario \u00abLos J\u00f3venes y el Chile del Bicentenario\u00bb\"}]},{\"@type\":\"WebSite\",\"@id\":\"https:\/\/medicina.udd.cl\/centro-alumnos-medicina\/#website\",\"url\":\"https:\/\/medicina.udd.cl\/centro-alumnos-medicina\/\",\"name\":\"Centro de Alumnos de Medicina\",\"description\":\"Otro sitio m\u00e1s de Medicina\",\"potentialAction\":[{\"@type\":\"SearchAction\",\"target\":{\"@type\":\"EntryPoint\",\"urlTemplate\":\"https:\/\/medicina.udd.cl\/centro-alumnos-medicina\/?s={search_term_string}\"},\"query-input\":{\"@type\":\"PropertyValueSpecification\",\"valueRequired\":true,\"valueName\":\"search_term_string\"}}],\"inLanguage\":\"es\"},{\"@type\":\"Person\",\"@id\":\"https:\/\/medicina.udd.cl\/centro-alumnos-medicina\/#\/schema\/person\/d2a1450d36aff8cda548012f30ae8d47\",\"name\":\"rominagianotti\",\"image\":{\"@type\":\"ImageObject\",\"inLanguage\":\"es\",\"@id\":\"https:\/\/medicina.udd.cl\/centro-alumnos-medicina\/#\/schema\/person\/image\/\",\"url\":\"https:\/\/secure.gravatar.com\/avatar\/106dae79925154d9c4e321db25d50a6deb801d5b80ec313022dbea6ef60814cc?s=96&d=mm&r=g\",\"contentUrl\":\"https:\/\/secure.gravatar.com\/avatar\/106dae79925154d9c4e321db25d50a6deb801d5b80ec313022dbea6ef60814cc?s=96&d=mm&r=g\",\"caption\":\"rominagianotti\"},\"url\":\"https:\/\/medicina.udd.cl\/centro-alumnos-medicina\/noticias\/author\/rominagianotti\/\"}]}<\/script>\n<!-- \/ Yoast SEO plugin. -->","yoast_head_json":{"title":"Seminario \"Los J\u00f3venes y el Chile del Bicentenario\" - Centro de Alumnos de Medicina","robots":{"index":"index","follow":"follow","max-snippet":"max-snippet:-1","max-image-preview":"max-image-preview:large","max-video-preview":"max-video-preview:-1"},"canonical":"https:\/\/medicina.udd.cl\/centro-alumnos-medicina\/noticias\/2010\/09\/20\/seminario-los-jovenes-y-el-chile-del-bicentenario\/","og_locale":"es_ES","og_type":"article","og_title":"Seminario \"Los J\u00f3venes y el Chile del Bicentenario\" - Centro de Alumnos de Medicina","og_description":"El d\u00eda viernes 24 se desarrollar\u00e1 el seminario, en donde participar\u00e1n destacados personajes de la actualidad pol\u00edtica del pa\u00eds. A partir de las 10:00, en el Aula Magna Dr. V\u00edctor Ayub, UDD sede Las Condes Bloque 1 \u201cDesde el mundo pol\u00edtico\u201d (10:00 a 11:20): Ernesto Silva M.; Pedro Browne, Carolina Toh\u00e1, Marcelo D\u00edaz. Modera: Eugenio [&hellip;]","og_url":"https:\/\/medicina.udd.cl\/centro-alumnos-medicina\/noticias\/2010\/09\/20\/seminario-los-jovenes-y-el-chile-del-bicentenario\/","og_site_name":"Centro de Alumnos de Medicina","article_published_time":"2010-09-21T00:04:53+00:00","article_modified_time":"2010-09-22T19:50:14+00:00","author":"rominagianotti","twitter_misc":{"Escrito por":"rominagianotti","Tiempo de lectura":"1 minuto"},"schema":{"@context":"https:\/\/schema.org","@graph":[{"@type":"Article","@id":"https:\/\/medicina.udd.cl\/centro-alumnos-medicina\/noticias\/2010\/09\/20\/seminario-los-jovenes-y-el-chile-del-bicentenario\/#article","isPartOf":{"@id":"https:\/\/medicina.udd.cl\/centro-alumnos-medicina\/noticias\/2010\/09\/20\/seminario-los-jovenes-y-el-chile-del-bicentenario\/"},"author":{"name":"rominagianotti","@id":"https:\/\/medicina.udd.cl\/centro-alumnos-medicina\/#\/schema\/person\/d2a1450d36aff8cda548012f30ae8d47"},"headline":"Seminario \u00abLos J\u00f3venes y el Chile del Bicentenario\u00bb","datePublished":"2010-09-21T00:04:53+00:00","dateModified":"2010-09-22T19:50:14+00:00","mainEntityOfPage":{"@id":"https:\/\/medicina.udd.cl\/centro-alumnos-medicina\/noticias\/2010\/09\/20\/seminario-los-jovenes-y-el-chile-del-bicentenario\/"},"wordCount":115,"commentCount":0,"articleSection":["Noticias"],"inLanguage":"es","potentialAction":[{"@type":"CommentAction","name":"Comment","target":["https:\/\/medicina.udd.cl\/centro-alumnos-medicina\/noticias\/2010\/09\/20\/seminario-los-jovenes-y-el-chile-del-bicentenario\/#respond"]}]},{"@type":"WebPage","@id":"https:\/\/medicina.udd.cl\/centro-alumnos-medicina\/noticias\/2010\/09\/20\/seminario-los-jovenes-y-el-chile-del-bicentenario\/","url":"https:\/\/medicina.udd.cl\/centro-alumnos-medicina\/noticias\/2010\/09\/20\/seminario-los-jovenes-y-el-chile-del-bicentenario\/","name":"Seminario \"Los J\u00f3venes y el Chile del Bicentenario\" - Centro de Alumnos de Medicina","isPartOf":{"@id":"https:\/\/medicina.udd.cl\/centro-alumnos-medicina\/#website"},"datePublished":"2010-09-21T00:04:53+00:00","dateModified":"2010-09-22T19:50:14+00:00","author":{"@id":"https:\/\/medicina.udd.cl\/centro-alumnos-medicina\/#\/schema\/person\/d2a1450d36aff8cda548012f30ae8d47"},"breadcrumb":{"@id":"https:\/\/medicina.udd.cl\/centro-alumnos-medicina\/noticias\/2010\/09\/20\/seminario-los-jovenes-y-el-chile-del-bicentenario\/#breadcrumb"},"inLanguage":"es","potentialAction":[{"@type":"ReadAction","target":["https:\/\/medicina.udd.cl\/centro-alumnos-medicina\/noticias\/2010\/09\/20\/seminario-los-jovenes-y-el-chile-del-bicentenario\/"]}]},{"@type":"BreadcrumbList","@id":"https:\/\/medicina.udd.cl\/centro-alumnos-medicina\/noticias\/2010\/09\/20\/seminario-los-jovenes-y-el-chile-del-bicentenario\/#breadcrumb","itemListElement":[{"@type":"ListItem","position":1,"name":"Home","item":"https:\/\/medicina.udd.cl\/centro-alumnos-medicina\/"},{"@type":"ListItem","position":2,"name":"Seminario \u00abLos J\u00f3venes y el Chile del Bicentenario\u00bb"}]},{"@type":"WebSite","@id":"https:\/\/medicina.udd.cl\/centro-alumnos-medicina\/#website","url":"https:\/\/medicina.udd.cl\/centro-alumnos-medicina\/","name":"Centro de Alumnos de Medicina","description":"Otro sitio m\u00e1s de Medicina","potentialAction":[{"@type":"SearchAction","target":{"@type":"EntryPoint","urlTemplate":"https:\/\/medicina.udd.cl\/centro-alumnos-medicina\/?s={search_term_string}"},"query-input":{"@type":"PropertyValueSpecification","valueRequired":true,"valueName":"search_term_string"}}],"inLanguage":"es"},{"@type":"Person","@id":"https:\/\/medicina.udd.cl\/centro-alumnos-medicina\/#\/schema\/person\/d2a1450d36aff8cda548012f30ae8d47","name":"rominagianotti","image":{"@type":"ImageObject","inLanguage":"es","@id":"https:\/\/medicina.udd.cl\/centro-alumnos-medicina\/#\/schema\/person\/image\/","url":"https:\/\/secure.gravatar.com\/avatar\/106dae79925154d9c4e321db25d50a6deb801d5b80ec313022dbea6ef60814cc?s=96&d=mm&r=g","contentUrl":"https:\/\/secure.gravatar.com\/avatar\/106dae79925154d9c4e321db25d50a6deb801d5b80ec313022dbea6ef60814cc?s=96&d=mm&r=g","caption":"rominagianotti"},"url":"https:\/\/medicina.udd.cl\/centro-alumnos-medicina\/noticias\/author\/rominagianotti\/"}]}},"_links":{"self":[{"href":"https:\/\/medicina.udd.cl\/centro-alumnos-medicina\/wp-json\/wp\/v2\/posts\/243","targetHints":{"allow":["GET"]}}],"collection":[{"href":"https:\/\/medicina.udd.cl\/centro-alumnos-medicina\/wp-json\/wp\/v2\/posts"}],"about":[{"href":"https:\/\/medicina.udd.cl\/centro-alumnos-medicina\/wp-json\/wp\/v2\/types\/post"}],"author":[{"embeddable":true,"href":"https:\/\/medicina.udd.cl\/centro-alumnos-medicina\/wp-json\/wp\/v2\/users\/47"}],"replies":[{"embeddable":true,"href":"https:\/\/medicina.udd.cl\/centro-alumnos-medicina\/wp-json\/wp\/v2\/comments?post=243"}],"version-history":[{"count":4,"href":"https:\/\/medicina.udd.cl\/centro-alumnos-medicina\/wp-json\/wp\/v2\/posts\/243\/revisions"}],"predecessor-version":[{"id":251,"href":"https:\/\/medicina.udd.cl\/centro-alumnos-medicina\/wp-json\/wp\/v2\/posts\/243\/revisions\/251"}],"wp:attachment":[{"href":"https:\/\/medicina.udd.cl\/centro-alumnos-medicina\/wp-json\/wp\/v2\/media?parent=243"}],"wp:term":[{"taxonomy":"category","embeddable":true,"href":"https:\/\/medicina.udd.cl\/centro-alumnos-medicina\/wp-json\/wp\/v2\/categories?post=243"},{"taxonomy":"post_tag","embeddable":true,"href":"https:\/\/medicina.udd.cl\/centro-alumnos-medicina\/wp-json\/wp\/v2\/tags?post=243"}],"curies":[{"name":"wp","href":"https:\/\/api.w.org\/{rel}","templated":true}]}}