{"id":282,"date":"2010-10-08T18:16:00","date_gmt":"2010-10-08T22:16:00","guid":{"rendered":"http:\/\/medicina.udd.cl\/centro-alumnos-medicina\/2010\/10\/08\/1%c2%ba-gala-de-medicina\/"},"modified":"2010-10-16T12:27:48","modified_gmt":"2010-10-16T15:27:48","slug":"1%c2%ba-gala-de-medicina","status":"publish","type":"post","link":"https:\/\/medicina.udd.cl\/centro-alumnos-medicina\/noticias\/2010\/10\/08\/1%c2%ba-gala-de-medicina\/","title":{"rendered":"1\u00ba Gala de Medicina"},"content":{"rendered":"<p><a href=\"http:\/\/medicina.udd.cl\/centro-alumnos-medicina\/files\/2010\/10\/41782_151994208147820_5866_n.jpg\" class=\"thickbox\"><img loading=\"lazy\" decoding=\"async\" class=\"alignleft size-full wp-image-283\" title=\"41782_151994208147820_5866_n\" src=\"http:\/\/medicina.udd.cl\/centro-alumnos-medicina\/files\/2010\/10\/41782_151994208147820_5866_n.jpg\" alt=\"\" width=\"173\" height=\"219\" \/><\/a>El centro de alumnos ha trabajado bastante y est\u00e1 orgulloso de anunciar la primera gala de Medicina de nuestra Facultad.<\/p>\n<p>\u00c9sta se realizar\u00e1 en el Club M\u00e9dico (Av. La Dehesa 2245, Lo Barnechea) el d\u00eda viernes 22 de octubre a partir de las 21:00.<\/p>\n<p>Las entradas ya est\u00e1n a la venta (hasta el mi\u00e9rcoles 13 es la preventa)<\/p>\n<p>Mayor informaci\u00f3n visita <a rel=\"External\" class=\"out\" href=\"http:\/\/www.facebook.com\/event.php?eid=151994208147820&amp;ref=ts\">nuestra p\u00e1gina de Facebook<\/a><\/p>\n","protected":false},"excerpt":{"rendered":"<p>El centro de alumnos ha trabajado bastante y est\u00e1 orgulloso de anunciar la primera gala de Medicina de nuestra Facultad. \u00c9sta se realizar\u00e1 en el Club M\u00e9dico (Av. La Dehesa 2245, Lo Barnechea) el d\u00eda viernes 22 de octubre a partir de las 21:00. Las entradas ya est\u00e1n a la venta (hasta el mi\u00e9rcoles 13 [&hellip;]<\/p>\n","protected":false},"author":47,"featured_media":0,"comment_status":"closed","ping_status":"open","sticky":false,"template":"","format":"standard","meta":{"footnotes":""},"categories":[4],"tags":[],"class_list":["post-282","post","type-post","status-publish","format-standard","hentry","category-noticias"],"yoast_head":"<!-- This site is optimized with the Yoast SEO plugin v26.9 - https:\/\/yoast.com\/product\/yoast-seo-wordpress\/ -->\n<title>1\u00ba Gala de Medicina - Centro de Alumnos de Medicina<\/title>\n<meta name=\"robots\" content=\"index, follow, max-snippet:-1, max-image-preview:large, max-video-preview:-1\" \/>\n<link rel=\"canonical\" href=\"https:\/\/medicina.udd.cl\/centro-alumnos-medicina\/noticias\/2010\/10\/08\/1\u00ba-gala-de-medicina\/\" \/>\n<meta property=\"og:locale\" content=\"es_ES\" \/>\n<meta property=\"og:type\" content=\"article\" \/>\n<meta property=\"og:title\" content=\"1\u00ba Gala de Medicina - Centro de Alumnos de Medicina\" \/>\n<meta property=\"og:description\" content=\"El centro de alumnos ha trabajado bastante y est\u00e1 orgulloso de anunciar la primera gala de Medicina de nuestra Facultad. \u00c9sta se realizar\u00e1 en el Club M\u00e9dico (Av. La Dehesa 2245, Lo Barnechea) el d\u00eda viernes 22 de octubre a partir de las 21:00. Las entradas ya est\u00e1n a la venta (hasta el mi\u00e9rcoles 13 [&hellip;]\" \/>\n<meta property=\"og:url\" content=\"https:\/\/medicina.udd.cl\/centro-alumnos-medicina\/noticias\/2010\/10\/08\/1\u00ba-gala-de-medicina\/\" \/>\n<meta property=\"og:site_name\" content=\"Centro de Alumnos de Medicina\" \/>\n<meta property=\"article:published_time\" content=\"2010-10-08T22:16:00+00:00\" \/>\n<meta property=\"article:modified_time\" content=\"2010-10-16T15:27:48+00:00\" \/>\n<meta property=\"og:image\" content=\"http:\/\/medicina.udd.cl\/centro-alumnos-medicina\/files\/2010\/10\/41782_151994208147820_5866_n.jpg\" \/>\n<meta name=\"author\" content=\"rominagianotti\" \/>\n<meta name=\"twitter:label1\" content=\"Escrito por\" \/>\n\t<meta name=\"twitter:data1\" content=\"rominagianotti\" \/>\n<script type=\"application\/ld+json\" class=\"yoast-schema-graph\">{\"@context\":\"https:\/\/schema.org\",\"@graph\":[{\"@type\":\"Article\",\"@id\":\"https:\/\/medicina.udd.cl\/centro-alumnos-medicina\/noticias\/2010\/10\/08\/1%c2%ba-gala-de-medicina\/#article\",\"isPartOf\":{\"@id\":\"https:\/\/medicina.udd.cl\/centro-alumnos-medicina\/noticias\/2010\/10\/08\/1%c2%ba-gala-de-medicina\/\"},\"author\":{\"name\":\"rominagianotti\",\"@id\":\"https:\/\/medicina.udd.cl\/centro-alumnos-medicina\/#\/schema\/person\/d2a1450d36aff8cda548012f30ae8d47\"},\"headline\":\"1\u00ba Gala de Medicina\",\"datePublished\":\"2010-10-08T22:16:00+00:00\",\"dateModified\":\"2010-10-16T15:27:48+00:00\",\"mainEntityOfPage\":{\"@id\":\"https:\/\/medicina.udd.cl\/centro-alumnos-medicina\/noticias\/2010\/10\/08\/1%c2%ba-gala-de-medicina\/\"},\"wordCount\":70,\"image\":{\"@id\":\"https:\/\/medicina.udd.cl\/centro-alumnos-medicina\/noticias\/2010\/10\/08\/1%c2%ba-gala-de-medicina\/#primaryimage\"},\"thumbnailUrl\":\"http:\/\/medicina.udd.cl\/centro-alumnos-medicina\/files\/2010\/10\/41782_151994208147820_5866_n.jpg\",\"articleSection\":[\"Noticias\"],\"inLanguage\":\"es\"},{\"@type\":\"WebPage\",\"@id\":\"https:\/\/medicina.udd.cl\/centro-alumnos-medicina\/noticias\/2010\/10\/08\/1%c2%ba-gala-de-medicina\/\",\"url\":\"https:\/\/medicina.udd.cl\/centro-alumnos-medicina\/noticias\/2010\/10\/08\/1%c2%ba-gala-de-medicina\/\",\"name\":\"1\u00ba Gala de Medicina - Centro de Alumnos de Medicina\",\"isPartOf\":{\"@id\":\"https:\/\/medicina.udd.cl\/centro-alumnos-medicina\/#website\"},\"primaryImageOfPage\":{\"@id\":\"https:\/\/medicina.udd.cl\/centro-alumnos-medicina\/noticias\/2010\/10\/08\/1%c2%ba-gala-de-medicina\/#primaryimage\"},\"image\":{\"@id\":\"https:\/\/medicina.udd.cl\/centro-alumnos-medicina\/noticias\/2010\/10\/08\/1%c2%ba-gala-de-medicina\/#primaryimage\"},\"thumbnailUrl\":\"http:\/\/medicina.udd.cl\/centro-alumnos-medicina\/files\/2010\/10\/41782_151994208147820_5866_n.jpg\",\"datePublished\":\"2010-10-08T22:16:00+00:00\",\"dateModified\":\"2010-10-16T15:27:48+00:00\",\"author\":{\"@id\":\"https:\/\/medicina.udd.cl\/centro-alumnos-medicina\/#\/schema\/person\/d2a1450d36aff8cda548012f30ae8d47\"},\"breadcrumb\":{\"@id\":\"https:\/\/medicina.udd.cl\/centro-alumnos-medicina\/noticias\/2010\/10\/08\/1%c2%ba-gala-de-medicina\/#breadcrumb\"},\"inLanguage\":\"es\",\"potentialAction\":[{\"@type\":\"ReadAction\",\"target\":[\"https:\/\/medicina.udd.cl\/centro-alumnos-medicina\/noticias\/2010\/10\/08\/1%c2%ba-gala-de-medicina\/\"]}]},{\"@type\":\"ImageObject\",\"inLanguage\":\"es\",\"@id\":\"https:\/\/medicina.udd.cl\/centro-alumnos-medicina\/noticias\/2010\/10\/08\/1%c2%ba-gala-de-medicina\/#primaryimage\",\"url\":\"http:\/\/medicina.udd.cl\/centro-alumnos-medicina\/files\/2010\/10\/41782_151994208147820_5866_n.jpg\",\"contentUrl\":\"http:\/\/medicina.udd.cl\/centro-alumnos-medicina\/files\/2010\/10\/41782_151994208147820_5866_n.jpg\"},{\"@type\":\"BreadcrumbList\",\"@id\":\"https:\/\/medicina.udd.cl\/centro-alumnos-medicina\/noticias\/2010\/10\/08\/1%c2%ba-gala-de-medicina\/#breadcrumb\",\"itemListElement\":[{\"@type\":\"ListItem\",\"position\":1,\"name\":\"Home\",\"item\":\"https:\/\/medicina.udd.cl\/centro-alumnos-medicina\/\"},{\"@type\":\"ListItem\",\"position\":2,\"name\":\"1\u00ba Gala de Medicina\"}]},{\"@type\":\"WebSite\",\"@id\":\"https:\/\/medicina.udd.cl\/centro-alumnos-medicina\/#website\",\"url\":\"https:\/\/medicina.udd.cl\/centro-alumnos-medicina\/\",\"name\":\"Centro de Alumnos de Medicina\",\"description\":\"Otro sitio m\u00e1s de Medicina\",\"potentialAction\":[{\"@type\":\"SearchAction\",\"target\":{\"@type\":\"EntryPoint\",\"urlTemplate\":\"https:\/\/medicina.udd.cl\/centro-alumnos-medicina\/?s={search_term_string}\"},\"query-input\":{\"@type\":\"PropertyValueSpecification\",\"valueRequired\":true,\"valueName\":\"search_term_string\"}}],\"inLanguage\":\"es\"},{\"@type\":\"Person\",\"@id\":\"https:\/\/medicina.udd.cl\/centro-alumnos-medicina\/#\/schema\/person\/d2a1450d36aff8cda548012f30ae8d47\",\"name\":\"rominagianotti\",\"image\":{\"@type\":\"ImageObject\",\"inLanguage\":\"es\",\"@id\":\"https:\/\/medicina.udd.cl\/centro-alumnos-medicina\/#\/schema\/person\/image\/\",\"url\":\"https:\/\/secure.gravatar.com\/avatar\/106dae79925154d9c4e321db25d50a6deb801d5b80ec313022dbea6ef60814cc?s=96&d=mm&r=g\",\"contentUrl\":\"https:\/\/secure.gravatar.com\/avatar\/106dae79925154d9c4e321db25d50a6deb801d5b80ec313022dbea6ef60814cc?s=96&d=mm&r=g\",\"caption\":\"rominagianotti\"},\"url\":\"https:\/\/medicina.udd.cl\/centro-alumnos-medicina\/noticias\/author\/rominagianotti\/\"}]}<\/script>\n<!-- \/ Yoast SEO plugin. -->","yoast_head_json":{"title":"1\u00ba Gala de Medicina - Centro de Alumnos de Medicina","robots":{"index":"index","follow":"follow","max-snippet":"max-snippet:-1","max-image-preview":"max-image-preview:large","max-video-preview":"max-video-preview:-1"},"canonical":"https:\/\/medicina.udd.cl\/centro-alumnos-medicina\/noticias\/2010\/10\/08\/1\u00ba-gala-de-medicina\/","og_locale":"es_ES","og_type":"article","og_title":"1\u00ba Gala de Medicina - Centro de Alumnos de Medicina","og_description":"El centro de alumnos ha trabajado bastante y est\u00e1 orgulloso de anunciar la primera gala de Medicina de nuestra Facultad. \u00c9sta se realizar\u00e1 en el Club M\u00e9dico (Av. La Dehesa 2245, Lo Barnechea) el d\u00eda viernes 22 de octubre a partir de las 21:00. Las entradas ya est\u00e1n a la venta (hasta el mi\u00e9rcoles 13 [&hellip;]","og_url":"https:\/\/medicina.udd.cl\/centro-alumnos-medicina\/noticias\/2010\/10\/08\/1\u00ba-gala-de-medicina\/","og_site_name":"Centro de Alumnos de Medicina","article_published_time":"2010-10-08T22:16:00+00:00","article_modified_time":"2010-10-16T15:27:48+00:00","og_image":[{"url":"http:\/\/medicina.udd.cl\/centro-alumnos-medicina\/files\/2010\/10\/41782_151994208147820_5866_n.jpg","type":"","width":"","height":""}],"author":"rominagianotti","twitter_misc":{"Escrito por":"rominagianotti"},"schema":{"@context":"https:\/\/schema.org","@graph":[{"@type":"Article","@id":"https:\/\/medicina.udd.cl\/centro-alumnos-medicina\/noticias\/2010\/10\/08\/1%c2%ba-gala-de-medicina\/#article","isPartOf":{"@id":"https:\/\/medicina.udd.cl\/centro-alumnos-medicina\/noticias\/2010\/10\/08\/1%c2%ba-gala-de-medicina\/"},"author":{"name":"rominagianotti","@id":"https:\/\/medicina.udd.cl\/centro-alumnos-medicina\/#\/schema\/person\/d2a1450d36aff8cda548012f30ae8d47"},"headline":"1\u00ba Gala de Medicina","datePublished":"2010-10-08T22:16:00+00:00","dateModified":"2010-10-16T15:27:48+00:00","mainEntityOfPage":{"@id":"https:\/\/medicina.udd.cl\/centro-alumnos-medicina\/noticias\/2010\/10\/08\/1%c2%ba-gala-de-medicina\/"},"wordCount":70,"image":{"@id":"https:\/\/medicina.udd.cl\/centro-alumnos-medicina\/noticias\/2010\/10\/08\/1%c2%ba-gala-de-medicina\/#primaryimage"},"thumbnailUrl":"http:\/\/medicina.udd.cl\/centro-alumnos-medicina\/files\/2010\/10\/41782_151994208147820_5866_n.jpg","articleSection":["Noticias"],"inLanguage":"es"},{"@type":"WebPage","@id":"https:\/\/medicina.udd.cl\/centro-alumnos-medicina\/noticias\/2010\/10\/08\/1%c2%ba-gala-de-medicina\/","url":"https:\/\/medicina.udd.cl\/centro-alumnos-medicina\/noticias\/2010\/10\/08\/1%c2%ba-gala-de-medicina\/","name":"1\u00ba Gala de Medicina - Centro de Alumnos de Medicina","isPartOf":{"@id":"https:\/\/medicina.udd.cl\/centro-alumnos-medicina\/#website"},"primaryImageOfPage":{"@id":"https:\/\/medicina.udd.cl\/centro-alumnos-medicina\/noticias\/2010\/10\/08\/1%c2%ba-gala-de-medicina\/#primaryimage"},"image":{"@id":"https:\/\/medicina.udd.cl\/centro-alumnos-medicina\/noticias\/2010\/10\/08\/1%c2%ba-gala-de-medicina\/#primaryimage"},"thumbnailUrl":"http:\/\/medicina.udd.cl\/centro-alumnos-medicina\/files\/2010\/10\/41782_151994208147820_5866_n.jpg","datePublished":"2010-10-08T22:16:00+00:00","dateModified":"2010-10-16T15:27:48+00:00","author":{"@id":"https:\/\/medicina.udd.cl\/centro-alumnos-medicina\/#\/schema\/person\/d2a1450d36aff8cda548012f30ae8d47"},"breadcrumb":{"@id":"https:\/\/medicina.udd.cl\/centro-alumnos-medicina\/noticias\/2010\/10\/08\/1%c2%ba-gala-de-medicina\/#breadcrumb"},"inLanguage":"es","potentialAction":[{"@type":"ReadAction","target":["https:\/\/medicina.udd.cl\/centro-alumnos-medicina\/noticias\/2010\/10\/08\/1%c2%ba-gala-de-medicina\/"]}]},{"@type":"ImageObject","inLanguage":"es","@id":"https:\/\/medicina.udd.cl\/centro-alumnos-medicina\/noticias\/2010\/10\/08\/1%c2%ba-gala-de-medicina\/#primaryimage","url":"http:\/\/medicina.udd.cl\/centro-alumnos-medicina\/files\/2010\/10\/41782_151994208147820_5866_n.jpg","contentUrl":"http:\/\/medicina.udd.cl\/centro-alumnos-medicina\/files\/2010\/10\/41782_151994208147820_5866_n.jpg"},{"@type":"BreadcrumbList","@id":"https:\/\/medicina.udd.cl\/centro-alumnos-medicina\/noticias\/2010\/10\/08\/1%c2%ba-gala-de-medicina\/#breadcrumb","itemListElement":[{"@type":"ListItem","position":1,"name":"Home","item":"https:\/\/medicina.udd.cl\/centro-alumnos-medicina\/"},{"@type":"ListItem","position":2,"name":"1\u00ba Gala de Medicina"}]},{"@type":"WebSite","@id":"https:\/\/medicina.udd.cl\/centro-alumnos-medicina\/#website","url":"https:\/\/medicina.udd.cl\/centro-alumnos-medicina\/","name":"Centro de Alumnos de Medicina","description":"Otro sitio m\u00e1s de Medicina","potentialAction":[{"@type":"SearchAction","target":{"@type":"EntryPoint","urlTemplate":"https:\/\/medicina.udd.cl\/centro-alumnos-medicina\/?s={search_term_string}"},"query-input":{"@type":"PropertyValueSpecification","valueRequired":true,"valueName":"search_term_string"}}],"inLanguage":"es"},{"@type":"Person","@id":"https:\/\/medicina.udd.cl\/centro-alumnos-medicina\/#\/schema\/person\/d2a1450d36aff8cda548012f30ae8d47","name":"rominagianotti","image":{"@type":"ImageObject","inLanguage":"es","@id":"https:\/\/medicina.udd.cl\/centro-alumnos-medicina\/#\/schema\/person\/image\/","url":"https:\/\/secure.gravatar.com\/avatar\/106dae79925154d9c4e321db25d50a6deb801d5b80ec313022dbea6ef60814cc?s=96&d=mm&r=g","contentUrl":"https:\/\/secure.gravatar.com\/avatar\/106dae79925154d9c4e321db25d50a6deb801d5b80ec313022dbea6ef60814cc?s=96&d=mm&r=g","caption":"rominagianotti"},"url":"https:\/\/medicina.udd.cl\/centro-alumnos-medicina\/noticias\/author\/rominagianotti\/"}]}},"_links":{"self":[{"href":"https:\/\/medicina.udd.cl\/centro-alumnos-medicina\/wp-json\/wp\/v2\/posts\/282","targetHints":{"allow":["GET"]}}],"collection":[{"href":"https:\/\/medicina.udd.cl\/centro-alumnos-medicina\/wp-json\/wp\/v2\/posts"}],"about":[{"href":"https:\/\/medicina.udd.cl\/centro-alumnos-medicina\/wp-json\/wp\/v2\/types\/post"}],"author":[{"embeddable":true,"href":"https:\/\/medicina.udd.cl\/centro-alumnos-medicina\/wp-json\/wp\/v2\/users\/47"}],"replies":[{"embeddable":true,"href":"https:\/\/medicina.udd.cl\/centro-alumnos-medicina\/wp-json\/wp\/v2\/comments?post=282"}],"version-history":[{"count":2,"href":"https:\/\/medicina.udd.cl\/centro-alumnos-medicina\/wp-json\/wp\/v2\/posts\/282\/revisions"}],"predecessor-version":[{"id":304,"href":"https:\/\/medicina.udd.cl\/centro-alumnos-medicina\/wp-json\/wp\/v2\/posts\/282\/revisions\/304"}],"wp:attachment":[{"href":"https:\/\/medicina.udd.cl\/centro-alumnos-medicina\/wp-json\/wp\/v2\/media?parent=282"}],"wp:term":[{"taxonomy":"category","embeddable":true,"href":"https:\/\/medicina.udd.cl\/centro-alumnos-medicina\/wp-json\/wp\/v2\/categories?post=282"},{"taxonomy":"post_tag","embeddable":true,"href":"https:\/\/medicina.udd.cl\/centro-alumnos-medicina\/wp-json\/wp\/v2\/tags?post=282"}],"curies":[{"name":"wp","href":"https:\/\/api.w.org\/{rel}","templated":true}]}}