{"id":287,"date":"2010-10-11T17:40:49","date_gmt":"2010-10-11T20:40:49","guid":{"rendered":"http:\/\/medicina.udd.cl\/centro-alumnos-medicina\/2010\/10\/11\/ciclo-de-charlas-postgrado-vinculacion-con-el-medio\/"},"modified":"2010-11-07T16:34:39","modified_gmt":"2010-11-07T19:34:39","slug":"ciclo-de-charlas-postgrado-vinculacion-con-el-medio","status":"publish","type":"post","link":"https:\/\/medicina.udd.cl\/centro-alumnos-medicina\/noticias\/2010\/10\/11\/ciclo-de-charlas-postgrado-vinculacion-con-el-medio\/","title":{"rendered":"Ciclo de charlas postgrado: vinculaci\u00f3n con el medio"},"content":{"rendered":"<p>Ciclo de charlas de vinculaci\u00f3n con el medio: egres\u00e9 de Medicina\u2026 \u00bfAhora qu\u00e9?<\/p>\n<p>&#8211; Becas Mixtas APS<\/p>\n<p>&#8211; Trabajo Directo en APS<\/p>\n<p>&#8211; Opciones de Especialidad<\/p>\n<p>&#8211; Opciones de Trabajo en el extranjero<\/p>\n<p>&#8211; Becas ministeriales y generalato de Zona<\/p>\n<p><strong>S\u00e1bado 6 de noviembre, 9:00 -13:30 hrs.<\/strong><\/p>\n<p><strong>Aula Magna Universidad del Desarrollo.<\/strong><\/p>\n<p><strong>Av. Las Condes 12.438, Santiago<\/strong><\/p>\n<p>Entrada liberada; cupos limitados<\/p>\n<p>Inscripci\u00f3n al correo uddcam@gmail.com<\/p>\n","protected":false},"excerpt":{"rendered":"<p>Ciclo de charlas de vinculaci\u00f3n con el medio: egres\u00e9 de Medicina\u2026 \u00bfAhora qu\u00e9? &#8211; Becas Mixtas APS &#8211; Trabajo Directo en APS &#8211; Opciones de Especialidad &#8211; Opciones de Trabajo en el extranjero &#8211; Becas ministeriales y generalato de Zona S\u00e1bado 6 de noviembre, 9:00 -13:30 hrs. Aula Magna Universidad del Desarrollo. Av. Las Condes [&hellip;]<\/p>\n","protected":false},"author":47,"featured_media":0,"comment_status":"open","ping_status":"open","sticky":false,"template":"","format":"standard","meta":{"footnotes":""},"categories":[4],"tags":[],"class_list":["post-287","post","type-post","status-publish","format-standard","hentry","category-noticias"],"yoast_head":"<!-- This site is optimized with the Yoast SEO plugin v26.9 - https:\/\/yoast.com\/product\/yoast-seo-wordpress\/ -->\n<title>Ciclo de charlas postgrado: vinculaci\u00f3n con el medio - Centro de Alumnos de Medicina<\/title>\n<meta name=\"robots\" content=\"index, follow, max-snippet:-1, max-image-preview:large, max-video-preview:-1\" \/>\n<link rel=\"canonical\" href=\"https:\/\/medicina.udd.cl\/centro-alumnos-medicina\/noticias\/2010\/10\/11\/ciclo-de-charlas-postgrado-vinculacion-con-el-medio\/\" \/>\n<meta property=\"og:locale\" content=\"es_ES\" \/>\n<meta property=\"og:type\" content=\"article\" \/>\n<meta property=\"og:title\" content=\"Ciclo de charlas postgrado: vinculaci\u00f3n con el medio - Centro de Alumnos de Medicina\" \/>\n<meta property=\"og:description\" content=\"Ciclo de charlas de vinculaci\u00f3n con el medio: egres\u00e9 de Medicina\u2026 \u00bfAhora qu\u00e9? &#8211; Becas Mixtas APS &#8211; Trabajo Directo en APS &#8211; Opciones de Especialidad &#8211; Opciones de Trabajo en el extranjero &#8211; Becas ministeriales y generalato de Zona S\u00e1bado 6 de noviembre, 9:00 -13:30 hrs. Aula Magna Universidad del Desarrollo. Av. Las Condes [&hellip;]\" \/>\n<meta property=\"og:url\" content=\"https:\/\/medicina.udd.cl\/centro-alumnos-medicina\/noticias\/2010\/10\/11\/ciclo-de-charlas-postgrado-vinculacion-con-el-medio\/\" \/>\n<meta property=\"og:site_name\" content=\"Centro de Alumnos de Medicina\" \/>\n<meta property=\"article:published_time\" content=\"2010-10-11T20:40:49+00:00\" \/>\n<meta property=\"article:modified_time\" content=\"2010-11-07T19:34:39+00:00\" \/>\n<meta name=\"author\" content=\"rominagianotti\" \/>\n<meta name=\"twitter:label1\" content=\"Escrito por\" \/>\n\t<meta name=\"twitter:data1\" content=\"rominagianotti\" \/>\n<script type=\"application\/ld+json\" class=\"yoast-schema-graph\">{\"@context\":\"https:\/\/schema.org\",\"@graph\":[{\"@type\":\"Article\",\"@id\":\"https:\/\/medicina.udd.cl\/centro-alumnos-medicina\/noticias\/2010\/10\/11\/ciclo-de-charlas-postgrado-vinculacion-con-el-medio\/#article\",\"isPartOf\":{\"@id\":\"https:\/\/medicina.udd.cl\/centro-alumnos-medicina\/noticias\/2010\/10\/11\/ciclo-de-charlas-postgrado-vinculacion-con-el-medio\/\"},\"author\":{\"name\":\"rominagianotti\",\"@id\":\"https:\/\/medicina.udd.cl\/centro-alumnos-medicina\/#\/schema\/person\/d2a1450d36aff8cda548012f30ae8d47\"},\"headline\":\"Ciclo de charlas postgrado: vinculaci\u00f3n con el medio\",\"datePublished\":\"2010-10-11T20:40:49+00:00\",\"dateModified\":\"2010-11-07T19:34:39+00:00\",\"mainEntityOfPage\":{\"@id\":\"https:\/\/medicina.udd.cl\/centro-alumnos-medicina\/noticias\/2010\/10\/11\/ciclo-de-charlas-postgrado-vinculacion-con-el-medio\/\"},\"wordCount\":76,\"commentCount\":3,\"articleSection\":[\"Noticias\"],\"inLanguage\":\"es\",\"potentialAction\":[{\"@type\":\"CommentAction\",\"name\":\"Comment\",\"target\":[\"https:\/\/medicina.udd.cl\/centro-alumnos-medicina\/noticias\/2010\/10\/11\/ciclo-de-charlas-postgrado-vinculacion-con-el-medio\/#respond\"]}]},{\"@type\":\"WebPage\",\"@id\":\"https:\/\/medicina.udd.cl\/centro-alumnos-medicina\/noticias\/2010\/10\/11\/ciclo-de-charlas-postgrado-vinculacion-con-el-medio\/\",\"url\":\"https:\/\/medicina.udd.cl\/centro-alumnos-medicina\/noticias\/2010\/10\/11\/ciclo-de-charlas-postgrado-vinculacion-con-el-medio\/\",\"name\":\"Ciclo de charlas postgrado: vinculaci\u00f3n con el medio - Centro de Alumnos de Medicina\",\"isPartOf\":{\"@id\":\"https:\/\/medicina.udd.cl\/centro-alumnos-medicina\/#website\"},\"datePublished\":\"2010-10-11T20:40:49+00:00\",\"dateModified\":\"2010-11-07T19:34:39+00:00\",\"author\":{\"@id\":\"https:\/\/medicina.udd.cl\/centro-alumnos-medicina\/#\/schema\/person\/d2a1450d36aff8cda548012f30ae8d47\"},\"breadcrumb\":{\"@id\":\"https:\/\/medicina.udd.cl\/centro-alumnos-medicina\/noticias\/2010\/10\/11\/ciclo-de-charlas-postgrado-vinculacion-con-el-medio\/#breadcrumb\"},\"inLanguage\":\"es\",\"potentialAction\":[{\"@type\":\"ReadAction\",\"target\":[\"https:\/\/medicina.udd.cl\/centro-alumnos-medicina\/noticias\/2010\/10\/11\/ciclo-de-charlas-postgrado-vinculacion-con-el-medio\/\"]}]},{\"@type\":\"BreadcrumbList\",\"@id\":\"https:\/\/medicina.udd.cl\/centro-alumnos-medicina\/noticias\/2010\/10\/11\/ciclo-de-charlas-postgrado-vinculacion-con-el-medio\/#breadcrumb\",\"itemListElement\":[{\"@type\":\"ListItem\",\"position\":1,\"name\":\"Home\",\"item\":\"https:\/\/medicina.udd.cl\/centro-alumnos-medicina\/\"},{\"@type\":\"ListItem\",\"position\":2,\"name\":\"Ciclo de charlas postgrado: vinculaci\u00f3n con el medio\"}]},{\"@type\":\"WebSite\",\"@id\":\"https:\/\/medicina.udd.cl\/centro-alumnos-medicina\/#website\",\"url\":\"https:\/\/medicina.udd.cl\/centro-alumnos-medicina\/\",\"name\":\"Centro de Alumnos de Medicina\",\"description\":\"Otro sitio m\u00e1s de Medicina\",\"potentialAction\":[{\"@type\":\"SearchAction\",\"target\":{\"@type\":\"EntryPoint\",\"urlTemplate\":\"https:\/\/medicina.udd.cl\/centro-alumnos-medicina\/?s={search_term_string}\"},\"query-input\":{\"@type\":\"PropertyValueSpecification\",\"valueRequired\":true,\"valueName\":\"search_term_string\"}}],\"inLanguage\":\"es\"},{\"@type\":\"Person\",\"@id\":\"https:\/\/medicina.udd.cl\/centro-alumnos-medicina\/#\/schema\/person\/d2a1450d36aff8cda548012f30ae8d47\",\"name\":\"rominagianotti\",\"image\":{\"@type\":\"ImageObject\",\"inLanguage\":\"es\",\"@id\":\"https:\/\/medicina.udd.cl\/centro-alumnos-medicina\/#\/schema\/person\/image\/\",\"url\":\"https:\/\/secure.gravatar.com\/avatar\/106dae79925154d9c4e321db25d50a6deb801d5b80ec313022dbea6ef60814cc?s=96&d=mm&r=g\",\"contentUrl\":\"https:\/\/secure.gravatar.com\/avatar\/106dae79925154d9c4e321db25d50a6deb801d5b80ec313022dbea6ef60814cc?s=96&d=mm&r=g\",\"caption\":\"rominagianotti\"},\"url\":\"https:\/\/medicina.udd.cl\/centro-alumnos-medicina\/noticias\/author\/rominagianotti\/\"}]}<\/script>\n<!-- \/ Yoast SEO plugin. -->","yoast_head_json":{"title":"Ciclo de charlas postgrado: vinculaci\u00f3n con el medio - Centro de Alumnos de Medicina","robots":{"index":"index","follow":"follow","max-snippet":"max-snippet:-1","max-image-preview":"max-image-preview:large","max-video-preview":"max-video-preview:-1"},"canonical":"https:\/\/medicina.udd.cl\/centro-alumnos-medicina\/noticias\/2010\/10\/11\/ciclo-de-charlas-postgrado-vinculacion-con-el-medio\/","og_locale":"es_ES","og_type":"article","og_title":"Ciclo de charlas postgrado: vinculaci\u00f3n con el medio - Centro de Alumnos de Medicina","og_description":"Ciclo de charlas de vinculaci\u00f3n con el medio: egres\u00e9 de Medicina\u2026 \u00bfAhora qu\u00e9? &#8211; Becas Mixtas APS &#8211; Trabajo Directo en APS &#8211; Opciones de Especialidad &#8211; Opciones de Trabajo en el extranjero &#8211; Becas ministeriales y generalato de Zona S\u00e1bado 6 de noviembre, 9:00 -13:30 hrs. Aula Magna Universidad del Desarrollo. Av. Las Condes [&hellip;]","og_url":"https:\/\/medicina.udd.cl\/centro-alumnos-medicina\/noticias\/2010\/10\/11\/ciclo-de-charlas-postgrado-vinculacion-con-el-medio\/","og_site_name":"Centro de Alumnos de Medicina","article_published_time":"2010-10-11T20:40:49+00:00","article_modified_time":"2010-11-07T19:34:39+00:00","author":"rominagianotti","twitter_misc":{"Escrito por":"rominagianotti"},"schema":{"@context":"https:\/\/schema.org","@graph":[{"@type":"Article","@id":"https:\/\/medicina.udd.cl\/centro-alumnos-medicina\/noticias\/2010\/10\/11\/ciclo-de-charlas-postgrado-vinculacion-con-el-medio\/#article","isPartOf":{"@id":"https:\/\/medicina.udd.cl\/centro-alumnos-medicina\/noticias\/2010\/10\/11\/ciclo-de-charlas-postgrado-vinculacion-con-el-medio\/"},"author":{"name":"rominagianotti","@id":"https:\/\/medicina.udd.cl\/centro-alumnos-medicina\/#\/schema\/person\/d2a1450d36aff8cda548012f30ae8d47"},"headline":"Ciclo de charlas postgrado: vinculaci\u00f3n con el medio","datePublished":"2010-10-11T20:40:49+00:00","dateModified":"2010-11-07T19:34:39+00:00","mainEntityOfPage":{"@id":"https:\/\/medicina.udd.cl\/centro-alumnos-medicina\/noticias\/2010\/10\/11\/ciclo-de-charlas-postgrado-vinculacion-con-el-medio\/"},"wordCount":76,"commentCount":3,"articleSection":["Noticias"],"inLanguage":"es","potentialAction":[{"@type":"CommentAction","name":"Comment","target":["https:\/\/medicina.udd.cl\/centro-alumnos-medicina\/noticias\/2010\/10\/11\/ciclo-de-charlas-postgrado-vinculacion-con-el-medio\/#respond"]}]},{"@type":"WebPage","@id":"https:\/\/medicina.udd.cl\/centro-alumnos-medicina\/noticias\/2010\/10\/11\/ciclo-de-charlas-postgrado-vinculacion-con-el-medio\/","url":"https:\/\/medicina.udd.cl\/centro-alumnos-medicina\/noticias\/2010\/10\/11\/ciclo-de-charlas-postgrado-vinculacion-con-el-medio\/","name":"Ciclo de charlas postgrado: vinculaci\u00f3n con el medio - Centro de Alumnos de Medicina","isPartOf":{"@id":"https:\/\/medicina.udd.cl\/centro-alumnos-medicina\/#website"},"datePublished":"2010-10-11T20:40:49+00:00","dateModified":"2010-11-07T19:34:39+00:00","author":{"@id":"https:\/\/medicina.udd.cl\/centro-alumnos-medicina\/#\/schema\/person\/d2a1450d36aff8cda548012f30ae8d47"},"breadcrumb":{"@id":"https:\/\/medicina.udd.cl\/centro-alumnos-medicina\/noticias\/2010\/10\/11\/ciclo-de-charlas-postgrado-vinculacion-con-el-medio\/#breadcrumb"},"inLanguage":"es","potentialAction":[{"@type":"ReadAction","target":["https:\/\/medicina.udd.cl\/centro-alumnos-medicina\/noticias\/2010\/10\/11\/ciclo-de-charlas-postgrado-vinculacion-con-el-medio\/"]}]},{"@type":"BreadcrumbList","@id":"https:\/\/medicina.udd.cl\/centro-alumnos-medicina\/noticias\/2010\/10\/11\/ciclo-de-charlas-postgrado-vinculacion-con-el-medio\/#breadcrumb","itemListElement":[{"@type":"ListItem","position":1,"name":"Home","item":"https:\/\/medicina.udd.cl\/centro-alumnos-medicina\/"},{"@type":"ListItem","position":2,"name":"Ciclo de charlas postgrado: vinculaci\u00f3n con el medio"}]},{"@type":"WebSite","@id":"https:\/\/medicina.udd.cl\/centro-alumnos-medicina\/#website","url":"https:\/\/medicina.udd.cl\/centro-alumnos-medicina\/","name":"Centro de Alumnos de Medicina","description":"Otro sitio m\u00e1s de Medicina","potentialAction":[{"@type":"SearchAction","target":{"@type":"EntryPoint","urlTemplate":"https:\/\/medicina.udd.cl\/centro-alumnos-medicina\/?s={search_term_string}"},"query-input":{"@type":"PropertyValueSpecification","valueRequired":true,"valueName":"search_term_string"}}],"inLanguage":"es"},{"@type":"Person","@id":"https:\/\/medicina.udd.cl\/centro-alumnos-medicina\/#\/schema\/person\/d2a1450d36aff8cda548012f30ae8d47","name":"rominagianotti","image":{"@type":"ImageObject","inLanguage":"es","@id":"https:\/\/medicina.udd.cl\/centro-alumnos-medicina\/#\/schema\/person\/image\/","url":"https:\/\/secure.gravatar.com\/avatar\/106dae79925154d9c4e321db25d50a6deb801d5b80ec313022dbea6ef60814cc?s=96&d=mm&r=g","contentUrl":"https:\/\/secure.gravatar.com\/avatar\/106dae79925154d9c4e321db25d50a6deb801d5b80ec313022dbea6ef60814cc?s=96&d=mm&r=g","caption":"rominagianotti"},"url":"https:\/\/medicina.udd.cl\/centro-alumnos-medicina\/noticias\/author\/rominagianotti\/"}]}},"_links":{"self":[{"href":"https:\/\/medicina.udd.cl\/centro-alumnos-medicina\/wp-json\/wp\/v2\/posts\/287","targetHints":{"allow":["GET"]}}],"collection":[{"href":"https:\/\/medicina.udd.cl\/centro-alumnos-medicina\/wp-json\/wp\/v2\/posts"}],"about":[{"href":"https:\/\/medicina.udd.cl\/centro-alumnos-medicina\/wp-json\/wp\/v2\/types\/post"}],"author":[{"embeddable":true,"href":"https:\/\/medicina.udd.cl\/centro-alumnos-medicina\/wp-json\/wp\/v2\/users\/47"}],"replies":[{"embeddable":true,"href":"https:\/\/medicina.udd.cl\/centro-alumnos-medicina\/wp-json\/wp\/v2\/comments?post=287"}],"version-history":[{"count":3,"href":"https:\/\/medicina.udd.cl\/centro-alumnos-medicina\/wp-json\/wp\/v2\/posts\/287\/revisions"}],"predecessor-version":[{"id":341,"href":"https:\/\/medicina.udd.cl\/centro-alumnos-medicina\/wp-json\/wp\/v2\/posts\/287\/revisions\/341"}],"wp:attachment":[{"href":"https:\/\/medicina.udd.cl\/centro-alumnos-medicina\/wp-json\/wp\/v2\/media?parent=287"}],"wp:term":[{"taxonomy":"category","embeddable":true,"href":"https:\/\/medicina.udd.cl\/centro-alumnos-medicina\/wp-json\/wp\/v2\/categories?post=287"},{"taxonomy":"post_tag","embeddable":true,"href":"https:\/\/medicina.udd.cl\/centro-alumnos-medicina\/wp-json\/wp\/v2\/tags?post=287"}],"curies":[{"name":"wp","href":"https:\/\/api.w.org\/{rel}","templated":true}]}}