{"id":313,"date":"2010-10-24T20:06:11","date_gmt":"2010-10-24T23:06:11","guid":{"rendered":"http:\/\/medicina.udd.cl\/centro-alumnos-medicina\/?p=313"},"modified":"2010-10-24T22:30:40","modified_gmt":"2010-10-25T01:30:40","slug":"gala-de-medicina","status":"publish","type":"post","link":"https:\/\/medicina.udd.cl\/centro-alumnos-medicina\/noticias\/2010\/10\/24\/gala-de-medicina\/","title":{"rendered":"Gala de medicina"},"content":{"rendered":"<p>Incre\u00edble result\u00f3 la primera gala de medicina realizada en el club m\u00e9dico este viernes 22 de octubre.\u00a0 Un rico cocktail, muy buena m\u00fasica y gran compa\u00f1\u00eda fueron elementos centrales, desde las 9 que empez\u00f3 a llegar la gente, el ambiente se iba enriqueciendo con la presencia de todos los invitados. Los docentes no se quedaron atr\u00e1s ya que tuvieron una asistencia.\u00a0 A medida que iban pasando las horas, se iba volviendo una fiesta llena de entusiasmo y alegr\u00eda. Mientras todos dejaban atr\u00e1s por una noche el estudio, para hacer que fuera una noche memorable.<\/p>\n<p>Cabe destacar la organizaci\u00f3n que hubo para que fuera posible tener una gala tan espectacular como la que tuvimos y agradecemos a todos por el gran entusiasmo con el que asistieron. esperamos que se repita y que sea una instancia tan buena como fue la primera.<\/p>\n<p>Gracias a todos y los esperamos para la pr\u00f3xima.<\/p>\n<p style=\"text-align: center\"><a rel=\"External\" class=\"out\" href=\"http:\/\/medicina.udd.cl\/centro-alumnos-medicina\/files\/2010\/10\/IMG_5852.jpg\" class=\"thickbox\"><\/a><a rel=\"External\" class=\"out\" href=\"http:\/\/medicina.udd.cl\/centro-alumnos-medicina\/files\/2010\/10\/IMG_5850.jpg\" class=\"thickbox\"><\/a><a href=\"http:\/\/medicina.udd.cl\/centro-alumnos-medicina\/files\/2010\/10\/66550_441386062022_614122022_5713788_6133219_n.jpg\" class=\"thickbox\"><div class=\"content-images entry-gallery\"><ul id=\"photos-entry\"><li id=\"image-0\"><img decoding=\"async\" src=\"https:\/\/medicina.udd.cl\/thumbnails\/index.php?src=wp-content\/uploads\/medicina\/blogs.dir\/35\/files\/2010\/10\/66029_452588764343_642954343_5158243_6416228_n.jpg&amp;w=430&amp;h=270&amp;zc=1&amp;q=100\" alt=\"2\" \/><h3>2<\/h3><\/li><li id=\"image-1\"><img decoding=\"async\" src=\"https:\/\/medicina.udd.cl\/thumbnails\/index.php?src=wp-content\/uploads\/medicina\/blogs.dir\/35\/files\/2010\/10\/IMG_5852.jpg&amp;w=430&amp;h=270&amp;zc=1&amp;q=100\" alt=\"5\" \/><h3>5<\/h3><\/li><li id=\"image-2\"><img decoding=\"async\" src=\"https:\/\/medicina.udd.cl\/thumbnails\/index.php?src=wp-content\/uploads\/medicina\/blogs.dir\/35\/files\/2010\/10\/39577_441387547022_614122022_5713848_8160408_n.jpg&amp;w=430&amp;h=270&amp;zc=1&amp;q=100\" alt=\"1\" \/><h3>1<\/h3><\/li><li id=\"image-3\"><img decoding=\"async\" src=\"https:\/\/medicina.udd.cl\/thumbnails\/index.php?src=wp-content\/uploads\/medicina\/blogs.dir\/35\/files\/2010\/10\/66550_441386062022_614122022_5713788_6133219_n.jpg&amp;w=430&amp;h=270&amp;zc=1&amp;q=100\" alt=\"3\" \/><h3>3<\/h3><\/li><\/ul><ul class=\"paginate-gallery\"><li><a href=\"#image-0\" title=\"2\">2<\/a><\/li>\n<li><a href=\"#image-1\" title=\"5\">5<\/a><\/li>\n<li><a href=\"#image-2\" title=\"1\">1<\/a><\/li>\n<li><a href=\"#image-3\" title=\"3\">3<\/a><\/li>\n<\/ul><\/div><\/p>\n<p><\/a><\/p>\n","protected":false},"excerpt":{"rendered":"<p>Incre\u00edble la primera gala de medicina realizada este viernes 22 de octubre en el club m\u00e9dico.<\/p>\n","protected":false},"author":47,"featured_media":0,"comment_status":"closed","ping_status":"open","sticky":false,"template":"","format":"standard","meta":{"footnotes":""},"categories":[4],"tags":[],"class_list":["post-313","post","type-post","status-publish","format-standard","hentry","category-noticias"],"yoast_head":"<!-- This site is optimized with the Yoast SEO plugin v26.9 - https:\/\/yoast.com\/product\/yoast-seo-wordpress\/ -->\n<title>Gala de medicina - Centro de Alumnos de Medicina<\/title>\n<meta name=\"robots\" content=\"index, follow, max-snippet:-1, max-image-preview:large, max-video-preview:-1\" \/>\n<link rel=\"canonical\" href=\"https:\/\/medicina.udd.cl\/centro-alumnos-medicina\/noticias\/2010\/10\/24\/gala-de-medicina\/\" \/>\n<meta property=\"og:locale\" content=\"es_ES\" \/>\n<meta property=\"og:type\" content=\"article\" \/>\n<meta property=\"og:title\" content=\"Gala de medicina - Centro de Alumnos de Medicina\" \/>\n<meta property=\"og:description\" content=\"Incre\u00edble la primera gala de medicina realizada este viernes 22 de octubre en el club m\u00e9dico.\" \/>\n<meta property=\"og:url\" content=\"https:\/\/medicina.udd.cl\/centro-alumnos-medicina\/noticias\/2010\/10\/24\/gala-de-medicina\/\" \/>\n<meta property=\"og:site_name\" content=\"Centro de Alumnos de Medicina\" \/>\n<meta property=\"article:published_time\" content=\"2010-10-24T23:06:11+00:00\" \/>\n<meta property=\"article:modified_time\" content=\"2010-10-25T01:30:40+00:00\" \/>\n<meta property=\"og:image\" content=\"https:\/\/medicina.udd.cl\/thumbnails\/index.php?src=wp-content\/uploads\/medicina\/blogs.dir\/35\/files\/2011\/04\/Pantalla-informativ.png&amp;w=430&amp;h=270&amp;zc=1&amp;q=100\" \/>\n<meta name=\"author\" content=\"rominagianotti\" \/>\n<meta name=\"twitter:label1\" content=\"Escrito por\" \/>\n\t<meta name=\"twitter:data1\" content=\"rominagianotti\" \/>\n\t<meta name=\"twitter:label2\" content=\"Tiempo de lectura\" \/>\n\t<meta name=\"twitter:data2\" content=\"1 minuto\" \/>\n<script type=\"application\/ld+json\" class=\"yoast-schema-graph\">{\"@context\":\"https:\/\/schema.org\",\"@graph\":[{\"@type\":\"Article\",\"@id\":\"https:\/\/medicina.udd.cl\/centro-alumnos-medicina\/noticias\/2010\/10\/24\/gala-de-medicina\/#article\",\"isPartOf\":{\"@id\":\"https:\/\/medicina.udd.cl\/centro-alumnos-medicina\/noticias\/2010\/10\/24\/gala-de-medicina\/\"},\"author\":{\"name\":\"rominagianotti\",\"@id\":\"https:\/\/medicina.udd.cl\/centro-alumnos-medicina\/#\/schema\/person\/d2a1450d36aff8cda548012f30ae8d47\"},\"headline\":\"Gala de medicina\",\"datePublished\":\"2010-10-24T23:06:11+00:00\",\"dateModified\":\"2010-10-25T01:30:40+00:00\",\"mainEntityOfPage\":{\"@id\":\"https:\/\/medicina.udd.cl\/centro-alumnos-medicina\/noticias\/2010\/10\/24\/gala-de-medicina\/\"},\"wordCount\":160,\"articleSection\":[\"Noticias\"],\"inLanguage\":\"es\"},{\"@type\":\"WebPage\",\"@id\":\"https:\/\/medicina.udd.cl\/centro-alumnos-medicina\/noticias\/2010\/10\/24\/gala-de-medicina\/\",\"url\":\"https:\/\/medicina.udd.cl\/centro-alumnos-medicina\/noticias\/2010\/10\/24\/gala-de-medicina\/\",\"name\":\"Gala de medicina - Centro de Alumnos de Medicina\",\"isPartOf\":{\"@id\":\"https:\/\/medicina.udd.cl\/centro-alumnos-medicina\/#website\"},\"datePublished\":\"2010-10-24T23:06:11+00:00\",\"dateModified\":\"2010-10-25T01:30:40+00:00\",\"author\":{\"@id\":\"https:\/\/medicina.udd.cl\/centro-alumnos-medicina\/#\/schema\/person\/d2a1450d36aff8cda548012f30ae8d47\"},\"breadcrumb\":{\"@id\":\"https:\/\/medicina.udd.cl\/centro-alumnos-medicina\/noticias\/2010\/10\/24\/gala-de-medicina\/#breadcrumb\"},\"inLanguage\":\"es\",\"potentialAction\":[{\"@type\":\"ReadAction\",\"target\":[\"https:\/\/medicina.udd.cl\/centro-alumnos-medicina\/noticias\/2010\/10\/24\/gala-de-medicina\/\"]}]},{\"@type\":\"BreadcrumbList\",\"@id\":\"https:\/\/medicina.udd.cl\/centro-alumnos-medicina\/noticias\/2010\/10\/24\/gala-de-medicina\/#breadcrumb\",\"itemListElement\":[{\"@type\":\"ListItem\",\"position\":1,\"name\":\"Home\",\"item\":\"https:\/\/medicina.udd.cl\/centro-alumnos-medicina\/\"},{\"@type\":\"ListItem\",\"position\":2,\"name\":\"Gala de medicina\"}]},{\"@type\":\"WebSite\",\"@id\":\"https:\/\/medicina.udd.cl\/centro-alumnos-medicina\/#website\",\"url\":\"https:\/\/medicina.udd.cl\/centro-alumnos-medicina\/\",\"name\":\"Centro de Alumnos de Medicina\",\"description\":\"Otro sitio m\u00e1s de Medicina\",\"potentialAction\":[{\"@type\":\"SearchAction\",\"target\":{\"@type\":\"EntryPoint\",\"urlTemplate\":\"https:\/\/medicina.udd.cl\/centro-alumnos-medicina\/?s={search_term_string}\"},\"query-input\":{\"@type\":\"PropertyValueSpecification\",\"valueRequired\":true,\"valueName\":\"search_term_string\"}}],\"inLanguage\":\"es\"},{\"@type\":\"Person\",\"@id\":\"https:\/\/medicina.udd.cl\/centro-alumnos-medicina\/#\/schema\/person\/d2a1450d36aff8cda548012f30ae8d47\",\"name\":\"rominagianotti\",\"image\":{\"@type\":\"ImageObject\",\"inLanguage\":\"es\",\"@id\":\"https:\/\/medicina.udd.cl\/centro-alumnos-medicina\/#\/schema\/person\/image\/\",\"url\":\"https:\/\/secure.gravatar.com\/avatar\/106dae79925154d9c4e321db25d50a6deb801d5b80ec313022dbea6ef60814cc?s=96&d=mm&r=g\",\"contentUrl\":\"https:\/\/secure.gravatar.com\/avatar\/106dae79925154d9c4e321db25d50a6deb801d5b80ec313022dbea6ef60814cc?s=96&d=mm&r=g\",\"caption\":\"rominagianotti\"},\"url\":\"https:\/\/medicina.udd.cl\/centro-alumnos-medicina\/noticias\/author\/rominagianotti\/\"}]}<\/script>\n<!-- \/ Yoast SEO plugin. -->","yoast_head_json":{"title":"Gala de medicina - Centro de Alumnos de Medicina","robots":{"index":"index","follow":"follow","max-snippet":"max-snippet:-1","max-image-preview":"max-image-preview:large","max-video-preview":"max-video-preview:-1"},"canonical":"https:\/\/medicina.udd.cl\/centro-alumnos-medicina\/noticias\/2010\/10\/24\/gala-de-medicina\/","og_locale":"es_ES","og_type":"article","og_title":"Gala de medicina - Centro de Alumnos de Medicina","og_description":"Incre\u00edble la primera gala de medicina realizada este viernes 22 de octubre en el club m\u00e9dico.","og_url":"https:\/\/medicina.udd.cl\/centro-alumnos-medicina\/noticias\/2010\/10\/24\/gala-de-medicina\/","og_site_name":"Centro de Alumnos de Medicina","article_published_time":"2010-10-24T23:06:11+00:00","article_modified_time":"2010-10-25T01:30:40+00:00","og_image":[{"url":"https:\/\/medicina.udd.cl\/thumbnails\/index.php?src=wp-content\/uploads\/medicina\/blogs.dir\/35\/files\/2011\/04\/Pantalla-informativ.png&amp;w=430&amp;h=270&amp;zc=1&amp;q=100","type":"","width":"","height":""}],"author":"rominagianotti","twitter_misc":{"Escrito por":"rominagianotti","Tiempo de lectura":"1 minuto"},"schema":{"@context":"https:\/\/schema.org","@graph":[{"@type":"Article","@id":"https:\/\/medicina.udd.cl\/centro-alumnos-medicina\/noticias\/2010\/10\/24\/gala-de-medicina\/#article","isPartOf":{"@id":"https:\/\/medicina.udd.cl\/centro-alumnos-medicina\/noticias\/2010\/10\/24\/gala-de-medicina\/"},"author":{"name":"rominagianotti","@id":"https:\/\/medicina.udd.cl\/centro-alumnos-medicina\/#\/schema\/person\/d2a1450d36aff8cda548012f30ae8d47"},"headline":"Gala de medicina","datePublished":"2010-10-24T23:06:11+00:00","dateModified":"2010-10-25T01:30:40+00:00","mainEntityOfPage":{"@id":"https:\/\/medicina.udd.cl\/centro-alumnos-medicina\/noticias\/2010\/10\/24\/gala-de-medicina\/"},"wordCount":160,"articleSection":["Noticias"],"inLanguage":"es"},{"@type":"WebPage","@id":"https:\/\/medicina.udd.cl\/centro-alumnos-medicina\/noticias\/2010\/10\/24\/gala-de-medicina\/","url":"https:\/\/medicina.udd.cl\/centro-alumnos-medicina\/noticias\/2010\/10\/24\/gala-de-medicina\/","name":"Gala de medicina - Centro de Alumnos de Medicina","isPartOf":{"@id":"https:\/\/medicina.udd.cl\/centro-alumnos-medicina\/#website"},"datePublished":"2010-10-24T23:06:11+00:00","dateModified":"2010-10-25T01:30:40+00:00","author":{"@id":"https:\/\/medicina.udd.cl\/centro-alumnos-medicina\/#\/schema\/person\/d2a1450d36aff8cda548012f30ae8d47"},"breadcrumb":{"@id":"https:\/\/medicina.udd.cl\/centro-alumnos-medicina\/noticias\/2010\/10\/24\/gala-de-medicina\/#breadcrumb"},"inLanguage":"es","potentialAction":[{"@type":"ReadAction","target":["https:\/\/medicina.udd.cl\/centro-alumnos-medicina\/noticias\/2010\/10\/24\/gala-de-medicina\/"]}]},{"@type":"BreadcrumbList","@id":"https:\/\/medicina.udd.cl\/centro-alumnos-medicina\/noticias\/2010\/10\/24\/gala-de-medicina\/#breadcrumb","itemListElement":[{"@type":"ListItem","position":1,"name":"Home","item":"https:\/\/medicina.udd.cl\/centro-alumnos-medicina\/"},{"@type":"ListItem","position":2,"name":"Gala de medicina"}]},{"@type":"WebSite","@id":"https:\/\/medicina.udd.cl\/centro-alumnos-medicina\/#website","url":"https:\/\/medicina.udd.cl\/centro-alumnos-medicina\/","name":"Centro de Alumnos de Medicina","description":"Otro sitio m\u00e1s de Medicina","potentialAction":[{"@type":"SearchAction","target":{"@type":"EntryPoint","urlTemplate":"https:\/\/medicina.udd.cl\/centro-alumnos-medicina\/?s={search_term_string}"},"query-input":{"@type":"PropertyValueSpecification","valueRequired":true,"valueName":"search_term_string"}}],"inLanguage":"es"},{"@type":"Person","@id":"https:\/\/medicina.udd.cl\/centro-alumnos-medicina\/#\/schema\/person\/d2a1450d36aff8cda548012f30ae8d47","name":"rominagianotti","image":{"@type":"ImageObject","inLanguage":"es","@id":"https:\/\/medicina.udd.cl\/centro-alumnos-medicina\/#\/schema\/person\/image\/","url":"https:\/\/secure.gravatar.com\/avatar\/106dae79925154d9c4e321db25d50a6deb801d5b80ec313022dbea6ef60814cc?s=96&d=mm&r=g","contentUrl":"https:\/\/secure.gravatar.com\/avatar\/106dae79925154d9c4e321db25d50a6deb801d5b80ec313022dbea6ef60814cc?s=96&d=mm&r=g","caption":"rominagianotti"},"url":"https:\/\/medicina.udd.cl\/centro-alumnos-medicina\/noticias\/author\/rominagianotti\/"}]}},"_links":{"self":[{"href":"https:\/\/medicina.udd.cl\/centro-alumnos-medicina\/wp-json\/wp\/v2\/posts\/313","targetHints":{"allow":["GET"]}}],"collection":[{"href":"https:\/\/medicina.udd.cl\/centro-alumnos-medicina\/wp-json\/wp\/v2\/posts"}],"about":[{"href":"https:\/\/medicina.udd.cl\/centro-alumnos-medicina\/wp-json\/wp\/v2\/types\/post"}],"author":[{"embeddable":true,"href":"https:\/\/medicina.udd.cl\/centro-alumnos-medicina\/wp-json\/wp\/v2\/users\/47"}],"replies":[{"embeddable":true,"href":"https:\/\/medicina.udd.cl\/centro-alumnos-medicina\/wp-json\/wp\/v2\/comments?post=313"}],"version-history":[{"count":6,"href":"https:\/\/medicina.udd.cl\/centro-alumnos-medicina\/wp-json\/wp\/v2\/posts\/313\/revisions"}],"predecessor-version":[{"id":325,"href":"https:\/\/medicina.udd.cl\/centro-alumnos-medicina\/wp-json\/wp\/v2\/posts\/313\/revisions\/325"}],"wp:attachment":[{"href":"https:\/\/medicina.udd.cl\/centro-alumnos-medicina\/wp-json\/wp\/v2\/media?parent=313"}],"wp:term":[{"taxonomy":"category","embeddable":true,"href":"https:\/\/medicina.udd.cl\/centro-alumnos-medicina\/wp-json\/wp\/v2\/categories?post=313"},{"taxonomy":"post_tag","embeddable":true,"href":"https:\/\/medicina.udd.cl\/centro-alumnos-medicina\/wp-json\/wp\/v2\/tags?post=313"}],"curies":[{"name":"wp","href":"https:\/\/api.w.org\/{rel}","templated":true}]}}