{"id":104,"date":"2010-05-27T13:11:39","date_gmt":"2010-05-27T17:11:39","guid":{"rendered":"http:\/\/medicina.udd.cl\/centro-bioetica\/2010\/05\/27\/proximos-dialogos-bioeticos\/"},"modified":"2010-06-23T13:57:01","modified_gmt":"2010-06-23T17:57:01","slug":"proximos-dialogos-bioeticos","status":"publish","type":"post","link":"https:\/\/medicina.udd.cl\/centro-bioetica\/noticias\/2010\/05\/27\/proximos-dialogos-bioeticos\/","title":{"rendered":"Pr\u00f3ximos Di\u00e1logos Bio\u00e9ticos"},"content":{"rendered":"<p style=\"text-align: justify\">Los di\u00e1logos bio\u00e9ticos son reuniones mensuales de an\u00e1lisis y discusiones de temas de inter\u00e9s en el \u00e1mbito de la bio\u00e9tica.<\/p>\n<p style=\"text-align: justify\">El objetivo de estos\u00a0di\u00e1logos es tener una instancia de reflexi\u00f3n en un ambiente de confianza. Adem\u00e1s, se pretende generar un encuentro entre personas que trabajan en diferentes lugares, lo cual enriquece las visiones.<\/p>\n<p style=\"text-align: justify\"><strong>Pr\u00f3ximas fechas:<\/strong><\/p>\n<p>Julio 14:<br \/>\n\u00ab\u00c9tica de la prescripci\u00f3n\u00bb<br \/>\nPresenta: Dra. Mar\u00eda In\u00e9s G\u00f3mez<\/p>\n<p>Agosto 18:<br \/>\n\u00abAlgunos problemas \u00e9ticos en medicina reproductiva\u00bb<br \/>\nPresenta: Sr. Rub\u00e9n Araya, Sra. Isabel Pacheco y Dr. Patricio Gonz\u00e1lez<\/p>\n<p>Septiembre 8:<br \/>\n\u00abBancos de c\u00e9lulas de cord\u00f3n umbilical\u00bb<br \/>\nPresenta: Dr. Marcial Osorio<\/p>\n","protected":false},"excerpt":{"rendered":"<p>Conoce las fechas de los di\u00e1logos bio\u00e9ticos.<\/p>\n","protected":false},"author":1,"featured_media":0,"comment_status":"open","ping_status":"open","sticky":false,"template":"","format":"standard","meta":{"footnotes":""},"categories":[1],"tags":[],"class_list":["post-104","post","type-post","status-publish","format-standard","hentry","category-sin-categoria"],"yoast_head":"<!-- This site is optimized with the Yoast SEO plugin v26.9 - https:\/\/yoast.com\/product\/yoast-seo-wordpress\/ -->\n<title>Pr\u00f3ximos Di\u00e1logos Bio\u00e9ticos - Centro de Bio\u00e9tica<\/title>\n<meta name=\"robots\" content=\"index, follow, max-snippet:-1, max-image-preview:large, max-video-preview:-1\" \/>\n<link rel=\"canonical\" href=\"https:\/\/medicina.udd.cl\/centro-bioetica\/noticias\/2010\/05\/27\/proximos-dialogos-bioeticos\/\" \/>\n<meta property=\"og:locale\" content=\"es_ES\" \/>\n<meta property=\"og:type\" content=\"article\" \/>\n<meta property=\"og:title\" content=\"Pr\u00f3ximos Di\u00e1logos Bio\u00e9ticos - Centro de Bio\u00e9tica\" \/>\n<meta property=\"og:description\" content=\"Conoce las fechas de los di\u00e1logos bio\u00e9ticos.\" \/>\n<meta property=\"og:url\" content=\"https:\/\/medicina.udd.cl\/centro-bioetica\/noticias\/2010\/05\/27\/proximos-dialogos-bioeticos\/\" \/>\n<meta property=\"og:site_name\" content=\"Centro de Bio\u00e9tica\" \/>\n<meta property=\"article:published_time\" content=\"2010-05-27T17:11:39+00:00\" \/>\n<meta property=\"article:modified_time\" content=\"2010-06-23T17:57:01+00:00\" \/>\n<meta name=\"author\" content=\"admin\" \/>\n<meta name=\"twitter:label1\" content=\"Escrito por\" \/>\n\t<meta name=\"twitter:data1\" content=\"admin\" \/>\n\t<meta name=\"twitter:label2\" content=\"Tiempo de lectura\" \/>\n\t<meta name=\"twitter:data2\" content=\"1 minuto\" \/>\n<script type=\"application\/ld+json\" class=\"yoast-schema-graph\">{\"@context\":\"https:\/\/schema.org\",\"@graph\":[{\"@type\":\"Article\",\"@id\":\"https:\/\/medicina.udd.cl\/centro-bioetica\/noticias\/2010\/05\/27\/proximos-dialogos-bioeticos\/#article\",\"isPartOf\":{\"@id\":\"https:\/\/medicina.udd.cl\/centro-bioetica\/noticias\/2010\/05\/27\/proximos-dialogos-bioeticos\/\"},\"author\":{\"name\":\"admin\",\"@id\":\"https:\/\/medicina.udd.cl\/centro-bioetica\/#\/schema\/person\/f7abfa784c86da427e89287831f96ab7\"},\"headline\":\"Pr\u00f3ximos Di\u00e1logos Bio\u00e9ticos\",\"datePublished\":\"2010-05-27T17:11:39+00:00\",\"dateModified\":\"2010-06-23T17:57:01+00:00\",\"mainEntityOfPage\":{\"@id\":\"https:\/\/medicina.udd.cl\/centro-bioetica\/noticias\/2010\/05\/27\/proximos-dialogos-bioeticos\/\"},\"wordCount\":118,\"commentCount\":0,\"inLanguage\":\"es\",\"potentialAction\":[{\"@type\":\"CommentAction\",\"name\":\"Comment\",\"target\":[\"https:\/\/medicina.udd.cl\/centro-bioetica\/noticias\/2010\/05\/27\/proximos-dialogos-bioeticos\/#respond\"]}]},{\"@type\":\"WebPage\",\"@id\":\"https:\/\/medicina.udd.cl\/centro-bioetica\/noticias\/2010\/05\/27\/proximos-dialogos-bioeticos\/\",\"url\":\"https:\/\/medicina.udd.cl\/centro-bioetica\/noticias\/2010\/05\/27\/proximos-dialogos-bioeticos\/\",\"name\":\"Pr\u00f3ximos Di\u00e1logos Bio\u00e9ticos - Centro de Bio\u00e9tica\",\"isPartOf\":{\"@id\":\"https:\/\/medicina.udd.cl\/centro-bioetica\/#website\"},\"datePublished\":\"2010-05-27T17:11:39+00:00\",\"dateModified\":\"2010-06-23T17:57:01+00:00\",\"author\":{\"@id\":\"https:\/\/medicina.udd.cl\/centro-bioetica\/#\/schema\/person\/f7abfa784c86da427e89287831f96ab7\"},\"breadcrumb\":{\"@id\":\"https:\/\/medicina.udd.cl\/centro-bioetica\/noticias\/2010\/05\/27\/proximos-dialogos-bioeticos\/#breadcrumb\"},\"inLanguage\":\"es\",\"potentialAction\":[{\"@type\":\"ReadAction\",\"target\":[\"https:\/\/medicina.udd.cl\/centro-bioetica\/noticias\/2010\/05\/27\/proximos-dialogos-bioeticos\/\"]}]},{\"@type\":\"BreadcrumbList\",\"@id\":\"https:\/\/medicina.udd.cl\/centro-bioetica\/noticias\/2010\/05\/27\/proximos-dialogos-bioeticos\/#breadcrumb\",\"itemListElement\":[{\"@type\":\"ListItem\",\"position\":1,\"name\":\"Inicio\",\"item\":\"https:\/\/medicina.udd.cl\/centro-bioetica\/\"},{\"@type\":\"ListItem\",\"position\":2,\"name\":\"Pr\u00f3ximos Di\u00e1logos Bio\u00e9ticos\"}]},{\"@type\":\"WebSite\",\"@id\":\"https:\/\/medicina.udd.cl\/centro-bioetica\/#website\",\"url\":\"https:\/\/medicina.udd.cl\/centro-bioetica\/\",\"name\":\"Centro de Bio\u00e9tica\",\"description\":\"Universidad del Desarrollo\",\"inLanguage\":\"es\"},{\"@type\":\"Person\",\"@id\":\"https:\/\/medicina.udd.cl\/centro-bioetica\/#\/schema\/person\/f7abfa784c86da427e89287831f96ab7\",\"name\":\"admin\",\"image\":{\"@type\":\"ImageObject\",\"inLanguage\":\"es\",\"@id\":\"https:\/\/medicina.udd.cl\/centro-bioetica\/#\/schema\/person\/image\/\",\"url\":\"https:\/\/secure.gravatar.com\/avatar\/3cb6da298954dfb54457c0910b8c9ca010abd8d87a60f7d701b6ce4254e1c642?s=96&d=mm&r=g\",\"contentUrl\":\"https:\/\/secure.gravatar.com\/avatar\/3cb6da298954dfb54457c0910b8c9ca010abd8d87a60f7d701b6ce4254e1c642?s=96&d=mm&r=g\",\"caption\":\"admin\"},\"url\":\"https:\/\/medicina.udd.cl\/centro-bioetica\/noticias\/author\/admin\/\"}]}<\/script>\n<!-- \/ Yoast SEO plugin. -->","yoast_head_json":{"title":"Pr\u00f3ximos Di\u00e1logos Bio\u00e9ticos - Centro de Bio\u00e9tica","robots":{"index":"index","follow":"follow","max-snippet":"max-snippet:-1","max-image-preview":"max-image-preview:large","max-video-preview":"max-video-preview:-1"},"canonical":"https:\/\/medicina.udd.cl\/centro-bioetica\/noticias\/2010\/05\/27\/proximos-dialogos-bioeticos\/","og_locale":"es_ES","og_type":"article","og_title":"Pr\u00f3ximos Di\u00e1logos Bio\u00e9ticos - Centro de Bio\u00e9tica","og_description":"Conoce las fechas de los di\u00e1logos bio\u00e9ticos.","og_url":"https:\/\/medicina.udd.cl\/centro-bioetica\/noticias\/2010\/05\/27\/proximos-dialogos-bioeticos\/","og_site_name":"Centro de Bio\u00e9tica","article_published_time":"2010-05-27T17:11:39+00:00","article_modified_time":"2010-06-23T17:57:01+00:00","author":"admin","twitter_misc":{"Escrito por":"admin","Tiempo de lectura":"1 minuto"},"schema":{"@context":"https:\/\/schema.org","@graph":[{"@type":"Article","@id":"https:\/\/medicina.udd.cl\/centro-bioetica\/noticias\/2010\/05\/27\/proximos-dialogos-bioeticos\/#article","isPartOf":{"@id":"https:\/\/medicina.udd.cl\/centro-bioetica\/noticias\/2010\/05\/27\/proximos-dialogos-bioeticos\/"},"author":{"name":"admin","@id":"https:\/\/medicina.udd.cl\/centro-bioetica\/#\/schema\/person\/f7abfa784c86da427e89287831f96ab7"},"headline":"Pr\u00f3ximos Di\u00e1logos Bio\u00e9ticos","datePublished":"2010-05-27T17:11:39+00:00","dateModified":"2010-06-23T17:57:01+00:00","mainEntityOfPage":{"@id":"https:\/\/medicina.udd.cl\/centro-bioetica\/noticias\/2010\/05\/27\/proximos-dialogos-bioeticos\/"},"wordCount":118,"commentCount":0,"inLanguage":"es","potentialAction":[{"@type":"CommentAction","name":"Comment","target":["https:\/\/medicina.udd.cl\/centro-bioetica\/noticias\/2010\/05\/27\/proximos-dialogos-bioeticos\/#respond"]}]},{"@type":"WebPage","@id":"https:\/\/medicina.udd.cl\/centro-bioetica\/noticias\/2010\/05\/27\/proximos-dialogos-bioeticos\/","url":"https:\/\/medicina.udd.cl\/centro-bioetica\/noticias\/2010\/05\/27\/proximos-dialogos-bioeticos\/","name":"Pr\u00f3ximos Di\u00e1logos Bio\u00e9ticos - Centro de Bio\u00e9tica","isPartOf":{"@id":"https:\/\/medicina.udd.cl\/centro-bioetica\/#website"},"datePublished":"2010-05-27T17:11:39+00:00","dateModified":"2010-06-23T17:57:01+00:00","author":{"@id":"https:\/\/medicina.udd.cl\/centro-bioetica\/#\/schema\/person\/f7abfa784c86da427e89287831f96ab7"},"breadcrumb":{"@id":"https:\/\/medicina.udd.cl\/centro-bioetica\/noticias\/2010\/05\/27\/proximos-dialogos-bioeticos\/#breadcrumb"},"inLanguage":"es","potentialAction":[{"@type":"ReadAction","target":["https:\/\/medicina.udd.cl\/centro-bioetica\/noticias\/2010\/05\/27\/proximos-dialogos-bioeticos\/"]}]},{"@type":"BreadcrumbList","@id":"https:\/\/medicina.udd.cl\/centro-bioetica\/noticias\/2010\/05\/27\/proximos-dialogos-bioeticos\/#breadcrumb","itemListElement":[{"@type":"ListItem","position":1,"name":"Inicio","item":"https:\/\/medicina.udd.cl\/centro-bioetica\/"},{"@type":"ListItem","position":2,"name":"Pr\u00f3ximos Di\u00e1logos Bio\u00e9ticos"}]},{"@type":"WebSite","@id":"https:\/\/medicina.udd.cl\/centro-bioetica\/#website","url":"https:\/\/medicina.udd.cl\/centro-bioetica\/","name":"Centro de Bio\u00e9tica","description":"Universidad del Desarrollo","inLanguage":"es"},{"@type":"Person","@id":"https:\/\/medicina.udd.cl\/centro-bioetica\/#\/schema\/person\/f7abfa784c86da427e89287831f96ab7","name":"admin","image":{"@type":"ImageObject","inLanguage":"es","@id":"https:\/\/medicina.udd.cl\/centro-bioetica\/#\/schema\/person\/image\/","url":"https:\/\/secure.gravatar.com\/avatar\/3cb6da298954dfb54457c0910b8c9ca010abd8d87a60f7d701b6ce4254e1c642?s=96&d=mm&r=g","contentUrl":"https:\/\/secure.gravatar.com\/avatar\/3cb6da298954dfb54457c0910b8c9ca010abd8d87a60f7d701b6ce4254e1c642?s=96&d=mm&r=g","caption":"admin"},"url":"https:\/\/medicina.udd.cl\/centro-bioetica\/noticias\/author\/admin\/"}]}},"featured_image_url":null,"_links":{"self":[{"href":"https:\/\/medicina.udd.cl\/centro-bioetica\/wp-json\/wp\/v2\/posts\/104","targetHints":{"allow":["GET"]}}],"collection":[{"href":"https:\/\/medicina.udd.cl\/centro-bioetica\/wp-json\/wp\/v2\/posts"}],"about":[{"href":"https:\/\/medicina.udd.cl\/centro-bioetica\/wp-json\/wp\/v2\/types\/post"}],"author":[{"embeddable":true,"href":"https:\/\/medicina.udd.cl\/centro-bioetica\/wp-json\/wp\/v2\/users\/1"}],"replies":[{"embeddable":true,"href":"https:\/\/medicina.udd.cl\/centro-bioetica\/wp-json\/wp\/v2\/comments?post=104"}],"version-history":[{"count":1,"href":"https:\/\/medicina.udd.cl\/centro-bioetica\/wp-json\/wp\/v2\/posts\/104\/revisions"}],"predecessor-version":[{"id":113,"href":"https:\/\/medicina.udd.cl\/centro-bioetica\/wp-json\/wp\/v2\/posts\/104\/revisions\/113"}],"wp:attachment":[{"href":"https:\/\/medicina.udd.cl\/centro-bioetica\/wp-json\/wp\/v2\/media?parent=104"}],"wp:term":[{"taxonomy":"category","embeddable":true,"href":"https:\/\/medicina.udd.cl\/centro-bioetica\/wp-json\/wp\/v2\/categories?post=104"},{"taxonomy":"post_tag","embeddable":true,"href":"https:\/\/medicina.udd.cl\/centro-bioetica\/wp-json\/wp\/v2\/tags?post=104"}],"curies":[{"name":"wp","href":"https:\/\/api.w.org\/{rel}","templated":true}]}}