{"id":1121,"date":"2011-08-10T15:43:23","date_gmt":"2011-08-10T19:43:23","guid":{"rendered":"http:\/\/medicina.udd.cl\/centro-bioetica\/?p=1121"},"modified":"2014-03-07T11:49:25","modified_gmt":"2014-03-07T14:49:25","slug":"huelga-de-hambre-de-estudiantes","status":"publish","type":"post","link":"https:\/\/medicina.udd.cl\/centro-bioetica\/noticias\/2011\/08\/10\/huelga-de-hambre-de-estudiantes\/","title":{"rendered":"Huelga de hambre de estudiantes"},"content":{"rendered":"<p style=\"text-align: justify;\">Se\u00f1or Director:<\/p>\n<p style=\"text-align: justify;\">El prolongado movimiento estudiantil, en su lucha por superar complejas deficiencias del sistema educacional nacional, ha incluido diversas formas de manifestaciones. Una de ellas es la huelga de hambre que mantiene un grupo de m\u00e1s de 35 estudiantes, la mayor\u00eda de ellos de educaci\u00f3n secundaria y menores de 18 a\u00f1os. Llama la atenci\u00f3n de que este hecho sea m\u00ednimamente informado por los medios de comunicaci\u00f3n y que no exista una discusi\u00f3n social acerca de la legitimidad moral de su huelga de hambre.<\/p>\n<p style=\"text-align: justify;\">Es necesario plantearse muchas preguntas, aunque la mayor\u00eda de ellas tenga respuestas inciertas. \u00bfSi la autonom\u00eda de los adolescentes es parcial por su grado de desarrollo de la conciencia moral (generalmente aun no post-convencional a esta edad), se les puede reconocer el derecho de poner en riesgo su salud y su vida como forma de defender una causa? Aun cuando no es claro el da\u00f1o que una desnutrici\u00f3n aguda, es posible pensar que tiene un riesgo mayor en organismos en pleno desarrollo.<\/p>\n<p style=\"text-align: justify;\">Frente a estos riesgos, a la natural inmadurez de la edad y a la posible presi\u00f3n de sus dirigentes cabe plantearse la necesidad urgente de que estos j\u00f3venes reviertan sus decisiones. La respuesta deber\u00eda ser persuadirlos y esta responsabilidad le cabe a sus padres, amigos, dirigentes estudiantiles, profesores y autoridades. En lo personal, como m\u00e9dico y acad\u00e9mico hago un llamado a los estudiantes a terminar con esta forma de lucha por sus ideas. Si la persuasi\u00f3n fracasa y los estudiantes huelguistas de hambre persisten en arriesgar su salud y su vida, cabe la posibilidad de interponer recursos judiciales que obliguen su alimentaci\u00f3n para protegerlos de los riesgos.<\/p>\n<div id=\"_mcePaste\"><strong>DR. JUAN PABLO BECA I.<\/strong><\/div>\n<div id=\"_mcePaste\">Centro de Bio\u00e9tica<\/div>\n<div id=\"_mcePaste\">Facultad de Medicina Cl\u00ednica Alemana<\/div>\n<div id=\"_mcePaste\">Universidad del Desarrollo<\/div>\n<p style=\"text-align: justify;\"><a href=\"http:\/\/medicina.udd.cl\/centro-bioetica\/files\/2011\/08\/Huelga-de-hambre-de-estudiantes-carta-Mercurio.pdf\">Descargar en PDF<\/a><\/p>\n","protected":false},"excerpt":{"rendered":"<p>Se\u00f1or Director: El prolongado movimiento estudiantil, en su lucha por superar complejas deficiencias del sistema educacional nacional, ha incluido diversas formas de manifestaciones. Una de ellas es la huelga de hambre que mantiene un grupo de m\u00e1s de 35 estudiantes, la mayor\u00eda de ellos de educaci\u00f3n secundaria y menores de 18 a\u00f1os. Llama la atenci\u00f3n [&hellip;]<\/p>\n","protected":false},"author":1,"featured_media":0,"comment_status":"open","ping_status":"open","sticky":false,"template":"","format":"standard","meta":{"footnotes":""},"categories":[5981],"tags":[],"class_list":["post-1121","post","type-post","status-publish","format-standard","hentry","category-inserciones-de-prensa"],"yoast_head":"<!-- This site is optimized with the Yoast SEO plugin v26.9 - https:\/\/yoast.com\/product\/yoast-seo-wordpress\/ -->\n<title>Huelga de hambre de estudiantes  - Centro de Bio\u00e9tica<\/title>\n<meta name=\"robots\" content=\"index, follow, max-snippet:-1, max-image-preview:large, max-video-preview:-1\" \/>\n<link rel=\"canonical\" href=\"https:\/\/medicina.udd.cl\/centro-bioetica\/noticias\/2011\/08\/10\/huelga-de-hambre-de-estudiantes\/\" \/>\n<meta property=\"og:locale\" content=\"es_ES\" \/>\n<meta property=\"og:type\" content=\"article\" \/>\n<meta property=\"og:title\" content=\"Huelga de hambre de estudiantes  - Centro de Bio\u00e9tica\" \/>\n<meta property=\"og:description\" content=\"Se\u00f1or Director: El prolongado movimiento estudiantil, en su lucha por superar complejas deficiencias del sistema educacional nacional, ha incluido diversas formas de manifestaciones. Una de ellas es la huelga de hambre que mantiene un grupo de m\u00e1s de 35 estudiantes, la mayor\u00eda de ellos de educaci\u00f3n secundaria y menores de 18 a\u00f1os. Llama la atenci\u00f3n [&hellip;]\" \/>\n<meta property=\"og:url\" content=\"https:\/\/medicina.udd.cl\/centro-bioetica\/noticias\/2011\/08\/10\/huelga-de-hambre-de-estudiantes\/\" \/>\n<meta property=\"og:site_name\" content=\"Centro de Bio\u00e9tica\" \/>\n<meta property=\"article:published_time\" content=\"2011-08-10T19:43:23+00:00\" \/>\n<meta property=\"article:modified_time\" content=\"2014-03-07T14:49:25+00:00\" \/>\n<meta name=\"author\" content=\"admin\" \/>\n<meta name=\"twitter:label1\" content=\"Escrito por\" \/>\n\t<meta name=\"twitter:data1\" content=\"admin\" \/>\n\t<meta name=\"twitter:label2\" content=\"Tiempo de lectura\" \/>\n\t<meta name=\"twitter:data2\" content=\"2 minutos\" \/>\n<script type=\"application\/ld+json\" class=\"yoast-schema-graph\">{\"@context\":\"https:\/\/schema.org\",\"@graph\":[{\"@type\":\"Article\",\"@id\":\"https:\/\/medicina.udd.cl\/centro-bioetica\/noticias\/2011\/08\/10\/huelga-de-hambre-de-estudiantes\/#article\",\"isPartOf\":{\"@id\":\"https:\/\/medicina.udd.cl\/centro-bioetica\/noticias\/2011\/08\/10\/huelga-de-hambre-de-estudiantes\/\"},\"author\":{\"name\":\"admin\",\"@id\":\"https:\/\/medicina.udd.cl\/centro-bioetica\/#\/schema\/person\/f7abfa784c86da427e89287831f96ab7\"},\"headline\":\"Huelga de hambre de estudiantes\",\"datePublished\":\"2011-08-10T19:43:23+00:00\",\"dateModified\":\"2014-03-07T14:49:25+00:00\",\"mainEntityOfPage\":{\"@id\":\"https:\/\/medicina.udd.cl\/centro-bioetica\/noticias\/2011\/08\/10\/huelga-de-hambre-de-estudiantes\/\"},\"wordCount\":317,\"commentCount\":0,\"articleSection\":[\"Inserciones de prensa\"],\"inLanguage\":\"es\",\"potentialAction\":[{\"@type\":\"CommentAction\",\"name\":\"Comment\",\"target\":[\"https:\/\/medicina.udd.cl\/centro-bioetica\/noticias\/2011\/08\/10\/huelga-de-hambre-de-estudiantes\/#respond\"]}]},{\"@type\":\"WebPage\",\"@id\":\"https:\/\/medicina.udd.cl\/centro-bioetica\/noticias\/2011\/08\/10\/huelga-de-hambre-de-estudiantes\/\",\"url\":\"https:\/\/medicina.udd.cl\/centro-bioetica\/noticias\/2011\/08\/10\/huelga-de-hambre-de-estudiantes\/\",\"name\":\"Huelga de hambre de estudiantes - Centro de Bio\u00e9tica\",\"isPartOf\":{\"@id\":\"https:\/\/medicina.udd.cl\/centro-bioetica\/#website\"},\"datePublished\":\"2011-08-10T19:43:23+00:00\",\"dateModified\":\"2014-03-07T14:49:25+00:00\",\"author\":{\"@id\":\"https:\/\/medicina.udd.cl\/centro-bioetica\/#\/schema\/person\/f7abfa784c86da427e89287831f96ab7\"},\"breadcrumb\":{\"@id\":\"https:\/\/medicina.udd.cl\/centro-bioetica\/noticias\/2011\/08\/10\/huelga-de-hambre-de-estudiantes\/#breadcrumb\"},\"inLanguage\":\"es\",\"potentialAction\":[{\"@type\":\"ReadAction\",\"target\":[\"https:\/\/medicina.udd.cl\/centro-bioetica\/noticias\/2011\/08\/10\/huelga-de-hambre-de-estudiantes\/\"]}]},{\"@type\":\"BreadcrumbList\",\"@id\":\"https:\/\/medicina.udd.cl\/centro-bioetica\/noticias\/2011\/08\/10\/huelga-de-hambre-de-estudiantes\/#breadcrumb\",\"itemListElement\":[{\"@type\":\"ListItem\",\"position\":1,\"name\":\"Inicio\",\"item\":\"https:\/\/medicina.udd.cl\/centro-bioetica\/\"},{\"@type\":\"ListItem\",\"position\":2,\"name\":\"Huelga de hambre de estudiantes\"}]},{\"@type\":\"WebSite\",\"@id\":\"https:\/\/medicina.udd.cl\/centro-bioetica\/#website\",\"url\":\"https:\/\/medicina.udd.cl\/centro-bioetica\/\",\"name\":\"Centro de Bio\u00e9tica\",\"description\":\"Universidad del Desarrollo\",\"inLanguage\":\"es\"},{\"@type\":\"Person\",\"@id\":\"https:\/\/medicina.udd.cl\/centro-bioetica\/#\/schema\/person\/f7abfa784c86da427e89287831f96ab7\",\"name\":\"admin\",\"image\":{\"@type\":\"ImageObject\",\"inLanguage\":\"es\",\"@id\":\"https:\/\/medicina.udd.cl\/centro-bioetica\/#\/schema\/person\/image\/\",\"url\":\"https:\/\/secure.gravatar.com\/avatar\/3cb6da298954dfb54457c0910b8c9ca010abd8d87a60f7d701b6ce4254e1c642?s=96&d=mm&r=g\",\"contentUrl\":\"https:\/\/secure.gravatar.com\/avatar\/3cb6da298954dfb54457c0910b8c9ca010abd8d87a60f7d701b6ce4254e1c642?s=96&d=mm&r=g\",\"caption\":\"admin\"},\"url\":\"https:\/\/medicina.udd.cl\/centro-bioetica\/noticias\/author\/admin\/\"}]}<\/script>\n<!-- \/ Yoast SEO plugin. -->","yoast_head_json":{"title":"Huelga de hambre de estudiantes  - Centro de Bio\u00e9tica","robots":{"index":"index","follow":"follow","max-snippet":"max-snippet:-1","max-image-preview":"max-image-preview:large","max-video-preview":"max-video-preview:-1"},"canonical":"https:\/\/medicina.udd.cl\/centro-bioetica\/noticias\/2011\/08\/10\/huelga-de-hambre-de-estudiantes\/","og_locale":"es_ES","og_type":"article","og_title":"Huelga de hambre de estudiantes  - Centro de Bio\u00e9tica","og_description":"Se\u00f1or Director: El prolongado movimiento estudiantil, en su lucha por superar complejas deficiencias del sistema educacional nacional, ha incluido diversas formas de manifestaciones. Una de ellas es la huelga de hambre que mantiene un grupo de m\u00e1s de 35 estudiantes, la mayor\u00eda de ellos de educaci\u00f3n secundaria y menores de 18 a\u00f1os. Llama la atenci\u00f3n [&hellip;]","og_url":"https:\/\/medicina.udd.cl\/centro-bioetica\/noticias\/2011\/08\/10\/huelga-de-hambre-de-estudiantes\/","og_site_name":"Centro de Bio\u00e9tica","article_published_time":"2011-08-10T19:43:23+00:00","article_modified_time":"2014-03-07T14:49:25+00:00","author":"admin","twitter_misc":{"Escrito por":"admin","Tiempo de lectura":"2 minutos"},"schema":{"@context":"https:\/\/schema.org","@graph":[{"@type":"Article","@id":"https:\/\/medicina.udd.cl\/centro-bioetica\/noticias\/2011\/08\/10\/huelga-de-hambre-de-estudiantes\/#article","isPartOf":{"@id":"https:\/\/medicina.udd.cl\/centro-bioetica\/noticias\/2011\/08\/10\/huelga-de-hambre-de-estudiantes\/"},"author":{"name":"admin","@id":"https:\/\/medicina.udd.cl\/centro-bioetica\/#\/schema\/person\/f7abfa784c86da427e89287831f96ab7"},"headline":"Huelga de hambre de estudiantes","datePublished":"2011-08-10T19:43:23+00:00","dateModified":"2014-03-07T14:49:25+00:00","mainEntityOfPage":{"@id":"https:\/\/medicina.udd.cl\/centro-bioetica\/noticias\/2011\/08\/10\/huelga-de-hambre-de-estudiantes\/"},"wordCount":317,"commentCount":0,"articleSection":["Inserciones de prensa"],"inLanguage":"es","potentialAction":[{"@type":"CommentAction","name":"Comment","target":["https:\/\/medicina.udd.cl\/centro-bioetica\/noticias\/2011\/08\/10\/huelga-de-hambre-de-estudiantes\/#respond"]}]},{"@type":"WebPage","@id":"https:\/\/medicina.udd.cl\/centro-bioetica\/noticias\/2011\/08\/10\/huelga-de-hambre-de-estudiantes\/","url":"https:\/\/medicina.udd.cl\/centro-bioetica\/noticias\/2011\/08\/10\/huelga-de-hambre-de-estudiantes\/","name":"Huelga de hambre de estudiantes - Centro de Bio\u00e9tica","isPartOf":{"@id":"https:\/\/medicina.udd.cl\/centro-bioetica\/#website"},"datePublished":"2011-08-10T19:43:23+00:00","dateModified":"2014-03-07T14:49:25+00:00","author":{"@id":"https:\/\/medicina.udd.cl\/centro-bioetica\/#\/schema\/person\/f7abfa784c86da427e89287831f96ab7"},"breadcrumb":{"@id":"https:\/\/medicina.udd.cl\/centro-bioetica\/noticias\/2011\/08\/10\/huelga-de-hambre-de-estudiantes\/#breadcrumb"},"inLanguage":"es","potentialAction":[{"@type":"ReadAction","target":["https:\/\/medicina.udd.cl\/centro-bioetica\/noticias\/2011\/08\/10\/huelga-de-hambre-de-estudiantes\/"]}]},{"@type":"BreadcrumbList","@id":"https:\/\/medicina.udd.cl\/centro-bioetica\/noticias\/2011\/08\/10\/huelga-de-hambre-de-estudiantes\/#breadcrumb","itemListElement":[{"@type":"ListItem","position":1,"name":"Inicio","item":"https:\/\/medicina.udd.cl\/centro-bioetica\/"},{"@type":"ListItem","position":2,"name":"Huelga de hambre de estudiantes"}]},{"@type":"WebSite","@id":"https:\/\/medicina.udd.cl\/centro-bioetica\/#website","url":"https:\/\/medicina.udd.cl\/centro-bioetica\/","name":"Centro de Bio\u00e9tica","description":"Universidad del Desarrollo","inLanguage":"es"},{"@type":"Person","@id":"https:\/\/medicina.udd.cl\/centro-bioetica\/#\/schema\/person\/f7abfa784c86da427e89287831f96ab7","name":"admin","image":{"@type":"ImageObject","inLanguage":"es","@id":"https:\/\/medicina.udd.cl\/centro-bioetica\/#\/schema\/person\/image\/","url":"https:\/\/secure.gravatar.com\/avatar\/3cb6da298954dfb54457c0910b8c9ca010abd8d87a60f7d701b6ce4254e1c642?s=96&d=mm&r=g","contentUrl":"https:\/\/secure.gravatar.com\/avatar\/3cb6da298954dfb54457c0910b8c9ca010abd8d87a60f7d701b6ce4254e1c642?s=96&d=mm&r=g","caption":"admin"},"url":"https:\/\/medicina.udd.cl\/centro-bioetica\/noticias\/author\/admin\/"}]}},"featured_image_url":null,"_links":{"self":[{"href":"https:\/\/medicina.udd.cl\/centro-bioetica\/wp-json\/wp\/v2\/posts\/1121","targetHints":{"allow":["GET"]}}],"collection":[{"href":"https:\/\/medicina.udd.cl\/centro-bioetica\/wp-json\/wp\/v2\/posts"}],"about":[{"href":"https:\/\/medicina.udd.cl\/centro-bioetica\/wp-json\/wp\/v2\/types\/post"}],"author":[{"embeddable":true,"href":"https:\/\/medicina.udd.cl\/centro-bioetica\/wp-json\/wp\/v2\/users\/1"}],"replies":[{"embeddable":true,"href":"https:\/\/medicina.udd.cl\/centro-bioetica\/wp-json\/wp\/v2\/comments?post=1121"}],"version-history":[{"count":8,"href":"https:\/\/medicina.udd.cl\/centro-bioetica\/wp-json\/wp\/v2\/posts\/1121\/revisions"}],"predecessor-version":[{"id":2683,"href":"https:\/\/medicina.udd.cl\/centro-bioetica\/wp-json\/wp\/v2\/posts\/1121\/revisions\/2683"}],"wp:attachment":[{"href":"https:\/\/medicina.udd.cl\/centro-bioetica\/wp-json\/wp\/v2\/media?parent=1121"}],"wp:term":[{"taxonomy":"category","embeddable":true,"href":"https:\/\/medicina.udd.cl\/centro-bioetica\/wp-json\/wp\/v2\/categories?post=1121"},{"taxonomy":"post_tag","embeddable":true,"href":"https:\/\/medicina.udd.cl\/centro-bioetica\/wp-json\/wp\/v2\/tags?post=1121"}],"curies":[{"name":"wp","href":"https:\/\/api.w.org\/{rel}","templated":true}]}}