{"id":1183,"date":"2011-09-29T15:59:59","date_gmt":"2011-09-29T18:59:59","guid":{"rendered":"http:\/\/medicina.udd.cl\/centro-bioetica\/?p=1183"},"modified":"2014-03-07T11:46:37","modified_gmt":"2014-03-07T14:46:37","slug":"trasplante-de-organos","status":"publish","type":"post","link":"https:\/\/medicina.udd.cl\/centro-bioetica\/noticias\/2011\/09\/29\/trasplante-de-organos\/","title":{"rendered":"Trasplante de \u00f3rganos"},"content":{"rendered":"<p style=\"text-align: justify;\"><a href=\"http:\/\/medicina.udd.cl\/centro-bioetica\/files\/2011\/09\/carta-El-Mercurio-28-set.pdf\">Descargar carta en PDF<\/a><\/p>\n<p style=\"text-align: justify;\">Se\u00f1or Director:<\/p>\n<p style=\"text-align: justify;\">En medio de la reciente tragedia en Juan Fern\u00e1ndez y de la prolongada movilizaci\u00f3n social por el problema de la educaci\u00f3n, pareciera que no hay otros problemas. Sin embargo, es importante hacer presente que persisten las necesidades personales de enfermos cuya vida depende de la solidaridad. Es el caso de pacientes que de manera silenciosa esperan que la familia de enfermos, cuya muerte se ha confirmado por muerte encef\u00e1lica, acepte que sean donantes. Algunos, seg\u00fan su patolog\u00eda, pueden seguir esperando, pero otros no, como ocurre con algunos pacientes que en condici\u00f3n muy cr\u00edtica esperan un trasplante card\u00edaco.<\/p>\n<p style=\"text-align: justify;\">Los trasplantes de \u00f3rganos constituyen un tratamiento de eficacia demostrada, y Chile tiene un eficiente sistema de trasplantes en el cual participan instituciones p\u00fablicas y privadas. Sin embargo, el n\u00famero de donantes ha disminuido en los \u00faltimos a\u00f1os, a pesar de tener actualmente una legislaci\u00f3n de donaci\u00f3n presunta. Las causas probablemente son diversas, incluyendo grados de desinformaci\u00f3n y desconfianza, pero en el fondo vivimos en una sociedad con escasa solidaridad como valor social, aunque se conmueve en situaciones de excepci\u00f3n como los terremotos.<\/p>\n<p style=\"text-align: justify;\">Las familias que est\u00e1n hoy sufriendo por la enfermedad irrecuperable de alguno de sus miembros, deber\u00edan plantearse la posibilidad de la donaci\u00f3n en caso de producirse el desenlace con muerte encef\u00e1lica. Si acceden a la donaci\u00f3n habr\u00e1n salvado la vida de un enfermo a quien no conocen, de alguna forma proyectar\u00e1n el valor de la vida de su familiar fallecido y encontrar\u00e1n mayor serenidad para asumir el duelo y el misterio de la muerte. Tambi\u00e9n habr\u00e1n contribuido a desarrollar la solidaridad como un valor \u00e9tico de nuestra sociedad.<\/p>\n<p style=\"text-align: justify;\"><strong>Dr. Juan Pablo Beca I.<\/strong><br \/>\nCentro de Bio\u00e9tica<br \/>\nFacultad de Medicina<br \/>\nCl\u00ednica Alemana Universidad del Desarrollo<\/p>\n","protected":false},"excerpt":{"rendered":"<p>Descargar carta en PDF Se\u00f1or Director: En medio de la reciente tragedia en Juan Fern\u00e1ndez y de la prolongada movilizaci\u00f3n social por el problema de la educaci\u00f3n, pareciera que no hay otros problemas. Sin embargo, es importante hacer presente que persisten las necesidades personales de enfermos cuya vida depende de la solidaridad. Es el caso [&hellip;]<\/p>\n","protected":false},"author":1,"featured_media":0,"comment_status":"open","ping_status":"open","sticky":false,"template":"","format":"standard","meta":{"footnotes":""},"categories":[5981],"tags":[],"class_list":["post-1183","post","type-post","status-publish","format-standard","hentry","category-inserciones-de-prensa"],"yoast_head":"<!-- This site is optimized with the Yoast SEO plugin v26.9 - https:\/\/yoast.com\/product\/yoast-seo-wordpress\/ -->\n<title>Trasplante de \u00f3rganos - Centro de Bio\u00e9tica<\/title>\n<meta name=\"robots\" content=\"index, follow, max-snippet:-1, max-image-preview:large, max-video-preview:-1\" \/>\n<link rel=\"canonical\" href=\"https:\/\/medicina.udd.cl\/centro-bioetica\/noticias\/2011\/09\/29\/trasplante-de-organos\/\" \/>\n<meta property=\"og:locale\" content=\"es_ES\" \/>\n<meta property=\"og:type\" content=\"article\" \/>\n<meta property=\"og:title\" content=\"Trasplante de \u00f3rganos - Centro de Bio\u00e9tica\" \/>\n<meta property=\"og:description\" content=\"Descargar carta en PDF Se\u00f1or Director: En medio de la reciente tragedia en Juan Fern\u00e1ndez y de la prolongada movilizaci\u00f3n social por el problema de la educaci\u00f3n, pareciera que no hay otros problemas. Sin embargo, es importante hacer presente que persisten las necesidades personales de enfermos cuya vida depende de la solidaridad. Es el caso [&hellip;]\" \/>\n<meta property=\"og:url\" content=\"https:\/\/medicina.udd.cl\/centro-bioetica\/noticias\/2011\/09\/29\/trasplante-de-organos\/\" \/>\n<meta property=\"og:site_name\" content=\"Centro de Bio\u00e9tica\" \/>\n<meta property=\"article:published_time\" content=\"2011-09-29T18:59:59+00:00\" \/>\n<meta property=\"article:modified_time\" content=\"2014-03-07T14:46:37+00:00\" \/>\n<meta name=\"author\" content=\"admin\" \/>\n<meta name=\"twitter:label1\" content=\"Escrito por\" \/>\n\t<meta name=\"twitter:data1\" content=\"admin\" \/>\n\t<meta name=\"twitter:label2\" content=\"Tiempo de lectura\" \/>\n\t<meta name=\"twitter:data2\" content=\"2 minutos\" \/>\n<script type=\"application\/ld+json\" class=\"yoast-schema-graph\">{\"@context\":\"https:\/\/schema.org\",\"@graph\":[{\"@type\":\"Article\",\"@id\":\"https:\/\/medicina.udd.cl\/centro-bioetica\/noticias\/2011\/09\/29\/trasplante-de-organos\/#article\",\"isPartOf\":{\"@id\":\"https:\/\/medicina.udd.cl\/centro-bioetica\/noticias\/2011\/09\/29\/trasplante-de-organos\/\"},\"author\":{\"name\":\"admin\",\"@id\":\"https:\/\/medicina.udd.cl\/centro-bioetica\/#\/schema\/person\/f7abfa784c86da427e89287831f96ab7\"},\"headline\":\"Trasplante de \u00f3rganos\",\"datePublished\":\"2011-09-29T18:59:59+00:00\",\"dateModified\":\"2014-03-07T14:46:37+00:00\",\"mainEntityOfPage\":{\"@id\":\"https:\/\/medicina.udd.cl\/centro-bioetica\/noticias\/2011\/09\/29\/trasplante-de-organos\/\"},\"wordCount\":322,\"commentCount\":0,\"articleSection\":[\"Inserciones de prensa\"],\"inLanguage\":\"es\",\"potentialAction\":[{\"@type\":\"CommentAction\",\"name\":\"Comment\",\"target\":[\"https:\/\/medicina.udd.cl\/centro-bioetica\/noticias\/2011\/09\/29\/trasplante-de-organos\/#respond\"]}]},{\"@type\":\"WebPage\",\"@id\":\"https:\/\/medicina.udd.cl\/centro-bioetica\/noticias\/2011\/09\/29\/trasplante-de-organos\/\",\"url\":\"https:\/\/medicina.udd.cl\/centro-bioetica\/noticias\/2011\/09\/29\/trasplante-de-organos\/\",\"name\":\"Trasplante de \u00f3rganos - Centro de Bio\u00e9tica\",\"isPartOf\":{\"@id\":\"https:\/\/medicina.udd.cl\/centro-bioetica\/#website\"},\"datePublished\":\"2011-09-29T18:59:59+00:00\",\"dateModified\":\"2014-03-07T14:46:37+00:00\",\"author\":{\"@id\":\"https:\/\/medicina.udd.cl\/centro-bioetica\/#\/schema\/person\/f7abfa784c86da427e89287831f96ab7\"},\"breadcrumb\":{\"@id\":\"https:\/\/medicina.udd.cl\/centro-bioetica\/noticias\/2011\/09\/29\/trasplante-de-organos\/#breadcrumb\"},\"inLanguage\":\"es\",\"potentialAction\":[{\"@type\":\"ReadAction\",\"target\":[\"https:\/\/medicina.udd.cl\/centro-bioetica\/noticias\/2011\/09\/29\/trasplante-de-organos\/\"]}]},{\"@type\":\"BreadcrumbList\",\"@id\":\"https:\/\/medicina.udd.cl\/centro-bioetica\/noticias\/2011\/09\/29\/trasplante-de-organos\/#breadcrumb\",\"itemListElement\":[{\"@type\":\"ListItem\",\"position\":1,\"name\":\"Inicio\",\"item\":\"https:\/\/medicina.udd.cl\/centro-bioetica\/\"},{\"@type\":\"ListItem\",\"position\":2,\"name\":\"Trasplante de \u00f3rganos\"}]},{\"@type\":\"WebSite\",\"@id\":\"https:\/\/medicina.udd.cl\/centro-bioetica\/#website\",\"url\":\"https:\/\/medicina.udd.cl\/centro-bioetica\/\",\"name\":\"Centro de Bio\u00e9tica\",\"description\":\"Universidad del Desarrollo\",\"inLanguage\":\"es\"},{\"@type\":\"Person\",\"@id\":\"https:\/\/medicina.udd.cl\/centro-bioetica\/#\/schema\/person\/f7abfa784c86da427e89287831f96ab7\",\"name\":\"admin\",\"image\":{\"@type\":\"ImageObject\",\"inLanguage\":\"es\",\"@id\":\"https:\/\/medicina.udd.cl\/centro-bioetica\/#\/schema\/person\/image\/\",\"url\":\"https:\/\/secure.gravatar.com\/avatar\/3cb6da298954dfb54457c0910b8c9ca010abd8d87a60f7d701b6ce4254e1c642?s=96&d=mm&r=g\",\"contentUrl\":\"https:\/\/secure.gravatar.com\/avatar\/3cb6da298954dfb54457c0910b8c9ca010abd8d87a60f7d701b6ce4254e1c642?s=96&d=mm&r=g\",\"caption\":\"admin\"},\"url\":\"https:\/\/medicina.udd.cl\/centro-bioetica\/noticias\/author\/admin\/\"}]}<\/script>\n<!-- \/ Yoast SEO plugin. -->","yoast_head_json":{"title":"Trasplante de \u00f3rganos - Centro de Bio\u00e9tica","robots":{"index":"index","follow":"follow","max-snippet":"max-snippet:-1","max-image-preview":"max-image-preview:large","max-video-preview":"max-video-preview:-1"},"canonical":"https:\/\/medicina.udd.cl\/centro-bioetica\/noticias\/2011\/09\/29\/trasplante-de-organos\/","og_locale":"es_ES","og_type":"article","og_title":"Trasplante de \u00f3rganos - Centro de Bio\u00e9tica","og_description":"Descargar carta en PDF Se\u00f1or Director: En medio de la reciente tragedia en Juan Fern\u00e1ndez y de la prolongada movilizaci\u00f3n social por el problema de la educaci\u00f3n, pareciera que no hay otros problemas. Sin embargo, es importante hacer presente que persisten las necesidades personales de enfermos cuya vida depende de la solidaridad. Es el caso [&hellip;]","og_url":"https:\/\/medicina.udd.cl\/centro-bioetica\/noticias\/2011\/09\/29\/trasplante-de-organos\/","og_site_name":"Centro de Bio\u00e9tica","article_published_time":"2011-09-29T18:59:59+00:00","article_modified_time":"2014-03-07T14:46:37+00:00","author":"admin","twitter_misc":{"Escrito por":"admin","Tiempo de lectura":"2 minutos"},"schema":{"@context":"https:\/\/schema.org","@graph":[{"@type":"Article","@id":"https:\/\/medicina.udd.cl\/centro-bioetica\/noticias\/2011\/09\/29\/trasplante-de-organos\/#article","isPartOf":{"@id":"https:\/\/medicina.udd.cl\/centro-bioetica\/noticias\/2011\/09\/29\/trasplante-de-organos\/"},"author":{"name":"admin","@id":"https:\/\/medicina.udd.cl\/centro-bioetica\/#\/schema\/person\/f7abfa784c86da427e89287831f96ab7"},"headline":"Trasplante de \u00f3rganos","datePublished":"2011-09-29T18:59:59+00:00","dateModified":"2014-03-07T14:46:37+00:00","mainEntityOfPage":{"@id":"https:\/\/medicina.udd.cl\/centro-bioetica\/noticias\/2011\/09\/29\/trasplante-de-organos\/"},"wordCount":322,"commentCount":0,"articleSection":["Inserciones de prensa"],"inLanguage":"es","potentialAction":[{"@type":"CommentAction","name":"Comment","target":["https:\/\/medicina.udd.cl\/centro-bioetica\/noticias\/2011\/09\/29\/trasplante-de-organos\/#respond"]}]},{"@type":"WebPage","@id":"https:\/\/medicina.udd.cl\/centro-bioetica\/noticias\/2011\/09\/29\/trasplante-de-organos\/","url":"https:\/\/medicina.udd.cl\/centro-bioetica\/noticias\/2011\/09\/29\/trasplante-de-organos\/","name":"Trasplante de \u00f3rganos - Centro de Bio\u00e9tica","isPartOf":{"@id":"https:\/\/medicina.udd.cl\/centro-bioetica\/#website"},"datePublished":"2011-09-29T18:59:59+00:00","dateModified":"2014-03-07T14:46:37+00:00","author":{"@id":"https:\/\/medicina.udd.cl\/centro-bioetica\/#\/schema\/person\/f7abfa784c86da427e89287831f96ab7"},"breadcrumb":{"@id":"https:\/\/medicina.udd.cl\/centro-bioetica\/noticias\/2011\/09\/29\/trasplante-de-organos\/#breadcrumb"},"inLanguage":"es","potentialAction":[{"@type":"ReadAction","target":["https:\/\/medicina.udd.cl\/centro-bioetica\/noticias\/2011\/09\/29\/trasplante-de-organos\/"]}]},{"@type":"BreadcrumbList","@id":"https:\/\/medicina.udd.cl\/centro-bioetica\/noticias\/2011\/09\/29\/trasplante-de-organos\/#breadcrumb","itemListElement":[{"@type":"ListItem","position":1,"name":"Inicio","item":"https:\/\/medicina.udd.cl\/centro-bioetica\/"},{"@type":"ListItem","position":2,"name":"Trasplante de \u00f3rganos"}]},{"@type":"WebSite","@id":"https:\/\/medicina.udd.cl\/centro-bioetica\/#website","url":"https:\/\/medicina.udd.cl\/centro-bioetica\/","name":"Centro de Bio\u00e9tica","description":"Universidad del Desarrollo","inLanguage":"es"},{"@type":"Person","@id":"https:\/\/medicina.udd.cl\/centro-bioetica\/#\/schema\/person\/f7abfa784c86da427e89287831f96ab7","name":"admin","image":{"@type":"ImageObject","inLanguage":"es","@id":"https:\/\/medicina.udd.cl\/centro-bioetica\/#\/schema\/person\/image\/","url":"https:\/\/secure.gravatar.com\/avatar\/3cb6da298954dfb54457c0910b8c9ca010abd8d87a60f7d701b6ce4254e1c642?s=96&d=mm&r=g","contentUrl":"https:\/\/secure.gravatar.com\/avatar\/3cb6da298954dfb54457c0910b8c9ca010abd8d87a60f7d701b6ce4254e1c642?s=96&d=mm&r=g","caption":"admin"},"url":"https:\/\/medicina.udd.cl\/centro-bioetica\/noticias\/author\/admin\/"}]}},"featured_image_url":null,"_links":{"self":[{"href":"https:\/\/medicina.udd.cl\/centro-bioetica\/wp-json\/wp\/v2\/posts\/1183","targetHints":{"allow":["GET"]}}],"collection":[{"href":"https:\/\/medicina.udd.cl\/centro-bioetica\/wp-json\/wp\/v2\/posts"}],"about":[{"href":"https:\/\/medicina.udd.cl\/centro-bioetica\/wp-json\/wp\/v2\/types\/post"}],"author":[{"embeddable":true,"href":"https:\/\/medicina.udd.cl\/centro-bioetica\/wp-json\/wp\/v2\/users\/1"}],"replies":[{"embeddable":true,"href":"https:\/\/medicina.udd.cl\/centro-bioetica\/wp-json\/wp\/v2\/comments?post=1183"}],"version-history":[{"count":3,"href":"https:\/\/medicina.udd.cl\/centro-bioetica\/wp-json\/wp\/v2\/posts\/1183\/revisions"}],"predecessor-version":[{"id":2681,"href":"https:\/\/medicina.udd.cl\/centro-bioetica\/wp-json\/wp\/v2\/posts\/1183\/revisions\/2681"}],"wp:attachment":[{"href":"https:\/\/medicina.udd.cl\/centro-bioetica\/wp-json\/wp\/v2\/media?parent=1183"}],"wp:term":[{"taxonomy":"category","embeddable":true,"href":"https:\/\/medicina.udd.cl\/centro-bioetica\/wp-json\/wp\/v2\/categories?post=1183"},{"taxonomy":"post_tag","embeddable":true,"href":"https:\/\/medicina.udd.cl\/centro-bioetica\/wp-json\/wp\/v2\/tags?post=1183"}],"curies":[{"name":"wp","href":"https:\/\/api.w.org\/{rel}","templated":true}]}}