{"id":177,"date":"2010-06-29T11:11:07","date_gmt":"2010-06-29T15:11:07","guid":{"rendered":"http:\/\/medicina.udd.cl\/centro-bioetica\/2010\/06\/29\/odontologia-y-bioetica\/"},"modified":"2010-06-29T11:11:07","modified_gmt":"2010-06-29T15:11:07","slug":"odontologia-y-bioetica","status":"publish","type":"post","link":"https:\/\/medicina.udd.cl\/centro-bioetica\/noticias\/2010\/06\/29\/odontologia-y-bioetica\/","title":{"rendered":"Odontolog\u00eda y bio\u00e9tica"},"content":{"rendered":"<p style=\"text-align: justify\">Estos primeros a\u00f1os del siglo 21 constituyen un momento oportuno para que meditar acerca del verdadero sentido de la Odontolog\u00eda, analizar los caminos recorridos, el momento actual y vislumbrar los tiempos que vendr\u00e1n para la profesi\u00f3n. Es necesario mirar no s\u00f3lo los avances cient\u00edficos y tecnol\u00f3gicos sino m\u00e1s bien meditar en la misi\u00f3n y responsabilidad profesional del odont\u00f3logo como miembro de equipos de salud dedicados al fomento, cuidado y recuperaci\u00f3n de la Salud Bucal de personas y de la sociedad en su conjunto.<\/p>\n<p>El valor trascendente de la Odontolog\u00eda no est\u00e1 s\u00f3lo en la aplicaci\u00f3n exitosa de t\u00e9cnicas cl\u00ednicas de vanguardia y de alto costo. Muy por el contrario, la contribuci\u00f3n est\u00e1 m\u00e1s bien en comprender que cada persona tiene un proyecto de vida y que cada uno de nuestros pacientes tienen un proyecto particular y \u00fanico. Nuestra responsabilidad es contribuir a trav\u00e9s del desempe\u00f1o cl\u00ednico y cuidado de la Salud Bucal a que ese proyecto se vaya concretando en sus etapas presentes y culmine con \u00e9xito en el futuro, contribuyendo a lograr una vida feliz. En este desaf\u00edo no podr\u00e1n estar ausentes las responsabilidades sociales compartiendo tambi\u00e9n las labores de la Salud P\u00fablica en cuanto al fomento y protecci\u00f3n de la Salud Bucal.<\/p>\n<p>El sentido de la vida es la existencia, que se realiza simult\u00e1neamente, tanto en lo biol\u00f3gico como en lo espiritual, haciendo del hombre una persona feliz. Tener responsabilidad con quienes tenemos a nuestro cuidado, implica evitar restringir la atenci\u00f3n del paciente y generar una transformaci\u00f3n segmentaria de car\u00e1cter f\u00edsico y corporal, como lo es la cavidad bucal y sus anexos anat\u00f3micos. Nuestra labor profesional, delegada por la sociedad como personas inmersas en un conocimiento, nos desaf\u00eda en la perspectiva de hacernos sensibles y solidarios con la enfermedad de quienes nos han confiado la recuperaci\u00f3n de la Salud, con su dolor, su vivencia, sus miedos, con los trastornos asociados a sus proyectos de vida individual y familiar.<\/p>\n<p>Curar significa librar a un individuo de una determinada patolog\u00eda, pero sanar involucra un desaf\u00edo mucho m\u00e1s profundo y complejo que se relaciona con el alivio del sufrimiento humano, el que dista mucho de estar representado por el dolor que podemos visualizar. El verdadero sufrimiento lo vive el paciente en la soledad de la vida \u00edntima, en la que s\u00f3lo nos est\u00e1 permitido acompa\u00f1ar. Debemos ir m\u00e1s all\u00e1 de curar un mal, para transportarnos a la cercan\u00eda de la vivencia y experiencia emocional de la enfermedad, la que en muchas ocasiones llega a constituir un mayor riesgo para el paciente que la enfermedad misma. Se trara de asumir lo que en Antropolog\u00eda M\u00e9dica se conoce como la diferencia entre el cuerpo vivo y el cuerpo vivido, o tambi\u00e9n como lo objetivo y lo subjetivo de las patolog\u00edas. Todas las enfermedades tienen la misma denominaci\u00f3n acad\u00e9mico \u2013 cient\u00edfica, pero todas las personas constituimos identidades \u00fanicas e irrepetibles, lo que se traduce en modos de vivir la enfermedad en forma diferente con mayor o menor compromiso emocional.<\/p>\n<p>La Odontolog\u00eda ciertamente no est\u00e1 ajena a la dis\u00edmil vivencia emocional de las patolog\u00edas bucales. En un ejemplo cotidiano de nuestra pr\u00e1ctica, una persona puede desarrollar una vida emocional equilibrada a pesar de la p\u00e9rdida m\u00faltiple de piezas dentarias, mientras para otras la p\u00e9rdida de un diente puede significar un da\u00f1o emocional relevante en cuanto a la relaci\u00f3n con su entorno familiar, laboral, social o consigo mismo. Una enfermedad no es una entidad nosol\u00f3gica, sino m\u00e1s bien una vivencia irrepetible, cuya identidad es la persona misma.<br \/>\nEn una perspectiva humanista y, en especial bio\u00e9tica, en relaci\u00f3n a las responsabilidades de la Odontolog\u00eda para con las personas y la sociedad en su conjunto, se sit\u00faa al ser humano en el centro de la pr\u00e1ctica profesional, ya sea en la investigaci\u00f3n como en la cl\u00ednica. Lo que Latamendi dijo resulta irrefutable: \u201c El M\u00e9dico que s\u00f3lo sabe de Medicina, no sabe Medicina siquiera\u201d, pudiendo esta m\u00e1xima ser aplicada de igual forma a la visi\u00f3n de la Odontolog\u00eda contempor\u00e1nea, pero por sobre todo de la futura. La Bio\u00e9tica como una disciplina multidisciplinaria, transdisciplinaria e interdisciplinaria, en primer lugar tiene un car\u00e1cter deliberativo, en el que no son aceptadas las verdades absolutas y en la que las posturas absolutistas y fundamentalistas son reemplazadas por el di\u00e1logo val\u00f3rico, \u00e9tico y moral en virtud del mejor inter\u00e9s para el enfermo. La Bio\u00e9tica constituye por lo tanto una \u00e9tica aplicada a la Medicina y Odontolog\u00eda, en la cual desde la d\u00e9cada de los 70 confluyen la Medicina, la Filosof\u00eda, la Antropolog\u00eda M\u00e9dica, el Derecho, la Pol\u00edtica, la Salud P\u00fablica, la Ecolog\u00eda, la Historia de la Medicina, las Ciencias B\u00e1sicas, la Religi\u00f3n, la Sociolog\u00eda, la Cultura, etc. La Bio\u00e9tica logra en esta interacci\u00f3n y di\u00e1logo formular un nuevo sujeto moral que tiene derecho a ser informado, tomar decisiones y ejercer su voluntad libremente.<\/p>\n<p>La Bio\u00e9tica nos acerca al Humanismo y al conocimiento de los dilemas \u00e9tico-clinicos, junto con formularnos principios y m\u00e9todos que deben ser aplicados en la pr\u00e1ctica de la Odontolog\u00eda. La Relaci\u00f3n Odont\u00f3logo \u2013 Paciente constituye el eje central de la Odontolog\u00eda, relaci\u00f3n humana que no est\u00e1 exenta de dilemas y conflictos, para los cuales es nuestra obligaci\u00f3n estar preparados tanto para afrontarlos como para manejarlos y prevenirlos. La progresiva judialicizaci\u00f3n de la Odontolog\u00eda es una realidad indesmentible, pero es necesario comprender que los conflictos que acontecen al interior esta relaci\u00f3n est\u00e1n relacionados con pacientes insatisfechos en lo cl\u00ednico y con actitudes de falta de humanidad y acogida por parte del Odont\u00f3logo.<\/p>\n<p>La Odontolog\u00eda contempor\u00e1nea no se puede mantener al margen de la medicina hipocr\u00e1tica cuyos principios est\u00e1n contenidos en el Corpus Hippocraticum. Entre muchas ense\u00f1anzas y principios, los escritos hipocr\u00e1ticos enfatizan la real necesidad de la cercan\u00eda con el enfermo y con su vivencia de la enfermedad, por sobre el el prop\u00f3sito de curar una patolog\u00eda dada, utilizando para ello todos nuestros sentidos y la observaci\u00f3n pr\u00f3xima al paciente por parte del tratante.<\/p>\n<p>A la luz de la agitada realidad de la vida contempor\u00e1nea, los pacientes solicitan nuestra acogida a su vivencia de la enfermedad y no tan s\u00f3lo librarlos de la enfermedad. La Relaci\u00f3n Odont\u00f3logo \u2013 Paciente es la verdadera y real oportunidad para desarrollar esta relaci\u00f3n humana tan particular en forma fruct\u00edfera en el tiempo. Los Odont\u00f3logos no deben desaprovechar las sucesivas atenciones durante un tratamiento para ir al encuentro de la persona enferma, en la que reconoceremos los valores de la dignidad, igualdad, solidaridad, amistad, sensibilidad, sabidur\u00eda, libertad, autonom\u00eda, pluralismo, cooperaci\u00f3n, compromiso, sencillez, trascendencia y responsabilidad entre otros. Estos valores constituyen la base segura de las relaciones humanas, particularmente de la Relaci\u00f3n Odont\u00f3logo \u2013 Paciente, cuyo objetivo \u00faltimo es la restauraci\u00f3n del equilibrio corporal y tambi\u00e9n espiritual de los pacientes.<\/p>\n<p style=\"text-align: justify\">Un Odont\u00f3logo estudioso del quehacer cient\u00edfico &#8211; tecnol\u00f3gico, de las ciencias b\u00e1sicas, junto a la preparaci\u00f3n en Humanidades, podr\u00e1 adquirir una dimensi\u00f3n tan amplia como enriquecedora de la pr\u00e1ctica cl\u00ednica, cuya trascendencia ayudar\u00e1 a encontrar el verdadero sentido de la Odontolog\u00eda.<\/p>\n<p style=\"text-align: justify\">Dr. Jorge Oliva: Es odont\u00f3logo, tesista del Mag\u00edster en Bio\u00e9tica Universidad de Chile y Centro de Bio\u00e9tica, Facultad de Medicina Cl\u00ednica Alemana &#8211; Universidad del Desarrollo.<\/p>\n","protected":false},"excerpt":{"rendered":"<p>Estos primeros a\u00f1os del siglo 21 constituyen un momento oportuno para que meditar acerca del verdadero sentido de la Odontolog\u00eda, analizar los caminos recorridos, el momento actual y vislumbrar los tiempos que vendr\u00e1n para la profesi\u00f3n. Es necesario mirar no s\u00f3lo los avances cient\u00edficos y tecnol\u00f3gicos sino m\u00e1s bien meditar en la misi\u00f3n y responsabilidad [&hellip;]<\/p>\n","protected":false},"author":1,"featured_media":0,"comment_status":"open","ping_status":"open","sticky":false,"template":"","format":"standard","meta":{"footnotes":""},"categories":[1],"tags":[],"class_list":["post-177","post","type-post","status-publish","format-standard","hentry","category-sin-categoria"],"yoast_head":"<!-- This site is optimized with the Yoast SEO plugin v26.9 - https:\/\/yoast.com\/product\/yoast-seo-wordpress\/ -->\n<title>Odontolog\u00eda y bio\u00e9tica - Centro de Bio\u00e9tica<\/title>\n<meta name=\"robots\" content=\"index, follow, max-snippet:-1, max-image-preview:large, max-video-preview:-1\" \/>\n<link rel=\"canonical\" href=\"https:\/\/medicina.udd.cl\/centro-bioetica\/noticias\/2010\/06\/29\/odontologia-y-bioetica\/\" \/>\n<meta property=\"og:locale\" content=\"es_ES\" \/>\n<meta property=\"og:type\" content=\"article\" \/>\n<meta property=\"og:title\" content=\"Odontolog\u00eda y bio\u00e9tica - Centro de Bio\u00e9tica\" \/>\n<meta property=\"og:description\" content=\"Estos primeros a\u00f1os del siglo 21 constituyen un momento oportuno para que meditar acerca del verdadero sentido de la Odontolog\u00eda, analizar los caminos recorridos, el momento actual y vislumbrar los tiempos que vendr\u00e1n para la profesi\u00f3n. Es necesario mirar no s\u00f3lo los avances cient\u00edficos y tecnol\u00f3gicos sino m\u00e1s bien meditar en la misi\u00f3n y responsabilidad [&hellip;]\" \/>\n<meta property=\"og:url\" content=\"https:\/\/medicina.udd.cl\/centro-bioetica\/noticias\/2010\/06\/29\/odontologia-y-bioetica\/\" \/>\n<meta property=\"og:site_name\" content=\"Centro de Bio\u00e9tica\" \/>\n<meta property=\"article:published_time\" content=\"2010-06-29T15:11:07+00:00\" \/>\n<meta name=\"author\" content=\"admin\" \/>\n<meta name=\"twitter:label1\" content=\"Escrito por\" \/>\n\t<meta name=\"twitter:data1\" content=\"admin\" \/>\n\t<meta name=\"twitter:label2\" content=\"Tiempo de lectura\" \/>\n\t<meta name=\"twitter:data2\" content=\"7 minutos\" \/>\n<script type=\"application\/ld+json\" class=\"yoast-schema-graph\">{\"@context\":\"https:\/\/schema.org\",\"@graph\":[{\"@type\":\"Article\",\"@id\":\"https:\/\/medicina.udd.cl\/centro-bioetica\/noticias\/2010\/06\/29\/odontologia-y-bioetica\/#article\",\"isPartOf\":{\"@id\":\"https:\/\/medicina.udd.cl\/centro-bioetica\/noticias\/2010\/06\/29\/odontologia-y-bioetica\/\"},\"author\":{\"name\":\"admin\",\"@id\":\"https:\/\/medicina.udd.cl\/centro-bioetica\/#\/schema\/person\/f7abfa784c86da427e89287831f96ab7\"},\"headline\":\"Odontolog\u00eda y bio\u00e9tica\",\"datePublished\":\"2010-06-29T15:11:07+00:00\",\"mainEntityOfPage\":{\"@id\":\"https:\/\/medicina.udd.cl\/centro-bioetica\/noticias\/2010\/06\/29\/odontologia-y-bioetica\/\"},\"wordCount\":1325,\"commentCount\":0,\"inLanguage\":\"es\",\"potentialAction\":[{\"@type\":\"CommentAction\",\"name\":\"Comment\",\"target\":[\"https:\/\/medicina.udd.cl\/centro-bioetica\/noticias\/2010\/06\/29\/odontologia-y-bioetica\/#respond\"]}]},{\"@type\":\"WebPage\",\"@id\":\"https:\/\/medicina.udd.cl\/centro-bioetica\/noticias\/2010\/06\/29\/odontologia-y-bioetica\/\",\"url\":\"https:\/\/medicina.udd.cl\/centro-bioetica\/noticias\/2010\/06\/29\/odontologia-y-bioetica\/\",\"name\":\"Odontolog\u00eda y bio\u00e9tica - Centro de Bio\u00e9tica\",\"isPartOf\":{\"@id\":\"https:\/\/medicina.udd.cl\/centro-bioetica\/#website\"},\"datePublished\":\"2010-06-29T15:11:07+00:00\",\"author\":{\"@id\":\"https:\/\/medicina.udd.cl\/centro-bioetica\/#\/schema\/person\/f7abfa784c86da427e89287831f96ab7\"},\"breadcrumb\":{\"@id\":\"https:\/\/medicina.udd.cl\/centro-bioetica\/noticias\/2010\/06\/29\/odontologia-y-bioetica\/#breadcrumb\"},\"inLanguage\":\"es\",\"potentialAction\":[{\"@type\":\"ReadAction\",\"target\":[\"https:\/\/medicina.udd.cl\/centro-bioetica\/noticias\/2010\/06\/29\/odontologia-y-bioetica\/\"]}]},{\"@type\":\"BreadcrumbList\",\"@id\":\"https:\/\/medicina.udd.cl\/centro-bioetica\/noticias\/2010\/06\/29\/odontologia-y-bioetica\/#breadcrumb\",\"itemListElement\":[{\"@type\":\"ListItem\",\"position\":1,\"name\":\"Inicio\",\"item\":\"https:\/\/medicina.udd.cl\/centro-bioetica\/\"},{\"@type\":\"ListItem\",\"position\":2,\"name\":\"Odontolog\u00eda y bio\u00e9tica\"}]},{\"@type\":\"WebSite\",\"@id\":\"https:\/\/medicina.udd.cl\/centro-bioetica\/#website\",\"url\":\"https:\/\/medicina.udd.cl\/centro-bioetica\/\",\"name\":\"Centro de Bio\u00e9tica\",\"description\":\"Universidad del Desarrollo\",\"inLanguage\":\"es\"},{\"@type\":\"Person\",\"@id\":\"https:\/\/medicina.udd.cl\/centro-bioetica\/#\/schema\/person\/f7abfa784c86da427e89287831f96ab7\",\"name\":\"admin\",\"image\":{\"@type\":\"ImageObject\",\"inLanguage\":\"es\",\"@id\":\"https:\/\/medicina.udd.cl\/centro-bioetica\/#\/schema\/person\/image\/\",\"url\":\"https:\/\/secure.gravatar.com\/avatar\/3cb6da298954dfb54457c0910b8c9ca010abd8d87a60f7d701b6ce4254e1c642?s=96&d=mm&r=g\",\"contentUrl\":\"https:\/\/secure.gravatar.com\/avatar\/3cb6da298954dfb54457c0910b8c9ca010abd8d87a60f7d701b6ce4254e1c642?s=96&d=mm&r=g\",\"caption\":\"admin\"},\"url\":\"https:\/\/medicina.udd.cl\/centro-bioetica\/noticias\/author\/admin\/\"}]}<\/script>\n<!-- \/ Yoast SEO plugin. -->","yoast_head_json":{"title":"Odontolog\u00eda y bio\u00e9tica - Centro de Bio\u00e9tica","robots":{"index":"index","follow":"follow","max-snippet":"max-snippet:-1","max-image-preview":"max-image-preview:large","max-video-preview":"max-video-preview:-1"},"canonical":"https:\/\/medicina.udd.cl\/centro-bioetica\/noticias\/2010\/06\/29\/odontologia-y-bioetica\/","og_locale":"es_ES","og_type":"article","og_title":"Odontolog\u00eda y bio\u00e9tica - Centro de Bio\u00e9tica","og_description":"Estos primeros a\u00f1os del siglo 21 constituyen un momento oportuno para que meditar acerca del verdadero sentido de la Odontolog\u00eda, analizar los caminos recorridos, el momento actual y vislumbrar los tiempos que vendr\u00e1n para la profesi\u00f3n. Es necesario mirar no s\u00f3lo los avances cient\u00edficos y tecnol\u00f3gicos sino m\u00e1s bien meditar en la misi\u00f3n y responsabilidad [&hellip;]","og_url":"https:\/\/medicina.udd.cl\/centro-bioetica\/noticias\/2010\/06\/29\/odontologia-y-bioetica\/","og_site_name":"Centro de Bio\u00e9tica","article_published_time":"2010-06-29T15:11:07+00:00","author":"admin","twitter_misc":{"Escrito por":"admin","Tiempo de lectura":"7 minutos"},"schema":{"@context":"https:\/\/schema.org","@graph":[{"@type":"Article","@id":"https:\/\/medicina.udd.cl\/centro-bioetica\/noticias\/2010\/06\/29\/odontologia-y-bioetica\/#article","isPartOf":{"@id":"https:\/\/medicina.udd.cl\/centro-bioetica\/noticias\/2010\/06\/29\/odontologia-y-bioetica\/"},"author":{"name":"admin","@id":"https:\/\/medicina.udd.cl\/centro-bioetica\/#\/schema\/person\/f7abfa784c86da427e89287831f96ab7"},"headline":"Odontolog\u00eda y bio\u00e9tica","datePublished":"2010-06-29T15:11:07+00:00","mainEntityOfPage":{"@id":"https:\/\/medicina.udd.cl\/centro-bioetica\/noticias\/2010\/06\/29\/odontologia-y-bioetica\/"},"wordCount":1325,"commentCount":0,"inLanguage":"es","potentialAction":[{"@type":"CommentAction","name":"Comment","target":["https:\/\/medicina.udd.cl\/centro-bioetica\/noticias\/2010\/06\/29\/odontologia-y-bioetica\/#respond"]}]},{"@type":"WebPage","@id":"https:\/\/medicina.udd.cl\/centro-bioetica\/noticias\/2010\/06\/29\/odontologia-y-bioetica\/","url":"https:\/\/medicina.udd.cl\/centro-bioetica\/noticias\/2010\/06\/29\/odontologia-y-bioetica\/","name":"Odontolog\u00eda y bio\u00e9tica - Centro de Bio\u00e9tica","isPartOf":{"@id":"https:\/\/medicina.udd.cl\/centro-bioetica\/#website"},"datePublished":"2010-06-29T15:11:07+00:00","author":{"@id":"https:\/\/medicina.udd.cl\/centro-bioetica\/#\/schema\/person\/f7abfa784c86da427e89287831f96ab7"},"breadcrumb":{"@id":"https:\/\/medicina.udd.cl\/centro-bioetica\/noticias\/2010\/06\/29\/odontologia-y-bioetica\/#breadcrumb"},"inLanguage":"es","potentialAction":[{"@type":"ReadAction","target":["https:\/\/medicina.udd.cl\/centro-bioetica\/noticias\/2010\/06\/29\/odontologia-y-bioetica\/"]}]},{"@type":"BreadcrumbList","@id":"https:\/\/medicina.udd.cl\/centro-bioetica\/noticias\/2010\/06\/29\/odontologia-y-bioetica\/#breadcrumb","itemListElement":[{"@type":"ListItem","position":1,"name":"Inicio","item":"https:\/\/medicina.udd.cl\/centro-bioetica\/"},{"@type":"ListItem","position":2,"name":"Odontolog\u00eda y bio\u00e9tica"}]},{"@type":"WebSite","@id":"https:\/\/medicina.udd.cl\/centro-bioetica\/#website","url":"https:\/\/medicina.udd.cl\/centro-bioetica\/","name":"Centro de Bio\u00e9tica","description":"Universidad del Desarrollo","inLanguage":"es"},{"@type":"Person","@id":"https:\/\/medicina.udd.cl\/centro-bioetica\/#\/schema\/person\/f7abfa784c86da427e89287831f96ab7","name":"admin","image":{"@type":"ImageObject","inLanguage":"es","@id":"https:\/\/medicina.udd.cl\/centro-bioetica\/#\/schema\/person\/image\/","url":"https:\/\/secure.gravatar.com\/avatar\/3cb6da298954dfb54457c0910b8c9ca010abd8d87a60f7d701b6ce4254e1c642?s=96&d=mm&r=g","contentUrl":"https:\/\/secure.gravatar.com\/avatar\/3cb6da298954dfb54457c0910b8c9ca010abd8d87a60f7d701b6ce4254e1c642?s=96&d=mm&r=g","caption":"admin"},"url":"https:\/\/medicina.udd.cl\/centro-bioetica\/noticias\/author\/admin\/"}]}},"featured_image_url":null,"_links":{"self":[{"href":"https:\/\/medicina.udd.cl\/centro-bioetica\/wp-json\/wp\/v2\/posts\/177","targetHints":{"allow":["GET"]}}],"collection":[{"href":"https:\/\/medicina.udd.cl\/centro-bioetica\/wp-json\/wp\/v2\/posts"}],"about":[{"href":"https:\/\/medicina.udd.cl\/centro-bioetica\/wp-json\/wp\/v2\/types\/post"}],"author":[{"embeddable":true,"href":"https:\/\/medicina.udd.cl\/centro-bioetica\/wp-json\/wp\/v2\/users\/1"}],"replies":[{"embeddable":true,"href":"https:\/\/medicina.udd.cl\/centro-bioetica\/wp-json\/wp\/v2\/comments?post=177"}],"version-history":[{"count":0,"href":"https:\/\/medicina.udd.cl\/centro-bioetica\/wp-json\/wp\/v2\/posts\/177\/revisions"}],"wp:attachment":[{"href":"https:\/\/medicina.udd.cl\/centro-bioetica\/wp-json\/wp\/v2\/media?parent=177"}],"wp:term":[{"taxonomy":"category","embeddable":true,"href":"https:\/\/medicina.udd.cl\/centro-bioetica\/wp-json\/wp\/v2\/categories?post=177"},{"taxonomy":"post_tag","embeddable":true,"href":"https:\/\/medicina.udd.cl\/centro-bioetica\/wp-json\/wp\/v2\/tags?post=177"}],"curies":[{"name":"wp","href":"https:\/\/api.w.org\/{rel}","templated":true}]}}