{"id":251,"date":"2010-06-30T12:28:28","date_gmt":"2010-06-30T16:28:28","guid":{"rendered":"http:\/\/medicina.udd.cl\/centro-bioetica\/2010\/06\/30\/diagnostico-prenatal-alcance-de-las-pruebas-diagnosticas\/"},"modified":"2010-06-30T12:28:28","modified_gmt":"2010-06-30T16:28:28","slug":"diagnostico-prenatal-alcance-de-las-pruebas-diagnosticas","status":"publish","type":"post","link":"https:\/\/medicina.udd.cl\/centro-bioetica\/noticias\/2010\/06\/30\/diagnostico-prenatal-alcance-de-las-pruebas-diagnosticas\/","title":{"rendered":"Diagn\u00f3stico prenatal: alcance de las pruebas diagn\u00f3sticas"},"content":{"rendered":"<p style=\"text-align: justify\">El interesante e importante art\u00edculo de Juan Guillermo Ortiz Mart\u00ednez (publicado en Bioetica&amp;Debat 7 Abril 2006, secci\u00f3n \u00abArt\u00edculos\u00bb) plantea la necesidad de una visi\u00f3n antropol\u00f3gica del hombre, tanto por parte de los gineco-obstetras que ofrecen pruebas prenatales como por parte de las parejas que las aceptan o las solicitan. Por obvio que pareciera, la realidad es muy distante de que esto se cumpla. Lo que vemos siempre es una oferta progresiva de tecnolog\u00eda, en base al brillo de las mismas, de su moda o de exigencias de mercado. Y por parte de la sociedad presenciamos una aceptaci\u00f3n pasiva, a veces tambi\u00e9n cargada de cierta frivolidad, que no se pregunta acerca de objetivos ni del tipo de decisiones que se enfrentar\u00e1n en el caso de que las pruebas diagn\u00f3sticas prenatales muestren resultados de probable, rara vez de certeza, presencia de anormalidades. Por lo anterior resulta importante el planteamiento de la responsabilidad de los profesionales que ofrecen y realizan pruebas diagn\u00f3sticas prenatales, en cuanto a informar adecuadamente acerca de las indicaciones, resultados posibles y confiabilidad de los mismos, pero tambi\u00e9n acerca de las decisiones familiares que se deber\u00e1n asumir si se encuentran alteraciones.<\/p>\n<p style=\"text-align: justify\">A lo anterior parece importante insistir en que los m\u00e9dicos deben ayudar a que las familias tomen sus decisiones, pero de una manera que sea no directiva y que respete la autonom\u00eda familiar. Si bien los m\u00e9dicos tenemos nuestras visiones y convicciones, necesarias y orientadoras de nuestro quehacer, no podemos imponerlas a los pacientes. Nuestro respeto a la vida prenatal debe ir de la mano con nuestro respeto a los padres, a sus valores y a sus decisiones. Aqu\u00ed se juega el arte de la comunicaci\u00f3n entre un profesional bien formado y una pareja angustiada, comunicaci\u00f3n que requiere un prudente equilibrio para que logre ser orientadora pero no coercitiva.<\/p>\n<p style=\"text-align: justify\">Por \u00faltimo es necesario destacar que las pruebas diagn\u00f3sticas prenatales, si bien pocas veces son terap\u00e9uticas en la vida fetal, muchas veces s\u00ed lo son en cuanto definen el momento, el lugar y la v\u00eda del parto que permitan el mejor tratamiento post-natal. Las posibilidades de tratamiento, sea pre o post-natal, justifican plenamente el desarrollo y la realizaci\u00f3n de pruebas diagn\u00f3sticas prenatales. A su vez, las decisiones de aborto por anomal\u00eda fetal resultan dif\u00edciles de fundamentar si consideramos la vida fetal como una etapa temprana de una vida humana personal cuya dignidad no depende de su normalidad o anormalidad f\u00edsica.<\/p>\n","protected":false},"excerpt":{"rendered":"<p>El interesante e importante art\u00edculo de Juan Guillermo Ortiz Mart\u00ednez (publicado en Bioetica&amp;Debat 7 Abril 2006, secci\u00f3n \u00abArt\u00edculos\u00bb) plantea la necesidad de una visi\u00f3n antropol\u00f3gica del hombre, tanto por parte de los gineco-obstetras que ofrecen pruebas prenatales como por parte de las parejas que las aceptan o las solicitan. Por obvio que pareciera, la realidad [&hellip;]<\/p>\n","protected":false},"author":1,"featured_media":0,"comment_status":"open","ping_status":"open","sticky":false,"template":"","format":"standard","meta":{"footnotes":""},"categories":[1],"tags":[],"class_list":["post-251","post","type-post","status-publish","format-standard","hentry","category-sin-categoria"],"yoast_head":"<!-- This site is optimized with the Yoast SEO plugin v26.9 - https:\/\/yoast.com\/product\/yoast-seo-wordpress\/ -->\n<title>Diagn\u00f3stico prenatal: alcance de las pruebas diagn\u00f3sticas - Centro de Bio\u00e9tica<\/title>\n<meta name=\"robots\" content=\"index, follow, max-snippet:-1, max-image-preview:large, max-video-preview:-1\" \/>\n<link rel=\"canonical\" href=\"https:\/\/medicina.udd.cl\/centro-bioetica\/noticias\/2010\/06\/30\/diagnostico-prenatal-alcance-de-las-pruebas-diagnosticas\/\" \/>\n<meta property=\"og:locale\" content=\"es_ES\" \/>\n<meta property=\"og:type\" content=\"article\" \/>\n<meta property=\"og:title\" content=\"Diagn\u00f3stico prenatal: alcance de las pruebas diagn\u00f3sticas - Centro de Bio\u00e9tica\" \/>\n<meta property=\"og:description\" content=\"El interesante e importante art\u00edculo de Juan Guillermo Ortiz Mart\u00ednez (publicado en Bioetica&amp;Debat 7 Abril 2006, secci\u00f3n \u00abArt\u00edculos\u00bb) plantea la necesidad de una visi\u00f3n antropol\u00f3gica del hombre, tanto por parte de los gineco-obstetras que ofrecen pruebas prenatales como por parte de las parejas que las aceptan o las solicitan. Por obvio que pareciera, la realidad [&hellip;]\" \/>\n<meta property=\"og:url\" content=\"https:\/\/medicina.udd.cl\/centro-bioetica\/noticias\/2010\/06\/30\/diagnostico-prenatal-alcance-de-las-pruebas-diagnosticas\/\" \/>\n<meta property=\"og:site_name\" content=\"Centro de Bio\u00e9tica\" \/>\n<meta property=\"article:published_time\" content=\"2010-06-30T16:28:28+00:00\" \/>\n<meta name=\"author\" content=\"admin\" \/>\n<meta name=\"twitter:label1\" content=\"Escrito por\" \/>\n\t<meta name=\"twitter:data1\" content=\"admin\" \/>\n\t<meta name=\"twitter:label2\" content=\"Tiempo de lectura\" \/>\n\t<meta name=\"twitter:data2\" content=\"2 minutos\" \/>\n<script type=\"application\/ld+json\" class=\"yoast-schema-graph\">{\"@context\":\"https:\/\/schema.org\",\"@graph\":[{\"@type\":\"Article\",\"@id\":\"https:\/\/medicina.udd.cl\/centro-bioetica\/noticias\/2010\/06\/30\/diagnostico-prenatal-alcance-de-las-pruebas-diagnosticas\/#article\",\"isPartOf\":{\"@id\":\"https:\/\/medicina.udd.cl\/centro-bioetica\/noticias\/2010\/06\/30\/diagnostico-prenatal-alcance-de-las-pruebas-diagnosticas\/\"},\"author\":{\"name\":\"admin\",\"@id\":\"https:\/\/medicina.udd.cl\/centro-bioetica\/#\/schema\/person\/f7abfa784c86da427e89287831f96ab7\"},\"headline\":\"Diagn\u00f3stico prenatal: alcance de las pruebas diagn\u00f3sticas\",\"datePublished\":\"2010-06-30T16:28:28+00:00\",\"mainEntityOfPage\":{\"@id\":\"https:\/\/medicina.udd.cl\/centro-bioetica\/noticias\/2010\/06\/30\/diagnostico-prenatal-alcance-de-las-pruebas-diagnosticas\/\"},\"wordCount\":436,\"commentCount\":0,\"inLanguage\":\"es\",\"potentialAction\":[{\"@type\":\"CommentAction\",\"name\":\"Comment\",\"target\":[\"https:\/\/medicina.udd.cl\/centro-bioetica\/noticias\/2010\/06\/30\/diagnostico-prenatal-alcance-de-las-pruebas-diagnosticas\/#respond\"]}]},{\"@type\":\"WebPage\",\"@id\":\"https:\/\/medicina.udd.cl\/centro-bioetica\/noticias\/2010\/06\/30\/diagnostico-prenatal-alcance-de-las-pruebas-diagnosticas\/\",\"url\":\"https:\/\/medicina.udd.cl\/centro-bioetica\/noticias\/2010\/06\/30\/diagnostico-prenatal-alcance-de-las-pruebas-diagnosticas\/\",\"name\":\"Diagn\u00f3stico prenatal: alcance de las pruebas diagn\u00f3sticas - Centro de Bio\u00e9tica\",\"isPartOf\":{\"@id\":\"https:\/\/medicina.udd.cl\/centro-bioetica\/#website\"},\"datePublished\":\"2010-06-30T16:28:28+00:00\",\"author\":{\"@id\":\"https:\/\/medicina.udd.cl\/centro-bioetica\/#\/schema\/person\/f7abfa784c86da427e89287831f96ab7\"},\"breadcrumb\":{\"@id\":\"https:\/\/medicina.udd.cl\/centro-bioetica\/noticias\/2010\/06\/30\/diagnostico-prenatal-alcance-de-las-pruebas-diagnosticas\/#breadcrumb\"},\"inLanguage\":\"es\",\"potentialAction\":[{\"@type\":\"ReadAction\",\"target\":[\"https:\/\/medicina.udd.cl\/centro-bioetica\/noticias\/2010\/06\/30\/diagnostico-prenatal-alcance-de-las-pruebas-diagnosticas\/\"]}]},{\"@type\":\"BreadcrumbList\",\"@id\":\"https:\/\/medicina.udd.cl\/centro-bioetica\/noticias\/2010\/06\/30\/diagnostico-prenatal-alcance-de-las-pruebas-diagnosticas\/#breadcrumb\",\"itemListElement\":[{\"@type\":\"ListItem\",\"position\":1,\"name\":\"Inicio\",\"item\":\"https:\/\/medicina.udd.cl\/centro-bioetica\/\"},{\"@type\":\"ListItem\",\"position\":2,\"name\":\"Diagn\u00f3stico prenatal: alcance de las pruebas diagn\u00f3sticas\"}]},{\"@type\":\"WebSite\",\"@id\":\"https:\/\/medicina.udd.cl\/centro-bioetica\/#website\",\"url\":\"https:\/\/medicina.udd.cl\/centro-bioetica\/\",\"name\":\"Centro de Bio\u00e9tica\",\"description\":\"Universidad del Desarrollo\",\"inLanguage\":\"es\"},{\"@type\":\"Person\",\"@id\":\"https:\/\/medicina.udd.cl\/centro-bioetica\/#\/schema\/person\/f7abfa784c86da427e89287831f96ab7\",\"name\":\"admin\",\"image\":{\"@type\":\"ImageObject\",\"inLanguage\":\"es\",\"@id\":\"https:\/\/medicina.udd.cl\/centro-bioetica\/#\/schema\/person\/image\/\",\"url\":\"https:\/\/secure.gravatar.com\/avatar\/3cb6da298954dfb54457c0910b8c9ca010abd8d87a60f7d701b6ce4254e1c642?s=96&d=mm&r=g\",\"contentUrl\":\"https:\/\/secure.gravatar.com\/avatar\/3cb6da298954dfb54457c0910b8c9ca010abd8d87a60f7d701b6ce4254e1c642?s=96&d=mm&r=g\",\"caption\":\"admin\"},\"url\":\"https:\/\/medicina.udd.cl\/centro-bioetica\/noticias\/author\/admin\/\"}]}<\/script>\n<!-- \/ Yoast SEO plugin. -->","yoast_head_json":{"title":"Diagn\u00f3stico prenatal: alcance de las pruebas diagn\u00f3sticas - Centro de Bio\u00e9tica","robots":{"index":"index","follow":"follow","max-snippet":"max-snippet:-1","max-image-preview":"max-image-preview:large","max-video-preview":"max-video-preview:-1"},"canonical":"https:\/\/medicina.udd.cl\/centro-bioetica\/noticias\/2010\/06\/30\/diagnostico-prenatal-alcance-de-las-pruebas-diagnosticas\/","og_locale":"es_ES","og_type":"article","og_title":"Diagn\u00f3stico prenatal: alcance de las pruebas diagn\u00f3sticas - Centro de Bio\u00e9tica","og_description":"El interesante e importante art\u00edculo de Juan Guillermo Ortiz Mart\u00ednez (publicado en Bioetica&amp;Debat 7 Abril 2006, secci\u00f3n \u00abArt\u00edculos\u00bb) plantea la necesidad de una visi\u00f3n antropol\u00f3gica del hombre, tanto por parte de los gineco-obstetras que ofrecen pruebas prenatales como por parte de las parejas que las aceptan o las solicitan. Por obvio que pareciera, la realidad [&hellip;]","og_url":"https:\/\/medicina.udd.cl\/centro-bioetica\/noticias\/2010\/06\/30\/diagnostico-prenatal-alcance-de-las-pruebas-diagnosticas\/","og_site_name":"Centro de Bio\u00e9tica","article_published_time":"2010-06-30T16:28:28+00:00","author":"admin","twitter_misc":{"Escrito por":"admin","Tiempo de lectura":"2 minutos"},"schema":{"@context":"https:\/\/schema.org","@graph":[{"@type":"Article","@id":"https:\/\/medicina.udd.cl\/centro-bioetica\/noticias\/2010\/06\/30\/diagnostico-prenatal-alcance-de-las-pruebas-diagnosticas\/#article","isPartOf":{"@id":"https:\/\/medicina.udd.cl\/centro-bioetica\/noticias\/2010\/06\/30\/diagnostico-prenatal-alcance-de-las-pruebas-diagnosticas\/"},"author":{"name":"admin","@id":"https:\/\/medicina.udd.cl\/centro-bioetica\/#\/schema\/person\/f7abfa784c86da427e89287831f96ab7"},"headline":"Diagn\u00f3stico prenatal: alcance de las pruebas diagn\u00f3sticas","datePublished":"2010-06-30T16:28:28+00:00","mainEntityOfPage":{"@id":"https:\/\/medicina.udd.cl\/centro-bioetica\/noticias\/2010\/06\/30\/diagnostico-prenatal-alcance-de-las-pruebas-diagnosticas\/"},"wordCount":436,"commentCount":0,"inLanguage":"es","potentialAction":[{"@type":"CommentAction","name":"Comment","target":["https:\/\/medicina.udd.cl\/centro-bioetica\/noticias\/2010\/06\/30\/diagnostico-prenatal-alcance-de-las-pruebas-diagnosticas\/#respond"]}]},{"@type":"WebPage","@id":"https:\/\/medicina.udd.cl\/centro-bioetica\/noticias\/2010\/06\/30\/diagnostico-prenatal-alcance-de-las-pruebas-diagnosticas\/","url":"https:\/\/medicina.udd.cl\/centro-bioetica\/noticias\/2010\/06\/30\/diagnostico-prenatal-alcance-de-las-pruebas-diagnosticas\/","name":"Diagn\u00f3stico prenatal: alcance de las pruebas diagn\u00f3sticas - Centro de Bio\u00e9tica","isPartOf":{"@id":"https:\/\/medicina.udd.cl\/centro-bioetica\/#website"},"datePublished":"2010-06-30T16:28:28+00:00","author":{"@id":"https:\/\/medicina.udd.cl\/centro-bioetica\/#\/schema\/person\/f7abfa784c86da427e89287831f96ab7"},"breadcrumb":{"@id":"https:\/\/medicina.udd.cl\/centro-bioetica\/noticias\/2010\/06\/30\/diagnostico-prenatal-alcance-de-las-pruebas-diagnosticas\/#breadcrumb"},"inLanguage":"es","potentialAction":[{"@type":"ReadAction","target":["https:\/\/medicina.udd.cl\/centro-bioetica\/noticias\/2010\/06\/30\/diagnostico-prenatal-alcance-de-las-pruebas-diagnosticas\/"]}]},{"@type":"BreadcrumbList","@id":"https:\/\/medicina.udd.cl\/centro-bioetica\/noticias\/2010\/06\/30\/diagnostico-prenatal-alcance-de-las-pruebas-diagnosticas\/#breadcrumb","itemListElement":[{"@type":"ListItem","position":1,"name":"Inicio","item":"https:\/\/medicina.udd.cl\/centro-bioetica\/"},{"@type":"ListItem","position":2,"name":"Diagn\u00f3stico prenatal: alcance de las pruebas diagn\u00f3sticas"}]},{"@type":"WebSite","@id":"https:\/\/medicina.udd.cl\/centro-bioetica\/#website","url":"https:\/\/medicina.udd.cl\/centro-bioetica\/","name":"Centro de Bio\u00e9tica","description":"Universidad del Desarrollo","inLanguage":"es"},{"@type":"Person","@id":"https:\/\/medicina.udd.cl\/centro-bioetica\/#\/schema\/person\/f7abfa784c86da427e89287831f96ab7","name":"admin","image":{"@type":"ImageObject","inLanguage":"es","@id":"https:\/\/medicina.udd.cl\/centro-bioetica\/#\/schema\/person\/image\/","url":"https:\/\/secure.gravatar.com\/avatar\/3cb6da298954dfb54457c0910b8c9ca010abd8d87a60f7d701b6ce4254e1c642?s=96&d=mm&r=g","contentUrl":"https:\/\/secure.gravatar.com\/avatar\/3cb6da298954dfb54457c0910b8c9ca010abd8d87a60f7d701b6ce4254e1c642?s=96&d=mm&r=g","caption":"admin"},"url":"https:\/\/medicina.udd.cl\/centro-bioetica\/noticias\/author\/admin\/"}]}},"featured_image_url":null,"_links":{"self":[{"href":"https:\/\/medicina.udd.cl\/centro-bioetica\/wp-json\/wp\/v2\/posts\/251","targetHints":{"allow":["GET"]}}],"collection":[{"href":"https:\/\/medicina.udd.cl\/centro-bioetica\/wp-json\/wp\/v2\/posts"}],"about":[{"href":"https:\/\/medicina.udd.cl\/centro-bioetica\/wp-json\/wp\/v2\/types\/post"}],"author":[{"embeddable":true,"href":"https:\/\/medicina.udd.cl\/centro-bioetica\/wp-json\/wp\/v2\/users\/1"}],"replies":[{"embeddable":true,"href":"https:\/\/medicina.udd.cl\/centro-bioetica\/wp-json\/wp\/v2\/comments?post=251"}],"version-history":[{"count":0,"href":"https:\/\/medicina.udd.cl\/centro-bioetica\/wp-json\/wp\/v2\/posts\/251\/revisions"}],"wp:attachment":[{"href":"https:\/\/medicina.udd.cl\/centro-bioetica\/wp-json\/wp\/v2\/media?parent=251"}],"wp:term":[{"taxonomy":"category","embeddable":true,"href":"https:\/\/medicina.udd.cl\/centro-bioetica\/wp-json\/wp\/v2\/categories?post=251"},{"taxonomy":"post_tag","embeddable":true,"href":"https:\/\/medicina.udd.cl\/centro-bioetica\/wp-json\/wp\/v2\/tags?post=251"}],"curies":[{"name":"wp","href":"https:\/\/api.w.org\/{rel}","templated":true}]}}