{"id":2648,"date":"2014-03-03T10:03:22","date_gmt":"2014-03-03T13:03:22","guid":{"rendered":"http:\/\/medicina.udd.cl\/centro-bioetica\/?p=2648"},"modified":"2015-12-21T11:28:41","modified_gmt":"2015-12-21T14:28:41","slug":"resena-libro-bioetica-clinica-narrativa","status":"publish","type":"post","link":"https:\/\/medicina.udd.cl\/centro-bioetica\/noticias\/2014\/03\/03\/resena-libro-bioetica-clinica-narrativa\/","title":{"rendered":"Rese\u00f1a Libro \u00abBio\u00e9tica Cl\u00ednica Narrativa\u00bb"},"content":{"rendered":"<p><span style=\"text-decoration: underline;\"><strong>BIOETICA CLINICA NARRATIVA<\/strong><\/span><\/p>\n<p>Autores: Juan Pablo Beca y Mila Razmilic<br \/>\nEditorial Mediterr\u00e1neo 2014<br \/>\nISBN 978-956-220-363-0<br \/>\n<a href=\"http:\/\/www.mediterraneo.cl\/\"><strong>www.mediterraneo.cl<\/strong><\/a><\/p>\n<p>Los autores del libro Bio\u00e9tica Cl\u00ednica Narrativa, Juan Pablo Beca y Mila Razmilic, nos entregan a trav\u00e9s del relato de casos cl\u00ednicos reales, una herramienta metodol\u00f3gica valiosa para la toma de decisiones, ya que introduce el contexto global, las contingencias que lo rodean y las emociones de todos los involucrados como parte importante en el proceso deliberativo tanto personal como grupal.<\/p>\n<p><a href=\"http:\/\/medicina.udd.cl\/centro-bioetica\/files\/2014\/02\/Portada-Bio\u00e9tica-Cl\u00ednica-Narrativa.jpg\"><img loading=\"lazy\" decoding=\"async\" class=\"size-medium wp-image-2636 alignleft\" alt=\"Portada Bio\u00e9tica Cl\u00ednica Narrativa\" src=\"http:\/\/medicina.udd.cl\/centro-bioetica\/files\/2014\/02\/Portada-Bio\u00e9tica-Cl\u00ednica-Narrativa-198x300.jpg\" width=\"198\" height=\"300\" \/><\/a>Los casos cl\u00ednicos reales nos enfrentan no solo a decisiones t\u00e9cnicas sino que tambi\u00e9n a problemas \u00e9ticos. La sociedad contempor\u00e1nea plural, con valores en algunos casos no compartidos, en que las personas tienen derechos reconocidos para tomar decisiones sobre s\u00ed mismos, nos han enfrentado a los profesionales de la salud a escenarios previamente desconocidos a los cuales debemos sumarnos con humildad por respeto a nuestros pacientes. Las decisiones t\u00e9cnicas en la medicina actual pueden ser dif\u00edciles y requerir de la opini\u00f3n de varios especialistas antes de instalar una terapia. Las decisiones cl\u00ednicas tienen a su vez aspectos \u00e9ticos que se deben considerar y reflexionar, tomando en cuenta los valores en juego de todos los involucrados y los fundamentos \u00e9ticos que sustentan cada acci\u00f3n.<\/p>\n<p>La toma de decisiones frente a nuestros pacientes requiere hoy formaci\u00f3n acabada en an\u00e1lisis, reflexi\u00f3n y deliberaci\u00f3n Bio\u00e9tica. Grandes necesidades tenemos de material bibliogr\u00e1fico que nos ayude en esta tarea. Como expresa el Dr. Juan Pablo Beca en la presentaci\u00f3n del libro, el prop\u00f3sito es ofrecer casos para la ense\u00f1anza y el aprendizaje de habilidades de deliberaci\u00f3n en Bio\u00e9tica.<\/p>\n<p>La primera parte del libro contiene una \u201cGu\u00eda pedag\u00f3gica para la utilizaci\u00f3n de las narraciones\u201d, escrita por la mag\u00edster en educaci\u00f3n Josefina Santa Cruz , la que describe diferentes estrategias de ense\u00f1anza de gran utilidad no solo para el uso de estos casos sino que para la ense\u00f1anza en general. La recomendaci\u00f3n de los autores de leer cada caso y realizar una deliberaci\u00f3n (personal o grupal) antes de leer el an\u00e1lisis Bio\u00e9tico es condici\u00f3n importante para el aprendizaje que se logra con este libro.<\/p>\n<p>Los cap\u00edtulos del 1 al 10 corresponden cada uno a un caso con su respectivo an\u00e1lisis bio\u00e9tico realizado por un especialista. Como menciona el Dr. Beca en la Presentaci\u00f3n \u201ccada caso est\u00e1 analizado desde el punto de vista del autor o el comentarista respectivo pero debemos recordar que se pueden tener otros elementos y visiones que ir\u00e1n enriqueciendo el an\u00e1lisis aqu\u00ed presentado\u201d. Este an\u00e1lisis no pretende agotar toda la riqueza de temas para deliberar que presenta cada caso, los que s\u00ed son listados en la primera p\u00e1gina de cada cap\u00edtulo.<\/p>\n<p>Los cap\u00edtulos que conforman el libro son: Aborto, Limitaci\u00f3n del esfuerzo terap\u00e9utico, Retardo mental, Enfermedad terminal, Donaci\u00f3n de \u00f3rganos, Rechazo de tratamiento, Muerte digna y derecho a morir, Decisiones al final de la vida y envejecimiento satisfactorio, y Voluntades anticipadas.<\/p>\n<p>El Libro Bioetica Cl\u00ednica Narrativa del Dr. Juan Pablo Beca y la estudiante de Medicina Mila Razmilic, nos da la oportunidad de vivenciar casos reales a trav\u00e9s de una narraci\u00f3n en\u00e9rgica y potente en lo humano y lo contextual, con los que podremos tener un buen ingrediente para la ense\u00f1anza del an\u00e1lisis Bio\u00e9tico.<\/p>\n<p>Agradecemos a los autores la posibilidad de contar con este material que podr\u00e1 tener un uso inagotable utilizando cada caso con diferentes metodolog\u00edas y para diferentes temas de la Bio\u00e9tica.<\/p>\n<p>El libro Bio\u00e9tica Cl\u00ednica Narrativa ser\u00e1 un gran aporte para la docencia de la Bio\u00e9tica en las distintas etapas de las carreras de la salud y tambi\u00e9n para los profesionales que quisieran ejercitar su metodolog\u00eda de an\u00e1lisis Bio\u00e9tico.<\/p>\n<p><strong>Dra. Carmen Astete A.<\/strong><\/p>\n","protected":false},"excerpt":{"rendered":"<p>El doctor Juan Pablo Beca y la alumna Mila Razmilic son los autores de la publicaci\u00f3n presentada por la Editorial Mediterr\u00e1neo.<\/p>\n","protected":false},"author":42,"featured_media":2637,"comment_status":"open","ping_status":"open","sticky":false,"template":"","format":"standard","meta":{"footnotes":""},"categories":[5982],"tags":[],"class_list":["post-2648","post","type-post","status-publish","format-standard","has-post-thumbnail","hentry","category-resena"],"yoast_head":"<!-- This site is optimized with the Yoast SEO plugin v26.9 - https:\/\/yoast.com\/product\/yoast-seo-wordpress\/ -->\n<title>Rese\u00f1a Libro &quot;Bio\u00e9tica Cl\u00ednica Narrativa&quot;<\/title>\n<meta name=\"description\" content=\"Autores: Juan Pablo Beca y Mila Razmilic. De Editorial Mediterr\u00e1neo.\" \/>\n<meta name=\"robots\" content=\"index, follow, max-snippet:-1, max-image-preview:large, max-video-preview:-1\" \/>\n<link rel=\"canonical\" href=\"https:\/\/medicina.udd.cl\/centro-bioetica\/noticias\/2014\/03\/03\/resena-libro-bioetica-clinica-narrativa\/\" \/>\n<meta property=\"og:locale\" content=\"es_ES\" \/>\n<meta property=\"og:type\" content=\"article\" \/>\n<meta property=\"og:title\" content=\"Rese\u00f1a Libro &quot;Bio\u00e9tica Cl\u00ednica Narrativa&quot;\" \/>\n<meta property=\"og:description\" content=\"Autores: Juan Pablo Beca y Mila Razmilic. De Editorial Mediterr\u00e1neo.\" \/>\n<meta property=\"og:url\" content=\"https:\/\/medicina.udd.cl\/centro-bioetica\/noticias\/2014\/03\/03\/resena-libro-bioetica-clinica-narrativa\/\" \/>\n<meta property=\"og:site_name\" content=\"Centro de Bio\u00e9tica\" \/>\n<meta property=\"article:published_time\" content=\"2014-03-03T13:03:22+00:00\" \/>\n<meta property=\"article:modified_time\" content=\"2015-12-21T14:28:41+00:00\" \/>\n<meta property=\"og:image\" content=\"https:\/\/medicina.udd.cl\/centro-bioetica\/files\/2014\/02\/Bio\u00e9tica-Narrativa.jpg\" \/>\n\t<meta property=\"og:image:width\" content=\"347\" \/>\n\t<meta property=\"og:image:height\" content=\"282\" \/>\n\t<meta property=\"og:image:type\" content=\"image\/jpeg\" \/>\n<meta name=\"twitter:label1\" content=\"Escrito por\" \/>\n\t<meta name=\"twitter:data1\" content=\"\" \/>\n\t<meta name=\"twitter:label2\" content=\"Tiempo de lectura\" \/>\n\t<meta name=\"twitter:data2\" content=\"3 minutos\" \/>\n<script type=\"application\/ld+json\" class=\"yoast-schema-graph\">{\"@context\":\"https:\/\/schema.org\",\"@graph\":[{\"@type\":\"Article\",\"@id\":\"https:\/\/medicina.udd.cl\/centro-bioetica\/noticias\/2014\/03\/03\/resena-libro-bioetica-clinica-narrativa\/#article\",\"isPartOf\":{\"@id\":\"https:\/\/medicina.udd.cl\/centro-bioetica\/noticias\/2014\/03\/03\/resena-libro-bioetica-clinica-narrativa\/\"},\"author\":{\"name\":\"\",\"@id\":\"\"},\"headline\":\"Rese\u00f1a Libro \u00abBio\u00e9tica Cl\u00ednica Narrativa\u00bb\",\"datePublished\":\"2014-03-03T13:03:22+00:00\",\"dateModified\":\"2015-12-21T14:28:41+00:00\",\"mainEntityOfPage\":{\"@id\":\"https:\/\/medicina.udd.cl\/centro-bioetica\/noticias\/2014\/03\/03\/resena-libro-bioetica-clinica-narrativa\/\"},\"wordCount\":674,\"commentCount\":0,\"image\":{\"@id\":\"https:\/\/medicina.udd.cl\/centro-bioetica\/noticias\/2014\/03\/03\/resena-libro-bioetica-clinica-narrativa\/#primaryimage\"},\"thumbnailUrl\":\"https:\/\/medicina.udd.cl\/centro-bioetica\/files\/2014\/02\/Bio\u00e9tica-Narrativa.jpg\",\"articleSection\":[\"Rese\u00f1a\"],\"inLanguage\":\"es\",\"potentialAction\":[{\"@type\":\"CommentAction\",\"name\":\"Comment\",\"target\":[\"https:\/\/medicina.udd.cl\/centro-bioetica\/noticias\/2014\/03\/03\/resena-libro-bioetica-clinica-narrativa\/#respond\"]}]},{\"@type\":\"WebPage\",\"@id\":\"https:\/\/medicina.udd.cl\/centro-bioetica\/noticias\/2014\/03\/03\/resena-libro-bioetica-clinica-narrativa\/\",\"url\":\"https:\/\/medicina.udd.cl\/centro-bioetica\/noticias\/2014\/03\/03\/resena-libro-bioetica-clinica-narrativa\/\",\"name\":\"Rese\u00f1a Libro \\\"Bio\u00e9tica Cl\u00ednica Narrativa\\\"\",\"isPartOf\":{\"@id\":\"https:\/\/medicina.udd.cl\/centro-bioetica\/#website\"},\"primaryImageOfPage\":{\"@id\":\"https:\/\/medicina.udd.cl\/centro-bioetica\/noticias\/2014\/03\/03\/resena-libro-bioetica-clinica-narrativa\/#primaryimage\"},\"image\":{\"@id\":\"https:\/\/medicina.udd.cl\/centro-bioetica\/noticias\/2014\/03\/03\/resena-libro-bioetica-clinica-narrativa\/#primaryimage\"},\"thumbnailUrl\":\"https:\/\/medicina.udd.cl\/centro-bioetica\/files\/2014\/02\/Bio\u00e9tica-Narrativa.jpg\",\"datePublished\":\"2014-03-03T13:03:22+00:00\",\"dateModified\":\"2015-12-21T14:28:41+00:00\",\"author\":{\"@id\":\"\"},\"description\":\"Autores: Juan Pablo Beca y Mila Razmilic. De Editorial Mediterr\u00e1neo.\",\"breadcrumb\":{\"@id\":\"https:\/\/medicina.udd.cl\/centro-bioetica\/noticias\/2014\/03\/03\/resena-libro-bioetica-clinica-narrativa\/#breadcrumb\"},\"inLanguage\":\"es\",\"potentialAction\":[{\"@type\":\"ReadAction\",\"target\":[\"https:\/\/medicina.udd.cl\/centro-bioetica\/noticias\/2014\/03\/03\/resena-libro-bioetica-clinica-narrativa\/\"]}]},{\"@type\":\"ImageObject\",\"inLanguage\":\"es\",\"@id\":\"https:\/\/medicina.udd.cl\/centro-bioetica\/noticias\/2014\/03\/03\/resena-libro-bioetica-clinica-narrativa\/#primaryimage\",\"url\":\"https:\/\/medicina.udd.cl\/centro-bioetica\/files\/2014\/02\/Bio\u00e9tica-Narrativa.jpg\",\"contentUrl\":\"https:\/\/medicina.udd.cl\/centro-bioetica\/files\/2014\/02\/Bio\u00e9tica-Narrativa.jpg\",\"width\":347,\"height\":282},{\"@type\":\"BreadcrumbList\",\"@id\":\"https:\/\/medicina.udd.cl\/centro-bioetica\/noticias\/2014\/03\/03\/resena-libro-bioetica-clinica-narrativa\/#breadcrumb\",\"itemListElement\":[{\"@type\":\"ListItem\",\"position\":1,\"name\":\"Inicio\",\"item\":\"https:\/\/medicina.udd.cl\/centro-bioetica\/\"},{\"@type\":\"ListItem\",\"position\":2,\"name\":\"Rese\u00f1a Libro \u00abBio\u00e9tica Cl\u00ednica Narrativa\u00bb\"}]},{\"@type\":\"WebSite\",\"@id\":\"https:\/\/medicina.udd.cl\/centro-bioetica\/#website\",\"url\":\"https:\/\/medicina.udd.cl\/centro-bioetica\/\",\"name\":\"Centro de Bio\u00e9tica\",\"description\":\"Universidad del Desarrollo\",\"inLanguage\":\"es\"},{\"@type\":\"Person\",\"@id\":\"\",\"url\":\"https:\/\/medicina.udd.cl\/centro-bioetica\/noticias\/author\/\"}]}<\/script>\n<!-- \/ Yoast SEO plugin. -->","yoast_head_json":{"title":"Rese\u00f1a Libro \"Bio\u00e9tica Cl\u00ednica Narrativa\"","description":"Autores: Juan Pablo Beca y Mila Razmilic. De Editorial Mediterr\u00e1neo.","robots":{"index":"index","follow":"follow","max-snippet":"max-snippet:-1","max-image-preview":"max-image-preview:large","max-video-preview":"max-video-preview:-1"},"canonical":"https:\/\/medicina.udd.cl\/centro-bioetica\/noticias\/2014\/03\/03\/resena-libro-bioetica-clinica-narrativa\/","og_locale":"es_ES","og_type":"article","og_title":"Rese\u00f1a Libro \"Bio\u00e9tica Cl\u00ednica Narrativa\"","og_description":"Autores: Juan Pablo Beca y Mila Razmilic. De Editorial Mediterr\u00e1neo.","og_url":"https:\/\/medicina.udd.cl\/centro-bioetica\/noticias\/2014\/03\/03\/resena-libro-bioetica-clinica-narrativa\/","og_site_name":"Centro de Bio\u00e9tica","article_published_time":"2014-03-03T13:03:22+00:00","article_modified_time":"2015-12-21T14:28:41+00:00","og_image":[{"width":347,"height":282,"url":"https:\/\/medicina.udd.cl\/centro-bioetica\/files\/2014\/02\/Bio\u00e9tica-Narrativa.jpg","type":"image\/jpeg"}],"twitter_misc":{"Escrito por":"","Tiempo de lectura":"3 minutos"},"schema":{"@context":"https:\/\/schema.org","@graph":[{"@type":"Article","@id":"https:\/\/medicina.udd.cl\/centro-bioetica\/noticias\/2014\/03\/03\/resena-libro-bioetica-clinica-narrativa\/#article","isPartOf":{"@id":"https:\/\/medicina.udd.cl\/centro-bioetica\/noticias\/2014\/03\/03\/resena-libro-bioetica-clinica-narrativa\/"},"author":{"name":"","@id":""},"headline":"Rese\u00f1a Libro \u00abBio\u00e9tica Cl\u00ednica Narrativa\u00bb","datePublished":"2014-03-03T13:03:22+00:00","dateModified":"2015-12-21T14:28:41+00:00","mainEntityOfPage":{"@id":"https:\/\/medicina.udd.cl\/centro-bioetica\/noticias\/2014\/03\/03\/resena-libro-bioetica-clinica-narrativa\/"},"wordCount":674,"commentCount":0,"image":{"@id":"https:\/\/medicina.udd.cl\/centro-bioetica\/noticias\/2014\/03\/03\/resena-libro-bioetica-clinica-narrativa\/#primaryimage"},"thumbnailUrl":"https:\/\/medicina.udd.cl\/centro-bioetica\/files\/2014\/02\/Bio\u00e9tica-Narrativa.jpg","articleSection":["Rese\u00f1a"],"inLanguage":"es","potentialAction":[{"@type":"CommentAction","name":"Comment","target":["https:\/\/medicina.udd.cl\/centro-bioetica\/noticias\/2014\/03\/03\/resena-libro-bioetica-clinica-narrativa\/#respond"]}]},{"@type":"WebPage","@id":"https:\/\/medicina.udd.cl\/centro-bioetica\/noticias\/2014\/03\/03\/resena-libro-bioetica-clinica-narrativa\/","url":"https:\/\/medicina.udd.cl\/centro-bioetica\/noticias\/2014\/03\/03\/resena-libro-bioetica-clinica-narrativa\/","name":"Rese\u00f1a Libro \"Bio\u00e9tica Cl\u00ednica Narrativa\"","isPartOf":{"@id":"https:\/\/medicina.udd.cl\/centro-bioetica\/#website"},"primaryImageOfPage":{"@id":"https:\/\/medicina.udd.cl\/centro-bioetica\/noticias\/2014\/03\/03\/resena-libro-bioetica-clinica-narrativa\/#primaryimage"},"image":{"@id":"https:\/\/medicina.udd.cl\/centro-bioetica\/noticias\/2014\/03\/03\/resena-libro-bioetica-clinica-narrativa\/#primaryimage"},"thumbnailUrl":"https:\/\/medicina.udd.cl\/centro-bioetica\/files\/2014\/02\/Bio\u00e9tica-Narrativa.jpg","datePublished":"2014-03-03T13:03:22+00:00","dateModified":"2015-12-21T14:28:41+00:00","author":{"@id":""},"description":"Autores: Juan Pablo Beca y Mila Razmilic. De Editorial Mediterr\u00e1neo.","breadcrumb":{"@id":"https:\/\/medicina.udd.cl\/centro-bioetica\/noticias\/2014\/03\/03\/resena-libro-bioetica-clinica-narrativa\/#breadcrumb"},"inLanguage":"es","potentialAction":[{"@type":"ReadAction","target":["https:\/\/medicina.udd.cl\/centro-bioetica\/noticias\/2014\/03\/03\/resena-libro-bioetica-clinica-narrativa\/"]}]},{"@type":"ImageObject","inLanguage":"es","@id":"https:\/\/medicina.udd.cl\/centro-bioetica\/noticias\/2014\/03\/03\/resena-libro-bioetica-clinica-narrativa\/#primaryimage","url":"https:\/\/medicina.udd.cl\/centro-bioetica\/files\/2014\/02\/Bio\u00e9tica-Narrativa.jpg","contentUrl":"https:\/\/medicina.udd.cl\/centro-bioetica\/files\/2014\/02\/Bio\u00e9tica-Narrativa.jpg","width":347,"height":282},{"@type":"BreadcrumbList","@id":"https:\/\/medicina.udd.cl\/centro-bioetica\/noticias\/2014\/03\/03\/resena-libro-bioetica-clinica-narrativa\/#breadcrumb","itemListElement":[{"@type":"ListItem","position":1,"name":"Inicio","item":"https:\/\/medicina.udd.cl\/centro-bioetica\/"},{"@type":"ListItem","position":2,"name":"Rese\u00f1a Libro \u00abBio\u00e9tica Cl\u00ednica Narrativa\u00bb"}]},{"@type":"WebSite","@id":"https:\/\/medicina.udd.cl\/centro-bioetica\/#website","url":"https:\/\/medicina.udd.cl\/centro-bioetica\/","name":"Centro de Bio\u00e9tica","description":"Universidad del Desarrollo","inLanguage":"es"},{"@type":"Person","@id":"","url":"https:\/\/medicina.udd.cl\/centro-bioetica\/noticias\/author\/"}]}},"featured_image_url":"https:\/\/medicina.udd.cl\/centro-bioetica\/files\/2014\/02\/Bio\u00e9tica-Narrativa.jpg","_links":{"self":[{"href":"https:\/\/medicina.udd.cl\/centro-bioetica\/wp-json\/wp\/v2\/posts\/2648","targetHints":{"allow":["GET"]}}],"collection":[{"href":"https:\/\/medicina.udd.cl\/centro-bioetica\/wp-json\/wp\/v2\/posts"}],"about":[{"href":"https:\/\/medicina.udd.cl\/centro-bioetica\/wp-json\/wp\/v2\/types\/post"}],"author":[{"embeddable":true,"href":"https:\/\/medicina.udd.cl\/centro-bioetica\/wp-json\/wp\/v2\/users\/42"}],"replies":[{"embeddable":true,"href":"https:\/\/medicina.udd.cl\/centro-bioetica\/wp-json\/wp\/v2\/comments?post=2648"}],"version-history":[{"count":8,"href":"https:\/\/medicina.udd.cl\/centro-bioetica\/wp-json\/wp\/v2\/posts\/2648\/revisions"}],"predecessor-version":[{"id":3510,"href":"https:\/\/medicina.udd.cl\/centro-bioetica\/wp-json\/wp\/v2\/posts\/2648\/revisions\/3510"}],"wp:featuredmedia":[{"embeddable":true,"href":"https:\/\/medicina.udd.cl\/centro-bioetica\/wp-json\/wp\/v2\/media\/2637"}],"wp:attachment":[{"href":"https:\/\/medicina.udd.cl\/centro-bioetica\/wp-json\/wp\/v2\/media?parent=2648"}],"wp:term":[{"taxonomy":"category","embeddable":true,"href":"https:\/\/medicina.udd.cl\/centro-bioetica\/wp-json\/wp\/v2\/categories?post=2648"},{"taxonomy":"post_tag","embeddable":true,"href":"https:\/\/medicina.udd.cl\/centro-bioetica\/wp-json\/wp\/v2\/tags?post=2648"}],"curies":[{"name":"wp","href":"https:\/\/api.w.org\/{rel}","templated":true}]}}