{"id":2916,"date":"2014-07-07T15:27:45","date_gmt":"2014-07-07T19:27:45","guid":{"rendered":"http:\/\/medicina.udd.cl\/centro-bioetica\/?p=2916"},"modified":"2014-07-07T15:51:54","modified_gmt":"2014-07-07T19:51:54","slug":"finaliza-octava-version-del-seminario-internacional-de-bioetica","status":"publish","type":"post","link":"https:\/\/medicina.udd.cl\/centro-bioetica\/noticias\/2014\/07\/07\/finaliza-octava-version-del-seminario-internacional-de-bioetica\/","title":{"rendered":"Con \u00e9xito finaliza octava versi\u00f3n del Seminario Internacional de Bio\u00e9tica"},"content":{"rendered":"<p><strong><div id=\"gallery-1\" class=\"carousel slide carousel-gallery\" data-ride=\"false\" data-interval=\"false\"><div class=\"carousel-inner\" role=\"listbox\"><figure class=\"carousel-item active\"><img loading=\"lazy\" decoding=\"async\" width=\"676\" height=\"450\" src=\"https:\/\/medicina.udd.cl\/centro-bioetica\/files\/2014\/07\/Doctora-Carmen-Astete.jpg\" class=\"attachment-landscape_952 size-landscape_952 lazyload\" alt=\"\" sizes=\"auto, (max-width: 676px) 100vw, 676px\" data-src=\"https:\/\/medicina.udd.cl\/centro-bioetica\/files\/2014\/07\/Doctora-Carmen-Astete.jpg\" data-srcset=\"https:\/\/medicina.udd.cl\/centro-bioetica\/files\/2014\/07\/Doctora-Carmen-Astete.jpg 676w, https:\/\/medicina.udd.cl\/centro-bioetica\/files\/2014\/07\/Doctora-Carmen-Astete-300x200.jpg 300w\" \/><\/figure><figure class=\"carousel-item\"><img loading=\"lazy\" decoding=\"async\" width=\"676\" height=\"450\" src=\"https:\/\/medicina.udd.cl\/centro-bioetica\/files\/2014\/07\/Organizadores-y-Expositores.jpg\" class=\"attachment-landscape_952 size-landscape_952 lazyload\" alt=\"\" sizes=\"auto, (max-width: 676px) 100vw, 676px\" data-src=\"https:\/\/medicina.udd.cl\/centro-bioetica\/files\/2014\/07\/Organizadores-y-Expositores.jpg\" data-srcset=\"https:\/\/medicina.udd.cl\/centro-bioetica\/files\/2014\/07\/Organizadores-y-Expositores.jpg 676w, https:\/\/medicina.udd.cl\/centro-bioetica\/files\/2014\/07\/Organizadores-y-Expositores-300x200.jpg 300w\" \/><\/figure><figure class=\"carousel-item\"><img loading=\"lazy\" decoding=\"async\" width=\"676\" height=\"450\" src=\"https:\/\/medicina.udd.cl\/centro-bioetica\/files\/2014\/07\/Asistentes.jpg\" class=\"attachment-landscape_952 size-landscape_952 lazyload\" alt=\"\" sizes=\"auto, (max-width: 676px) 100vw, 676px\" data-src=\"https:\/\/medicina.udd.cl\/centro-bioetica\/files\/2014\/07\/Asistentes.jpg\" data-srcset=\"https:\/\/medicina.udd.cl\/centro-bioetica\/files\/2014\/07\/Asistentes.jpg 676w, https:\/\/medicina.udd.cl\/centro-bioetica\/files\/2014\/07\/Asistentes-300x200.jpg 300w\" \/><\/figure><figure class=\"carousel-item\"><img loading=\"lazy\" decoding=\"async\" width=\"676\" height=\"450\" src=\"https:\/\/medicina.udd.cl\/centro-bioetica\/files\/2014\/07\/Doctora-Lorna-Luco.jpg\" class=\"attachment-landscape_952 size-landscape_952 lazyload\" alt=\"\" sizes=\"auto, (max-width: 676px) 100vw, 676px\" data-src=\"https:\/\/medicina.udd.cl\/centro-bioetica\/files\/2014\/07\/Doctora-Lorna-Luco.jpg\" data-srcset=\"https:\/\/medicina.udd.cl\/centro-bioetica\/files\/2014\/07\/Doctora-Lorna-Luco.jpg 676w, https:\/\/medicina.udd.cl\/centro-bioetica\/files\/2014\/07\/Doctora-Lorna-Luco-300x200.jpg 300w\" \/><\/figure><figure class=\"carousel-item\"><img loading=\"lazy\" decoding=\"async\" width=\"676\" height=\"450\" src=\"https:\/\/medicina.udd.cl\/centro-bioetica\/files\/2014\/07\/Profesora-Bego\u00f1a-Roman.jpg\" class=\"attachment-landscape_952 size-landscape_952 lazyload\" alt=\"\" sizes=\"auto, (max-width: 676px) 100vw, 676px\" data-src=\"https:\/\/medicina.udd.cl\/centro-bioetica\/files\/2014\/07\/Profesora-Bego\u00f1a-Roman.jpg\" data-srcset=\"https:\/\/medicina.udd.cl\/centro-bioetica\/files\/2014\/07\/Profesora-Bego\u00f1a-Roman.jpg 676w, https:\/\/medicina.udd.cl\/centro-bioetica\/files\/2014\/07\/Profesora-Bego\u00f1a-Roman-300x200.jpg 300w\" \/><\/figure><figure class=\"carousel-item\"><img loading=\"lazy\" decoding=\"async\" width=\"602\" height=\"450\" src=\"https:\/\/medicina.udd.cl\/centro-bioetica\/files\/2014\/07\/Panel.jpg\" class=\"attachment-landscape_952 size-landscape_952 lazyload\" alt=\"\" sizes=\"auto, (max-width: 602px) 100vw, 602px\" data-src=\"https:\/\/medicina.udd.cl\/centro-bioetica\/files\/2014\/07\/Panel.jpg\" data-srcset=\"https:\/\/medicina.udd.cl\/centro-bioetica\/files\/2014\/07\/Panel.jpg 602w, https:\/\/medicina.udd.cl\/centro-bioetica\/files\/2014\/07\/Panel-300x224.jpg 300w\" \/><\/figure><figure class=\"carousel-item\"><img loading=\"lazy\" decoding=\"async\" width=\"676\" height=\"450\" src=\"https:\/\/medicina.udd.cl\/centro-bioetica\/files\/2014\/07\/M.-In\u00e9s-G\u00f3mez-Nuria-Terribias-Bego\u00f1a-Rom\u00e1n-Carmen-Astete-Lorna-Luco-Juan-Pablo-Beca.jpg\" class=\"attachment-landscape_952 size-landscape_952 lazyload\" alt=\"\" sizes=\"auto, (max-width: 676px) 100vw, 676px\" data-src=\"https:\/\/medicina.udd.cl\/centro-bioetica\/files\/2014\/07\/M.-In\u00e9s-G\u00f3mez-Nuria-Terribias-Bego\u00f1a-Rom\u00e1n-Carmen-Astete-Lorna-Luco-Juan-Pablo-Beca.jpg\" data-srcset=\"https:\/\/medicina.udd.cl\/centro-bioetica\/files\/2014\/07\/M.-In\u00e9s-G\u00f3mez-Nuria-Terribias-Bego\u00f1a-Rom\u00e1n-Carmen-Astete-Lorna-Luco-Juan-Pablo-Beca.jpg 676w, https:\/\/medicina.udd.cl\/centro-bioetica\/files\/2014\/07\/M.-In\u00e9s-G\u00f3mez-Nuria-Terribias-Bego\u00f1a-Rom\u00e1n-Carmen-Astete-Lorna-Luco-Juan-Pablo-Beca-300x200.jpg 300w\" \/><\/figure><\/div><footer class=\"carousel-footer\"><div class=\"carousel-counter\"><span class=\"carousel-counter-current\"><\/span> \/ <span class=\"carousel-counter-total\"><\/span><\/div><a class=\"carousel-control-prev\" href=\"#gallery-1\" role=\"button\" data-slide=\"prev\"><svg aria-hidden=\"true\" class=\"svg-chevron-left-dims\"><use xlink:href='https:\/\/medicina.udd.cl\/centro-bioetica\/wp-content\/themes\/facultades-2018\/assets\/img\/svg\/dist\/main.svg?version=1695853099#chevron-left'><\/use><\/svg><span class=\"sr-only\">Anterior<\/span><\/a><a class=\"carousel-control-next\" href=\"#gallery-1\" role=\"button\" data-slide=\"next\"><svg aria-hidden=\"true\" class=\"svg-chevron-right-dims\"><use xlink:href='https:\/\/medicina.udd.cl\/centro-bioetica\/wp-content\/themes\/facultades-2018\/assets\/img\/svg\/dist\/main.svg?version=1695853099#chevron-right'><\/use><\/svg><span class=\"sr-only\">Siguiente<\/span><\/a><\/footer><\/div><\/p>\n<p><\/strong><\/p>\n<p>&nbsp;<\/p>\n<p>\u201cLa responsabilidad del cuidado en el tratamiento m\u00e9dico\u00bb fue el nombre del <strong>VIII Seminario Internacional de Bio\u00e9tica<\/strong> realizado los d\u00edas 4 y 5 de julio en la <strong>Cl\u00ednica Alemana.<\/strong><\/p>\n<p>La actividad, organizada por el <strong>Centro de Bio\u00e9tica<\/strong> de la <a href=\"http:\/\/medicina.udd.cl\/\"><strong>Facultad de Medicina CAS-UDD<\/strong><\/a> y el <strong>Departamento Cient\u00edfico Docente<\/strong> de la <a href=\"http:\/\/portal.alemana.cl\/wps\/wcm\/connect\/internet\/home\"><strong>Cl\u00ednica Alemana de Santiago<\/strong><\/a>, tuvo como objetivo generar un espacio de discusi\u00f3n y reflexi\u00f3n sobre la importancia del cuidado en el tratamiento m\u00e9dico, dimensionando la responsabilidad \u00e9tico y jur\u00eddica que involucra esta acci\u00f3n en la atenci\u00f3n en salud.<\/p>\n<p>En su octava versi\u00f3n, el Seminario cont\u00f3 con la participaci\u00f3n de destacados expositores nacionales e internacionales, entre ellos las profesoras <strong>Nuria Terribas<\/strong>, directora del <strong><a href=\"http:\/\/www.ibbioetica.org\/es\/#&amp;panel1-1\">Instituto Borja de Bio\u00e9tica de la Universidad Ram\u00f3n Llull<\/a><\/strong>, y <strong>Bego\u00f1a Rom\u00e1n<\/strong>, doctora en Filosof\u00eda y profesora titular de la<strong><a href=\"http:\/\/www.ub.edu\/web\/ub\/ca\/\"> Universidad de Barcelona.<\/a><\/strong><\/p>\n<p>La profesora Rom\u00e1n realiz\u00f3 la conferencia \u201cCuidado integral. Aspectos \u00e9ticos y filos\u00f3ficos\u201d. En ella, defini\u00f3 esta acci\u00f3n y lo fundamental que es para la dignidad de las personas, abordando todos los aspectos que debe considerar y se\u00f1alando que la \u00e9tica del cuidado es un deber. \u00a0\u201cSi el cuidado no es integral, simplemente no es cuidado\u201d, enfatiz\u00f3.<\/p>\n<p>Otra de las exposiciones estuvo a cargo de la doctora Lorna Luco, docente del Centro de Bio\u00e9tica y a cargo de la organizaci\u00f3n de este Seminario, quien abord\u00f3 la interrogante \u00bfcu\u00e1ndo y por qu\u00e9 del cuidado?, ahondando en las obligaciones de quienes est\u00e1n a cargo de los pacientes y lo fundamental que es integrar el curar con el cuidar.<\/p>\n<p>A su vez, se realiz\u00f3 el panel \u201cCuidado del Cuidador\u201d, dirigido por el doctor Juan Pablo Beca del Centro de Bio\u00e9tica, en donde se expuso acerca del S\u00edndrome de Burn out, la necesidad de capacitar al cuidador y el rol de las organizaciones sociales y grupos de apoyo en el cuidado. \u00c9sta \u00faltima tem\u00e1tica estuvo a cargo de la se\u00f1ora Sandra Rastello, creadora y voluntaria del Grupo de Apoyo a Padres de Pediatr\u00eda y Neonatolog\u00eda de Cuidados Intensivos de la Cl\u00ednica Alemana.<\/p>\n<p>Otros de los temas tratados fueron las consideraciones \u00e9ticas en el cuidado de pacientes con enfermedades cr\u00f3nicas, los l\u00edmites en la obligaci\u00f3n del cuidado, y el marco jur\u00eddico del deber de cuidado de los equipos y prestadores de salud en Chile.<\/p>\n<p>&nbsp;<\/p>\n","protected":false},"excerpt":{"rendered":"<p>La responsabilidad del cuidado en el tratamiento m\u00e9dico fue el eje de la actividad que se realiz\u00f3 el 4 y 5 de julio en la Cl\u00ednica Alemana.<\/p>\n","protected":false},"author":42,"featured_media":2920,"comment_status":"open","ping_status":"open","sticky":false,"template":"","format":"standard","meta":{"footnotes":""},"categories":[4],"tags":[],"class_list":["post-2916","post","type-post","status-publish","format-standard","has-post-thumbnail","hentry","category-noticias"],"yoast_head":"<!-- This site is optimized with the Yoast SEO plugin v26.9 - https:\/\/yoast.com\/product\/yoast-seo-wordpress\/ -->\n<title>VIII Seminario Internacional de Bio\u00e9tica | UDD<\/title>\n<meta name=\"description\" content=\"La responsabilidad del cuidado en el tratamiento m\u00e9dico fue el eje de la actividad de la actividad que se realiz\u00f3 en la Cl\u00ednica Alemana.\" \/>\n<meta name=\"robots\" content=\"index, follow, max-snippet:-1, max-image-preview:large, max-video-preview:-1\" \/>\n<link rel=\"canonical\" href=\"https:\/\/medicina.udd.cl\/centro-bioetica\/noticias\/2014\/07\/07\/finaliza-octava-version-del-seminario-internacional-de-bioetica\/\" \/>\n<meta property=\"og:locale\" content=\"es_ES\" \/>\n<meta property=\"og:type\" content=\"article\" \/>\n<meta property=\"og:title\" content=\"VIII Seminario Internacional de Bio\u00e9tica | UDD\" \/>\n<meta property=\"og:description\" content=\"La responsabilidad del cuidado en el tratamiento m\u00e9dico fue el eje de la actividad de la actividad que se realiz\u00f3 en la Cl\u00ednica Alemana.\" \/>\n<meta property=\"og:url\" content=\"https:\/\/medicina.udd.cl\/centro-bioetica\/noticias\/2014\/07\/07\/finaliza-octava-version-del-seminario-internacional-de-bioetica\/\" \/>\n<meta property=\"og:site_name\" content=\"Centro de Bio\u00e9tica\" \/>\n<meta property=\"article:published_time\" content=\"2014-07-07T19:27:45+00:00\" \/>\n<meta property=\"article:modified_time\" content=\"2014-07-07T19:51:54+00:00\" \/>\n<meta property=\"og:image\" content=\"https:\/\/medicina.udd.cl\/centro-bioetica\/files\/2014\/07\/M.-In\u00e9s-G\u00f3mez-Nuria-Terribias-Bego\u00f1a-Rom\u00e1n-Carmen-Astete-Lorna-Luco-Juan-Pablo-Beca.jpg\" \/>\n\t<meta property=\"og:image:width\" content=\"676\" \/>\n\t<meta property=\"og:image:height\" content=\"450\" \/>\n\t<meta property=\"og:image:type\" content=\"image\/jpeg\" \/>\n<meta name=\"twitter:label1\" content=\"Escrito por\" \/>\n\t<meta name=\"twitter:data1\" content=\"\" \/>\n\t<meta name=\"twitter:label2\" content=\"Tiempo de lectura\" \/>\n\t<meta name=\"twitter:data2\" content=\"2 minutos\" \/>\n<script type=\"application\/ld+json\" class=\"yoast-schema-graph\">{\"@context\":\"https:\/\/schema.org\",\"@graph\":[{\"@type\":\"Article\",\"@id\":\"https:\/\/medicina.udd.cl\/centro-bioetica\/noticias\/2014\/07\/07\/finaliza-octava-version-del-seminario-internacional-de-bioetica\/#article\",\"isPartOf\":{\"@id\":\"https:\/\/medicina.udd.cl\/centro-bioetica\/noticias\/2014\/07\/07\/finaliza-octava-version-del-seminario-internacional-de-bioetica\/\"},\"author\":{\"name\":\"\",\"@id\":\"\"},\"headline\":\"Con \u00e9xito finaliza octava versi\u00f3n del Seminario Internacional de Bio\u00e9tica\",\"datePublished\":\"2014-07-07T19:27:45+00:00\",\"dateModified\":\"2014-07-07T19:51:54+00:00\",\"mainEntityOfPage\":{\"@id\":\"https:\/\/medicina.udd.cl\/centro-bioetica\/noticias\/2014\/07\/07\/finaliza-octava-version-del-seminario-internacional-de-bioetica\/\"},\"wordCount\":426,\"commentCount\":0,\"image\":{\"@id\":\"https:\/\/medicina.udd.cl\/centro-bioetica\/noticias\/2014\/07\/07\/finaliza-octava-version-del-seminario-internacional-de-bioetica\/#primaryimage\"},\"thumbnailUrl\":\"https:\/\/medicina.udd.cl\/centro-bioetica\/files\/2014\/07\/M.-In\u00e9s-G\u00f3mez-Nuria-Terribias-Bego\u00f1a-Rom\u00e1n-Carmen-Astete-Lorna-Luco-Juan-Pablo-Beca.jpg\",\"articleSection\":[\"Noticias\"],\"inLanguage\":\"es\",\"potentialAction\":[{\"@type\":\"CommentAction\",\"name\":\"Comment\",\"target\":[\"https:\/\/medicina.udd.cl\/centro-bioetica\/noticias\/2014\/07\/07\/finaliza-octava-version-del-seminario-internacional-de-bioetica\/#respond\"]}]},{\"@type\":\"WebPage\",\"@id\":\"https:\/\/medicina.udd.cl\/centro-bioetica\/noticias\/2014\/07\/07\/finaliza-octava-version-del-seminario-internacional-de-bioetica\/\",\"url\":\"https:\/\/medicina.udd.cl\/centro-bioetica\/noticias\/2014\/07\/07\/finaliza-octava-version-del-seminario-internacional-de-bioetica\/\",\"name\":\"VIII Seminario Internacional de Bio\u00e9tica | UDD\",\"isPartOf\":{\"@id\":\"https:\/\/medicina.udd.cl\/centro-bioetica\/#website\"},\"primaryImageOfPage\":{\"@id\":\"https:\/\/medicina.udd.cl\/centro-bioetica\/noticias\/2014\/07\/07\/finaliza-octava-version-del-seminario-internacional-de-bioetica\/#primaryimage\"},\"image\":{\"@id\":\"https:\/\/medicina.udd.cl\/centro-bioetica\/noticias\/2014\/07\/07\/finaliza-octava-version-del-seminario-internacional-de-bioetica\/#primaryimage\"},\"thumbnailUrl\":\"https:\/\/medicina.udd.cl\/centro-bioetica\/files\/2014\/07\/M.-In\u00e9s-G\u00f3mez-Nuria-Terribias-Bego\u00f1a-Rom\u00e1n-Carmen-Astete-Lorna-Luco-Juan-Pablo-Beca.jpg\",\"datePublished\":\"2014-07-07T19:27:45+00:00\",\"dateModified\":\"2014-07-07T19:51:54+00:00\",\"author\":{\"@id\":\"\"},\"description\":\"La responsabilidad del cuidado en el tratamiento m\u00e9dico fue el eje de la actividad de la actividad que se realiz\u00f3 en la Cl\u00ednica Alemana.\",\"breadcrumb\":{\"@id\":\"https:\/\/medicina.udd.cl\/centro-bioetica\/noticias\/2014\/07\/07\/finaliza-octava-version-del-seminario-internacional-de-bioetica\/#breadcrumb\"},\"inLanguage\":\"es\",\"potentialAction\":[{\"@type\":\"ReadAction\",\"target\":[\"https:\/\/medicina.udd.cl\/centro-bioetica\/noticias\/2014\/07\/07\/finaliza-octava-version-del-seminario-internacional-de-bioetica\/\"]}]},{\"@type\":\"ImageObject\",\"inLanguage\":\"es\",\"@id\":\"https:\/\/medicina.udd.cl\/centro-bioetica\/noticias\/2014\/07\/07\/finaliza-octava-version-del-seminario-internacional-de-bioetica\/#primaryimage\",\"url\":\"https:\/\/medicina.udd.cl\/centro-bioetica\/files\/2014\/07\/M.-In\u00e9s-G\u00f3mez-Nuria-Terribias-Bego\u00f1a-Rom\u00e1n-Carmen-Astete-Lorna-Luco-Juan-Pablo-Beca.jpg\",\"contentUrl\":\"https:\/\/medicina.udd.cl\/centro-bioetica\/files\/2014\/07\/M.-In\u00e9s-G\u00f3mez-Nuria-Terribias-Bego\u00f1a-Rom\u00e1n-Carmen-Astete-Lorna-Luco-Juan-Pablo-Beca.jpg\",\"width\":676,\"height\":450},{\"@type\":\"BreadcrumbList\",\"@id\":\"https:\/\/medicina.udd.cl\/centro-bioetica\/noticias\/2014\/07\/07\/finaliza-octava-version-del-seminario-internacional-de-bioetica\/#breadcrumb\",\"itemListElement\":[{\"@type\":\"ListItem\",\"position\":1,\"name\":\"Inicio\",\"item\":\"https:\/\/medicina.udd.cl\/centro-bioetica\/\"},{\"@type\":\"ListItem\",\"position\":2,\"name\":\"Con \u00e9xito finaliza octava versi\u00f3n del Seminario Internacional de Bio\u00e9tica\"}]},{\"@type\":\"WebSite\",\"@id\":\"https:\/\/medicina.udd.cl\/centro-bioetica\/#website\",\"url\":\"https:\/\/medicina.udd.cl\/centro-bioetica\/\",\"name\":\"Centro de Bio\u00e9tica\",\"description\":\"Universidad del Desarrollo\",\"inLanguage\":\"es\"},{\"@type\":\"Person\",\"@id\":\"\",\"url\":\"https:\/\/medicina.udd.cl\/centro-bioetica\/noticias\/author\/\"}]}<\/script>\n<!-- \/ Yoast SEO plugin. -->","yoast_head_json":{"title":"VIII Seminario Internacional de Bio\u00e9tica | UDD","description":"La responsabilidad del cuidado en el tratamiento m\u00e9dico fue el eje de la actividad de la actividad que se realiz\u00f3 en la Cl\u00ednica Alemana.","robots":{"index":"index","follow":"follow","max-snippet":"max-snippet:-1","max-image-preview":"max-image-preview:large","max-video-preview":"max-video-preview:-1"},"canonical":"https:\/\/medicina.udd.cl\/centro-bioetica\/noticias\/2014\/07\/07\/finaliza-octava-version-del-seminario-internacional-de-bioetica\/","og_locale":"es_ES","og_type":"article","og_title":"VIII Seminario Internacional de Bio\u00e9tica | UDD","og_description":"La responsabilidad del cuidado en el tratamiento m\u00e9dico fue el eje de la actividad de la actividad que se realiz\u00f3 en la Cl\u00ednica Alemana.","og_url":"https:\/\/medicina.udd.cl\/centro-bioetica\/noticias\/2014\/07\/07\/finaliza-octava-version-del-seminario-internacional-de-bioetica\/","og_site_name":"Centro de Bio\u00e9tica","article_published_time":"2014-07-07T19:27:45+00:00","article_modified_time":"2014-07-07T19:51:54+00:00","og_image":[{"width":676,"height":450,"url":"https:\/\/medicina.udd.cl\/centro-bioetica\/files\/2014\/07\/M.-In\u00e9s-G\u00f3mez-Nuria-Terribias-Bego\u00f1a-Rom\u00e1n-Carmen-Astete-Lorna-Luco-Juan-Pablo-Beca.jpg","type":"image\/jpeg"}],"twitter_misc":{"Escrito por":"","Tiempo de lectura":"2 minutos"},"schema":{"@context":"https:\/\/schema.org","@graph":[{"@type":"Article","@id":"https:\/\/medicina.udd.cl\/centro-bioetica\/noticias\/2014\/07\/07\/finaliza-octava-version-del-seminario-internacional-de-bioetica\/#article","isPartOf":{"@id":"https:\/\/medicina.udd.cl\/centro-bioetica\/noticias\/2014\/07\/07\/finaliza-octava-version-del-seminario-internacional-de-bioetica\/"},"author":{"name":"","@id":""},"headline":"Con \u00e9xito finaliza octava versi\u00f3n del Seminario Internacional de Bio\u00e9tica","datePublished":"2014-07-07T19:27:45+00:00","dateModified":"2014-07-07T19:51:54+00:00","mainEntityOfPage":{"@id":"https:\/\/medicina.udd.cl\/centro-bioetica\/noticias\/2014\/07\/07\/finaliza-octava-version-del-seminario-internacional-de-bioetica\/"},"wordCount":426,"commentCount":0,"image":{"@id":"https:\/\/medicina.udd.cl\/centro-bioetica\/noticias\/2014\/07\/07\/finaliza-octava-version-del-seminario-internacional-de-bioetica\/#primaryimage"},"thumbnailUrl":"https:\/\/medicina.udd.cl\/centro-bioetica\/files\/2014\/07\/M.-In\u00e9s-G\u00f3mez-Nuria-Terribias-Bego\u00f1a-Rom\u00e1n-Carmen-Astete-Lorna-Luco-Juan-Pablo-Beca.jpg","articleSection":["Noticias"],"inLanguage":"es","potentialAction":[{"@type":"CommentAction","name":"Comment","target":["https:\/\/medicina.udd.cl\/centro-bioetica\/noticias\/2014\/07\/07\/finaliza-octava-version-del-seminario-internacional-de-bioetica\/#respond"]}]},{"@type":"WebPage","@id":"https:\/\/medicina.udd.cl\/centro-bioetica\/noticias\/2014\/07\/07\/finaliza-octava-version-del-seminario-internacional-de-bioetica\/","url":"https:\/\/medicina.udd.cl\/centro-bioetica\/noticias\/2014\/07\/07\/finaliza-octava-version-del-seminario-internacional-de-bioetica\/","name":"VIII Seminario Internacional de Bio\u00e9tica | UDD","isPartOf":{"@id":"https:\/\/medicina.udd.cl\/centro-bioetica\/#website"},"primaryImageOfPage":{"@id":"https:\/\/medicina.udd.cl\/centro-bioetica\/noticias\/2014\/07\/07\/finaliza-octava-version-del-seminario-internacional-de-bioetica\/#primaryimage"},"image":{"@id":"https:\/\/medicina.udd.cl\/centro-bioetica\/noticias\/2014\/07\/07\/finaliza-octava-version-del-seminario-internacional-de-bioetica\/#primaryimage"},"thumbnailUrl":"https:\/\/medicina.udd.cl\/centro-bioetica\/files\/2014\/07\/M.-In\u00e9s-G\u00f3mez-Nuria-Terribias-Bego\u00f1a-Rom\u00e1n-Carmen-Astete-Lorna-Luco-Juan-Pablo-Beca.jpg","datePublished":"2014-07-07T19:27:45+00:00","dateModified":"2014-07-07T19:51:54+00:00","author":{"@id":""},"description":"La responsabilidad del cuidado en el tratamiento m\u00e9dico fue el eje de la actividad de la actividad que se realiz\u00f3 en la Cl\u00ednica Alemana.","breadcrumb":{"@id":"https:\/\/medicina.udd.cl\/centro-bioetica\/noticias\/2014\/07\/07\/finaliza-octava-version-del-seminario-internacional-de-bioetica\/#breadcrumb"},"inLanguage":"es","potentialAction":[{"@type":"ReadAction","target":["https:\/\/medicina.udd.cl\/centro-bioetica\/noticias\/2014\/07\/07\/finaliza-octava-version-del-seminario-internacional-de-bioetica\/"]}]},{"@type":"ImageObject","inLanguage":"es","@id":"https:\/\/medicina.udd.cl\/centro-bioetica\/noticias\/2014\/07\/07\/finaliza-octava-version-del-seminario-internacional-de-bioetica\/#primaryimage","url":"https:\/\/medicina.udd.cl\/centro-bioetica\/files\/2014\/07\/M.-In\u00e9s-G\u00f3mez-Nuria-Terribias-Bego\u00f1a-Rom\u00e1n-Carmen-Astete-Lorna-Luco-Juan-Pablo-Beca.jpg","contentUrl":"https:\/\/medicina.udd.cl\/centro-bioetica\/files\/2014\/07\/M.-In\u00e9s-G\u00f3mez-Nuria-Terribias-Bego\u00f1a-Rom\u00e1n-Carmen-Astete-Lorna-Luco-Juan-Pablo-Beca.jpg","width":676,"height":450},{"@type":"BreadcrumbList","@id":"https:\/\/medicina.udd.cl\/centro-bioetica\/noticias\/2014\/07\/07\/finaliza-octava-version-del-seminario-internacional-de-bioetica\/#breadcrumb","itemListElement":[{"@type":"ListItem","position":1,"name":"Inicio","item":"https:\/\/medicina.udd.cl\/centro-bioetica\/"},{"@type":"ListItem","position":2,"name":"Con \u00e9xito finaliza octava versi\u00f3n del Seminario Internacional de Bio\u00e9tica"}]},{"@type":"WebSite","@id":"https:\/\/medicina.udd.cl\/centro-bioetica\/#website","url":"https:\/\/medicina.udd.cl\/centro-bioetica\/","name":"Centro de Bio\u00e9tica","description":"Universidad del Desarrollo","inLanguage":"es"},{"@type":"Person","@id":"","url":"https:\/\/medicina.udd.cl\/centro-bioetica\/noticias\/author\/"}]}},"featured_image_url":"https:\/\/medicina.udd.cl\/centro-bioetica\/files\/2014\/07\/M.-In\u00e9s-G\u00f3mez-Nuria-Terribias-Bego\u00f1a-Rom\u00e1n-Carmen-Astete-Lorna-Luco-Juan-Pablo-Beca.jpg","_links":{"self":[{"href":"https:\/\/medicina.udd.cl\/centro-bioetica\/wp-json\/wp\/v2\/posts\/2916","targetHints":{"allow":["GET"]}}],"collection":[{"href":"https:\/\/medicina.udd.cl\/centro-bioetica\/wp-json\/wp\/v2\/posts"}],"about":[{"href":"https:\/\/medicina.udd.cl\/centro-bioetica\/wp-json\/wp\/v2\/types\/post"}],"author":[{"embeddable":true,"href":"https:\/\/medicina.udd.cl\/centro-bioetica\/wp-json\/wp\/v2\/users\/42"}],"replies":[{"embeddable":true,"href":"https:\/\/medicina.udd.cl\/centro-bioetica\/wp-json\/wp\/v2\/comments?post=2916"}],"version-history":[{"count":9,"href":"https:\/\/medicina.udd.cl\/centro-bioetica\/wp-json\/wp\/v2\/posts\/2916\/revisions"}],"predecessor-version":[{"id":2932,"href":"https:\/\/medicina.udd.cl\/centro-bioetica\/wp-json\/wp\/v2\/posts\/2916\/revisions\/2932"}],"wp:featuredmedia":[{"embeddable":true,"href":"https:\/\/medicina.udd.cl\/centro-bioetica\/wp-json\/wp\/v2\/media\/2920"}],"wp:attachment":[{"href":"https:\/\/medicina.udd.cl\/centro-bioetica\/wp-json\/wp\/v2\/media?parent=2916"}],"wp:term":[{"taxonomy":"category","embeddable":true,"href":"https:\/\/medicina.udd.cl\/centro-bioetica\/wp-json\/wp\/v2\/categories?post=2916"},{"taxonomy":"post_tag","embeddable":true,"href":"https:\/\/medicina.udd.cl\/centro-bioetica\/wp-json\/wp\/v2\/tags?post=2916"}],"curies":[{"name":"wp","href":"https:\/\/api.w.org\/{rel}","templated":true}]}}