{"id":3205,"date":"2015-02-20T14:37:32","date_gmt":"2015-02-20T17:37:32","guid":{"rendered":"http:\/\/medicina.udd.cl\/centro-bioetica\/?p=3205"},"modified":"2015-02-20T14:37:32","modified_gmt":"2015-02-20T17:37:32","slug":"aborto-y-diagnostico","status":"publish","type":"post","link":"https:\/\/medicina.udd.cl\/centro-bioetica\/noticias\/2015\/02\/20\/aborto-y-diagnostico\/","title":{"rendered":"Aborto y diagn\u00f3stico"},"content":{"rendered":"<p><strong><a href=\"http:\/\/medicina.udd.cl\/centro-bioetica\/files\/2015\/02\/Aborto-y-Diagnostico-Mercurio.pdf\">Aborto y diagn\u00f3stico<\/a><\/strong><\/p>\n<p>El Mercurio &#8211; 2 de febrero de 2015<\/p>\n<p>Se\u00f1or Director:<\/p>\n<p>La emocionante\u00a0<b>carta de Rodrigo D\u00edaz de Vald\u00e9s<\/b>\u00a0publicada hace algunos d\u00edas deber\u00eda motivar a mucha reflexi\u00f3n de parte de los lectores y de los legisladores. Sin duda que Mar\u00eda vive y vivir\u00e1 por los avances de la medicina, pero especialmente gracias al amor y abnegaci\u00f3n de su madre y su padre, de lo cual soy testigo como uno de sus m\u00e9dicos. Pero este testimonio muestra que a\u00fan con los conocimientos y tecnolog\u00eda actuales los diagn\u00f3sticos y los pron\u00f3sticos siguen siendo inciertos. En el tema del aborto, y ante la pr\u00f3xima discusi\u00f3n legislativa, resulta oportuno tener muy presente esta incertidumbre, particularmente al considerar la posible regulaci\u00f3n del aborto por malformaci\u00f3n fetal y el aborto terap\u00e9utico.<\/p>\n<p>El aborto es la interrupci\u00f3n del embarazo cuando el embri\u00f3n o feto no es viable fuera del \u00fatero por su inmadurez, es decir, menos de 22-23 semanas de gestaci\u00f3n. Por aborto eugen\u00e9sico se entiende el aborto inducido con la intenci\u00f3n de evitar el nacimiento de un ni\u00f1o portador de una anomal\u00eda fetal incompatible con la vida posnatal, o el de un ni\u00f1o severamente malformado. Resulta equ\u00edvoco por lo tanto llamarlo feto inviable, pues su riesgo de vida o de calidad de vida no depende de su viabilidad, sino de la gravedad de sus malformaciones. Dada la incertidumbre ya se\u00f1alada de los diagn\u00f3sticos y pron\u00f3sticos m\u00e9dicos, la legislaci\u00f3n deber\u00e1 ser muy exigente y precisa si aprueba la despenalizaci\u00f3n del aborto eugen\u00e9sico, para evitar que bajo esta denominaci\u00f3n se incluyan anomal\u00edas fetales subsanables con el debido apoyo profesional.<\/p>\n<p>Por aborto terap\u00e9utico se debe entender el aborto inducido con la intenci\u00f3n de proteger la salud o la vida de la embarazada cuando estas se encuentran en grave riesgo. Nuevamente la eventual despenalizaci\u00f3n de esta causal de aborto enfrenta la necesidad de la mayor seguridad posible de los diagn\u00f3sticos y pron\u00f3sticos, aceptando que siempre puede haber grados de incertidumbre. Sin embargo el legislador deber\u00e1 precisar primero si se refiere a riesgo de vida o a riesgo de salud de la madre, por cuanto este \u00faltimo resulta tan amplio que llega a confundirse con el aborto libre o a demanda (por la sola petici\u00f3n de la mujer). Por otra parte las enfermedades maternas o del embarazo que ponen en riesgo la vida de la madre requieren ser precisadas lo m\u00e1s posible, pues tambi\u00e9n en estas situaciones puede haber demasiada inseguridad.<\/p>\n<p>El debate sobre las causales de despenalizaci\u00f3n, para llegar a una legislaci\u00f3n justa y razonable, necesita ser plural, respetuoso de las diferentes perspectivas, basado en evidencia cient\u00edfica, emplear terminolog\u00eda bien definida y dejar de lado las razones emocionales o ideol\u00f3gicas que llevan a la intolerancia y a la polarizaci\u00f3n de la discusi\u00f3n.<\/p>\n<p><b><span style=\"text-decoration: underline;\">Dr. Juan Pablo Beca I.<\/span><\/b><br \/>\nCentro de Bio\u00e9tica, Facultad de Medicina<br \/>\nCl\u00ednica Alemana Universidad del Desarrollo<\/p>\n<p>&nbsp;<\/p>\n<p>28 enero de 2015<\/p>\n<p>Se\u00f1or Director:<\/p>\n<p>Hace unos d\u00edas le\u00edmos\u00a0<b>el testimonio del Dr. Blanco<\/b>, refiri\u00e9ndose de manera encomiable al t\u00e9rmino natural del embarazo de un feto anencef\u00e1lico, que al poco tiempo de nacer, y breves minutos antes de morir, fue bautizado. Aludiendo a este caso,\u00a0<b>el profesor Squella respetuosamente se pregunta<\/b>\u00a0si es posible imponer las creencias del Dr. Blanco a otros no creyentes, penalizando el aborto cuando existe un caso \u00abcertero\u00bb de inviabilidad fetal.<\/p>\n<p>Cabe preguntarse aqu\u00ed algo que muchos olvidan en esta discusi\u00f3n: \u00bfCu\u00e1n \u00abcertero\u00bb puede ser un diagn\u00f3stico m\u00e9dico respecto a la inviabilidad de un feto?<\/p>\n<p>Hace un tiempo se le dijo a una madre que su hija morir\u00eda al nacer. Su embarazo era claramente inviable. Seis de los mejores m\u00e9dicos de Chile as\u00ed lo confirmaban. Luego, chequearon su diagn\u00f3stico con m\u00e9dicos del extranjero, y la conclusi\u00f3n fue la misma. Su hija morir\u00eda a minutos de nacer. Se trataba de un diagn\u00f3stico que seg\u00fan la ciencia m\u00e9dica era \u00abcertero\u00bb.<\/p>\n<p>Pues bien, la ni\u00f1a naci\u00f3, vivi\u00f3 y vivir\u00e1. Se llama Mar\u00eda, es mi hija y hoy cumple 1 a\u00f1o 4 meses.<\/p>\n<p>Ahora, invirtiendo la pregunta del profesor Squella: \u00bfEs posible imponer las creencias de otros y transformar en algo legalmente aceptable el aborto de un ser humano como mi hija?<\/p>\n<p><b><span style=\"text-decoration: underline;\">Rodrigo D\u00edaz de Vald\u00e9s B.<\/span><\/b><\/p>\n","protected":false},"excerpt":{"rendered":"<p>Aborto y diagn\u00f3stico El Mercurio &#8211; 2 de febrero de 2015 Se\u00f1or Director: La emocionante\u00a0carta de Rodrigo D\u00edaz de Vald\u00e9s\u00a0publicada hace algunos d\u00edas deber\u00eda motivar a mucha reflexi\u00f3n de parte de los lectores y de los legisladores. Sin duda que Mar\u00eda vive y vivir\u00e1 por los avances de la medicina, pero especialmente gracias al amor [&hellip;]<\/p>\n","protected":false},"author":42,"featured_media":0,"comment_status":"open","ping_status":"open","sticky":false,"template":"","format":"standard","meta":{"footnotes":""},"categories":[5981],"tags":[],"class_list":["post-3205","post","type-post","status-publish","format-standard","hentry","category-inserciones-de-prensa"],"yoast_head":"<!-- This site is optimized with the Yoast SEO plugin v26.9 - https:\/\/yoast.com\/product\/yoast-seo-wordpress\/ -->\n<title>Aborto y diagn\u00f3stico - Centro de Bio\u00e9tica<\/title>\n<meta name=\"robots\" content=\"index, follow, max-snippet:-1, max-image-preview:large, max-video-preview:-1\" \/>\n<link rel=\"canonical\" href=\"https:\/\/medicina.udd.cl\/centro-bioetica\/noticias\/2015\/02\/20\/aborto-y-diagnostico\/\" \/>\n<meta property=\"og:locale\" content=\"es_ES\" \/>\n<meta property=\"og:type\" content=\"article\" \/>\n<meta property=\"og:title\" content=\"Aborto y diagn\u00f3stico - Centro de Bio\u00e9tica\" \/>\n<meta property=\"og:description\" content=\"Aborto y diagn\u00f3stico El Mercurio &#8211; 2 de febrero de 2015 Se\u00f1or Director: La emocionante\u00a0carta de Rodrigo D\u00edaz de Vald\u00e9s\u00a0publicada hace algunos d\u00edas deber\u00eda motivar a mucha reflexi\u00f3n de parte de los lectores y de los legisladores. Sin duda que Mar\u00eda vive y vivir\u00e1 por los avances de la medicina, pero especialmente gracias al amor [&hellip;]\" \/>\n<meta property=\"og:url\" content=\"https:\/\/medicina.udd.cl\/centro-bioetica\/noticias\/2015\/02\/20\/aborto-y-diagnostico\/\" \/>\n<meta property=\"og:site_name\" content=\"Centro de Bio\u00e9tica\" \/>\n<meta property=\"article:published_time\" content=\"2015-02-20T17:37:32+00:00\" \/>\n<meta name=\"twitter:label1\" content=\"Escrito por\" \/>\n\t<meta name=\"twitter:data1\" content=\"\" \/>\n\t<meta name=\"twitter:label2\" content=\"Tiempo de lectura\" \/>\n\t<meta name=\"twitter:data2\" content=\"4 minutos\" \/>\n<script type=\"application\/ld+json\" class=\"yoast-schema-graph\">{\"@context\":\"https:\/\/schema.org\",\"@graph\":[{\"@type\":\"Article\",\"@id\":\"https:\/\/medicina.udd.cl\/centro-bioetica\/noticias\/2015\/02\/20\/aborto-y-diagnostico\/#article\",\"isPartOf\":{\"@id\":\"https:\/\/medicina.udd.cl\/centro-bioetica\/noticias\/2015\/02\/20\/aborto-y-diagnostico\/\"},\"author\":{\"name\":\"\",\"@id\":\"\"},\"headline\":\"Aborto y diagn\u00f3stico\",\"datePublished\":\"2015-02-20T17:37:32+00:00\",\"mainEntityOfPage\":{\"@id\":\"https:\/\/medicina.udd.cl\/centro-bioetica\/noticias\/2015\/02\/20\/aborto-y-diagnostico\/\"},\"wordCount\":766,\"commentCount\":0,\"articleSection\":[\"Inserciones de prensa\"],\"inLanguage\":\"es\",\"potentialAction\":[{\"@type\":\"CommentAction\",\"name\":\"Comment\",\"target\":[\"https:\/\/medicina.udd.cl\/centro-bioetica\/noticias\/2015\/02\/20\/aborto-y-diagnostico\/#respond\"]}]},{\"@type\":\"WebPage\",\"@id\":\"https:\/\/medicina.udd.cl\/centro-bioetica\/noticias\/2015\/02\/20\/aborto-y-diagnostico\/\",\"url\":\"https:\/\/medicina.udd.cl\/centro-bioetica\/noticias\/2015\/02\/20\/aborto-y-diagnostico\/\",\"name\":\"Aborto y diagn\u00f3stico - Centro de Bio\u00e9tica\",\"isPartOf\":{\"@id\":\"https:\/\/medicina.udd.cl\/centro-bioetica\/#website\"},\"datePublished\":\"2015-02-20T17:37:32+00:00\",\"author\":{\"@id\":\"\"},\"breadcrumb\":{\"@id\":\"https:\/\/medicina.udd.cl\/centro-bioetica\/noticias\/2015\/02\/20\/aborto-y-diagnostico\/#breadcrumb\"},\"inLanguage\":\"es\",\"potentialAction\":[{\"@type\":\"ReadAction\",\"target\":[\"https:\/\/medicina.udd.cl\/centro-bioetica\/noticias\/2015\/02\/20\/aborto-y-diagnostico\/\"]}]},{\"@type\":\"BreadcrumbList\",\"@id\":\"https:\/\/medicina.udd.cl\/centro-bioetica\/noticias\/2015\/02\/20\/aborto-y-diagnostico\/#breadcrumb\",\"itemListElement\":[{\"@type\":\"ListItem\",\"position\":1,\"name\":\"Inicio\",\"item\":\"https:\/\/medicina.udd.cl\/centro-bioetica\/\"},{\"@type\":\"ListItem\",\"position\":2,\"name\":\"Aborto y diagn\u00f3stico\"}]},{\"@type\":\"WebSite\",\"@id\":\"https:\/\/medicina.udd.cl\/centro-bioetica\/#website\",\"url\":\"https:\/\/medicina.udd.cl\/centro-bioetica\/\",\"name\":\"Centro de Bio\u00e9tica\",\"description\":\"Universidad del Desarrollo\",\"inLanguage\":\"es\"},{\"@type\":\"Person\",\"@id\":\"\",\"url\":\"https:\/\/medicina.udd.cl\/centro-bioetica\/noticias\/author\/\"}]}<\/script>\n<!-- \/ Yoast SEO plugin. -->","yoast_head_json":{"title":"Aborto y diagn\u00f3stico - Centro de Bio\u00e9tica","robots":{"index":"index","follow":"follow","max-snippet":"max-snippet:-1","max-image-preview":"max-image-preview:large","max-video-preview":"max-video-preview:-1"},"canonical":"https:\/\/medicina.udd.cl\/centro-bioetica\/noticias\/2015\/02\/20\/aborto-y-diagnostico\/","og_locale":"es_ES","og_type":"article","og_title":"Aborto y diagn\u00f3stico - Centro de Bio\u00e9tica","og_description":"Aborto y diagn\u00f3stico El Mercurio &#8211; 2 de febrero de 2015 Se\u00f1or Director: La emocionante\u00a0carta de Rodrigo D\u00edaz de Vald\u00e9s\u00a0publicada hace algunos d\u00edas deber\u00eda motivar a mucha reflexi\u00f3n de parte de los lectores y de los legisladores. Sin duda que Mar\u00eda vive y vivir\u00e1 por los avances de la medicina, pero especialmente gracias al amor [&hellip;]","og_url":"https:\/\/medicina.udd.cl\/centro-bioetica\/noticias\/2015\/02\/20\/aborto-y-diagnostico\/","og_site_name":"Centro de Bio\u00e9tica","article_published_time":"2015-02-20T17:37:32+00:00","twitter_misc":{"Escrito por":"","Tiempo de lectura":"4 minutos"},"schema":{"@context":"https:\/\/schema.org","@graph":[{"@type":"Article","@id":"https:\/\/medicina.udd.cl\/centro-bioetica\/noticias\/2015\/02\/20\/aborto-y-diagnostico\/#article","isPartOf":{"@id":"https:\/\/medicina.udd.cl\/centro-bioetica\/noticias\/2015\/02\/20\/aborto-y-diagnostico\/"},"author":{"name":"","@id":""},"headline":"Aborto y diagn\u00f3stico","datePublished":"2015-02-20T17:37:32+00:00","mainEntityOfPage":{"@id":"https:\/\/medicina.udd.cl\/centro-bioetica\/noticias\/2015\/02\/20\/aborto-y-diagnostico\/"},"wordCount":766,"commentCount":0,"articleSection":["Inserciones de prensa"],"inLanguage":"es","potentialAction":[{"@type":"CommentAction","name":"Comment","target":["https:\/\/medicina.udd.cl\/centro-bioetica\/noticias\/2015\/02\/20\/aborto-y-diagnostico\/#respond"]}]},{"@type":"WebPage","@id":"https:\/\/medicina.udd.cl\/centro-bioetica\/noticias\/2015\/02\/20\/aborto-y-diagnostico\/","url":"https:\/\/medicina.udd.cl\/centro-bioetica\/noticias\/2015\/02\/20\/aborto-y-diagnostico\/","name":"Aborto y diagn\u00f3stico - Centro de Bio\u00e9tica","isPartOf":{"@id":"https:\/\/medicina.udd.cl\/centro-bioetica\/#website"},"datePublished":"2015-02-20T17:37:32+00:00","author":{"@id":""},"breadcrumb":{"@id":"https:\/\/medicina.udd.cl\/centro-bioetica\/noticias\/2015\/02\/20\/aborto-y-diagnostico\/#breadcrumb"},"inLanguage":"es","potentialAction":[{"@type":"ReadAction","target":["https:\/\/medicina.udd.cl\/centro-bioetica\/noticias\/2015\/02\/20\/aborto-y-diagnostico\/"]}]},{"@type":"BreadcrumbList","@id":"https:\/\/medicina.udd.cl\/centro-bioetica\/noticias\/2015\/02\/20\/aborto-y-diagnostico\/#breadcrumb","itemListElement":[{"@type":"ListItem","position":1,"name":"Inicio","item":"https:\/\/medicina.udd.cl\/centro-bioetica\/"},{"@type":"ListItem","position":2,"name":"Aborto y diagn\u00f3stico"}]},{"@type":"WebSite","@id":"https:\/\/medicina.udd.cl\/centro-bioetica\/#website","url":"https:\/\/medicina.udd.cl\/centro-bioetica\/","name":"Centro de Bio\u00e9tica","description":"Universidad del Desarrollo","inLanguage":"es"},{"@type":"Person","@id":"","url":"https:\/\/medicina.udd.cl\/centro-bioetica\/noticias\/author\/"}]}},"featured_image_url":null,"_links":{"self":[{"href":"https:\/\/medicina.udd.cl\/centro-bioetica\/wp-json\/wp\/v2\/posts\/3205","targetHints":{"allow":["GET"]}}],"collection":[{"href":"https:\/\/medicina.udd.cl\/centro-bioetica\/wp-json\/wp\/v2\/posts"}],"about":[{"href":"https:\/\/medicina.udd.cl\/centro-bioetica\/wp-json\/wp\/v2\/types\/post"}],"author":[{"embeddable":true,"href":"https:\/\/medicina.udd.cl\/centro-bioetica\/wp-json\/wp\/v2\/users\/42"}],"replies":[{"embeddable":true,"href":"https:\/\/medicina.udd.cl\/centro-bioetica\/wp-json\/wp\/v2\/comments?post=3205"}],"version-history":[{"count":2,"href":"https:\/\/medicina.udd.cl\/centro-bioetica\/wp-json\/wp\/v2\/posts\/3205\/revisions"}],"predecessor-version":[{"id":3210,"href":"https:\/\/medicina.udd.cl\/centro-bioetica\/wp-json\/wp\/v2\/posts\/3205\/revisions\/3210"}],"wp:attachment":[{"href":"https:\/\/medicina.udd.cl\/centro-bioetica\/wp-json\/wp\/v2\/media?parent=3205"}],"wp:term":[{"taxonomy":"category","embeddable":true,"href":"https:\/\/medicina.udd.cl\/centro-bioetica\/wp-json\/wp\/v2\/categories?post=3205"},{"taxonomy":"post_tag","embeddable":true,"href":"https:\/\/medicina.udd.cl\/centro-bioetica\/wp-json\/wp\/v2\/tags?post=3205"}],"curies":[{"name":"wp","href":"https:\/\/api.w.org\/{rel}","templated":true}]}}