{"id":359,"date":"2010-08-04T14:44:11","date_gmt":"2010-08-04T18:44:11","guid":{"rendered":"http:\/\/medicina.udd.cl\/centro-bioetica\/2010\/08\/04\/legalizan-el-suicidio-asistido-en-el-estado-de-washington\/"},"modified":"2010-08-04T14:44:12","modified_gmt":"2010-08-04T18:44:12","slug":"legalizan-el-suicidio-asistido-en-el-estado-de-washington","status":"publish","type":"post","link":"https:\/\/medicina.udd.cl\/centro-bioetica\/noticias\/2010\/08\/04\/legalizan-el-suicidio-asistido-en-el-estado-de-washington\/","title":{"rendered":"Legalizan el suicidio asistido en el estado de Washington"},"content":{"rendered":"<p style=\"text-align: justify\">Por: Ana Grau, desde Nueva York<br \/>\nFuente: ABC.es<\/p>\n<p style=\"text-align: justify\">Washington es desde hoy el segundo estado norteamericano que legaliza la asistencia m\u00e9dica para el suicidio. La nueva ley es id\u00e9ntica a la que rige desde 1998 en Oreg\u00f3n. Permite que los enfermos terminales de 18 a\u00f1os o m\u00e1s y con sus facultades mentales intactas obtengan f\u00e1rmacos para acabar con su vida con prescripci\u00f3n m\u00e9dica. La ley se aplicar\u00e1 en el marco de los hospitales, que tienen la posibilidad de objetar. Podr\u00edan hacerlo cerca de dos tercios.<\/p>\n<p style=\"text-align: justify\">La ley se aprob\u00f3 en oto\u00f1o pasado por una abrumadora mayor\u00eda y en cambio ahora entra en vigor rodeada de pol\u00e9mica. No es lo mismo estar de acuerdo con el suicidio asistido que tener que practicarlo. La normativa de Oreg\u00f3n tuvo que ser reformada expresamente para regular el derecho de los m\u00e9dicos a la objeci\u00f3n.<\/p>\n<p style=\"text-align: justify\">Por un lado est\u00e1n los colectivos que se oponen por imperativo moral o de fe. \u201cPero no tiene por qu\u00e9 ser una cuesti\u00f3n religiosa\u201d, advierte en The New York Times Julie Petersen, administradora de uno de los centros objetores, el Prosser Memorial. \u201cLa decisi\u00f3n es m\u00e1s bien un reflejo de la comunidad\u201d. El Prosser Memorial se encuentra en un \u00e1rea muy rural.<\/p>\n<p style=\"text-align: justify\">\nExiste la posibilidad de objetar total o parcialmente, por ejemplo permitiendo que los m\u00e9dicos que tienen consulta privada en un hospital prescriban drogas letales a sus propios pacientes pero no a los que est\u00e1n ingresados en el centro. Los hospitales que objeten tendr\u00e1n que redirigir a otro centro donde el suicidio asistido s\u00ed sea posible cuando un enfermo lo pida.<\/p>\n","protected":false},"excerpt":{"rendered":"<p>Por: Ana Grau, desde Nueva York Fuente: ABC.es Washington es desde hoy el segundo estado norteamericano que legaliza la asistencia m\u00e9dica para el suicidio. La nueva ley es id\u00e9ntica a la que rige desde 1998 en Oreg\u00f3n. Permite que los enfermos terminales de 18 a\u00f1os o m\u00e1s y con sus facultades mentales intactas obtengan f\u00e1rmacos [&hellip;]<\/p>\n","protected":false},"author":1,"featured_media":0,"comment_status":"open","ping_status":"open","sticky":false,"template":"","format":"standard","meta":{"footnotes":""},"categories":[1],"tags":[],"class_list":["post-359","post","type-post","status-publish","format-standard","hentry","category-sin-categoria"],"yoast_head":"<!-- This site is optimized with the Yoast SEO plugin v26.9 - https:\/\/yoast.com\/product\/yoast-seo-wordpress\/ -->\n<title>Legalizan el suicidio asistido en el estado de Washington - Centro de Bio\u00e9tica<\/title>\n<meta name=\"robots\" content=\"index, follow, max-snippet:-1, max-image-preview:large, max-video-preview:-1\" \/>\n<link rel=\"canonical\" href=\"https:\/\/medicina.udd.cl\/centro-bioetica\/noticias\/2010\/08\/04\/legalizan-el-suicidio-asistido-en-el-estado-de-washington\/\" \/>\n<meta property=\"og:locale\" content=\"es_ES\" \/>\n<meta property=\"og:type\" content=\"article\" \/>\n<meta property=\"og:title\" content=\"Legalizan el suicidio asistido en el estado de Washington - Centro de Bio\u00e9tica\" \/>\n<meta property=\"og:description\" content=\"Por: Ana Grau, desde Nueva York Fuente: ABC.es Washington es desde hoy el segundo estado norteamericano que legaliza la asistencia m\u00e9dica para el suicidio. La nueva ley es id\u00e9ntica a la que rige desde 1998 en Oreg\u00f3n. Permite que los enfermos terminales de 18 a\u00f1os o m\u00e1s y con sus facultades mentales intactas obtengan f\u00e1rmacos [&hellip;]\" \/>\n<meta property=\"og:url\" content=\"https:\/\/medicina.udd.cl\/centro-bioetica\/noticias\/2010\/08\/04\/legalizan-el-suicidio-asistido-en-el-estado-de-washington\/\" \/>\n<meta property=\"og:site_name\" content=\"Centro de Bio\u00e9tica\" \/>\n<meta property=\"article:published_time\" content=\"2010-08-04T18:44:11+00:00\" \/>\n<meta property=\"article:modified_time\" content=\"2010-08-04T18:44:12+00:00\" \/>\n<meta name=\"author\" content=\"admin\" \/>\n<meta name=\"twitter:label1\" content=\"Escrito por\" \/>\n\t<meta name=\"twitter:data1\" content=\"admin\" \/>\n\t<meta name=\"twitter:label2\" content=\"Tiempo de lectura\" \/>\n\t<meta name=\"twitter:data2\" content=\"1 minuto\" \/>\n<script type=\"application\/ld+json\" class=\"yoast-schema-graph\">{\"@context\":\"https:\/\/schema.org\",\"@graph\":[{\"@type\":\"Article\",\"@id\":\"https:\/\/medicina.udd.cl\/centro-bioetica\/noticias\/2010\/08\/04\/legalizan-el-suicidio-asistido-en-el-estado-de-washington\/#article\",\"isPartOf\":{\"@id\":\"https:\/\/medicina.udd.cl\/centro-bioetica\/noticias\/2010\/08\/04\/legalizan-el-suicidio-asistido-en-el-estado-de-washington\/\"},\"author\":{\"name\":\"admin\",\"@id\":\"https:\/\/medicina.udd.cl\/centro-bioetica\/#\/schema\/person\/f7abfa784c86da427e89287831f96ab7\"},\"headline\":\"Legalizan el suicidio asistido en el estado de Washington\",\"datePublished\":\"2010-08-04T18:44:11+00:00\",\"dateModified\":\"2010-08-04T18:44:12+00:00\",\"mainEntityOfPage\":{\"@id\":\"https:\/\/medicina.udd.cl\/centro-bioetica\/noticias\/2010\/08\/04\/legalizan-el-suicidio-asistido-en-el-estado-de-washington\/\"},\"wordCount\":292,\"commentCount\":0,\"inLanguage\":\"es\",\"potentialAction\":[{\"@type\":\"CommentAction\",\"name\":\"Comment\",\"target\":[\"https:\/\/medicina.udd.cl\/centro-bioetica\/noticias\/2010\/08\/04\/legalizan-el-suicidio-asistido-en-el-estado-de-washington\/#respond\"]}]},{\"@type\":\"WebPage\",\"@id\":\"https:\/\/medicina.udd.cl\/centro-bioetica\/noticias\/2010\/08\/04\/legalizan-el-suicidio-asistido-en-el-estado-de-washington\/\",\"url\":\"https:\/\/medicina.udd.cl\/centro-bioetica\/noticias\/2010\/08\/04\/legalizan-el-suicidio-asistido-en-el-estado-de-washington\/\",\"name\":\"Legalizan el suicidio asistido en el estado de Washington - Centro de Bio\u00e9tica\",\"isPartOf\":{\"@id\":\"https:\/\/medicina.udd.cl\/centro-bioetica\/#website\"},\"datePublished\":\"2010-08-04T18:44:11+00:00\",\"dateModified\":\"2010-08-04T18:44:12+00:00\",\"author\":{\"@id\":\"https:\/\/medicina.udd.cl\/centro-bioetica\/#\/schema\/person\/f7abfa784c86da427e89287831f96ab7\"},\"breadcrumb\":{\"@id\":\"https:\/\/medicina.udd.cl\/centro-bioetica\/noticias\/2010\/08\/04\/legalizan-el-suicidio-asistido-en-el-estado-de-washington\/#breadcrumb\"},\"inLanguage\":\"es\",\"potentialAction\":[{\"@type\":\"ReadAction\",\"target\":[\"https:\/\/medicina.udd.cl\/centro-bioetica\/noticias\/2010\/08\/04\/legalizan-el-suicidio-asistido-en-el-estado-de-washington\/\"]}]},{\"@type\":\"BreadcrumbList\",\"@id\":\"https:\/\/medicina.udd.cl\/centro-bioetica\/noticias\/2010\/08\/04\/legalizan-el-suicidio-asistido-en-el-estado-de-washington\/#breadcrumb\",\"itemListElement\":[{\"@type\":\"ListItem\",\"position\":1,\"name\":\"Inicio\",\"item\":\"https:\/\/medicina.udd.cl\/centro-bioetica\/\"},{\"@type\":\"ListItem\",\"position\":2,\"name\":\"Legalizan el suicidio asistido en el estado de Washington\"}]},{\"@type\":\"WebSite\",\"@id\":\"https:\/\/medicina.udd.cl\/centro-bioetica\/#website\",\"url\":\"https:\/\/medicina.udd.cl\/centro-bioetica\/\",\"name\":\"Centro de Bio\u00e9tica\",\"description\":\"Universidad del Desarrollo\",\"inLanguage\":\"es\"},{\"@type\":\"Person\",\"@id\":\"https:\/\/medicina.udd.cl\/centro-bioetica\/#\/schema\/person\/f7abfa784c86da427e89287831f96ab7\",\"name\":\"admin\",\"image\":{\"@type\":\"ImageObject\",\"inLanguage\":\"es\",\"@id\":\"https:\/\/medicina.udd.cl\/centro-bioetica\/#\/schema\/person\/image\/\",\"url\":\"https:\/\/secure.gravatar.com\/avatar\/3cb6da298954dfb54457c0910b8c9ca010abd8d87a60f7d701b6ce4254e1c642?s=96&d=mm&r=g\",\"contentUrl\":\"https:\/\/secure.gravatar.com\/avatar\/3cb6da298954dfb54457c0910b8c9ca010abd8d87a60f7d701b6ce4254e1c642?s=96&d=mm&r=g\",\"caption\":\"admin\"},\"url\":\"https:\/\/medicina.udd.cl\/centro-bioetica\/noticias\/author\/admin\/\"}]}<\/script>\n<!-- \/ Yoast SEO plugin. -->","yoast_head_json":{"title":"Legalizan el suicidio asistido en el estado de Washington - Centro de Bio\u00e9tica","robots":{"index":"index","follow":"follow","max-snippet":"max-snippet:-1","max-image-preview":"max-image-preview:large","max-video-preview":"max-video-preview:-1"},"canonical":"https:\/\/medicina.udd.cl\/centro-bioetica\/noticias\/2010\/08\/04\/legalizan-el-suicidio-asistido-en-el-estado-de-washington\/","og_locale":"es_ES","og_type":"article","og_title":"Legalizan el suicidio asistido en el estado de Washington - Centro de Bio\u00e9tica","og_description":"Por: Ana Grau, desde Nueva York Fuente: ABC.es Washington es desde hoy el segundo estado norteamericano que legaliza la asistencia m\u00e9dica para el suicidio. La nueva ley es id\u00e9ntica a la que rige desde 1998 en Oreg\u00f3n. Permite que los enfermos terminales de 18 a\u00f1os o m\u00e1s y con sus facultades mentales intactas obtengan f\u00e1rmacos [&hellip;]","og_url":"https:\/\/medicina.udd.cl\/centro-bioetica\/noticias\/2010\/08\/04\/legalizan-el-suicidio-asistido-en-el-estado-de-washington\/","og_site_name":"Centro de Bio\u00e9tica","article_published_time":"2010-08-04T18:44:11+00:00","article_modified_time":"2010-08-04T18:44:12+00:00","author":"admin","twitter_misc":{"Escrito por":"admin","Tiempo de lectura":"1 minuto"},"schema":{"@context":"https:\/\/schema.org","@graph":[{"@type":"Article","@id":"https:\/\/medicina.udd.cl\/centro-bioetica\/noticias\/2010\/08\/04\/legalizan-el-suicidio-asistido-en-el-estado-de-washington\/#article","isPartOf":{"@id":"https:\/\/medicina.udd.cl\/centro-bioetica\/noticias\/2010\/08\/04\/legalizan-el-suicidio-asistido-en-el-estado-de-washington\/"},"author":{"name":"admin","@id":"https:\/\/medicina.udd.cl\/centro-bioetica\/#\/schema\/person\/f7abfa784c86da427e89287831f96ab7"},"headline":"Legalizan el suicidio asistido en el estado de Washington","datePublished":"2010-08-04T18:44:11+00:00","dateModified":"2010-08-04T18:44:12+00:00","mainEntityOfPage":{"@id":"https:\/\/medicina.udd.cl\/centro-bioetica\/noticias\/2010\/08\/04\/legalizan-el-suicidio-asistido-en-el-estado-de-washington\/"},"wordCount":292,"commentCount":0,"inLanguage":"es","potentialAction":[{"@type":"CommentAction","name":"Comment","target":["https:\/\/medicina.udd.cl\/centro-bioetica\/noticias\/2010\/08\/04\/legalizan-el-suicidio-asistido-en-el-estado-de-washington\/#respond"]}]},{"@type":"WebPage","@id":"https:\/\/medicina.udd.cl\/centro-bioetica\/noticias\/2010\/08\/04\/legalizan-el-suicidio-asistido-en-el-estado-de-washington\/","url":"https:\/\/medicina.udd.cl\/centro-bioetica\/noticias\/2010\/08\/04\/legalizan-el-suicidio-asistido-en-el-estado-de-washington\/","name":"Legalizan el suicidio asistido en el estado de Washington - Centro de Bio\u00e9tica","isPartOf":{"@id":"https:\/\/medicina.udd.cl\/centro-bioetica\/#website"},"datePublished":"2010-08-04T18:44:11+00:00","dateModified":"2010-08-04T18:44:12+00:00","author":{"@id":"https:\/\/medicina.udd.cl\/centro-bioetica\/#\/schema\/person\/f7abfa784c86da427e89287831f96ab7"},"breadcrumb":{"@id":"https:\/\/medicina.udd.cl\/centro-bioetica\/noticias\/2010\/08\/04\/legalizan-el-suicidio-asistido-en-el-estado-de-washington\/#breadcrumb"},"inLanguage":"es","potentialAction":[{"@type":"ReadAction","target":["https:\/\/medicina.udd.cl\/centro-bioetica\/noticias\/2010\/08\/04\/legalizan-el-suicidio-asistido-en-el-estado-de-washington\/"]}]},{"@type":"BreadcrumbList","@id":"https:\/\/medicina.udd.cl\/centro-bioetica\/noticias\/2010\/08\/04\/legalizan-el-suicidio-asistido-en-el-estado-de-washington\/#breadcrumb","itemListElement":[{"@type":"ListItem","position":1,"name":"Inicio","item":"https:\/\/medicina.udd.cl\/centro-bioetica\/"},{"@type":"ListItem","position":2,"name":"Legalizan el suicidio asistido en el estado de Washington"}]},{"@type":"WebSite","@id":"https:\/\/medicina.udd.cl\/centro-bioetica\/#website","url":"https:\/\/medicina.udd.cl\/centro-bioetica\/","name":"Centro de Bio\u00e9tica","description":"Universidad del Desarrollo","inLanguage":"es"},{"@type":"Person","@id":"https:\/\/medicina.udd.cl\/centro-bioetica\/#\/schema\/person\/f7abfa784c86da427e89287831f96ab7","name":"admin","image":{"@type":"ImageObject","inLanguage":"es","@id":"https:\/\/medicina.udd.cl\/centro-bioetica\/#\/schema\/person\/image\/","url":"https:\/\/secure.gravatar.com\/avatar\/3cb6da298954dfb54457c0910b8c9ca010abd8d87a60f7d701b6ce4254e1c642?s=96&d=mm&r=g","contentUrl":"https:\/\/secure.gravatar.com\/avatar\/3cb6da298954dfb54457c0910b8c9ca010abd8d87a60f7d701b6ce4254e1c642?s=96&d=mm&r=g","caption":"admin"},"url":"https:\/\/medicina.udd.cl\/centro-bioetica\/noticias\/author\/admin\/"}]}},"featured_image_url":null,"_links":{"self":[{"href":"https:\/\/medicina.udd.cl\/centro-bioetica\/wp-json\/wp\/v2\/posts\/359","targetHints":{"allow":["GET"]}}],"collection":[{"href":"https:\/\/medicina.udd.cl\/centro-bioetica\/wp-json\/wp\/v2\/posts"}],"about":[{"href":"https:\/\/medicina.udd.cl\/centro-bioetica\/wp-json\/wp\/v2\/types\/post"}],"author":[{"embeddable":true,"href":"https:\/\/medicina.udd.cl\/centro-bioetica\/wp-json\/wp\/v2\/users\/1"}],"replies":[{"embeddable":true,"href":"https:\/\/medicina.udd.cl\/centro-bioetica\/wp-json\/wp\/v2\/comments?post=359"}],"version-history":[{"count":1,"href":"https:\/\/medicina.udd.cl\/centro-bioetica\/wp-json\/wp\/v2\/posts\/359\/revisions"}],"predecessor-version":[{"id":360,"href":"https:\/\/medicina.udd.cl\/centro-bioetica\/wp-json\/wp\/v2\/posts\/359\/revisions\/360"}],"wp:attachment":[{"href":"https:\/\/medicina.udd.cl\/centro-bioetica\/wp-json\/wp\/v2\/media?parent=359"}],"wp:term":[{"taxonomy":"category","embeddable":true,"href":"https:\/\/medicina.udd.cl\/centro-bioetica\/wp-json\/wp\/v2\/categories?post=359"},{"taxonomy":"post_tag","embeddable":true,"href":"https:\/\/medicina.udd.cl\/centro-bioetica\/wp-json\/wp\/v2\/tags?post=359"}],"curies":[{"name":"wp","href":"https:\/\/api.w.org\/{rel}","templated":true}]}}