{"id":362,"date":"2010-08-04T14:45:38","date_gmt":"2010-08-04T18:45:38","guid":{"rendered":"http:\/\/medicina.udd.cl\/centro-bioetica\/2010\/08\/04\/obama-firmara-decreto-que-revierte-politica-de-bush-sobre-celulas-madre\/"},"modified":"2010-08-04T14:45:38","modified_gmt":"2010-08-04T18:45:38","slug":"obama-firmara-decreto-que-revierte-politica-de-bush-sobre-celulas-madre","status":"publish","type":"post","link":"https:\/\/medicina.udd.cl\/centro-bioetica\/noticias\/2010\/08\/04\/obama-firmara-decreto-que-revierte-politica-de-bush-sobre-celulas-madre\/","title":{"rendered":"Obama firmar\u00e1 decreto que revierte pol\u00edtica de Bush sobre c\u00e9lulas madre"},"content":{"rendered":"<p style=\"text-align: justify\">Por: AFP<br \/>\nFuente: La Segunda Online<strong>\u00a0<\/strong><\/p>\n<p style=\"text-align: justify\">WASHINGTON.- El Presidente de Estados Unidos, Barack Obama, firmar\u00e1 este lunes un decreto que revierte las restricciones del gobierno de George W. Bush a la financiaci\u00f3n de la investigaci\u00f3n sobre c\u00e9lulas madre, inform\u00f3 una fuente de la Casa Blanca.<\/p>\n<p>El funcionario, que se mantuvo en el anonimato, no divulg\u00f3 la redacci\u00f3n exacta del decreto, pero confirm\u00f3 que ser\u00eda coherente con la promesa de campa\u00f1a de Obama de que volver\u00eda a autorizar la financiaci\u00f3n de la investigaci\u00f3n con c\u00e9lulas madre.<\/p>\n<p>El Presidente firmar\u00e1 el documento el lunes en una ceremonia en la Casa Blanca, dijo el funcionario.<\/p>\n<p>Bush hab\u00eda firmado en agosto de 2001 una orden ejecutiva que prohib\u00eda el uso de fondos federales para la investigaci\u00f3n de c\u00e9lulas madre procedentes de embriones, con la excepci\u00f3n de cerca de una veintena de cepas ya existentes.<\/p>\n<p>La firma de la orden ejecutiva por parte de Obama tendr\u00e1 lugar en un acto en la Casa Blanca, indicaron las fuentes.<\/p>\n<p>Con esta medida, Obama da un nuevo paso en el desmantelamiento del legado de su predecesor.<\/p>\n<p>En sus poco m\u00e1s de 40 d\u00edas de mandato, el Presidente estadounidense ha ordenado el cierre de la prisi\u00f3n de Guant\u00e1namo en el plazo de un a\u00f1o, ha fijado para agosto del a\u00f1o pr\u00f3ximo el fin de las operaciones de combate en Irak y ha levantado el veto a la financiaci\u00f3n p\u00fablica de operaciones en el exterior de organizaciones humanitarias favorables al aborto, entre otros aspectos.<\/p>\n<p>Tras firmar la prohibici\u00f3n de fondos para la investigaci\u00f3n con c\u00e9lulas embrionarias, Bush vet\u00f3 durante su mandato en dos ocasiones los esfuerzos para levantar ese veto.<\/p>\n<p>Obama hab\u00eda prometido levantar la prohibici\u00f3n durante su campa\u00f1a, al considerar que la medida \u00abmaniataba a nuestros cient\u00edficos y perjudicaba nuestra capacidad de competir con otros pa\u00edses\u00bb.<\/p>\n<p>El entonces rival republicano de Obama en las elecciones, el senador John McCain, tambi\u00e9n hab\u00eda prometido levantar la prohibici\u00f3n.<\/p>\n","protected":false},"excerpt":{"rendered":"<p>La normativa fue firmada por el ex Jefe de Estado en agosto de 2001.<\/p>\n","protected":false},"author":1,"featured_media":0,"comment_status":"open","ping_status":"open","sticky":false,"template":"","format":"standard","meta":{"footnotes":""},"categories":[1],"tags":[],"class_list":["post-362","post","type-post","status-publish","format-standard","hentry","category-sin-categoria"],"yoast_head":"<!-- This site is optimized with the Yoast SEO plugin v26.9 - https:\/\/yoast.com\/product\/yoast-seo-wordpress\/ -->\n<title>Obama firmar\u00e1 decreto que revierte pol\u00edtica de Bush sobre c\u00e9lulas madre - Centro de Bio\u00e9tica<\/title>\n<meta name=\"robots\" content=\"index, follow, max-snippet:-1, max-image-preview:large, max-video-preview:-1\" \/>\n<link rel=\"canonical\" href=\"https:\/\/medicina.udd.cl\/centro-bioetica\/noticias\/2010\/08\/04\/obama-firmara-decreto-que-revierte-politica-de-bush-sobre-celulas-madre\/\" \/>\n<meta property=\"og:locale\" content=\"es_ES\" \/>\n<meta property=\"og:type\" content=\"article\" \/>\n<meta property=\"og:title\" content=\"Obama firmar\u00e1 decreto que revierte pol\u00edtica de Bush sobre c\u00e9lulas madre - Centro de Bio\u00e9tica\" \/>\n<meta property=\"og:description\" content=\"La normativa fue firmada por el ex Jefe de Estado en agosto de 2001.\" \/>\n<meta property=\"og:url\" content=\"https:\/\/medicina.udd.cl\/centro-bioetica\/noticias\/2010\/08\/04\/obama-firmara-decreto-que-revierte-politica-de-bush-sobre-celulas-madre\/\" \/>\n<meta property=\"og:site_name\" content=\"Centro de Bio\u00e9tica\" \/>\n<meta property=\"article:published_time\" content=\"2010-08-04T18:45:38+00:00\" \/>\n<meta name=\"author\" content=\"admin\" \/>\n<meta name=\"twitter:label1\" content=\"Escrito por\" \/>\n\t<meta name=\"twitter:data1\" content=\"admin\" \/>\n\t<meta name=\"twitter:label2\" content=\"Tiempo de lectura\" \/>\n\t<meta name=\"twitter:data2\" content=\"2 minutos\" \/>\n<script type=\"application\/ld+json\" class=\"yoast-schema-graph\">{\"@context\":\"https:\/\/schema.org\",\"@graph\":[{\"@type\":\"Article\",\"@id\":\"https:\/\/medicina.udd.cl\/centro-bioetica\/noticias\/2010\/08\/04\/obama-firmara-decreto-que-revierte-politica-de-bush-sobre-celulas-madre\/#article\",\"isPartOf\":{\"@id\":\"https:\/\/medicina.udd.cl\/centro-bioetica\/noticias\/2010\/08\/04\/obama-firmara-decreto-que-revierte-politica-de-bush-sobre-celulas-madre\/\"},\"author\":{\"name\":\"admin\",\"@id\":\"https:\/\/medicina.udd.cl\/centro-bioetica\/#\/schema\/person\/f7abfa784c86da427e89287831f96ab7\"},\"headline\":\"Obama firmar\u00e1 decreto que revierte pol\u00edtica de Bush sobre c\u00e9lulas madre\",\"datePublished\":\"2010-08-04T18:45:38+00:00\",\"mainEntityOfPage\":{\"@id\":\"https:\/\/medicina.udd.cl\/centro-bioetica\/noticias\/2010\/08\/04\/obama-firmara-decreto-que-revierte-politica-de-bush-sobre-celulas-madre\/\"},\"wordCount\":363,\"commentCount\":0,\"inLanguage\":\"es\",\"potentialAction\":[{\"@type\":\"CommentAction\",\"name\":\"Comment\",\"target\":[\"https:\/\/medicina.udd.cl\/centro-bioetica\/noticias\/2010\/08\/04\/obama-firmara-decreto-que-revierte-politica-de-bush-sobre-celulas-madre\/#respond\"]}]},{\"@type\":\"WebPage\",\"@id\":\"https:\/\/medicina.udd.cl\/centro-bioetica\/noticias\/2010\/08\/04\/obama-firmara-decreto-que-revierte-politica-de-bush-sobre-celulas-madre\/\",\"url\":\"https:\/\/medicina.udd.cl\/centro-bioetica\/noticias\/2010\/08\/04\/obama-firmara-decreto-que-revierte-politica-de-bush-sobre-celulas-madre\/\",\"name\":\"Obama firmar\u00e1 decreto que revierte pol\u00edtica de Bush sobre c\u00e9lulas madre - Centro de Bio\u00e9tica\",\"isPartOf\":{\"@id\":\"https:\/\/medicina.udd.cl\/centro-bioetica\/#website\"},\"datePublished\":\"2010-08-04T18:45:38+00:00\",\"author\":{\"@id\":\"https:\/\/medicina.udd.cl\/centro-bioetica\/#\/schema\/person\/f7abfa784c86da427e89287831f96ab7\"},\"breadcrumb\":{\"@id\":\"https:\/\/medicina.udd.cl\/centro-bioetica\/noticias\/2010\/08\/04\/obama-firmara-decreto-que-revierte-politica-de-bush-sobre-celulas-madre\/#breadcrumb\"},\"inLanguage\":\"es\",\"potentialAction\":[{\"@type\":\"ReadAction\",\"target\":[\"https:\/\/medicina.udd.cl\/centro-bioetica\/noticias\/2010\/08\/04\/obama-firmara-decreto-que-revierte-politica-de-bush-sobre-celulas-madre\/\"]}]},{\"@type\":\"BreadcrumbList\",\"@id\":\"https:\/\/medicina.udd.cl\/centro-bioetica\/noticias\/2010\/08\/04\/obama-firmara-decreto-que-revierte-politica-de-bush-sobre-celulas-madre\/#breadcrumb\",\"itemListElement\":[{\"@type\":\"ListItem\",\"position\":1,\"name\":\"Inicio\",\"item\":\"https:\/\/medicina.udd.cl\/centro-bioetica\/\"},{\"@type\":\"ListItem\",\"position\":2,\"name\":\"Obama firmar\u00e1 decreto que revierte pol\u00edtica de Bush sobre c\u00e9lulas madre\"}]},{\"@type\":\"WebSite\",\"@id\":\"https:\/\/medicina.udd.cl\/centro-bioetica\/#website\",\"url\":\"https:\/\/medicina.udd.cl\/centro-bioetica\/\",\"name\":\"Centro de Bio\u00e9tica\",\"description\":\"Universidad del Desarrollo\",\"inLanguage\":\"es\"},{\"@type\":\"Person\",\"@id\":\"https:\/\/medicina.udd.cl\/centro-bioetica\/#\/schema\/person\/f7abfa784c86da427e89287831f96ab7\",\"name\":\"admin\",\"image\":{\"@type\":\"ImageObject\",\"inLanguage\":\"es\",\"@id\":\"https:\/\/medicina.udd.cl\/centro-bioetica\/#\/schema\/person\/image\/\",\"url\":\"https:\/\/secure.gravatar.com\/avatar\/3cb6da298954dfb54457c0910b8c9ca010abd8d87a60f7d701b6ce4254e1c642?s=96&d=mm&r=g\",\"contentUrl\":\"https:\/\/secure.gravatar.com\/avatar\/3cb6da298954dfb54457c0910b8c9ca010abd8d87a60f7d701b6ce4254e1c642?s=96&d=mm&r=g\",\"caption\":\"admin\"},\"url\":\"https:\/\/medicina.udd.cl\/centro-bioetica\/noticias\/author\/admin\/\"}]}<\/script>\n<!-- \/ Yoast SEO plugin. -->","yoast_head_json":{"title":"Obama firmar\u00e1 decreto que revierte pol\u00edtica de Bush sobre c\u00e9lulas madre - Centro de Bio\u00e9tica","robots":{"index":"index","follow":"follow","max-snippet":"max-snippet:-1","max-image-preview":"max-image-preview:large","max-video-preview":"max-video-preview:-1"},"canonical":"https:\/\/medicina.udd.cl\/centro-bioetica\/noticias\/2010\/08\/04\/obama-firmara-decreto-que-revierte-politica-de-bush-sobre-celulas-madre\/","og_locale":"es_ES","og_type":"article","og_title":"Obama firmar\u00e1 decreto que revierte pol\u00edtica de Bush sobre c\u00e9lulas madre - Centro de Bio\u00e9tica","og_description":"La normativa fue firmada por el ex Jefe de Estado en agosto de 2001.","og_url":"https:\/\/medicina.udd.cl\/centro-bioetica\/noticias\/2010\/08\/04\/obama-firmara-decreto-que-revierte-politica-de-bush-sobre-celulas-madre\/","og_site_name":"Centro de Bio\u00e9tica","article_published_time":"2010-08-04T18:45:38+00:00","author":"admin","twitter_misc":{"Escrito por":"admin","Tiempo de lectura":"2 minutos"},"schema":{"@context":"https:\/\/schema.org","@graph":[{"@type":"Article","@id":"https:\/\/medicina.udd.cl\/centro-bioetica\/noticias\/2010\/08\/04\/obama-firmara-decreto-que-revierte-politica-de-bush-sobre-celulas-madre\/#article","isPartOf":{"@id":"https:\/\/medicina.udd.cl\/centro-bioetica\/noticias\/2010\/08\/04\/obama-firmara-decreto-que-revierte-politica-de-bush-sobre-celulas-madre\/"},"author":{"name":"admin","@id":"https:\/\/medicina.udd.cl\/centro-bioetica\/#\/schema\/person\/f7abfa784c86da427e89287831f96ab7"},"headline":"Obama firmar\u00e1 decreto que revierte pol\u00edtica de Bush sobre c\u00e9lulas madre","datePublished":"2010-08-04T18:45:38+00:00","mainEntityOfPage":{"@id":"https:\/\/medicina.udd.cl\/centro-bioetica\/noticias\/2010\/08\/04\/obama-firmara-decreto-que-revierte-politica-de-bush-sobre-celulas-madre\/"},"wordCount":363,"commentCount":0,"inLanguage":"es","potentialAction":[{"@type":"CommentAction","name":"Comment","target":["https:\/\/medicina.udd.cl\/centro-bioetica\/noticias\/2010\/08\/04\/obama-firmara-decreto-que-revierte-politica-de-bush-sobre-celulas-madre\/#respond"]}]},{"@type":"WebPage","@id":"https:\/\/medicina.udd.cl\/centro-bioetica\/noticias\/2010\/08\/04\/obama-firmara-decreto-que-revierte-politica-de-bush-sobre-celulas-madre\/","url":"https:\/\/medicina.udd.cl\/centro-bioetica\/noticias\/2010\/08\/04\/obama-firmara-decreto-que-revierte-politica-de-bush-sobre-celulas-madre\/","name":"Obama firmar\u00e1 decreto que revierte pol\u00edtica de Bush sobre c\u00e9lulas madre - Centro de Bio\u00e9tica","isPartOf":{"@id":"https:\/\/medicina.udd.cl\/centro-bioetica\/#website"},"datePublished":"2010-08-04T18:45:38+00:00","author":{"@id":"https:\/\/medicina.udd.cl\/centro-bioetica\/#\/schema\/person\/f7abfa784c86da427e89287831f96ab7"},"breadcrumb":{"@id":"https:\/\/medicina.udd.cl\/centro-bioetica\/noticias\/2010\/08\/04\/obama-firmara-decreto-que-revierte-politica-de-bush-sobre-celulas-madre\/#breadcrumb"},"inLanguage":"es","potentialAction":[{"@type":"ReadAction","target":["https:\/\/medicina.udd.cl\/centro-bioetica\/noticias\/2010\/08\/04\/obama-firmara-decreto-que-revierte-politica-de-bush-sobre-celulas-madre\/"]}]},{"@type":"BreadcrumbList","@id":"https:\/\/medicina.udd.cl\/centro-bioetica\/noticias\/2010\/08\/04\/obama-firmara-decreto-que-revierte-politica-de-bush-sobre-celulas-madre\/#breadcrumb","itemListElement":[{"@type":"ListItem","position":1,"name":"Inicio","item":"https:\/\/medicina.udd.cl\/centro-bioetica\/"},{"@type":"ListItem","position":2,"name":"Obama firmar\u00e1 decreto que revierte pol\u00edtica de Bush sobre c\u00e9lulas madre"}]},{"@type":"WebSite","@id":"https:\/\/medicina.udd.cl\/centro-bioetica\/#website","url":"https:\/\/medicina.udd.cl\/centro-bioetica\/","name":"Centro de Bio\u00e9tica","description":"Universidad del Desarrollo","inLanguage":"es"},{"@type":"Person","@id":"https:\/\/medicina.udd.cl\/centro-bioetica\/#\/schema\/person\/f7abfa784c86da427e89287831f96ab7","name":"admin","image":{"@type":"ImageObject","inLanguage":"es","@id":"https:\/\/medicina.udd.cl\/centro-bioetica\/#\/schema\/person\/image\/","url":"https:\/\/secure.gravatar.com\/avatar\/3cb6da298954dfb54457c0910b8c9ca010abd8d87a60f7d701b6ce4254e1c642?s=96&d=mm&r=g","contentUrl":"https:\/\/secure.gravatar.com\/avatar\/3cb6da298954dfb54457c0910b8c9ca010abd8d87a60f7d701b6ce4254e1c642?s=96&d=mm&r=g","caption":"admin"},"url":"https:\/\/medicina.udd.cl\/centro-bioetica\/noticias\/author\/admin\/"}]}},"featured_image_url":null,"_links":{"self":[{"href":"https:\/\/medicina.udd.cl\/centro-bioetica\/wp-json\/wp\/v2\/posts\/362","targetHints":{"allow":["GET"]}}],"collection":[{"href":"https:\/\/medicina.udd.cl\/centro-bioetica\/wp-json\/wp\/v2\/posts"}],"about":[{"href":"https:\/\/medicina.udd.cl\/centro-bioetica\/wp-json\/wp\/v2\/types\/post"}],"author":[{"embeddable":true,"href":"https:\/\/medicina.udd.cl\/centro-bioetica\/wp-json\/wp\/v2\/users\/1"}],"replies":[{"embeddable":true,"href":"https:\/\/medicina.udd.cl\/centro-bioetica\/wp-json\/wp\/v2\/comments?post=362"}],"version-history":[{"count":0,"href":"https:\/\/medicina.udd.cl\/centro-bioetica\/wp-json\/wp\/v2\/posts\/362\/revisions"}],"wp:attachment":[{"href":"https:\/\/medicina.udd.cl\/centro-bioetica\/wp-json\/wp\/v2\/media?parent=362"}],"wp:term":[{"taxonomy":"category","embeddable":true,"href":"https:\/\/medicina.udd.cl\/centro-bioetica\/wp-json\/wp\/v2\/categories?post=362"},{"taxonomy":"post_tag","embeddable":true,"href":"https:\/\/medicina.udd.cl\/centro-bioetica\/wp-json\/wp\/v2\/tags?post=362"}],"curies":[{"name":"wp","href":"https:\/\/api.w.org\/{rel}","templated":true}]}}