{"id":3916,"date":"2017-06-06T16:17:53","date_gmt":"2017-06-06T20:17:53","guid":{"rendered":"http:\/\/medicina.udd.cl\/centro-bioetica\/?p=3916"},"modified":"2017-06-06T16:17:53","modified_gmt":"2017-06-06T20:17:53","slug":"exitosa-nueva-version-del-curso-intensivo-internacional-de-bioetica","status":"publish","type":"post","link":"https:\/\/medicina.udd.cl\/centro-bioetica\/noticias\/2017\/06\/06\/exitosa-nueva-version-del-curso-intensivo-internacional-de-bioetica\/","title":{"rendered":"Exitosa nueva versi\u00f3n del Curso Intensivo Internacional de Bio\u00e9tica"},"content":{"rendered":"<div id=\"gallery-1\" class=\"carousel slide carousel-gallery\" data-ride=\"false\" data-interval=\"false\"><div class=\"carousel-inner\" role=\"listbox\"><figure class=\"carousel-item active\"><img loading=\"lazy\" decoding=\"async\" width=\"700\" height=\"450\" src=\"https:\/\/medicina.udd.cl\/centro-bioetica\/files\/2017\/06\/curso-intensivo-internacional-1.jpg\" class=\"attachment-landscape_952 size-landscape_952 lazyload\" alt=\"\" sizes=\"auto, (max-width: 700px) 100vw, 700px\" data-src=\"https:\/\/medicina.udd.cl\/centro-bioetica\/files\/2017\/06\/curso-intensivo-internacional-1.jpg\" data-srcset=\"https:\/\/medicina.udd.cl\/centro-bioetica\/files\/2017\/06\/curso-intensivo-internacional-1.jpg 700w, https:\/\/medicina.udd.cl\/centro-bioetica\/files\/2017\/06\/curso-intensivo-internacional-1-300x193.jpg 300w, https:\/\/medicina.udd.cl\/centro-bioetica\/files\/2017\/06\/curso-intensivo-internacional-1-125x80.jpg 125w, https:\/\/medicina.udd.cl\/centro-bioetica\/files\/2017\/06\/curso-intensivo-internacional-1-340x220.jpg 340w\" \/><\/figure><figure class=\"carousel-item\"><img loading=\"lazy\" decoding=\"async\" width=\"600\" height=\"404\" src=\"https:\/\/medicina.udd.cl\/centro-bioetica\/files\/2017\/06\/curso-intensivo-internacional-2.jpg\" class=\"attachment-landscape_952 size-landscape_952 lazyload\" alt=\"\" sizes=\"auto, (max-width: 600px) 100vw, 600px\" data-src=\"https:\/\/medicina.udd.cl\/centro-bioetica\/files\/2017\/06\/curso-intensivo-internacional-2.jpg\" data-srcset=\"https:\/\/medicina.udd.cl\/centro-bioetica\/files\/2017\/06\/curso-intensivo-internacional-2.jpg 600w, https:\/\/medicina.udd.cl\/centro-bioetica\/files\/2017\/06\/curso-intensivo-internacional-2-300x202.jpg 300w\" \/><\/figure><figure class=\"carousel-item\"><img loading=\"lazy\" decoding=\"async\" width=\"544\" height=\"450\" src=\"https:\/\/medicina.udd.cl\/centro-bioetica\/files\/2017\/06\/curso-intensivo-internacional-3.jpg\" class=\"attachment-landscape_952 size-landscape_952 lazyload\" alt=\"\" sizes=\"auto, (max-width: 544px) 100vw, 544px\" data-src=\"https:\/\/medicina.udd.cl\/centro-bioetica\/files\/2017\/06\/curso-intensivo-internacional-3.jpg\" data-srcset=\"https:\/\/medicina.udd.cl\/centro-bioetica\/files\/2017\/06\/curso-intensivo-internacional-3.jpg 544w, https:\/\/medicina.udd.cl\/centro-bioetica\/files\/2017\/06\/curso-intensivo-internacional-3-300x248.jpg 300w\" \/><\/figure><figure class=\"carousel-item\"><img loading=\"lazy\" decoding=\"async\" width=\"600\" height=\"450\" src=\"https:\/\/medicina.udd.cl\/centro-bioetica\/files\/2017\/06\/Curso-Intensivo-Bio\u00e9tica-2017.jpg\" class=\"attachment-landscape_952 size-landscape_952 lazyload\" alt=\"\" sizes=\"auto, (max-width: 600px) 100vw, 600px\" data-src=\"https:\/\/medicina.udd.cl\/centro-bioetica\/files\/2017\/06\/Curso-Intensivo-Bio\u00e9tica-2017.jpg\" data-srcset=\"https:\/\/medicina.udd.cl\/centro-bioetica\/files\/2017\/06\/Curso-Intensivo-Bio\u00e9tica-2017.jpg 600w, https:\/\/medicina.udd.cl\/centro-bioetica\/files\/2017\/06\/Curso-Intensivo-Bio\u00e9tica-2017-300x225.jpg 300w\" \/><\/figure><\/div><footer class=\"carousel-footer\"><div class=\"carousel-counter\"><span class=\"carousel-counter-current\"><\/span> \/ <span class=\"carousel-counter-total\"><\/span><\/div><a class=\"carousel-control-prev\" href=\"#gallery-1\" role=\"button\" data-slide=\"prev\"><svg aria-hidden=\"true\" class=\"svg-chevron-left-dims\"><use xlink:href='https:\/\/medicina.udd.cl\/centro-bioetica\/wp-content\/themes\/facultades-2018\/assets\/img\/svg\/dist\/main.svg?version=1695853099#chevron-left'><\/use><\/svg><span class=\"sr-only\">Anterior<\/span><\/a><a class=\"carousel-control-next\" href=\"#gallery-1\" role=\"button\" data-slide=\"next\"><svg aria-hidden=\"true\" class=\"svg-chevron-right-dims\"><use xlink:href='https:\/\/medicina.udd.cl\/centro-bioetica\/wp-content\/themes\/facultades-2018\/assets\/img\/svg\/dist\/main.svg?version=1695853099#chevron-right'><\/use><\/svg><span class=\"sr-only\">Siguiente<\/span><\/a><\/footer><\/div>\n<p style=\"text-align: justify;\">Valores y principios, fundamentos de la bio\u00e9tica, \u00e9tica cl\u00ednica y de la investigaci\u00f3n, fueron s\u00f3lo algunos de los temas abordados en el XIII Curso Intensivo Internacional de Bio\u00e9tica, realizado en Santiago entre el 29 de mayo y el 3 de junio.<\/p>\n<p style=\"text-align: justify;\">Organizada por el Centro de Bio\u00e9tica de la Facultad de Medicina CAS-UDD y patrocinada por el Ministerio de Salud, la capacitaci\u00f3n cont\u00f3 con la participaci\u00f3n de 65 alumnos, entre ellos 12 extranjeros de Brasil y Uruguay, quienes durante una semana se acercaron al mundo de las decisiones bio\u00e9ticas y a temas de la realidad cl\u00ednica y de la investigaci\u00f3n.<\/p>\n<p style=\"text-align: justify;\">Todos ellos formaron un potente equipo, donde el eje central fue el an\u00e1lisis de casos cl\u00ednicos, adem\u00e1s de la realizaci\u00f3n de paneles, conferencias, talleres electivos y trabajos grupales.<\/p>\n<p style=\"text-align: justify;\">El cuerpo docente lo formaron los acad\u00e9micos del Centro de Bio\u00e9tica Juan Pablo Beca, Carmen Astete y Lorna Luco, quienes fueron acompa\u00f1ados por las profesoras extranjeras Lydia Feito, de la Universidad Complutense de Madrid, y Montserrat Esquerda, directora del Institut Borja de Bio\u00e9tica de la Universidad Ram\u00f3n Llull.<\/p>\n<p style=\"text-align: justify;\">Para las autoridades y docentes del Centro de Bio\u00e9tica, este curso responde a la\u00a0creciente responsabilidad de los profesionales y los investigadores en la toma de decisiones en las \u00e1reas de atenci\u00f3n de salud y la investigaci\u00f3n biom\u00e9dica, en una sociedad que demanda un trato justo y un comportamiento \u00e9tico que respete la diversidad de valores.<\/p>\n<p>&nbsp;<\/p>\n","protected":false},"excerpt":{"rendered":"<p>Fueron 65 los estudiantes que participaron de la tradicional actividad organizada por el Centro de Bio\u00e9tica de la Facultad de Medicina CAS-UDD.<\/p>\n","protected":false},"author":42,"featured_media":3917,"comment_status":"open","ping_status":"open","sticky":false,"template":"","format":"standard","meta":{"footnotes":""},"categories":[4],"tags":[],"class_list":["post-3916","post","type-post","status-publish","format-standard","has-post-thumbnail","hentry","category-noticias"],"yoast_head":"<!-- This site is optimized with the Yoast SEO plugin v26.9 - https:\/\/yoast.com\/product\/yoast-seo-wordpress\/ -->\n<title>Exitosa nueva versi\u00f3n del Curso Intensivo Internacional de Bio\u00e9tica - Centro de Bio\u00e9tica<\/title>\n<meta name=\"robots\" content=\"index, follow, max-snippet:-1, max-image-preview:large, max-video-preview:-1\" \/>\n<link rel=\"canonical\" href=\"https:\/\/medicina.udd.cl\/centro-bioetica\/noticias\/2017\/06\/06\/exitosa-nueva-version-del-curso-intensivo-internacional-de-bioetica\/\" \/>\n<meta property=\"og:locale\" content=\"es_ES\" \/>\n<meta property=\"og:type\" content=\"article\" \/>\n<meta property=\"og:title\" content=\"Exitosa nueva versi\u00f3n del Curso Intensivo Internacional de Bio\u00e9tica - Centro de Bio\u00e9tica\" \/>\n<meta property=\"og:description\" content=\"Fueron 65 los estudiantes que participaron de la tradicional actividad organizada por el Centro de Bio\u00e9tica de la Facultad de Medicina CAS-UDD.\" \/>\n<meta property=\"og:url\" content=\"https:\/\/medicina.udd.cl\/centro-bioetica\/noticias\/2017\/06\/06\/exitosa-nueva-version-del-curso-intensivo-internacional-de-bioetica\/\" \/>\n<meta property=\"og:site_name\" content=\"Centro de Bio\u00e9tica\" \/>\n<meta property=\"article:published_time\" content=\"2017-06-06T20:17:53+00:00\" \/>\n<meta property=\"og:image\" content=\"https:\/\/medicina.udd.cl\/centro-bioetica\/files\/2017\/06\/Curso-Intensivo-Bio\u00e9tica-2017.jpg\" \/>\n\t<meta property=\"og:image:width\" content=\"600\" \/>\n\t<meta property=\"og:image:height\" content=\"450\" \/>\n\t<meta property=\"og:image:type\" content=\"image\/jpeg\" \/>\n<meta name=\"twitter:label1\" content=\"Escrito por\" \/>\n\t<meta name=\"twitter:data1\" content=\"\" \/>\n\t<meta name=\"twitter:label2\" content=\"Tiempo de lectura\" \/>\n\t<meta name=\"twitter:data2\" content=\"1 minuto\" \/>\n<script type=\"application\/ld+json\" class=\"yoast-schema-graph\">{\"@context\":\"https:\/\/schema.org\",\"@graph\":[{\"@type\":\"Article\",\"@id\":\"https:\/\/medicina.udd.cl\/centro-bioetica\/noticias\/2017\/06\/06\/exitosa-nueva-version-del-curso-intensivo-internacional-de-bioetica\/#article\",\"isPartOf\":{\"@id\":\"https:\/\/medicina.udd.cl\/centro-bioetica\/noticias\/2017\/06\/06\/exitosa-nueva-version-del-curso-intensivo-internacional-de-bioetica\/\"},\"author\":{\"name\":\"\",\"@id\":\"\"},\"headline\":\"Exitosa nueva versi\u00f3n del Curso Intensivo Internacional de Bio\u00e9tica\",\"datePublished\":\"2017-06-06T20:17:53+00:00\",\"mainEntityOfPage\":{\"@id\":\"https:\/\/medicina.udd.cl\/centro-bioetica\/noticias\/2017\/06\/06\/exitosa-nueva-version-del-curso-intensivo-internacional-de-bioetica\/\"},\"wordCount\":266,\"commentCount\":0,\"image\":{\"@id\":\"https:\/\/medicina.udd.cl\/centro-bioetica\/noticias\/2017\/06\/06\/exitosa-nueva-version-del-curso-intensivo-internacional-de-bioetica\/#primaryimage\"},\"thumbnailUrl\":\"https:\/\/medicina.udd.cl\/centro-bioetica\/files\/2017\/06\/Curso-Intensivo-Bio\u00e9tica-2017.jpg\",\"articleSection\":[\"Noticias\"],\"inLanguage\":\"es\",\"potentialAction\":[{\"@type\":\"CommentAction\",\"name\":\"Comment\",\"target\":[\"https:\/\/medicina.udd.cl\/centro-bioetica\/noticias\/2017\/06\/06\/exitosa-nueva-version-del-curso-intensivo-internacional-de-bioetica\/#respond\"]}]},{\"@type\":\"WebPage\",\"@id\":\"https:\/\/medicina.udd.cl\/centro-bioetica\/noticias\/2017\/06\/06\/exitosa-nueva-version-del-curso-intensivo-internacional-de-bioetica\/\",\"url\":\"https:\/\/medicina.udd.cl\/centro-bioetica\/noticias\/2017\/06\/06\/exitosa-nueva-version-del-curso-intensivo-internacional-de-bioetica\/\",\"name\":\"Exitosa nueva versi\u00f3n del Curso Intensivo Internacional de Bio\u00e9tica - Centro de Bio\u00e9tica\",\"isPartOf\":{\"@id\":\"https:\/\/medicina.udd.cl\/centro-bioetica\/#website\"},\"primaryImageOfPage\":{\"@id\":\"https:\/\/medicina.udd.cl\/centro-bioetica\/noticias\/2017\/06\/06\/exitosa-nueva-version-del-curso-intensivo-internacional-de-bioetica\/#primaryimage\"},\"image\":{\"@id\":\"https:\/\/medicina.udd.cl\/centro-bioetica\/noticias\/2017\/06\/06\/exitosa-nueva-version-del-curso-intensivo-internacional-de-bioetica\/#primaryimage\"},\"thumbnailUrl\":\"https:\/\/medicina.udd.cl\/centro-bioetica\/files\/2017\/06\/Curso-Intensivo-Bio\u00e9tica-2017.jpg\",\"datePublished\":\"2017-06-06T20:17:53+00:00\",\"author\":{\"@id\":\"\"},\"breadcrumb\":{\"@id\":\"https:\/\/medicina.udd.cl\/centro-bioetica\/noticias\/2017\/06\/06\/exitosa-nueva-version-del-curso-intensivo-internacional-de-bioetica\/#breadcrumb\"},\"inLanguage\":\"es\",\"potentialAction\":[{\"@type\":\"ReadAction\",\"target\":[\"https:\/\/medicina.udd.cl\/centro-bioetica\/noticias\/2017\/06\/06\/exitosa-nueva-version-del-curso-intensivo-internacional-de-bioetica\/\"]}]},{\"@type\":\"ImageObject\",\"inLanguage\":\"es\",\"@id\":\"https:\/\/medicina.udd.cl\/centro-bioetica\/noticias\/2017\/06\/06\/exitosa-nueva-version-del-curso-intensivo-internacional-de-bioetica\/#primaryimage\",\"url\":\"https:\/\/medicina.udd.cl\/centro-bioetica\/files\/2017\/06\/Curso-Intensivo-Bio\u00e9tica-2017.jpg\",\"contentUrl\":\"https:\/\/medicina.udd.cl\/centro-bioetica\/files\/2017\/06\/Curso-Intensivo-Bio\u00e9tica-2017.jpg\",\"width\":600,\"height\":450},{\"@type\":\"BreadcrumbList\",\"@id\":\"https:\/\/medicina.udd.cl\/centro-bioetica\/noticias\/2017\/06\/06\/exitosa-nueva-version-del-curso-intensivo-internacional-de-bioetica\/#breadcrumb\",\"itemListElement\":[{\"@type\":\"ListItem\",\"position\":1,\"name\":\"Inicio\",\"item\":\"https:\/\/medicina.udd.cl\/centro-bioetica\/\"},{\"@type\":\"ListItem\",\"position\":2,\"name\":\"Exitosa nueva versi\u00f3n del Curso Intensivo Internacional de Bio\u00e9tica\"}]},{\"@type\":\"WebSite\",\"@id\":\"https:\/\/medicina.udd.cl\/centro-bioetica\/#website\",\"url\":\"https:\/\/medicina.udd.cl\/centro-bioetica\/\",\"name\":\"Centro de Bio\u00e9tica\",\"description\":\"Universidad del Desarrollo\",\"inLanguage\":\"es\"},{\"@type\":\"Person\",\"@id\":\"\",\"url\":\"https:\/\/medicina.udd.cl\/centro-bioetica\/noticias\/author\/\"}]}<\/script>\n<!-- \/ Yoast SEO plugin. -->","yoast_head_json":{"title":"Exitosa nueva versi\u00f3n del Curso Intensivo Internacional de Bio\u00e9tica - Centro de Bio\u00e9tica","robots":{"index":"index","follow":"follow","max-snippet":"max-snippet:-1","max-image-preview":"max-image-preview:large","max-video-preview":"max-video-preview:-1"},"canonical":"https:\/\/medicina.udd.cl\/centro-bioetica\/noticias\/2017\/06\/06\/exitosa-nueva-version-del-curso-intensivo-internacional-de-bioetica\/","og_locale":"es_ES","og_type":"article","og_title":"Exitosa nueva versi\u00f3n del Curso Intensivo Internacional de Bio\u00e9tica - Centro de Bio\u00e9tica","og_description":"Fueron 65 los estudiantes que participaron de la tradicional actividad organizada por el Centro de Bio\u00e9tica de la Facultad de Medicina CAS-UDD.","og_url":"https:\/\/medicina.udd.cl\/centro-bioetica\/noticias\/2017\/06\/06\/exitosa-nueva-version-del-curso-intensivo-internacional-de-bioetica\/","og_site_name":"Centro de Bio\u00e9tica","article_published_time":"2017-06-06T20:17:53+00:00","og_image":[{"width":600,"height":450,"url":"https:\/\/medicina.udd.cl\/centro-bioetica\/files\/2017\/06\/Curso-Intensivo-Bio\u00e9tica-2017.jpg","type":"image\/jpeg"}],"twitter_misc":{"Escrito por":"","Tiempo de lectura":"1 minuto"},"schema":{"@context":"https:\/\/schema.org","@graph":[{"@type":"Article","@id":"https:\/\/medicina.udd.cl\/centro-bioetica\/noticias\/2017\/06\/06\/exitosa-nueva-version-del-curso-intensivo-internacional-de-bioetica\/#article","isPartOf":{"@id":"https:\/\/medicina.udd.cl\/centro-bioetica\/noticias\/2017\/06\/06\/exitosa-nueva-version-del-curso-intensivo-internacional-de-bioetica\/"},"author":{"name":"","@id":""},"headline":"Exitosa nueva versi\u00f3n del Curso Intensivo Internacional de Bio\u00e9tica","datePublished":"2017-06-06T20:17:53+00:00","mainEntityOfPage":{"@id":"https:\/\/medicina.udd.cl\/centro-bioetica\/noticias\/2017\/06\/06\/exitosa-nueva-version-del-curso-intensivo-internacional-de-bioetica\/"},"wordCount":266,"commentCount":0,"image":{"@id":"https:\/\/medicina.udd.cl\/centro-bioetica\/noticias\/2017\/06\/06\/exitosa-nueva-version-del-curso-intensivo-internacional-de-bioetica\/#primaryimage"},"thumbnailUrl":"https:\/\/medicina.udd.cl\/centro-bioetica\/files\/2017\/06\/Curso-Intensivo-Bio\u00e9tica-2017.jpg","articleSection":["Noticias"],"inLanguage":"es","potentialAction":[{"@type":"CommentAction","name":"Comment","target":["https:\/\/medicina.udd.cl\/centro-bioetica\/noticias\/2017\/06\/06\/exitosa-nueva-version-del-curso-intensivo-internacional-de-bioetica\/#respond"]}]},{"@type":"WebPage","@id":"https:\/\/medicina.udd.cl\/centro-bioetica\/noticias\/2017\/06\/06\/exitosa-nueva-version-del-curso-intensivo-internacional-de-bioetica\/","url":"https:\/\/medicina.udd.cl\/centro-bioetica\/noticias\/2017\/06\/06\/exitosa-nueva-version-del-curso-intensivo-internacional-de-bioetica\/","name":"Exitosa nueva versi\u00f3n del Curso Intensivo Internacional de Bio\u00e9tica - Centro de Bio\u00e9tica","isPartOf":{"@id":"https:\/\/medicina.udd.cl\/centro-bioetica\/#website"},"primaryImageOfPage":{"@id":"https:\/\/medicina.udd.cl\/centro-bioetica\/noticias\/2017\/06\/06\/exitosa-nueva-version-del-curso-intensivo-internacional-de-bioetica\/#primaryimage"},"image":{"@id":"https:\/\/medicina.udd.cl\/centro-bioetica\/noticias\/2017\/06\/06\/exitosa-nueva-version-del-curso-intensivo-internacional-de-bioetica\/#primaryimage"},"thumbnailUrl":"https:\/\/medicina.udd.cl\/centro-bioetica\/files\/2017\/06\/Curso-Intensivo-Bio\u00e9tica-2017.jpg","datePublished":"2017-06-06T20:17:53+00:00","author":{"@id":""},"breadcrumb":{"@id":"https:\/\/medicina.udd.cl\/centro-bioetica\/noticias\/2017\/06\/06\/exitosa-nueva-version-del-curso-intensivo-internacional-de-bioetica\/#breadcrumb"},"inLanguage":"es","potentialAction":[{"@type":"ReadAction","target":["https:\/\/medicina.udd.cl\/centro-bioetica\/noticias\/2017\/06\/06\/exitosa-nueva-version-del-curso-intensivo-internacional-de-bioetica\/"]}]},{"@type":"ImageObject","inLanguage":"es","@id":"https:\/\/medicina.udd.cl\/centro-bioetica\/noticias\/2017\/06\/06\/exitosa-nueva-version-del-curso-intensivo-internacional-de-bioetica\/#primaryimage","url":"https:\/\/medicina.udd.cl\/centro-bioetica\/files\/2017\/06\/Curso-Intensivo-Bio\u00e9tica-2017.jpg","contentUrl":"https:\/\/medicina.udd.cl\/centro-bioetica\/files\/2017\/06\/Curso-Intensivo-Bio\u00e9tica-2017.jpg","width":600,"height":450},{"@type":"BreadcrumbList","@id":"https:\/\/medicina.udd.cl\/centro-bioetica\/noticias\/2017\/06\/06\/exitosa-nueva-version-del-curso-intensivo-internacional-de-bioetica\/#breadcrumb","itemListElement":[{"@type":"ListItem","position":1,"name":"Inicio","item":"https:\/\/medicina.udd.cl\/centro-bioetica\/"},{"@type":"ListItem","position":2,"name":"Exitosa nueva versi\u00f3n del Curso Intensivo Internacional de Bio\u00e9tica"}]},{"@type":"WebSite","@id":"https:\/\/medicina.udd.cl\/centro-bioetica\/#website","url":"https:\/\/medicina.udd.cl\/centro-bioetica\/","name":"Centro de Bio\u00e9tica","description":"Universidad del Desarrollo","inLanguage":"es"},{"@type":"Person","@id":"","url":"https:\/\/medicina.udd.cl\/centro-bioetica\/noticias\/author\/"}]}},"featured_image_url":"https:\/\/medicina.udd.cl\/centro-bioetica\/files\/2017\/06\/Curso-Intensivo-Bio\u00e9tica-2017.jpg","_links":{"self":[{"href":"https:\/\/medicina.udd.cl\/centro-bioetica\/wp-json\/wp\/v2\/posts\/3916","targetHints":{"allow":["GET"]}}],"collection":[{"href":"https:\/\/medicina.udd.cl\/centro-bioetica\/wp-json\/wp\/v2\/posts"}],"about":[{"href":"https:\/\/medicina.udd.cl\/centro-bioetica\/wp-json\/wp\/v2\/types\/post"}],"author":[{"embeddable":true,"href":"https:\/\/medicina.udd.cl\/centro-bioetica\/wp-json\/wp\/v2\/users\/42"}],"replies":[{"embeddable":true,"href":"https:\/\/medicina.udd.cl\/centro-bioetica\/wp-json\/wp\/v2\/comments?post=3916"}],"version-history":[{"count":1,"href":"https:\/\/medicina.udd.cl\/centro-bioetica\/wp-json\/wp\/v2\/posts\/3916\/revisions"}],"predecessor-version":[{"id":3921,"href":"https:\/\/medicina.udd.cl\/centro-bioetica\/wp-json\/wp\/v2\/posts\/3916\/revisions\/3921"}],"wp:featuredmedia":[{"embeddable":true,"href":"https:\/\/medicina.udd.cl\/centro-bioetica\/wp-json\/wp\/v2\/media\/3917"}],"wp:attachment":[{"href":"https:\/\/medicina.udd.cl\/centro-bioetica\/wp-json\/wp\/v2\/media?parent=3916"}],"wp:term":[{"taxonomy":"category","embeddable":true,"href":"https:\/\/medicina.udd.cl\/centro-bioetica\/wp-json\/wp\/v2\/categories?post=3916"},{"taxonomy":"post_tag","embeddable":true,"href":"https:\/\/medicina.udd.cl\/centro-bioetica\/wp-json\/wp\/v2\/tags?post=3916"}],"curies":[{"name":"wp","href":"https:\/\/api.w.org\/{rel}","templated":true}]}}