{"id":4259,"date":"2018-06-06T11:49:59","date_gmt":"2018-06-06T15:49:59","guid":{"rendered":"http:\/\/medicina.udd.cl\/centro-bioetica\/?p=4259"},"modified":"2018-06-06T11:49:59","modified_gmt":"2018-06-06T15:49:59","slug":"exitosa-nueva-version-del-curso-intensivo-internacional-de-bioetica-2","status":"publish","type":"post","link":"https:\/\/medicina.udd.cl\/centro-bioetica\/noticias\/2018\/06\/06\/exitosa-nueva-version-del-curso-intensivo-internacional-de-bioetica-2\/","title":{"rendered":"Exitosa nueva versi\u00f3n del Curso Intensivo Internacional de Bio\u00e9tica"},"content":{"rendered":"<div id=\"gallery-1\" class=\"carousel slide carousel-gallery\" data-ride=\"false\" data-interval=\"false\"><div class=\"carousel-inner\" role=\"listbox\"><figure class=\"carousel-item active\"><img loading=\"lazy\" decoding=\"async\" width=\"600\" height=\"450\" src=\"https:\/\/medicina.udd.cl\/centro-bioetica\/files\/2018\/06\/Curso-Intensivo-2018-4.jpg\" class=\"attachment-landscape_952 size-landscape_952 lazyload\" alt=\"\" sizes=\"auto, (max-width: 600px) 100vw, 600px\" data-src=\"https:\/\/medicina.udd.cl\/centro-bioetica\/files\/2018\/06\/Curso-Intensivo-2018-4.jpg\" data-srcset=\"https:\/\/medicina.udd.cl\/centro-bioetica\/files\/2018\/06\/Curso-Intensivo-2018-4.jpg 600w, https:\/\/medicina.udd.cl\/centro-bioetica\/files\/2018\/06\/Curso-Intensivo-2018-4-300x225.jpg 300w\" \/><\/figure><figure class=\"carousel-item\"><img loading=\"lazy\" decoding=\"async\" width=\"569\" height=\"450\" src=\"https:\/\/medicina.udd.cl\/centro-bioetica\/files\/2018\/06\/Curso-Intensivo-2018-2.jpg\" class=\"attachment-landscape_952 size-landscape_952 lazyload\" alt=\"\" sizes=\"auto, (max-width: 569px) 100vw, 569px\" data-src=\"https:\/\/medicina.udd.cl\/centro-bioetica\/files\/2018\/06\/Curso-Intensivo-2018-2.jpg\" data-srcset=\"https:\/\/medicina.udd.cl\/centro-bioetica\/files\/2018\/06\/Curso-Intensivo-2018-2.jpg 569w, https:\/\/medicina.udd.cl\/centro-bioetica\/files\/2018\/06\/Curso-Intensivo-2018-2-300x237.jpg 300w\" \/><\/figure><figure class=\"carousel-item\"><img loading=\"lazy\" decoding=\"async\" width=\"600\" height=\"450\" src=\"https:\/\/medicina.udd.cl\/centro-bioetica\/files\/2018\/06\/Curso-Intensivo-2018-3.jpg\" class=\"attachment-landscape_952 size-landscape_952 lazyload\" alt=\"\" sizes=\"auto, (max-width: 600px) 100vw, 600px\" data-src=\"https:\/\/medicina.udd.cl\/centro-bioetica\/files\/2018\/06\/Curso-Intensivo-2018-3.jpg\" data-srcset=\"https:\/\/medicina.udd.cl\/centro-bioetica\/files\/2018\/06\/Curso-Intensivo-2018-3.jpg 600w, https:\/\/medicina.udd.cl\/centro-bioetica\/files\/2018\/06\/Curso-Intensivo-2018-3-300x225.jpg 300w\" \/><\/figure><figure class=\"carousel-item\"><img loading=\"lazy\" decoding=\"async\" width=\"656\" height=\"450\" src=\"https:\/\/medicina.udd.cl\/centro-bioetica\/files\/2018\/06\/Curso-Intensivo-2018-1.jpg\" class=\"attachment-landscape_952 size-landscape_952 lazyload\" alt=\"\" sizes=\"auto, (max-width: 656px) 100vw, 656px\" data-src=\"https:\/\/medicina.udd.cl\/centro-bioetica\/files\/2018\/06\/Curso-Intensivo-2018-1.jpg\" data-srcset=\"https:\/\/medicina.udd.cl\/centro-bioetica\/files\/2018\/06\/Curso-Intensivo-2018-1.jpg 656w, https:\/\/medicina.udd.cl\/centro-bioetica\/files\/2018\/06\/Curso-Intensivo-2018-1-300x206.jpg 300w\" \/><\/figure><\/div><footer class=\"carousel-footer\"><div class=\"carousel-counter\"><span class=\"carousel-counter-current\"><\/span> \/ <span class=\"carousel-counter-total\"><\/span><\/div><a class=\"carousel-control-prev\" href=\"#gallery-1\" role=\"button\" data-slide=\"prev\"><svg aria-hidden=\"true\" class=\"svg-chevron-left-dims\"><use xlink:href='https:\/\/medicina.udd.cl\/centro-bioetica\/wp-content\/themes\/facultades-2018\/assets\/img\/svg\/dist\/main.svg?version=1695853099#chevron-left'><\/use><\/svg><span class=\"sr-only\">Anterior<\/span><\/a><a class=\"carousel-control-next\" href=\"#gallery-1\" role=\"button\" data-slide=\"next\"><svg aria-hidden=\"true\" class=\"svg-chevron-right-dims\"><use xlink:href='https:\/\/medicina.udd.cl\/centro-bioetica\/wp-content\/themes\/facultades-2018\/assets\/img\/svg\/dist\/main.svg?version=1695853099#chevron-right'><\/use><\/svg><span class=\"sr-only\">Siguiente<\/span><\/a><\/footer><\/div>\n<p style=\"text-align: justify;\">\u00c9tica Cl\u00ednica, Comit\u00e9s de \u00c9tica, Dignidad, Vulnerabilidad y Derechos Humanos, fueron s\u00f3lo algunos de los temas tratados en el XIV Curso Intensivo Internacional de Bio\u00e9tica, realizado en entre el 28 de mayo y el 2 de junio de 2018.<\/p>\n<p style=\"text-align: justify;\">Organizado por el Centro de Bio\u00e9tica de la Facultad de Medicina Cl\u00ednica Alemana Universidad del Desarrollo, su objetivo es la actualizaci\u00f3n en los fundamentos de la Bio\u00e9tica y en temas seleccionados de la realidad cl\u00ednica y de la investigaci\u00f3n.<\/p>\n<p style=\"text-align: justify;\">A su vez, nace con el fin de asumir la creciente responsabilidad de los profesionales y los investigadores en la toma de decisiones en las \u00e1reas de atenci\u00f3n de salud y la investigaci\u00f3n biom\u00e9dica en una sociedad que demanda un trato justo y digno y un comportamiento \u00e9tico que respete la diversidad de valores.<\/p>\n<p style=\"text-align: justify;\">En esta vig\u00e9sima cuarta versi\u00f3n, el curso cont\u00f3 65 alumnos inscritos, provenientes de distintos pa\u00edses (Brasil, Ecuador, Nicaragua, Uruguay, Argentina, Rep\u00fablica Dominicana y Chile), quienes permitieron plasmar el sello internacional que este centro le ha entregado a su quehacer en el \u00e1mbito de la Bio\u00e9tica.<\/p>\n<p style=\"text-align: justify;\">En este contexto, cont\u00f3 tambi\u00e9n con la participaci\u00f3n de los profesores extranjeros Lydia Feito, doctora en filosof\u00eda profesora de Bio\u00e9tica en la Universidad Complutense de Madrid, y el Dr. Fco. Jos\u00e9 Cambra, del Hospital Sant Joan de D\u00e9u de Barcelona, quienes se sumaron al grupo de acad\u00e9micos del Centro de Bio\u00e9tica, encargados de dictar la capacitaci\u00f3n.<\/p>\n<p style=\"text-align: justify;\">Cabe destacar que, este a\u00f1o, el curso cont\u00f3 con la presencia de dos estudiantes que fueron becados por la Organizaci\u00f3n Mundial de la Salud (OMS), en el marco de las funciones que cumple el Centro de Bio\u00e9tica de la UDD como colaborador del organismo.<\/p>\n","protected":false},"excerpt":{"rendered":"<p>Fueron 65 los inscritos, de siete nacionalidades diferentes, los que este a\u00f1o participaron en la tradicional actividad organizada por el Centro de Bio\u00e9tica.<\/p>\n","protected":false},"author":42,"featured_media":4260,"comment_status":"open","ping_status":"open","sticky":false,"template":"","format":"standard","meta":{"footnotes":""},"categories":[4],"tags":[],"class_list":["post-4259","post","type-post","status-publish","format-standard","has-post-thumbnail","hentry","category-noticias"],"yoast_head":"<!-- This site is optimized with the Yoast SEO plugin v26.9 - https:\/\/yoast.com\/product\/yoast-seo-wordpress\/ -->\n<title>Exitosa nueva versi\u00f3n del Curso Intensivo Internacional de Bio\u00e9tica - Centro de Bio\u00e9tica<\/title>\n<meta name=\"robots\" content=\"index, follow, max-snippet:-1, max-image-preview:large, max-video-preview:-1\" \/>\n<link rel=\"canonical\" href=\"https:\/\/medicina.udd.cl\/centro-bioetica\/noticias\/2018\/06\/06\/exitosa-nueva-version-del-curso-intensivo-internacional-de-bioetica-2\/\" \/>\n<meta property=\"og:locale\" content=\"es_ES\" \/>\n<meta property=\"og:type\" content=\"article\" \/>\n<meta property=\"og:title\" content=\"Exitosa nueva versi\u00f3n del Curso Intensivo Internacional de Bio\u00e9tica - Centro de Bio\u00e9tica\" \/>\n<meta property=\"og:description\" content=\"Fueron 65 los inscritos, de siete nacionalidades diferentes, los que este a\u00f1o participaron en la tradicional actividad organizada por el Centro de Bio\u00e9tica.\" \/>\n<meta property=\"og:url\" content=\"https:\/\/medicina.udd.cl\/centro-bioetica\/noticias\/2018\/06\/06\/exitosa-nueva-version-del-curso-intensivo-internacional-de-bioetica-2\/\" \/>\n<meta property=\"og:site_name\" content=\"Centro de Bio\u00e9tica\" \/>\n<meta property=\"article:published_time\" content=\"2018-06-06T15:49:59+00:00\" \/>\n<meta property=\"og:image\" content=\"https:\/\/medicina.udd.cl\/centro-bioetica\/files\/2018\/06\/Curso-Intensivo-2018-1.jpg\" \/>\n\t<meta property=\"og:image:width\" content=\"656\" \/>\n\t<meta property=\"og:image:height\" content=\"450\" \/>\n\t<meta property=\"og:image:type\" content=\"image\/jpeg\" \/>\n<meta name=\"twitter:label1\" content=\"Escrito por\" \/>\n\t<meta name=\"twitter:data1\" content=\"\" \/>\n\t<meta name=\"twitter:label2\" content=\"Tiempo de lectura\" \/>\n\t<meta name=\"twitter:data2\" content=\"2 minutos\" \/>\n<script type=\"application\/ld+json\" class=\"yoast-schema-graph\">{\"@context\":\"https:\/\/schema.org\",\"@graph\":[{\"@type\":\"Article\",\"@id\":\"https:\/\/medicina.udd.cl\/centro-bioetica\/noticias\/2018\/06\/06\/exitosa-nueva-version-del-curso-intensivo-internacional-de-bioetica-2\/#article\",\"isPartOf\":{\"@id\":\"https:\/\/medicina.udd.cl\/centro-bioetica\/noticias\/2018\/06\/06\/exitosa-nueva-version-del-curso-intensivo-internacional-de-bioetica-2\/\"},\"author\":{\"name\":\"\",\"@id\":\"\"},\"headline\":\"Exitosa nueva versi\u00f3n del Curso Intensivo Internacional de Bio\u00e9tica\",\"datePublished\":\"2018-06-06T15:49:59+00:00\",\"mainEntityOfPage\":{\"@id\":\"https:\/\/medicina.udd.cl\/centro-bioetica\/noticias\/2018\/06\/06\/exitosa-nueva-version-del-curso-intensivo-internacional-de-bioetica-2\/\"},\"wordCount\":315,\"commentCount\":0,\"image\":{\"@id\":\"https:\/\/medicina.udd.cl\/centro-bioetica\/noticias\/2018\/06\/06\/exitosa-nueva-version-del-curso-intensivo-internacional-de-bioetica-2\/#primaryimage\"},\"thumbnailUrl\":\"https:\/\/medicina.udd.cl\/centro-bioetica\/files\/2018\/06\/Curso-Intensivo-2018-1.jpg\",\"articleSection\":[\"Noticias\"],\"inLanguage\":\"es\",\"potentialAction\":[{\"@type\":\"CommentAction\",\"name\":\"Comment\",\"target\":[\"https:\/\/medicina.udd.cl\/centro-bioetica\/noticias\/2018\/06\/06\/exitosa-nueva-version-del-curso-intensivo-internacional-de-bioetica-2\/#respond\"]}]},{\"@type\":\"WebPage\",\"@id\":\"https:\/\/medicina.udd.cl\/centro-bioetica\/noticias\/2018\/06\/06\/exitosa-nueva-version-del-curso-intensivo-internacional-de-bioetica-2\/\",\"url\":\"https:\/\/medicina.udd.cl\/centro-bioetica\/noticias\/2018\/06\/06\/exitosa-nueva-version-del-curso-intensivo-internacional-de-bioetica-2\/\",\"name\":\"Exitosa nueva versi\u00f3n del Curso Intensivo Internacional de Bio\u00e9tica - Centro de Bio\u00e9tica\",\"isPartOf\":{\"@id\":\"https:\/\/medicina.udd.cl\/centro-bioetica\/#website\"},\"primaryImageOfPage\":{\"@id\":\"https:\/\/medicina.udd.cl\/centro-bioetica\/noticias\/2018\/06\/06\/exitosa-nueva-version-del-curso-intensivo-internacional-de-bioetica-2\/#primaryimage\"},\"image\":{\"@id\":\"https:\/\/medicina.udd.cl\/centro-bioetica\/noticias\/2018\/06\/06\/exitosa-nueva-version-del-curso-intensivo-internacional-de-bioetica-2\/#primaryimage\"},\"thumbnailUrl\":\"https:\/\/medicina.udd.cl\/centro-bioetica\/files\/2018\/06\/Curso-Intensivo-2018-1.jpg\",\"datePublished\":\"2018-06-06T15:49:59+00:00\",\"author\":{\"@id\":\"\"},\"breadcrumb\":{\"@id\":\"https:\/\/medicina.udd.cl\/centro-bioetica\/noticias\/2018\/06\/06\/exitosa-nueva-version-del-curso-intensivo-internacional-de-bioetica-2\/#breadcrumb\"},\"inLanguage\":\"es\",\"potentialAction\":[{\"@type\":\"ReadAction\",\"target\":[\"https:\/\/medicina.udd.cl\/centro-bioetica\/noticias\/2018\/06\/06\/exitosa-nueva-version-del-curso-intensivo-internacional-de-bioetica-2\/\"]}]},{\"@type\":\"ImageObject\",\"inLanguage\":\"es\",\"@id\":\"https:\/\/medicina.udd.cl\/centro-bioetica\/noticias\/2018\/06\/06\/exitosa-nueva-version-del-curso-intensivo-internacional-de-bioetica-2\/#primaryimage\",\"url\":\"https:\/\/medicina.udd.cl\/centro-bioetica\/files\/2018\/06\/Curso-Intensivo-2018-1.jpg\",\"contentUrl\":\"https:\/\/medicina.udd.cl\/centro-bioetica\/files\/2018\/06\/Curso-Intensivo-2018-1.jpg\",\"width\":656,\"height\":450},{\"@type\":\"BreadcrumbList\",\"@id\":\"https:\/\/medicina.udd.cl\/centro-bioetica\/noticias\/2018\/06\/06\/exitosa-nueva-version-del-curso-intensivo-internacional-de-bioetica-2\/#breadcrumb\",\"itemListElement\":[{\"@type\":\"ListItem\",\"position\":1,\"name\":\"Inicio\",\"item\":\"https:\/\/medicina.udd.cl\/centro-bioetica\/\"},{\"@type\":\"ListItem\",\"position\":2,\"name\":\"Exitosa nueva versi\u00f3n del Curso Intensivo Internacional de Bio\u00e9tica\"}]},{\"@type\":\"WebSite\",\"@id\":\"https:\/\/medicina.udd.cl\/centro-bioetica\/#website\",\"url\":\"https:\/\/medicina.udd.cl\/centro-bioetica\/\",\"name\":\"Centro de Bio\u00e9tica\",\"description\":\"Universidad del Desarrollo\",\"inLanguage\":\"es\"},{\"@type\":\"Person\",\"@id\":\"\",\"url\":\"https:\/\/medicina.udd.cl\/centro-bioetica\/noticias\/author\/\"}]}<\/script>\n<!-- \/ Yoast SEO plugin. -->","yoast_head_json":{"title":"Exitosa nueva versi\u00f3n del Curso Intensivo Internacional de Bio\u00e9tica - Centro de Bio\u00e9tica","robots":{"index":"index","follow":"follow","max-snippet":"max-snippet:-1","max-image-preview":"max-image-preview:large","max-video-preview":"max-video-preview:-1"},"canonical":"https:\/\/medicina.udd.cl\/centro-bioetica\/noticias\/2018\/06\/06\/exitosa-nueva-version-del-curso-intensivo-internacional-de-bioetica-2\/","og_locale":"es_ES","og_type":"article","og_title":"Exitosa nueva versi\u00f3n del Curso Intensivo Internacional de Bio\u00e9tica - Centro de Bio\u00e9tica","og_description":"Fueron 65 los inscritos, de siete nacionalidades diferentes, los que este a\u00f1o participaron en la tradicional actividad organizada por el Centro de Bio\u00e9tica.","og_url":"https:\/\/medicina.udd.cl\/centro-bioetica\/noticias\/2018\/06\/06\/exitosa-nueva-version-del-curso-intensivo-internacional-de-bioetica-2\/","og_site_name":"Centro de Bio\u00e9tica","article_published_time":"2018-06-06T15:49:59+00:00","og_image":[{"width":656,"height":450,"url":"https:\/\/medicina.udd.cl\/centro-bioetica\/files\/2018\/06\/Curso-Intensivo-2018-1.jpg","type":"image\/jpeg"}],"twitter_misc":{"Escrito por":"","Tiempo de lectura":"2 minutos"},"schema":{"@context":"https:\/\/schema.org","@graph":[{"@type":"Article","@id":"https:\/\/medicina.udd.cl\/centro-bioetica\/noticias\/2018\/06\/06\/exitosa-nueva-version-del-curso-intensivo-internacional-de-bioetica-2\/#article","isPartOf":{"@id":"https:\/\/medicina.udd.cl\/centro-bioetica\/noticias\/2018\/06\/06\/exitosa-nueva-version-del-curso-intensivo-internacional-de-bioetica-2\/"},"author":{"name":"","@id":""},"headline":"Exitosa nueva versi\u00f3n del Curso Intensivo Internacional de Bio\u00e9tica","datePublished":"2018-06-06T15:49:59+00:00","mainEntityOfPage":{"@id":"https:\/\/medicina.udd.cl\/centro-bioetica\/noticias\/2018\/06\/06\/exitosa-nueva-version-del-curso-intensivo-internacional-de-bioetica-2\/"},"wordCount":315,"commentCount":0,"image":{"@id":"https:\/\/medicina.udd.cl\/centro-bioetica\/noticias\/2018\/06\/06\/exitosa-nueva-version-del-curso-intensivo-internacional-de-bioetica-2\/#primaryimage"},"thumbnailUrl":"https:\/\/medicina.udd.cl\/centro-bioetica\/files\/2018\/06\/Curso-Intensivo-2018-1.jpg","articleSection":["Noticias"],"inLanguage":"es","potentialAction":[{"@type":"CommentAction","name":"Comment","target":["https:\/\/medicina.udd.cl\/centro-bioetica\/noticias\/2018\/06\/06\/exitosa-nueva-version-del-curso-intensivo-internacional-de-bioetica-2\/#respond"]}]},{"@type":"WebPage","@id":"https:\/\/medicina.udd.cl\/centro-bioetica\/noticias\/2018\/06\/06\/exitosa-nueva-version-del-curso-intensivo-internacional-de-bioetica-2\/","url":"https:\/\/medicina.udd.cl\/centro-bioetica\/noticias\/2018\/06\/06\/exitosa-nueva-version-del-curso-intensivo-internacional-de-bioetica-2\/","name":"Exitosa nueva versi\u00f3n del Curso Intensivo Internacional de Bio\u00e9tica - Centro de Bio\u00e9tica","isPartOf":{"@id":"https:\/\/medicina.udd.cl\/centro-bioetica\/#website"},"primaryImageOfPage":{"@id":"https:\/\/medicina.udd.cl\/centro-bioetica\/noticias\/2018\/06\/06\/exitosa-nueva-version-del-curso-intensivo-internacional-de-bioetica-2\/#primaryimage"},"image":{"@id":"https:\/\/medicina.udd.cl\/centro-bioetica\/noticias\/2018\/06\/06\/exitosa-nueva-version-del-curso-intensivo-internacional-de-bioetica-2\/#primaryimage"},"thumbnailUrl":"https:\/\/medicina.udd.cl\/centro-bioetica\/files\/2018\/06\/Curso-Intensivo-2018-1.jpg","datePublished":"2018-06-06T15:49:59+00:00","author":{"@id":""},"breadcrumb":{"@id":"https:\/\/medicina.udd.cl\/centro-bioetica\/noticias\/2018\/06\/06\/exitosa-nueva-version-del-curso-intensivo-internacional-de-bioetica-2\/#breadcrumb"},"inLanguage":"es","potentialAction":[{"@type":"ReadAction","target":["https:\/\/medicina.udd.cl\/centro-bioetica\/noticias\/2018\/06\/06\/exitosa-nueva-version-del-curso-intensivo-internacional-de-bioetica-2\/"]}]},{"@type":"ImageObject","inLanguage":"es","@id":"https:\/\/medicina.udd.cl\/centro-bioetica\/noticias\/2018\/06\/06\/exitosa-nueva-version-del-curso-intensivo-internacional-de-bioetica-2\/#primaryimage","url":"https:\/\/medicina.udd.cl\/centro-bioetica\/files\/2018\/06\/Curso-Intensivo-2018-1.jpg","contentUrl":"https:\/\/medicina.udd.cl\/centro-bioetica\/files\/2018\/06\/Curso-Intensivo-2018-1.jpg","width":656,"height":450},{"@type":"BreadcrumbList","@id":"https:\/\/medicina.udd.cl\/centro-bioetica\/noticias\/2018\/06\/06\/exitosa-nueva-version-del-curso-intensivo-internacional-de-bioetica-2\/#breadcrumb","itemListElement":[{"@type":"ListItem","position":1,"name":"Inicio","item":"https:\/\/medicina.udd.cl\/centro-bioetica\/"},{"@type":"ListItem","position":2,"name":"Exitosa nueva versi\u00f3n del Curso Intensivo Internacional de Bio\u00e9tica"}]},{"@type":"WebSite","@id":"https:\/\/medicina.udd.cl\/centro-bioetica\/#website","url":"https:\/\/medicina.udd.cl\/centro-bioetica\/","name":"Centro de Bio\u00e9tica","description":"Universidad del Desarrollo","inLanguage":"es"},{"@type":"Person","@id":"","url":"https:\/\/medicina.udd.cl\/centro-bioetica\/noticias\/author\/"}]}},"featured_image_url":"https:\/\/medicina.udd.cl\/centro-bioetica\/files\/2018\/06\/Curso-Intensivo-2018-1.jpg","_links":{"self":[{"href":"https:\/\/medicina.udd.cl\/centro-bioetica\/wp-json\/wp\/v2\/posts\/4259","targetHints":{"allow":["GET"]}}],"collection":[{"href":"https:\/\/medicina.udd.cl\/centro-bioetica\/wp-json\/wp\/v2\/posts"}],"about":[{"href":"https:\/\/medicina.udd.cl\/centro-bioetica\/wp-json\/wp\/v2\/types\/post"}],"author":[{"embeddable":true,"href":"https:\/\/medicina.udd.cl\/centro-bioetica\/wp-json\/wp\/v2\/users\/42"}],"replies":[{"embeddable":true,"href":"https:\/\/medicina.udd.cl\/centro-bioetica\/wp-json\/wp\/v2\/comments?post=4259"}],"version-history":[{"count":1,"href":"https:\/\/medicina.udd.cl\/centro-bioetica\/wp-json\/wp\/v2\/posts\/4259\/revisions"}],"predecessor-version":[{"id":4265,"href":"https:\/\/medicina.udd.cl\/centro-bioetica\/wp-json\/wp\/v2\/posts\/4259\/revisions\/4265"}],"wp:featuredmedia":[{"embeddable":true,"href":"https:\/\/medicina.udd.cl\/centro-bioetica\/wp-json\/wp\/v2\/media\/4260"}],"wp:attachment":[{"href":"https:\/\/medicina.udd.cl\/centro-bioetica\/wp-json\/wp\/v2\/media?parent=4259"}],"wp:term":[{"taxonomy":"category","embeddable":true,"href":"https:\/\/medicina.udd.cl\/centro-bioetica\/wp-json\/wp\/v2\/categories?post=4259"},{"taxonomy":"post_tag","embeddable":true,"href":"https:\/\/medicina.udd.cl\/centro-bioetica\/wp-json\/wp\/v2\/tags?post=4259"}],"curies":[{"name":"wp","href":"https:\/\/api.w.org\/{rel}","templated":true}]}}