{"id":4590,"date":"2019-04-04T14:07:14","date_gmt":"2019-04-04T17:07:14","guid":{"rendered":"http:\/\/medicina.udd.cl\/centro-bioetica\/?p=4590"},"modified":"2019-04-05T17:07:35","modified_gmt":"2019-04-05T20:07:35","slug":"centro-de-bioetica-participo-en-jornada-de-capacitacion-en-asuncion","status":"publish","type":"post","link":"https:\/\/medicina.udd.cl\/centro-bioetica\/noticias\/2019\/04\/04\/centro-de-bioetica-participo-en-jornada-de-capacitacion-en-asuncion\/","title":{"rendered":"Centro de Bio\u00e9tica particip\u00f3 en Jornada de capacitaci\u00f3n en Asunci\u00f3n"},"content":{"rendered":"<p><a href=\"https:\/\/medicina.udd.cl\/centro-bioetica\/files\/2019\/04\/IMG_4847.jpg\"><img loading=\"lazy\" decoding=\"async\" class=\"size-medium wp-image-4591 aligncenter\" src=\"https:\/\/medicina.udd.cl\/centro-bioetica\/files\/2019\/04\/IMG_4847-225x300.jpg\" alt=\"\" width=\"225\" height=\"300\" srcset=\"https:\/\/medicina.udd.cl\/centro-bioetica\/files\/2019\/04\/IMG_4847-225x300.jpg 225w, https:\/\/medicina.udd.cl\/centro-bioetica\/files\/2019\/04\/IMG_4847-768x1024.jpg 768w, https:\/\/medicina.udd.cl\/centro-bioetica\/files\/2019\/04\/IMG_4847-720x960.jpg 720w, https:\/\/medicina.udd.cl\/centro-bioetica\/files\/2019\/04\/IMG_4847.jpg 1224w\" sizes=\"auto, (max-width: 225px) 100vw, 225px\" \/><\/a><\/p>\n<p>Como Centro Colaborador OPS\/OMS, el Centro de Bio\u00e9tica del Instituto de Ciencias e Innovaci\u00f3n en Medicina (ICIM) tiene la misi\u00f3n de contribuir en la capacitaci\u00f3n de profesionales de la regi\u00f3n. En esta condici\u00f3n, los doctores Juan Pablo Beca y Carmen Astete fueron invitados a participar en las jornadas de capacitaci\u00f3n para el perfeccionamiento de miembros actuales y futuros de los Comit\u00e9s de \u00c9tica Hospitalaria y Comit\u00e9s de \u00c9tica de la Investigaci\u00f3n de Asunci\u00f3n y otras ciudades del Paraguay.<\/p>\n<p>Se trata de la primera actividad de la Comisi\u00f3n Nacional de Bio\u00e9tica de Paraguay, presidida por la Dra. Marta Ascurra, quien, desde el Ministerio de Salud, organiz\u00f3 estas jornadas.<\/p>\n<p>\u201cLa experiencia compartida en conferencias, conversaciones y reuniones constituy\u00f3 una contribuci\u00f3n importante que permite concluir que se cumplieron los objetivos propuestos. La presencia de m\u00e1s de 100 personas, autoridades del Ministerio de Salud y de la Representaci\u00f3n de la Organizaci\u00f3n Panamericana de la Salud dieron realce a las actividades. El feedback recibido de los participantes y de los organizadores fue muy positivo\u201d, enfatiz\u00f3, el Dr. Juan Pablo Beca, Fundador del Centro de Bio\u00e9tica.<\/p>\n<p>&nbsp;<\/p>\n<p>&nbsp;<\/p>\n","protected":false},"excerpt":{"rendered":"<p>Los doctores Juan Pablo Beca y Carmen Astete participaron en la Jornada de Capacitaci\u00f3n para el perfeccionamiento de miembros actuales y futuros de los Comit\u00e9s de \u00c9tica Hospitalaria y Comit\u00e9s de \u00c9tica de la Investigaci\u00f3n de Paraguay, el cual cont\u00f3 con la participaci\u00f3n de 150 personas.<\/p>\n","protected":false},"author":9192218,"featured_media":0,"comment_status":"open","ping_status":"open","sticky":false,"template":"","format":"standard","meta":{"footnotes":""},"categories":[4],"tags":[],"class_list":["post-4590","post","type-post","status-publish","format-standard","hentry","category-noticias"],"yoast_head":"<!-- This site is optimized with the Yoast SEO plugin v26.9 - https:\/\/yoast.com\/product\/yoast-seo-wordpress\/ -->\n<title>Centro de Bio\u00e9tica particip\u00f3 en Jornada de capacitaci\u00f3n en Asunci\u00f3n - Centro de Bio\u00e9tica<\/title>\n<meta name=\"robots\" content=\"index, follow, max-snippet:-1, max-image-preview:large, max-video-preview:-1\" \/>\n<link rel=\"canonical\" href=\"https:\/\/medicina.udd.cl\/centro-bioetica\/noticias\/2019\/04\/04\/centro-de-bioetica-participo-en-jornada-de-capacitacion-en-asuncion\/\" \/>\n<meta property=\"og:locale\" content=\"es_ES\" \/>\n<meta property=\"og:type\" content=\"article\" \/>\n<meta property=\"og:title\" content=\"Centro de Bio\u00e9tica particip\u00f3 en Jornada de capacitaci\u00f3n en Asunci\u00f3n - Centro de Bio\u00e9tica\" \/>\n<meta property=\"og:description\" content=\"Los doctores Juan Pablo Beca y Carmen Astete participaron en la Jornada de Capacitaci\u00f3n para el perfeccionamiento de miembros actuales y futuros de los Comit\u00e9s de \u00c9tica Hospitalaria y Comit\u00e9s de \u00c9tica de la Investigaci\u00f3n de Paraguay, el cual cont\u00f3 con la participaci\u00f3n de 150 personas.\" \/>\n<meta property=\"og:url\" content=\"https:\/\/medicina.udd.cl\/centro-bioetica\/noticias\/2019\/04\/04\/centro-de-bioetica-participo-en-jornada-de-capacitacion-en-asuncion\/\" \/>\n<meta property=\"og:site_name\" content=\"Centro de Bio\u00e9tica\" \/>\n<meta property=\"article:published_time\" content=\"2019-04-04T17:07:14+00:00\" \/>\n<meta property=\"article:modified_time\" content=\"2019-04-05T20:07:35+00:00\" \/>\n<meta property=\"og:image\" content=\"https:\/\/medicina.udd.cl\/centro-bioetica\/files\/2019\/04\/IMG_4847-225x300.jpg\" \/>\n<meta name=\"twitter:label1\" content=\"Escrito por\" \/>\n\t<meta name=\"twitter:data1\" content=\"\" \/>\n\t<meta name=\"twitter:label2\" content=\"Tiempo de lectura\" \/>\n\t<meta name=\"twitter:data2\" content=\"1 minuto\" \/>\n<script type=\"application\/ld+json\" class=\"yoast-schema-graph\">{\"@context\":\"https:\/\/schema.org\",\"@graph\":[{\"@type\":\"Article\",\"@id\":\"https:\/\/medicina.udd.cl\/centro-bioetica\/noticias\/2019\/04\/04\/centro-de-bioetica-participo-en-jornada-de-capacitacion-en-asuncion\/#article\",\"isPartOf\":{\"@id\":\"https:\/\/medicina.udd.cl\/centro-bioetica\/noticias\/2019\/04\/04\/centro-de-bioetica-participo-en-jornada-de-capacitacion-en-asuncion\/\"},\"author\":{\"name\":\"\",\"@id\":\"\"},\"headline\":\"Centro de Bio\u00e9tica particip\u00f3 en Jornada de capacitaci\u00f3n en Asunci\u00f3n\",\"datePublished\":\"2019-04-04T17:07:14+00:00\",\"dateModified\":\"2019-04-05T20:07:35+00:00\",\"mainEntityOfPage\":{\"@id\":\"https:\/\/medicina.udd.cl\/centro-bioetica\/noticias\/2019\/04\/04\/centro-de-bioetica-participo-en-jornada-de-capacitacion-en-asuncion\/\"},\"wordCount\":213,\"commentCount\":0,\"image\":{\"@id\":\"https:\/\/medicina.udd.cl\/centro-bioetica\/noticias\/2019\/04\/04\/centro-de-bioetica-participo-en-jornada-de-capacitacion-en-asuncion\/#primaryimage\"},\"thumbnailUrl\":\"https:\/\/medicina.udd.cl\/centro-bioetica\/files\/2019\/04\/IMG_4847-225x300.jpg\",\"articleSection\":[\"Noticias\"],\"inLanguage\":\"es\",\"potentialAction\":[{\"@type\":\"CommentAction\",\"name\":\"Comment\",\"target\":[\"https:\/\/medicina.udd.cl\/centro-bioetica\/noticias\/2019\/04\/04\/centro-de-bioetica-participo-en-jornada-de-capacitacion-en-asuncion\/#respond\"]}]},{\"@type\":\"WebPage\",\"@id\":\"https:\/\/medicina.udd.cl\/centro-bioetica\/noticias\/2019\/04\/04\/centro-de-bioetica-participo-en-jornada-de-capacitacion-en-asuncion\/\",\"url\":\"https:\/\/medicina.udd.cl\/centro-bioetica\/noticias\/2019\/04\/04\/centro-de-bioetica-participo-en-jornada-de-capacitacion-en-asuncion\/\",\"name\":\"Centro de Bio\u00e9tica particip\u00f3 en Jornada de capacitaci\u00f3n en Asunci\u00f3n - Centro de Bio\u00e9tica\",\"isPartOf\":{\"@id\":\"https:\/\/medicina.udd.cl\/centro-bioetica\/#website\"},\"primaryImageOfPage\":{\"@id\":\"https:\/\/medicina.udd.cl\/centro-bioetica\/noticias\/2019\/04\/04\/centro-de-bioetica-participo-en-jornada-de-capacitacion-en-asuncion\/#primaryimage\"},\"image\":{\"@id\":\"https:\/\/medicina.udd.cl\/centro-bioetica\/noticias\/2019\/04\/04\/centro-de-bioetica-participo-en-jornada-de-capacitacion-en-asuncion\/#primaryimage\"},\"thumbnailUrl\":\"https:\/\/medicina.udd.cl\/centro-bioetica\/files\/2019\/04\/IMG_4847-225x300.jpg\",\"datePublished\":\"2019-04-04T17:07:14+00:00\",\"dateModified\":\"2019-04-05T20:07:35+00:00\",\"author\":{\"@id\":\"\"},\"breadcrumb\":{\"@id\":\"https:\/\/medicina.udd.cl\/centro-bioetica\/noticias\/2019\/04\/04\/centro-de-bioetica-participo-en-jornada-de-capacitacion-en-asuncion\/#breadcrumb\"},\"inLanguage\":\"es\",\"potentialAction\":[{\"@type\":\"ReadAction\",\"target\":[\"https:\/\/medicina.udd.cl\/centro-bioetica\/noticias\/2019\/04\/04\/centro-de-bioetica-participo-en-jornada-de-capacitacion-en-asuncion\/\"]}]},{\"@type\":\"ImageObject\",\"inLanguage\":\"es\",\"@id\":\"https:\/\/medicina.udd.cl\/centro-bioetica\/noticias\/2019\/04\/04\/centro-de-bioetica-participo-en-jornada-de-capacitacion-en-asuncion\/#primaryimage\",\"url\":\"https:\/\/medicina.udd.cl\/centro-bioetica\/files\/2019\/04\/IMG_4847.jpg\",\"contentUrl\":\"https:\/\/medicina.udd.cl\/centro-bioetica\/files\/2019\/04\/IMG_4847.jpg\",\"width\":1224,\"height\":1632},{\"@type\":\"BreadcrumbList\",\"@id\":\"https:\/\/medicina.udd.cl\/centro-bioetica\/noticias\/2019\/04\/04\/centro-de-bioetica-participo-en-jornada-de-capacitacion-en-asuncion\/#breadcrumb\",\"itemListElement\":[{\"@type\":\"ListItem\",\"position\":1,\"name\":\"Inicio\",\"item\":\"https:\/\/medicina.udd.cl\/centro-bioetica\/\"},{\"@type\":\"ListItem\",\"position\":2,\"name\":\"Centro de Bio\u00e9tica particip\u00f3 en Jornada de capacitaci\u00f3n en Asunci\u00f3n\"}]},{\"@type\":\"WebSite\",\"@id\":\"https:\/\/medicina.udd.cl\/centro-bioetica\/#website\",\"url\":\"https:\/\/medicina.udd.cl\/centro-bioetica\/\",\"name\":\"Centro de Bio\u00e9tica\",\"description\":\"Universidad del Desarrollo\",\"inLanguage\":\"es\"},{\"@type\":\"Person\",\"@id\":\"\",\"url\":\"https:\/\/medicina.udd.cl\/centro-bioetica\/noticias\/author\/\"}]}<\/script>\n<!-- \/ Yoast SEO plugin. -->","yoast_head_json":{"title":"Centro de Bio\u00e9tica particip\u00f3 en Jornada de capacitaci\u00f3n en Asunci\u00f3n - Centro de Bio\u00e9tica","robots":{"index":"index","follow":"follow","max-snippet":"max-snippet:-1","max-image-preview":"max-image-preview:large","max-video-preview":"max-video-preview:-1"},"canonical":"https:\/\/medicina.udd.cl\/centro-bioetica\/noticias\/2019\/04\/04\/centro-de-bioetica-participo-en-jornada-de-capacitacion-en-asuncion\/","og_locale":"es_ES","og_type":"article","og_title":"Centro de Bio\u00e9tica particip\u00f3 en Jornada de capacitaci\u00f3n en Asunci\u00f3n - Centro de Bio\u00e9tica","og_description":"Los doctores Juan Pablo Beca y Carmen Astete participaron en la Jornada de Capacitaci\u00f3n para el perfeccionamiento de miembros actuales y futuros de los Comit\u00e9s de \u00c9tica Hospitalaria y Comit\u00e9s de \u00c9tica de la Investigaci\u00f3n de Paraguay, el cual cont\u00f3 con la participaci\u00f3n de 150 personas.","og_url":"https:\/\/medicina.udd.cl\/centro-bioetica\/noticias\/2019\/04\/04\/centro-de-bioetica-participo-en-jornada-de-capacitacion-en-asuncion\/","og_site_name":"Centro de Bio\u00e9tica","article_published_time":"2019-04-04T17:07:14+00:00","article_modified_time":"2019-04-05T20:07:35+00:00","og_image":[{"url":"https:\/\/medicina.udd.cl\/centro-bioetica\/files\/2019\/04\/IMG_4847-225x300.jpg","type":"","width":"","height":""}],"twitter_misc":{"Escrito por":"","Tiempo de lectura":"1 minuto"},"schema":{"@context":"https:\/\/schema.org","@graph":[{"@type":"Article","@id":"https:\/\/medicina.udd.cl\/centro-bioetica\/noticias\/2019\/04\/04\/centro-de-bioetica-participo-en-jornada-de-capacitacion-en-asuncion\/#article","isPartOf":{"@id":"https:\/\/medicina.udd.cl\/centro-bioetica\/noticias\/2019\/04\/04\/centro-de-bioetica-participo-en-jornada-de-capacitacion-en-asuncion\/"},"author":{"name":"","@id":""},"headline":"Centro de Bio\u00e9tica particip\u00f3 en Jornada de capacitaci\u00f3n en Asunci\u00f3n","datePublished":"2019-04-04T17:07:14+00:00","dateModified":"2019-04-05T20:07:35+00:00","mainEntityOfPage":{"@id":"https:\/\/medicina.udd.cl\/centro-bioetica\/noticias\/2019\/04\/04\/centro-de-bioetica-participo-en-jornada-de-capacitacion-en-asuncion\/"},"wordCount":213,"commentCount":0,"image":{"@id":"https:\/\/medicina.udd.cl\/centro-bioetica\/noticias\/2019\/04\/04\/centro-de-bioetica-participo-en-jornada-de-capacitacion-en-asuncion\/#primaryimage"},"thumbnailUrl":"https:\/\/medicina.udd.cl\/centro-bioetica\/files\/2019\/04\/IMG_4847-225x300.jpg","articleSection":["Noticias"],"inLanguage":"es","potentialAction":[{"@type":"CommentAction","name":"Comment","target":["https:\/\/medicina.udd.cl\/centro-bioetica\/noticias\/2019\/04\/04\/centro-de-bioetica-participo-en-jornada-de-capacitacion-en-asuncion\/#respond"]}]},{"@type":"WebPage","@id":"https:\/\/medicina.udd.cl\/centro-bioetica\/noticias\/2019\/04\/04\/centro-de-bioetica-participo-en-jornada-de-capacitacion-en-asuncion\/","url":"https:\/\/medicina.udd.cl\/centro-bioetica\/noticias\/2019\/04\/04\/centro-de-bioetica-participo-en-jornada-de-capacitacion-en-asuncion\/","name":"Centro de Bio\u00e9tica particip\u00f3 en Jornada de capacitaci\u00f3n en Asunci\u00f3n - Centro de Bio\u00e9tica","isPartOf":{"@id":"https:\/\/medicina.udd.cl\/centro-bioetica\/#website"},"primaryImageOfPage":{"@id":"https:\/\/medicina.udd.cl\/centro-bioetica\/noticias\/2019\/04\/04\/centro-de-bioetica-participo-en-jornada-de-capacitacion-en-asuncion\/#primaryimage"},"image":{"@id":"https:\/\/medicina.udd.cl\/centro-bioetica\/noticias\/2019\/04\/04\/centro-de-bioetica-participo-en-jornada-de-capacitacion-en-asuncion\/#primaryimage"},"thumbnailUrl":"https:\/\/medicina.udd.cl\/centro-bioetica\/files\/2019\/04\/IMG_4847-225x300.jpg","datePublished":"2019-04-04T17:07:14+00:00","dateModified":"2019-04-05T20:07:35+00:00","author":{"@id":""},"breadcrumb":{"@id":"https:\/\/medicina.udd.cl\/centro-bioetica\/noticias\/2019\/04\/04\/centro-de-bioetica-participo-en-jornada-de-capacitacion-en-asuncion\/#breadcrumb"},"inLanguage":"es","potentialAction":[{"@type":"ReadAction","target":["https:\/\/medicina.udd.cl\/centro-bioetica\/noticias\/2019\/04\/04\/centro-de-bioetica-participo-en-jornada-de-capacitacion-en-asuncion\/"]}]},{"@type":"ImageObject","inLanguage":"es","@id":"https:\/\/medicina.udd.cl\/centro-bioetica\/noticias\/2019\/04\/04\/centro-de-bioetica-participo-en-jornada-de-capacitacion-en-asuncion\/#primaryimage","url":"https:\/\/medicina.udd.cl\/centro-bioetica\/files\/2019\/04\/IMG_4847.jpg","contentUrl":"https:\/\/medicina.udd.cl\/centro-bioetica\/files\/2019\/04\/IMG_4847.jpg","width":1224,"height":1632},{"@type":"BreadcrumbList","@id":"https:\/\/medicina.udd.cl\/centro-bioetica\/noticias\/2019\/04\/04\/centro-de-bioetica-participo-en-jornada-de-capacitacion-en-asuncion\/#breadcrumb","itemListElement":[{"@type":"ListItem","position":1,"name":"Inicio","item":"https:\/\/medicina.udd.cl\/centro-bioetica\/"},{"@type":"ListItem","position":2,"name":"Centro de Bio\u00e9tica particip\u00f3 en Jornada de capacitaci\u00f3n en Asunci\u00f3n"}]},{"@type":"WebSite","@id":"https:\/\/medicina.udd.cl\/centro-bioetica\/#website","url":"https:\/\/medicina.udd.cl\/centro-bioetica\/","name":"Centro de Bio\u00e9tica","description":"Universidad del Desarrollo","inLanguage":"es"},{"@type":"Person","@id":"","url":"https:\/\/medicina.udd.cl\/centro-bioetica\/noticias\/author\/"}]}},"featured_image_url":null,"_links":{"self":[{"href":"https:\/\/medicina.udd.cl\/centro-bioetica\/wp-json\/wp\/v2\/posts\/4590","targetHints":{"allow":["GET"]}}],"collection":[{"href":"https:\/\/medicina.udd.cl\/centro-bioetica\/wp-json\/wp\/v2\/posts"}],"about":[{"href":"https:\/\/medicina.udd.cl\/centro-bioetica\/wp-json\/wp\/v2\/types\/post"}],"author":[{"embeddable":true,"href":"https:\/\/medicina.udd.cl\/centro-bioetica\/wp-json\/wp\/v2\/users\/9192218"}],"replies":[{"embeddable":true,"href":"https:\/\/medicina.udd.cl\/centro-bioetica\/wp-json\/wp\/v2\/comments?post=4590"}],"version-history":[{"count":4,"href":"https:\/\/medicina.udd.cl\/centro-bioetica\/wp-json\/wp\/v2\/posts\/4590\/revisions"}],"predecessor-version":[{"id":4606,"href":"https:\/\/medicina.udd.cl\/centro-bioetica\/wp-json\/wp\/v2\/posts\/4590\/revisions\/4606"}],"wp:attachment":[{"href":"https:\/\/medicina.udd.cl\/centro-bioetica\/wp-json\/wp\/v2\/media?parent=4590"}],"wp:term":[{"taxonomy":"category","embeddable":true,"href":"https:\/\/medicina.udd.cl\/centro-bioetica\/wp-json\/wp\/v2\/categories?post=4590"},{"taxonomy":"post_tag","embeddable":true,"href":"https:\/\/medicina.udd.cl\/centro-bioetica\/wp-json\/wp\/v2\/tags?post=4590"}],"curies":[{"name":"wp","href":"https:\/\/api.w.org\/{rel}","templated":true}]}}