{"id":933,"date":"2010-11-15T11:00:23","date_gmt":"2010-11-15T14:00:23","guid":{"rendered":"http:\/\/medicina.udd.cl\/centro-bioetica\/2010\/11\/15\/autonomia-del-adulto-mayor\/"},"modified":"2010-11-15T11:00:23","modified_gmt":"2010-11-15T14:00:23","slug":"autonomia-del-adulto-mayor","status":"publish","type":"post","link":"https:\/\/medicina.udd.cl\/centro-bioetica\/noticias\/2010\/11\/15\/autonomia-del-adulto-mayor\/","title":{"rendered":"Autonom\u00eda del Adulto Mayor"},"content":{"rendered":"<p><a href=\"http:\/\/medicina.udd.cl\/centro-bioetica\/files\/2010\/11\/resumen-AUTONOMIA-DEL-ADULTO-MAYOR.pdf\">Descargar resumen en PDF<\/a><\/p>\n<p><strong>Di\u00e1logo Bio\u00e9tico 10 de noviembre de 2010<br \/>\nPor Dr. Juan Pablo Beca<\/strong><\/p>\n<p style=\"text-align: justify\">Con el prop\u00f3sito de aclarar conceptos sobre la autonom\u00eda del adulto mayor se revisan conceptos generales y demogr\u00e1ficos sobre el envejecimiento y su significado existencial. Aun siendo dif\u00edcil, es posible una vejez plena y productiva, dependiendo de virtudes como coraje para enfrentar limitaciones, simplicidad para \u201cviajar ligero de equipaje\u201d y fuerza de esp\u00edritu, entre otras ya descritas por Cicer\u00f3n. Concordantemente la duraci\u00f3n natural de la vida deber\u00eda entenderse m\u00e1s biogr\u00e1fica que cronol\u00f3gicamente. Si las propias posibilidades y proyectos ya se han logrado, el fin no deber\u00eda ser alargar la vida, para lo cual la medicina para el adulto mayor necesita estar centrada m\u00e1s en la persona y menos en la enfermedad.<\/p>\n<p style=\"text-align: justify\">La autonom\u00eda, como ejercicio de la plena voluntad requiere la plenitud de sus facultades y no puede entenderse como un todo o nada. Al igual que los ni\u00f1os y adolescentes se van haciendo m\u00e1s aut\u00f3nomos a medida en que crecen y maduran, los adultos mayores van perdiendo gradualmente su autonom\u00eda. No se trata de infantilizar al adulto mayor y reemplazarlo de plano en sus decisiones, sino ayudarlo a decidir en la medida de su capacidad parcial. Por otra parte, aunque no decidiese, se respeta su autonom\u00eda en la medida en que su tratamiento respete sus valores y preferencias. Para este efecto se hace necesario conocer sus expresiones de voluntad y sus criterios a trav\u00e9s de su familia, m\u00e9dicos tratantes o cuidadores.<\/p>\n<p style=\"text-align: justify\">Las decisiones compartidas, con la participaci\u00f3n del adulto mayor y de todos quienes le conocen bien, permiten respetar la autonom\u00eda del adulto mayor. Lo que pueda decidir depender\u00e1 de su capacidad, en un concepto de capacidades parciales que permitan decisiones de complejidad tambi\u00e9n variables.<\/p>\n<p style=\"text-align: justify\">Se concluye que los adultos mayores no son incapaces por definici\u00f3n y que generalmente es posible permitir y favorecer su participaci\u00f3n, al menos parcial, en las decisiones. As\u00ed como se les ayuda en la vida diaria o caminan con un bast\u00f3n, se propone el criterio de \u201cautonom\u00eda con bast\u00f3n\u201d, es decir apoyada y guiada para respetar sus valores y preferencias. Finalmente se refiere, para disminuir su nivel de inseguridad o de estr\u00e9s, la necesidad de ayudar y apoyar a los familiares que se ven en la necesidad de subrogar al adulto mayor en los procesos de decisi\u00f3n.<\/p>\n","protected":false},"excerpt":{"rendered":"<p>Descargar resumen en PDF Di\u00e1logo Bio\u00e9tico 10 de noviembre de 2010 Por Dr. Juan Pablo Beca Con el prop\u00f3sito de aclarar conceptos sobre la autonom\u00eda del adulto mayor se revisan conceptos generales y demogr\u00e1ficos sobre el envejecimiento y su significado existencial. Aun siendo dif\u00edcil, es posible una vejez plena y productiva, dependiendo de virtudes como [&hellip;]<\/p>\n","protected":false},"author":1,"featured_media":0,"comment_status":"open","ping_status":"open","sticky":false,"template":"","format":"standard","meta":{"footnotes":""},"categories":[1],"tags":[],"class_list":["post-933","post","type-post","status-publish","format-standard","hentry","category-sin-categoria"],"yoast_head":"<!-- This site is optimized with the Yoast SEO plugin v26.9 - https:\/\/yoast.com\/product\/yoast-seo-wordpress\/ -->\n<title>Autonom\u00eda del Adulto Mayor - Centro de Bio\u00e9tica<\/title>\n<meta name=\"robots\" content=\"index, follow, max-snippet:-1, max-image-preview:large, max-video-preview:-1\" \/>\n<link rel=\"canonical\" href=\"https:\/\/medicina.udd.cl\/centro-bioetica\/noticias\/2010\/11\/15\/autonomia-del-adulto-mayor\/\" \/>\n<meta property=\"og:locale\" content=\"es_ES\" \/>\n<meta property=\"og:type\" content=\"article\" \/>\n<meta property=\"og:title\" content=\"Autonom\u00eda del Adulto Mayor - Centro de Bio\u00e9tica\" \/>\n<meta property=\"og:description\" content=\"Descargar resumen en PDF Di\u00e1logo Bio\u00e9tico 10 de noviembre de 2010 Por Dr. Juan Pablo Beca Con el prop\u00f3sito de aclarar conceptos sobre la autonom\u00eda del adulto mayor se revisan conceptos generales y demogr\u00e1ficos sobre el envejecimiento y su significado existencial. Aun siendo dif\u00edcil, es posible una vejez plena y productiva, dependiendo de virtudes como [&hellip;]\" \/>\n<meta property=\"og:url\" content=\"https:\/\/medicina.udd.cl\/centro-bioetica\/noticias\/2010\/11\/15\/autonomia-del-adulto-mayor\/\" \/>\n<meta property=\"og:site_name\" content=\"Centro de Bio\u00e9tica\" \/>\n<meta property=\"article:published_time\" content=\"2010-11-15T14:00:23+00:00\" \/>\n<meta name=\"author\" content=\"admin\" \/>\n<meta name=\"twitter:label1\" content=\"Escrito por\" \/>\n\t<meta name=\"twitter:data1\" content=\"admin\" \/>\n\t<meta name=\"twitter:label2\" content=\"Tiempo de lectura\" \/>\n\t<meta name=\"twitter:data2\" content=\"2 minutos\" \/>\n<script type=\"application\/ld+json\" class=\"yoast-schema-graph\">{\"@context\":\"https:\/\/schema.org\",\"@graph\":[{\"@type\":\"Article\",\"@id\":\"https:\/\/medicina.udd.cl\/centro-bioetica\/noticias\/2010\/11\/15\/autonomia-del-adulto-mayor\/#article\",\"isPartOf\":{\"@id\":\"https:\/\/medicina.udd.cl\/centro-bioetica\/noticias\/2010\/11\/15\/autonomia-del-adulto-mayor\/\"},\"author\":{\"name\":\"admin\",\"@id\":\"https:\/\/medicina.udd.cl\/centro-bioetica\/#\/schema\/person\/f7abfa784c86da427e89287831f96ab7\"},\"headline\":\"Autonom\u00eda del Adulto Mayor\",\"datePublished\":\"2010-11-15T14:00:23+00:00\",\"mainEntityOfPage\":{\"@id\":\"https:\/\/medicina.udd.cl\/centro-bioetica\/noticias\/2010\/11\/15\/autonomia-del-adulto-mayor\/\"},\"wordCount\":425,\"commentCount\":1,\"inLanguage\":\"es\",\"potentialAction\":[{\"@type\":\"CommentAction\",\"name\":\"Comment\",\"target\":[\"https:\/\/medicina.udd.cl\/centro-bioetica\/noticias\/2010\/11\/15\/autonomia-del-adulto-mayor\/#respond\"]}]},{\"@type\":\"WebPage\",\"@id\":\"https:\/\/medicina.udd.cl\/centro-bioetica\/noticias\/2010\/11\/15\/autonomia-del-adulto-mayor\/\",\"url\":\"https:\/\/medicina.udd.cl\/centro-bioetica\/noticias\/2010\/11\/15\/autonomia-del-adulto-mayor\/\",\"name\":\"Autonom\u00eda del Adulto Mayor - Centro de Bio\u00e9tica\",\"isPartOf\":{\"@id\":\"https:\/\/medicina.udd.cl\/centro-bioetica\/#website\"},\"datePublished\":\"2010-11-15T14:00:23+00:00\",\"author\":{\"@id\":\"https:\/\/medicina.udd.cl\/centro-bioetica\/#\/schema\/person\/f7abfa784c86da427e89287831f96ab7\"},\"breadcrumb\":{\"@id\":\"https:\/\/medicina.udd.cl\/centro-bioetica\/noticias\/2010\/11\/15\/autonomia-del-adulto-mayor\/#breadcrumb\"},\"inLanguage\":\"es\",\"potentialAction\":[{\"@type\":\"ReadAction\",\"target\":[\"https:\/\/medicina.udd.cl\/centro-bioetica\/noticias\/2010\/11\/15\/autonomia-del-adulto-mayor\/\"]}]},{\"@type\":\"BreadcrumbList\",\"@id\":\"https:\/\/medicina.udd.cl\/centro-bioetica\/noticias\/2010\/11\/15\/autonomia-del-adulto-mayor\/#breadcrumb\",\"itemListElement\":[{\"@type\":\"ListItem\",\"position\":1,\"name\":\"Inicio\",\"item\":\"https:\/\/medicina.udd.cl\/centro-bioetica\/\"},{\"@type\":\"ListItem\",\"position\":2,\"name\":\"Autonom\u00eda del Adulto Mayor\"}]},{\"@type\":\"WebSite\",\"@id\":\"https:\/\/medicina.udd.cl\/centro-bioetica\/#website\",\"url\":\"https:\/\/medicina.udd.cl\/centro-bioetica\/\",\"name\":\"Centro de Bio\u00e9tica\",\"description\":\"Universidad del Desarrollo\",\"inLanguage\":\"es\"},{\"@type\":\"Person\",\"@id\":\"https:\/\/medicina.udd.cl\/centro-bioetica\/#\/schema\/person\/f7abfa784c86da427e89287831f96ab7\",\"name\":\"admin\",\"image\":{\"@type\":\"ImageObject\",\"inLanguage\":\"es\",\"@id\":\"https:\/\/medicina.udd.cl\/centro-bioetica\/#\/schema\/person\/image\/\",\"url\":\"https:\/\/secure.gravatar.com\/avatar\/3cb6da298954dfb54457c0910b8c9ca010abd8d87a60f7d701b6ce4254e1c642?s=96&d=mm&r=g\",\"contentUrl\":\"https:\/\/secure.gravatar.com\/avatar\/3cb6da298954dfb54457c0910b8c9ca010abd8d87a60f7d701b6ce4254e1c642?s=96&d=mm&r=g\",\"caption\":\"admin\"},\"url\":\"https:\/\/medicina.udd.cl\/centro-bioetica\/noticias\/author\/admin\/\"}]}<\/script>\n<!-- \/ Yoast SEO plugin. -->","yoast_head_json":{"title":"Autonom\u00eda del Adulto Mayor - Centro de Bio\u00e9tica","robots":{"index":"index","follow":"follow","max-snippet":"max-snippet:-1","max-image-preview":"max-image-preview:large","max-video-preview":"max-video-preview:-1"},"canonical":"https:\/\/medicina.udd.cl\/centro-bioetica\/noticias\/2010\/11\/15\/autonomia-del-adulto-mayor\/","og_locale":"es_ES","og_type":"article","og_title":"Autonom\u00eda del Adulto Mayor - Centro de Bio\u00e9tica","og_description":"Descargar resumen en PDF Di\u00e1logo Bio\u00e9tico 10 de noviembre de 2010 Por Dr. Juan Pablo Beca Con el prop\u00f3sito de aclarar conceptos sobre la autonom\u00eda del adulto mayor se revisan conceptos generales y demogr\u00e1ficos sobre el envejecimiento y su significado existencial. Aun siendo dif\u00edcil, es posible una vejez plena y productiva, dependiendo de virtudes como [&hellip;]","og_url":"https:\/\/medicina.udd.cl\/centro-bioetica\/noticias\/2010\/11\/15\/autonomia-del-adulto-mayor\/","og_site_name":"Centro de Bio\u00e9tica","article_published_time":"2010-11-15T14:00:23+00:00","author":"admin","twitter_misc":{"Escrito por":"admin","Tiempo de lectura":"2 minutos"},"schema":{"@context":"https:\/\/schema.org","@graph":[{"@type":"Article","@id":"https:\/\/medicina.udd.cl\/centro-bioetica\/noticias\/2010\/11\/15\/autonomia-del-adulto-mayor\/#article","isPartOf":{"@id":"https:\/\/medicina.udd.cl\/centro-bioetica\/noticias\/2010\/11\/15\/autonomia-del-adulto-mayor\/"},"author":{"name":"admin","@id":"https:\/\/medicina.udd.cl\/centro-bioetica\/#\/schema\/person\/f7abfa784c86da427e89287831f96ab7"},"headline":"Autonom\u00eda del Adulto Mayor","datePublished":"2010-11-15T14:00:23+00:00","mainEntityOfPage":{"@id":"https:\/\/medicina.udd.cl\/centro-bioetica\/noticias\/2010\/11\/15\/autonomia-del-adulto-mayor\/"},"wordCount":425,"commentCount":1,"inLanguage":"es","potentialAction":[{"@type":"CommentAction","name":"Comment","target":["https:\/\/medicina.udd.cl\/centro-bioetica\/noticias\/2010\/11\/15\/autonomia-del-adulto-mayor\/#respond"]}]},{"@type":"WebPage","@id":"https:\/\/medicina.udd.cl\/centro-bioetica\/noticias\/2010\/11\/15\/autonomia-del-adulto-mayor\/","url":"https:\/\/medicina.udd.cl\/centro-bioetica\/noticias\/2010\/11\/15\/autonomia-del-adulto-mayor\/","name":"Autonom\u00eda del Adulto Mayor - Centro de Bio\u00e9tica","isPartOf":{"@id":"https:\/\/medicina.udd.cl\/centro-bioetica\/#website"},"datePublished":"2010-11-15T14:00:23+00:00","author":{"@id":"https:\/\/medicina.udd.cl\/centro-bioetica\/#\/schema\/person\/f7abfa784c86da427e89287831f96ab7"},"breadcrumb":{"@id":"https:\/\/medicina.udd.cl\/centro-bioetica\/noticias\/2010\/11\/15\/autonomia-del-adulto-mayor\/#breadcrumb"},"inLanguage":"es","potentialAction":[{"@type":"ReadAction","target":["https:\/\/medicina.udd.cl\/centro-bioetica\/noticias\/2010\/11\/15\/autonomia-del-adulto-mayor\/"]}]},{"@type":"BreadcrumbList","@id":"https:\/\/medicina.udd.cl\/centro-bioetica\/noticias\/2010\/11\/15\/autonomia-del-adulto-mayor\/#breadcrumb","itemListElement":[{"@type":"ListItem","position":1,"name":"Inicio","item":"https:\/\/medicina.udd.cl\/centro-bioetica\/"},{"@type":"ListItem","position":2,"name":"Autonom\u00eda del Adulto Mayor"}]},{"@type":"WebSite","@id":"https:\/\/medicina.udd.cl\/centro-bioetica\/#website","url":"https:\/\/medicina.udd.cl\/centro-bioetica\/","name":"Centro de Bio\u00e9tica","description":"Universidad del Desarrollo","inLanguage":"es"},{"@type":"Person","@id":"https:\/\/medicina.udd.cl\/centro-bioetica\/#\/schema\/person\/f7abfa784c86da427e89287831f96ab7","name":"admin","image":{"@type":"ImageObject","inLanguage":"es","@id":"https:\/\/medicina.udd.cl\/centro-bioetica\/#\/schema\/person\/image\/","url":"https:\/\/secure.gravatar.com\/avatar\/3cb6da298954dfb54457c0910b8c9ca010abd8d87a60f7d701b6ce4254e1c642?s=96&d=mm&r=g","contentUrl":"https:\/\/secure.gravatar.com\/avatar\/3cb6da298954dfb54457c0910b8c9ca010abd8d87a60f7d701b6ce4254e1c642?s=96&d=mm&r=g","caption":"admin"},"url":"https:\/\/medicina.udd.cl\/centro-bioetica\/noticias\/author\/admin\/"}]}},"featured_image_url":null,"_links":{"self":[{"href":"https:\/\/medicina.udd.cl\/centro-bioetica\/wp-json\/wp\/v2\/posts\/933","targetHints":{"allow":["GET"]}}],"collection":[{"href":"https:\/\/medicina.udd.cl\/centro-bioetica\/wp-json\/wp\/v2\/posts"}],"about":[{"href":"https:\/\/medicina.udd.cl\/centro-bioetica\/wp-json\/wp\/v2\/types\/post"}],"author":[{"embeddable":true,"href":"https:\/\/medicina.udd.cl\/centro-bioetica\/wp-json\/wp\/v2\/users\/1"}],"replies":[{"embeddable":true,"href":"https:\/\/medicina.udd.cl\/centro-bioetica\/wp-json\/wp\/v2\/comments?post=933"}],"version-history":[{"count":0,"href":"https:\/\/medicina.udd.cl\/centro-bioetica\/wp-json\/wp\/v2\/posts\/933\/revisions"}],"wp:attachment":[{"href":"https:\/\/medicina.udd.cl\/centro-bioetica\/wp-json\/wp\/v2\/media?parent=933"}],"wp:term":[{"taxonomy":"category","embeddable":true,"href":"https:\/\/medicina.udd.cl\/centro-bioetica\/wp-json\/wp\/v2\/categories?post=933"},{"taxonomy":"post_tag","embeddable":true,"href":"https:\/\/medicina.udd.cl\/centro-bioetica\/wp-json\/wp\/v2\/tags?post=933"}],"curies":[{"name":"wp","href":"https:\/\/api.w.org\/{rel}","templated":true}]}}