{"id":997,"date":"2011-01-18T11:35:05","date_gmt":"2011-01-18T14:35:05","guid":{"rendered":"http:\/\/medicina.udd.cl\/centro-bioetica\/?p=997"},"modified":"2011-01-18T11:35:05","modified_gmt":"2011-01-18T14:35:05","slug":"un-analisis-del-problema-etico-y-legal-del-tratamiento-del-cancer-cervicouterino-en-mujeres-embarazadas","status":"publish","type":"post","link":"https:\/\/medicina.udd.cl\/centro-bioetica\/noticias\/2011\/01\/18\/un-analisis-del-problema-etico-y-legal-del-tratamiento-del-cancer-cervicouterino-en-mujeres-embarazadas\/","title":{"rendered":"Un an\u00e1lisis del problema \u00e9tico y legal del tratamiento del c\u00e1ncer cervicouterino en mujeres embarazadas"},"content":{"rendered":"<p style=\"text-align: justify;\">Alejandra Urra, Mikel Urquiza, Ricardo Mewes, Marcelo Gonz\u00e1lez, Juan Pablo Beca.<\/p>\n<p style=\"text-align: justify;\">Para leer el art\u00edculo completo:<\/p>\n<p><a href=\"http:\/\/medicina.udd.cl\/centro-bioetica\/files\/2010\/06\/probl-etico-y-egal-en-canecer-cu-durante-embarazo-A-Urra-y-cols.pdf\">Ingresar aqu\u00ed<\/a><\/p>\n<p>RESUMEN<\/p>\n<p style=\"text-align: justify;\">Se analiza el problema \u00e9tico y jur\u00eddico del tratamiento del c\u00e1ncer cervicouterino en mujeres embarazadas. Se realiz\u00f3 una revisi\u00f3n del tema, de las leyes chilenas y de algunas normativas europeas para despu\u00e9s analizar la aplicaci\u00f3n de los principios de No Maleficencia, Beneficencia, Autonom\u00eda y del Doble Efecto. El tema genera una dif\u00edcil discusi\u00f3n e interpretaci\u00f3n, pues tanto las leyes como los principios son orientadores, pero no expl\u00edcitos para decidir la conducta m\u00e1s adecuada en cada caso. Lo ideal es preservar la vida materna y fetal, pero hay casos en los que, finalmente, es necesario priorizar una sobre la otra. Corresponde al equipo tratante, la madre, el padre, la familia y la sociedad concordar las conductas m\u00e1s responsables y justas posibles.<\/p>\n","protected":false},"excerpt":{"rendered":"<p>Alejandra Urra, Mikel Urquiza, Ricardo Mewes, Marcelo Gonz\u00e1lez, Juan Pablo Beca. Para leer el art\u00edculo completo: Ingresar aqu\u00ed RESUMEN Se analiza el problema \u00e9tico y jur\u00eddico del tratamiento del c\u00e1ncer cervicouterino en mujeres embarazadas. Se realiz\u00f3 una revisi\u00f3n del tema, de las leyes chilenas y de algunas normativas europeas para despu\u00e9s analizar la aplicaci\u00f3n de [&hellip;]<\/p>\n","protected":false},"author":1,"featured_media":0,"comment_status":"open","ping_status":"open","sticky":false,"template":"","format":"standard","meta":{"footnotes":""},"categories":[1],"tags":[],"class_list":["post-997","post","type-post","status-publish","format-standard","hentry","category-sin-categoria"],"yoast_head":"<!-- This site is optimized with the Yoast SEO plugin v26.9 - https:\/\/yoast.com\/product\/yoast-seo-wordpress\/ -->\n<title>Un an\u00e1lisis del problema \u00e9tico y legal del tratamiento del c\u00e1ncer cervicouterino en mujeres embarazadas - Centro de Bio\u00e9tica<\/title>\n<meta name=\"robots\" content=\"index, follow, max-snippet:-1, max-image-preview:large, max-video-preview:-1\" \/>\n<link rel=\"canonical\" href=\"https:\/\/medicina.udd.cl\/centro-bioetica\/noticias\/2011\/01\/18\/un-analisis-del-problema-etico-y-legal-del-tratamiento-del-cancer-cervicouterino-en-mujeres-embarazadas\/\" \/>\n<meta property=\"og:locale\" content=\"es_ES\" \/>\n<meta property=\"og:type\" content=\"article\" \/>\n<meta property=\"og:title\" content=\"Un an\u00e1lisis del problema \u00e9tico y legal del tratamiento del c\u00e1ncer cervicouterino en mujeres embarazadas - Centro de Bio\u00e9tica\" \/>\n<meta property=\"og:description\" content=\"Alejandra Urra, Mikel Urquiza, Ricardo Mewes, Marcelo Gonz\u00e1lez, Juan Pablo Beca. Para leer el art\u00edculo completo: Ingresar aqu\u00ed RESUMEN Se analiza el problema \u00e9tico y jur\u00eddico del tratamiento del c\u00e1ncer cervicouterino en mujeres embarazadas. Se realiz\u00f3 una revisi\u00f3n del tema, de las leyes chilenas y de algunas normativas europeas para despu\u00e9s analizar la aplicaci\u00f3n de [&hellip;]\" \/>\n<meta property=\"og:url\" content=\"https:\/\/medicina.udd.cl\/centro-bioetica\/noticias\/2011\/01\/18\/un-analisis-del-problema-etico-y-legal-del-tratamiento-del-cancer-cervicouterino-en-mujeres-embarazadas\/\" \/>\n<meta property=\"og:site_name\" content=\"Centro de Bio\u00e9tica\" \/>\n<meta property=\"article:published_time\" content=\"2011-01-18T14:35:05+00:00\" \/>\n<meta name=\"author\" content=\"admin\" \/>\n<meta name=\"twitter:label1\" content=\"Escrito por\" \/>\n\t<meta name=\"twitter:data1\" content=\"admin\" \/>\n\t<meta name=\"twitter:label2\" content=\"Tiempo de lectura\" \/>\n\t<meta name=\"twitter:data2\" content=\"1 minuto\" \/>\n<script type=\"application\/ld+json\" class=\"yoast-schema-graph\">{\"@context\":\"https:\/\/schema.org\",\"@graph\":[{\"@type\":\"Article\",\"@id\":\"https:\/\/medicina.udd.cl\/centro-bioetica\/noticias\/2011\/01\/18\/un-analisis-del-problema-etico-y-legal-del-tratamiento-del-cancer-cervicouterino-en-mujeres-embarazadas\/#article\",\"isPartOf\":{\"@id\":\"https:\/\/medicina.udd.cl\/centro-bioetica\/noticias\/2011\/01\/18\/un-analisis-del-problema-etico-y-legal-del-tratamiento-del-cancer-cervicouterino-en-mujeres-embarazadas\/\"},\"author\":{\"name\":\"admin\",\"@id\":\"https:\/\/medicina.udd.cl\/centro-bioetica\/#\/schema\/person\/f7abfa784c86da427e89287831f96ab7\"},\"headline\":\"Un an\u00e1lisis del problema \u00e9tico y legal del tratamiento del c\u00e1ncer cervicouterino en mujeres embarazadas\",\"datePublished\":\"2011-01-18T14:35:05+00:00\",\"mainEntityOfPage\":{\"@id\":\"https:\/\/medicina.udd.cl\/centro-bioetica\/noticias\/2011\/01\/18\/un-analisis-del-problema-etico-y-legal-del-tratamiento-del-cancer-cervicouterino-en-mujeres-embarazadas\/\"},\"wordCount\":170,\"commentCount\":0,\"inLanguage\":\"es\",\"potentialAction\":[{\"@type\":\"CommentAction\",\"name\":\"Comment\",\"target\":[\"https:\/\/medicina.udd.cl\/centro-bioetica\/noticias\/2011\/01\/18\/un-analisis-del-problema-etico-y-legal-del-tratamiento-del-cancer-cervicouterino-en-mujeres-embarazadas\/#respond\"]}]},{\"@type\":\"WebPage\",\"@id\":\"https:\/\/medicina.udd.cl\/centro-bioetica\/noticias\/2011\/01\/18\/un-analisis-del-problema-etico-y-legal-del-tratamiento-del-cancer-cervicouterino-en-mujeres-embarazadas\/\",\"url\":\"https:\/\/medicina.udd.cl\/centro-bioetica\/noticias\/2011\/01\/18\/un-analisis-del-problema-etico-y-legal-del-tratamiento-del-cancer-cervicouterino-en-mujeres-embarazadas\/\",\"name\":\"Un an\u00e1lisis del problema \u00e9tico y legal del tratamiento del c\u00e1ncer cervicouterino en mujeres embarazadas - Centro de Bio\u00e9tica\",\"isPartOf\":{\"@id\":\"https:\/\/medicina.udd.cl\/centro-bioetica\/#website\"},\"datePublished\":\"2011-01-18T14:35:05+00:00\",\"author\":{\"@id\":\"https:\/\/medicina.udd.cl\/centro-bioetica\/#\/schema\/person\/f7abfa784c86da427e89287831f96ab7\"},\"breadcrumb\":{\"@id\":\"https:\/\/medicina.udd.cl\/centro-bioetica\/noticias\/2011\/01\/18\/un-analisis-del-problema-etico-y-legal-del-tratamiento-del-cancer-cervicouterino-en-mujeres-embarazadas\/#breadcrumb\"},\"inLanguage\":\"es\",\"potentialAction\":[{\"@type\":\"ReadAction\",\"target\":[\"https:\/\/medicina.udd.cl\/centro-bioetica\/noticias\/2011\/01\/18\/un-analisis-del-problema-etico-y-legal-del-tratamiento-del-cancer-cervicouterino-en-mujeres-embarazadas\/\"]}]},{\"@type\":\"BreadcrumbList\",\"@id\":\"https:\/\/medicina.udd.cl\/centro-bioetica\/noticias\/2011\/01\/18\/un-analisis-del-problema-etico-y-legal-del-tratamiento-del-cancer-cervicouterino-en-mujeres-embarazadas\/#breadcrumb\",\"itemListElement\":[{\"@type\":\"ListItem\",\"position\":1,\"name\":\"Inicio\",\"item\":\"https:\/\/medicina.udd.cl\/centro-bioetica\/\"},{\"@type\":\"ListItem\",\"position\":2,\"name\":\"Un an\u00e1lisis del problema \u00e9tico y legal del tratamiento del c\u00e1ncer cervicouterino en mujeres embarazadas\"}]},{\"@type\":\"WebSite\",\"@id\":\"https:\/\/medicina.udd.cl\/centro-bioetica\/#website\",\"url\":\"https:\/\/medicina.udd.cl\/centro-bioetica\/\",\"name\":\"Centro de Bio\u00e9tica\",\"description\":\"Universidad del Desarrollo\",\"inLanguage\":\"es\"},{\"@type\":\"Person\",\"@id\":\"https:\/\/medicina.udd.cl\/centro-bioetica\/#\/schema\/person\/f7abfa784c86da427e89287831f96ab7\",\"name\":\"admin\",\"image\":{\"@type\":\"ImageObject\",\"inLanguage\":\"es\",\"@id\":\"https:\/\/medicina.udd.cl\/centro-bioetica\/#\/schema\/person\/image\/\",\"url\":\"https:\/\/secure.gravatar.com\/avatar\/3cb6da298954dfb54457c0910b8c9ca010abd8d87a60f7d701b6ce4254e1c642?s=96&d=mm&r=g\",\"contentUrl\":\"https:\/\/secure.gravatar.com\/avatar\/3cb6da298954dfb54457c0910b8c9ca010abd8d87a60f7d701b6ce4254e1c642?s=96&d=mm&r=g\",\"caption\":\"admin\"},\"url\":\"https:\/\/medicina.udd.cl\/centro-bioetica\/noticias\/author\/admin\/\"}]}<\/script>\n<!-- \/ Yoast SEO plugin. -->","yoast_head_json":{"title":"Un an\u00e1lisis del problema \u00e9tico y legal del tratamiento del c\u00e1ncer cervicouterino en mujeres embarazadas - Centro de Bio\u00e9tica","robots":{"index":"index","follow":"follow","max-snippet":"max-snippet:-1","max-image-preview":"max-image-preview:large","max-video-preview":"max-video-preview:-1"},"canonical":"https:\/\/medicina.udd.cl\/centro-bioetica\/noticias\/2011\/01\/18\/un-analisis-del-problema-etico-y-legal-del-tratamiento-del-cancer-cervicouterino-en-mujeres-embarazadas\/","og_locale":"es_ES","og_type":"article","og_title":"Un an\u00e1lisis del problema \u00e9tico y legal del tratamiento del c\u00e1ncer cervicouterino en mujeres embarazadas - Centro de Bio\u00e9tica","og_description":"Alejandra Urra, Mikel Urquiza, Ricardo Mewes, Marcelo Gonz\u00e1lez, Juan Pablo Beca. Para leer el art\u00edculo completo: Ingresar aqu\u00ed RESUMEN Se analiza el problema \u00e9tico y jur\u00eddico del tratamiento del c\u00e1ncer cervicouterino en mujeres embarazadas. Se realiz\u00f3 una revisi\u00f3n del tema, de las leyes chilenas y de algunas normativas europeas para despu\u00e9s analizar la aplicaci\u00f3n de [&hellip;]","og_url":"https:\/\/medicina.udd.cl\/centro-bioetica\/noticias\/2011\/01\/18\/un-analisis-del-problema-etico-y-legal-del-tratamiento-del-cancer-cervicouterino-en-mujeres-embarazadas\/","og_site_name":"Centro de Bio\u00e9tica","article_published_time":"2011-01-18T14:35:05+00:00","author":"admin","twitter_misc":{"Escrito por":"admin","Tiempo de lectura":"1 minuto"},"schema":{"@context":"https:\/\/schema.org","@graph":[{"@type":"Article","@id":"https:\/\/medicina.udd.cl\/centro-bioetica\/noticias\/2011\/01\/18\/un-analisis-del-problema-etico-y-legal-del-tratamiento-del-cancer-cervicouterino-en-mujeres-embarazadas\/#article","isPartOf":{"@id":"https:\/\/medicina.udd.cl\/centro-bioetica\/noticias\/2011\/01\/18\/un-analisis-del-problema-etico-y-legal-del-tratamiento-del-cancer-cervicouterino-en-mujeres-embarazadas\/"},"author":{"name":"admin","@id":"https:\/\/medicina.udd.cl\/centro-bioetica\/#\/schema\/person\/f7abfa784c86da427e89287831f96ab7"},"headline":"Un an\u00e1lisis del problema \u00e9tico y legal del tratamiento del c\u00e1ncer cervicouterino en mujeres embarazadas","datePublished":"2011-01-18T14:35:05+00:00","mainEntityOfPage":{"@id":"https:\/\/medicina.udd.cl\/centro-bioetica\/noticias\/2011\/01\/18\/un-analisis-del-problema-etico-y-legal-del-tratamiento-del-cancer-cervicouterino-en-mujeres-embarazadas\/"},"wordCount":170,"commentCount":0,"inLanguage":"es","potentialAction":[{"@type":"CommentAction","name":"Comment","target":["https:\/\/medicina.udd.cl\/centro-bioetica\/noticias\/2011\/01\/18\/un-analisis-del-problema-etico-y-legal-del-tratamiento-del-cancer-cervicouterino-en-mujeres-embarazadas\/#respond"]}]},{"@type":"WebPage","@id":"https:\/\/medicina.udd.cl\/centro-bioetica\/noticias\/2011\/01\/18\/un-analisis-del-problema-etico-y-legal-del-tratamiento-del-cancer-cervicouterino-en-mujeres-embarazadas\/","url":"https:\/\/medicina.udd.cl\/centro-bioetica\/noticias\/2011\/01\/18\/un-analisis-del-problema-etico-y-legal-del-tratamiento-del-cancer-cervicouterino-en-mujeres-embarazadas\/","name":"Un an\u00e1lisis del problema \u00e9tico y legal del tratamiento del c\u00e1ncer cervicouterino en mujeres embarazadas - Centro de Bio\u00e9tica","isPartOf":{"@id":"https:\/\/medicina.udd.cl\/centro-bioetica\/#website"},"datePublished":"2011-01-18T14:35:05+00:00","author":{"@id":"https:\/\/medicina.udd.cl\/centro-bioetica\/#\/schema\/person\/f7abfa784c86da427e89287831f96ab7"},"breadcrumb":{"@id":"https:\/\/medicina.udd.cl\/centro-bioetica\/noticias\/2011\/01\/18\/un-analisis-del-problema-etico-y-legal-del-tratamiento-del-cancer-cervicouterino-en-mujeres-embarazadas\/#breadcrumb"},"inLanguage":"es","potentialAction":[{"@type":"ReadAction","target":["https:\/\/medicina.udd.cl\/centro-bioetica\/noticias\/2011\/01\/18\/un-analisis-del-problema-etico-y-legal-del-tratamiento-del-cancer-cervicouterino-en-mujeres-embarazadas\/"]}]},{"@type":"BreadcrumbList","@id":"https:\/\/medicina.udd.cl\/centro-bioetica\/noticias\/2011\/01\/18\/un-analisis-del-problema-etico-y-legal-del-tratamiento-del-cancer-cervicouterino-en-mujeres-embarazadas\/#breadcrumb","itemListElement":[{"@type":"ListItem","position":1,"name":"Inicio","item":"https:\/\/medicina.udd.cl\/centro-bioetica\/"},{"@type":"ListItem","position":2,"name":"Un an\u00e1lisis del problema \u00e9tico y legal del tratamiento del c\u00e1ncer cervicouterino en mujeres embarazadas"}]},{"@type":"WebSite","@id":"https:\/\/medicina.udd.cl\/centro-bioetica\/#website","url":"https:\/\/medicina.udd.cl\/centro-bioetica\/","name":"Centro de Bio\u00e9tica","description":"Universidad del Desarrollo","inLanguage":"es"},{"@type":"Person","@id":"https:\/\/medicina.udd.cl\/centro-bioetica\/#\/schema\/person\/f7abfa784c86da427e89287831f96ab7","name":"admin","image":{"@type":"ImageObject","inLanguage":"es","@id":"https:\/\/medicina.udd.cl\/centro-bioetica\/#\/schema\/person\/image\/","url":"https:\/\/secure.gravatar.com\/avatar\/3cb6da298954dfb54457c0910b8c9ca010abd8d87a60f7d701b6ce4254e1c642?s=96&d=mm&r=g","contentUrl":"https:\/\/secure.gravatar.com\/avatar\/3cb6da298954dfb54457c0910b8c9ca010abd8d87a60f7d701b6ce4254e1c642?s=96&d=mm&r=g","caption":"admin"},"url":"https:\/\/medicina.udd.cl\/centro-bioetica\/noticias\/author\/admin\/"}]}},"featured_image_url":null,"_links":{"self":[{"href":"https:\/\/medicina.udd.cl\/centro-bioetica\/wp-json\/wp\/v2\/posts\/997","targetHints":{"allow":["GET"]}}],"collection":[{"href":"https:\/\/medicina.udd.cl\/centro-bioetica\/wp-json\/wp\/v2\/posts"}],"about":[{"href":"https:\/\/medicina.udd.cl\/centro-bioetica\/wp-json\/wp\/v2\/types\/post"}],"author":[{"embeddable":true,"href":"https:\/\/medicina.udd.cl\/centro-bioetica\/wp-json\/wp\/v2\/users\/1"}],"replies":[{"embeddable":true,"href":"https:\/\/medicina.udd.cl\/centro-bioetica\/wp-json\/wp\/v2\/comments?post=997"}],"version-history":[{"count":1,"href":"https:\/\/medicina.udd.cl\/centro-bioetica\/wp-json\/wp\/v2\/posts\/997\/revisions"}],"predecessor-version":[{"id":998,"href":"https:\/\/medicina.udd.cl\/centro-bioetica\/wp-json\/wp\/v2\/posts\/997\/revisions\/998"}],"wp:attachment":[{"href":"https:\/\/medicina.udd.cl\/centro-bioetica\/wp-json\/wp\/v2\/media?parent=997"}],"wp:term":[{"taxonomy":"category","embeddable":true,"href":"https:\/\/medicina.udd.cl\/centro-bioetica\/wp-json\/wp\/v2\/categories?post=997"},{"taxonomy":"post_tag","embeddable":true,"href":"https:\/\/medicina.udd.cl\/centro-bioetica\/wp-json\/wp\/v2\/tags?post=997"}],"curies":[{"name":"wp","href":"https:\/\/api.w.org\/{rel}","templated":true}]}}