{"id":47962,"date":"2021-07-05T13:20:47","date_gmt":"2021-07-05T17:20:47","guid":{"rendered":"https:\/\/medicina.udd.cl\/?p=47962"},"modified":"2021-07-05T13:20:47","modified_gmt":"2021-07-05T17:20:47","slug":"15-de-julio-jornada-de-investigacion-en-docencia","status":"publish","type":"post","link":"https:\/\/medicina.udd.cl\/centro-de-desarrollo-educacional\/2021\/07\/05\/15-de-julio-jornada-de-investigacion-en-docencia\/","title":{"rendered":"15 de julio: Jornada de Investigaci\u00f3n en Docencia"},"content":{"rendered":"\n<div class=\"wp-block-image\"><figure class=\"alignright size-large\"><img loading=\"lazy\" decoding=\"async\" width=\"451\" height=\"660\" src=\"https:\/\/medicina.udd.cl\/centro-de-desarrollo-educacional\/files\/2021\/07\/Mailing-Definitivo.jpg\" alt=\"\" class=\"wp-image-47964\" srcset=\"https:\/\/medicina.udd.cl\/centro-de-desarrollo-educacional\/files\/2021\/07\/Mailing-Definitivo.jpg 451w, https:\/\/medicina.udd.cl\/centro-de-desarrollo-educacional\/files\/2021\/07\/Mailing-Definitivo-205x300.jpg 205w\" sizes=\"auto, (max-width: 451px) 100vw, 451px\" \/><\/figure><\/div>\n\n\n\n<p>Con el objetivo de realizar una actividad\nde reflexi\u00f3n para docentes en torno al aporte de la Investigaci\u00f3n en Docencia,\nel Centro de Desarrollo Educacional (CDE) de la Facultad de Medicina Cl\u00ednica\nAlemana Universidad del Desarrollo, se encuentra organizando la Jornada\n\u201cExperiencias de Investigaci\u00f3n en Docencia\u201d.<\/p>\n\n\n\n<p>La principal expositora de la actividad, que se realizar\u00e1 este <strong>jueves 15 de julio, de 10:00 a 12:00<\/strong> horas v\u00eda zoom, ser\u00e1 la directora de la carrera de Enfermer\u00eda UDD, Claudia P\u00e9rez, quien lleva a\u00f1os impulsando y promoviendo la investigaci\u00f3n en este campo. Junto a esta presentaci\u00f3n, los participantes tendr\u00e1n la oportunidad de compartir sus experiencias en grupos de trabajo.<\/p>\n\n\n\n<p><strong>Las inscripciones se encuentran abiertas <\/strong> <a href=\"https:\/\/docs.google.com\/forms\/d\/e\/1FAIpQLSdqQPPjt_jKF7SJqT3135RcY8HifcetA2Q2qODgbFWwMi3xsw\/viewform\">AQU\u00cd<\/a><\/p>\n","protected":false},"excerpt":{"rendered":"<p>Con el objetivo de realizar una actividad de reflexi\u00f3n para docentes en torno al aporte de la Investigaci\u00f3n en Docencia, el Centro de Desarrollo Educacional (CDE) de la Facultad de Medicina Cl\u00ednica Alemana Universidad del Desarrollo, se encuentra organizando la Jornada \u201cExperiencias de Investigaci\u00f3n en Docencia\u201d. La principal expositora de la actividad, que se realizar\u00e1 [&hellip;]<\/p>\n","protected":false},"author":9192219,"featured_media":47963,"comment_status":"open","ping_status":"open","sticky":false,"template":"","format":"standard","meta":{"footnotes":""},"categories":[10],"tags":[],"class_list":["post-47962","post","type-post","status-publish","format-standard","has-post-thumbnail","hentry","category-cde"],"yoast_head":"<!-- This site is optimized with the Yoast SEO plugin v26.9 - https:\/\/yoast.com\/product\/yoast-seo-wordpress\/ -->\n<title>15 de julio: Jornada de Investigaci\u00f3n en Docencia - Centro de Desarrollo Educacional<\/title>\n<meta name=\"robots\" content=\"index, follow, max-snippet:-1, max-image-preview:large, max-video-preview:-1\" \/>\n<link rel=\"canonical\" href=\"https:\/\/medicina.udd.cl\/centro-de-desarrollo-educacional\/2021\/07\/05\/15-de-julio-jornada-de-investigacion-en-docencia\/\" \/>\n<meta property=\"og:locale\" content=\"es_ES\" \/>\n<meta property=\"og:type\" content=\"article\" \/>\n<meta property=\"og:title\" content=\"15 de julio: Jornada de Investigaci\u00f3n en Docencia - Centro de Desarrollo Educacional\" \/>\n<meta property=\"og:description\" content=\"Con el objetivo de realizar una actividad de reflexi\u00f3n para docentes en torno al aporte de la Investigaci\u00f3n en Docencia, el Centro de Desarrollo Educacional (CDE) de la Facultad de Medicina Cl\u00ednica Alemana Universidad del Desarrollo, se encuentra organizando la Jornada \u201cExperiencias de Investigaci\u00f3n en Docencia\u201d. La principal expositora de la actividad, que se realizar\u00e1 [&hellip;]\" \/>\n<meta property=\"og:url\" content=\"https:\/\/medicina.udd.cl\/centro-de-desarrollo-educacional\/2021\/07\/05\/15-de-julio-jornada-de-investigacion-en-docencia\/\" \/>\n<meta property=\"og:site_name\" content=\"Centro de Desarrollo Educacional\" \/>\n<meta property=\"article:published_time\" content=\"2021-07-05T17:20:47+00:00\" \/>\n<meta property=\"og:image\" content=\"https:\/\/medicina.udd.cl\/centro-de-desarrollo-educacional\/files\/2021\/07\/exp15jul.jpg\" \/>\n\t<meta property=\"og:image:width\" content=\"348\" \/>\n\t<meta property=\"og:image:height\" content=\"196\" \/>\n\t<meta property=\"og:image:type\" content=\"image\/jpeg\" \/>\n<meta name=\"author\" content=\"rbraidy\" \/>\n<meta name=\"twitter:card\" content=\"summary_large_image\" \/>\n<meta name=\"twitter:label1\" content=\"Escrito por\" \/>\n\t<meta name=\"twitter:data1\" content=\"rbraidy\" \/>\n\t<meta name=\"twitter:label2\" content=\"Tiempo de lectura\" \/>\n\t<meta name=\"twitter:data2\" content=\"1 minuto\" \/>\n<script type=\"application\/ld+json\" class=\"yoast-schema-graph\">{\"@context\":\"https:\/\/schema.org\",\"@graph\":[{\"@type\":\"Article\",\"@id\":\"https:\/\/medicina.udd.cl\/centro-de-desarrollo-educacional\/2021\/07\/05\/15-de-julio-jornada-de-investigacion-en-docencia\/#article\",\"isPartOf\":{\"@id\":\"https:\/\/medicina.udd.cl\/centro-de-desarrollo-educacional\/2021\/07\/05\/15-de-julio-jornada-de-investigacion-en-docencia\/\"},\"author\":{\"name\":\"rbraidy\",\"@id\":\"https:\/\/medicina.udd.cl\/centro-de-desarrollo-educacional\/#\/schema\/person\/dbc3705bf3a93e8be1ba6de0ef950341\"},\"headline\":\"15 de julio: Jornada de Investigaci\u00f3n en Docencia\",\"datePublished\":\"2021-07-05T17:20:47+00:00\",\"mainEntityOfPage\":{\"@id\":\"https:\/\/medicina.udd.cl\/centro-de-desarrollo-educacional\/2021\/07\/05\/15-de-julio-jornada-de-investigacion-en-docencia\/\"},\"wordCount\":128,\"commentCount\":0,\"image\":{\"@id\":\"https:\/\/medicina.udd.cl\/centro-de-desarrollo-educacional\/2021\/07\/05\/15-de-julio-jornada-de-investigacion-en-docencia\/#primaryimage\"},\"thumbnailUrl\":\"https:\/\/medicina.udd.cl\/centro-de-desarrollo-educacional\/files\/2021\/07\/exp15jul.jpg\",\"articleSection\":[\"CDE\"],\"inLanguage\":\"es\",\"potentialAction\":[{\"@type\":\"CommentAction\",\"name\":\"Comment\",\"target\":[\"https:\/\/medicina.udd.cl\/centro-de-desarrollo-educacional\/2021\/07\/05\/15-de-julio-jornada-de-investigacion-en-docencia\/#respond\"]}]},{\"@type\":\"WebPage\",\"@id\":\"https:\/\/medicina.udd.cl\/centro-de-desarrollo-educacional\/2021\/07\/05\/15-de-julio-jornada-de-investigacion-en-docencia\/\",\"url\":\"https:\/\/medicina.udd.cl\/centro-de-desarrollo-educacional\/2021\/07\/05\/15-de-julio-jornada-de-investigacion-en-docencia\/\",\"name\":\"15 de julio: Jornada de Investigaci\u00f3n en Docencia - Centro de Desarrollo Educacional\",\"isPartOf\":{\"@id\":\"https:\/\/medicina.udd.cl\/centro-de-desarrollo-educacional\/#website\"},\"primaryImageOfPage\":{\"@id\":\"https:\/\/medicina.udd.cl\/centro-de-desarrollo-educacional\/2021\/07\/05\/15-de-julio-jornada-de-investigacion-en-docencia\/#primaryimage\"},\"image\":{\"@id\":\"https:\/\/medicina.udd.cl\/centro-de-desarrollo-educacional\/2021\/07\/05\/15-de-julio-jornada-de-investigacion-en-docencia\/#primaryimage\"},\"thumbnailUrl\":\"https:\/\/medicina.udd.cl\/centro-de-desarrollo-educacional\/files\/2021\/07\/exp15jul.jpg\",\"datePublished\":\"2021-07-05T17:20:47+00:00\",\"author\":{\"@id\":\"https:\/\/medicina.udd.cl\/centro-de-desarrollo-educacional\/#\/schema\/person\/dbc3705bf3a93e8be1ba6de0ef950341\"},\"breadcrumb\":{\"@id\":\"https:\/\/medicina.udd.cl\/centro-de-desarrollo-educacional\/2021\/07\/05\/15-de-julio-jornada-de-investigacion-en-docencia\/#breadcrumb\"},\"inLanguage\":\"es\",\"potentialAction\":[{\"@type\":\"ReadAction\",\"target\":[\"https:\/\/medicina.udd.cl\/centro-de-desarrollo-educacional\/2021\/07\/05\/15-de-julio-jornada-de-investigacion-en-docencia\/\"]}]},{\"@type\":\"ImageObject\",\"inLanguage\":\"es\",\"@id\":\"https:\/\/medicina.udd.cl\/centro-de-desarrollo-educacional\/2021\/07\/05\/15-de-julio-jornada-de-investigacion-en-docencia\/#primaryimage\",\"url\":\"https:\/\/medicina.udd.cl\/centro-de-desarrollo-educacional\/files\/2021\/07\/exp15jul.jpg\",\"contentUrl\":\"https:\/\/medicina.udd.cl\/centro-de-desarrollo-educacional\/files\/2021\/07\/exp15jul.jpg\",\"width\":348,\"height\":196},{\"@type\":\"BreadcrumbList\",\"@id\":\"https:\/\/medicina.udd.cl\/centro-de-desarrollo-educacional\/2021\/07\/05\/15-de-julio-jornada-de-investigacion-en-docencia\/#breadcrumb\",\"itemListElement\":[{\"@type\":\"ListItem\",\"position\":1,\"name\":\"Portada\",\"item\":\"https:\/\/medicina.udd.cl\/centro-de-desarrollo-educacional\/\"},{\"@type\":\"ListItem\",\"position\":2,\"name\":\"15 de julio: Jornada de Investigaci\u00f3n en Docencia\"}]},{\"@type\":\"WebSite\",\"@id\":\"https:\/\/medicina.udd.cl\/centro-de-desarrollo-educacional\/#website\",\"url\":\"https:\/\/medicina.udd.cl\/centro-de-desarrollo-educacional\/\",\"name\":\"Centro de Desarrollo Educacional\",\"description\":\"Docencia, apoyo y capacitaci\u00f3n en Medicina\",\"inLanguage\":\"es\"},{\"@type\":\"Person\",\"@id\":\"https:\/\/medicina.udd.cl\/centro-de-desarrollo-educacional\/#\/schema\/person\/dbc3705bf3a93e8be1ba6de0ef950341\",\"name\":\"rbraidy\",\"image\":{\"@type\":\"ImageObject\",\"inLanguage\":\"es\",\"@id\":\"https:\/\/medicina.udd.cl\/centro-de-desarrollo-educacional\/#\/schema\/person\/image\/\",\"url\":\"https:\/\/secure.gravatar.com\/avatar\/0f8bc94637401590e45d2ce17eb65c274cb8870a219de6177f3f23e63fd8cdf3?s=96&d=mm&r=g\",\"contentUrl\":\"https:\/\/secure.gravatar.com\/avatar\/0f8bc94637401590e45d2ce17eb65c274cb8870a219de6177f3f23e63fd8cdf3?s=96&d=mm&r=g\",\"caption\":\"rbraidy\"},\"url\":\"https:\/\/medicina.udd.cl\/centro-de-desarrollo-educacional\/author\/rbraidy\/\"}]}<\/script>\n<!-- \/ Yoast SEO plugin. -->","yoast_head_json":{"title":"15 de julio: Jornada de Investigaci\u00f3n en Docencia - Centro de Desarrollo Educacional","robots":{"index":"index","follow":"follow","max-snippet":"max-snippet:-1","max-image-preview":"max-image-preview:large","max-video-preview":"max-video-preview:-1"},"canonical":"https:\/\/medicina.udd.cl\/centro-de-desarrollo-educacional\/2021\/07\/05\/15-de-julio-jornada-de-investigacion-en-docencia\/","og_locale":"es_ES","og_type":"article","og_title":"15 de julio: Jornada de Investigaci\u00f3n en Docencia - Centro de Desarrollo Educacional","og_description":"Con el objetivo de realizar una actividad de reflexi\u00f3n para docentes en torno al aporte de la Investigaci\u00f3n en Docencia, el Centro de Desarrollo Educacional (CDE) de la Facultad de Medicina Cl\u00ednica Alemana Universidad del Desarrollo, se encuentra organizando la Jornada \u201cExperiencias de Investigaci\u00f3n en Docencia\u201d. La principal expositora de la actividad, que se realizar\u00e1 [&hellip;]","og_url":"https:\/\/medicina.udd.cl\/centro-de-desarrollo-educacional\/2021\/07\/05\/15-de-julio-jornada-de-investigacion-en-docencia\/","og_site_name":"Centro de Desarrollo Educacional","article_published_time":"2021-07-05T17:20:47+00:00","og_image":[{"width":348,"height":196,"url":"https:\/\/medicina.udd.cl\/centro-de-desarrollo-educacional\/files\/2021\/07\/exp15jul.jpg","type":"image\/jpeg"}],"author":"rbraidy","twitter_card":"summary_large_image","twitter_misc":{"Escrito por":"rbraidy","Tiempo de lectura":"1 minuto"},"schema":{"@context":"https:\/\/schema.org","@graph":[{"@type":"Article","@id":"https:\/\/medicina.udd.cl\/centro-de-desarrollo-educacional\/2021\/07\/05\/15-de-julio-jornada-de-investigacion-en-docencia\/#article","isPartOf":{"@id":"https:\/\/medicina.udd.cl\/centro-de-desarrollo-educacional\/2021\/07\/05\/15-de-julio-jornada-de-investigacion-en-docencia\/"},"author":{"name":"rbraidy","@id":"https:\/\/medicina.udd.cl\/centro-de-desarrollo-educacional\/#\/schema\/person\/dbc3705bf3a93e8be1ba6de0ef950341"},"headline":"15 de julio: Jornada de Investigaci\u00f3n en Docencia","datePublished":"2021-07-05T17:20:47+00:00","mainEntityOfPage":{"@id":"https:\/\/medicina.udd.cl\/centro-de-desarrollo-educacional\/2021\/07\/05\/15-de-julio-jornada-de-investigacion-en-docencia\/"},"wordCount":128,"commentCount":0,"image":{"@id":"https:\/\/medicina.udd.cl\/centro-de-desarrollo-educacional\/2021\/07\/05\/15-de-julio-jornada-de-investigacion-en-docencia\/#primaryimage"},"thumbnailUrl":"https:\/\/medicina.udd.cl\/centro-de-desarrollo-educacional\/files\/2021\/07\/exp15jul.jpg","articleSection":["CDE"],"inLanguage":"es","potentialAction":[{"@type":"CommentAction","name":"Comment","target":["https:\/\/medicina.udd.cl\/centro-de-desarrollo-educacional\/2021\/07\/05\/15-de-julio-jornada-de-investigacion-en-docencia\/#respond"]}]},{"@type":"WebPage","@id":"https:\/\/medicina.udd.cl\/centro-de-desarrollo-educacional\/2021\/07\/05\/15-de-julio-jornada-de-investigacion-en-docencia\/","url":"https:\/\/medicina.udd.cl\/centro-de-desarrollo-educacional\/2021\/07\/05\/15-de-julio-jornada-de-investigacion-en-docencia\/","name":"15 de julio: Jornada de Investigaci\u00f3n en Docencia - Centro de Desarrollo Educacional","isPartOf":{"@id":"https:\/\/medicina.udd.cl\/centro-de-desarrollo-educacional\/#website"},"primaryImageOfPage":{"@id":"https:\/\/medicina.udd.cl\/centro-de-desarrollo-educacional\/2021\/07\/05\/15-de-julio-jornada-de-investigacion-en-docencia\/#primaryimage"},"image":{"@id":"https:\/\/medicina.udd.cl\/centro-de-desarrollo-educacional\/2021\/07\/05\/15-de-julio-jornada-de-investigacion-en-docencia\/#primaryimage"},"thumbnailUrl":"https:\/\/medicina.udd.cl\/centro-de-desarrollo-educacional\/files\/2021\/07\/exp15jul.jpg","datePublished":"2021-07-05T17:20:47+00:00","author":{"@id":"https:\/\/medicina.udd.cl\/centro-de-desarrollo-educacional\/#\/schema\/person\/dbc3705bf3a93e8be1ba6de0ef950341"},"breadcrumb":{"@id":"https:\/\/medicina.udd.cl\/centro-de-desarrollo-educacional\/2021\/07\/05\/15-de-julio-jornada-de-investigacion-en-docencia\/#breadcrumb"},"inLanguage":"es","potentialAction":[{"@type":"ReadAction","target":["https:\/\/medicina.udd.cl\/centro-de-desarrollo-educacional\/2021\/07\/05\/15-de-julio-jornada-de-investigacion-en-docencia\/"]}]},{"@type":"ImageObject","inLanguage":"es","@id":"https:\/\/medicina.udd.cl\/centro-de-desarrollo-educacional\/2021\/07\/05\/15-de-julio-jornada-de-investigacion-en-docencia\/#primaryimage","url":"https:\/\/medicina.udd.cl\/centro-de-desarrollo-educacional\/files\/2021\/07\/exp15jul.jpg","contentUrl":"https:\/\/medicina.udd.cl\/centro-de-desarrollo-educacional\/files\/2021\/07\/exp15jul.jpg","width":348,"height":196},{"@type":"BreadcrumbList","@id":"https:\/\/medicina.udd.cl\/centro-de-desarrollo-educacional\/2021\/07\/05\/15-de-julio-jornada-de-investigacion-en-docencia\/#breadcrumb","itemListElement":[{"@type":"ListItem","position":1,"name":"Portada","item":"https:\/\/medicina.udd.cl\/centro-de-desarrollo-educacional\/"},{"@type":"ListItem","position":2,"name":"15 de julio: Jornada de Investigaci\u00f3n en Docencia"}]},{"@type":"WebSite","@id":"https:\/\/medicina.udd.cl\/centro-de-desarrollo-educacional\/#website","url":"https:\/\/medicina.udd.cl\/centro-de-desarrollo-educacional\/","name":"Centro de Desarrollo Educacional","description":"Docencia, apoyo y capacitaci\u00f3n en Medicina","inLanguage":"es"},{"@type":"Person","@id":"https:\/\/medicina.udd.cl\/centro-de-desarrollo-educacional\/#\/schema\/person\/dbc3705bf3a93e8be1ba6de0ef950341","name":"rbraidy","image":{"@type":"ImageObject","inLanguage":"es","@id":"https:\/\/medicina.udd.cl\/centro-de-desarrollo-educacional\/#\/schema\/person\/image\/","url":"https:\/\/secure.gravatar.com\/avatar\/0f8bc94637401590e45d2ce17eb65c274cb8870a219de6177f3f23e63fd8cdf3?s=96&d=mm&r=g","contentUrl":"https:\/\/secure.gravatar.com\/avatar\/0f8bc94637401590e45d2ce17eb65c274cb8870a219de6177f3f23e63fd8cdf3?s=96&d=mm&r=g","caption":"rbraidy"},"url":"https:\/\/medicina.udd.cl\/centro-de-desarrollo-educacional\/author\/rbraidy\/"}]}},"featured_image_url":"https:\/\/medicina.udd.cl\/centro-de-desarrollo-educacional\/files\/2021\/07\/exp15jul.jpg","_links":{"self":[{"href":"https:\/\/medicina.udd.cl\/centro-de-desarrollo-educacional\/wp-json\/wp\/v2\/posts\/47962","targetHints":{"allow":["GET"]}}],"collection":[{"href":"https:\/\/medicina.udd.cl\/centro-de-desarrollo-educacional\/wp-json\/wp\/v2\/posts"}],"about":[{"href":"https:\/\/medicina.udd.cl\/centro-de-desarrollo-educacional\/wp-json\/wp\/v2\/types\/post"}],"author":[{"embeddable":true,"href":"https:\/\/medicina.udd.cl\/centro-de-desarrollo-educacional\/wp-json\/wp\/v2\/users\/9192219"}],"replies":[{"embeddable":true,"href":"https:\/\/medicina.udd.cl\/centro-de-desarrollo-educacional\/wp-json\/wp\/v2\/comments?post=47962"}],"version-history":[{"count":0,"href":"https:\/\/medicina.udd.cl\/centro-de-desarrollo-educacional\/wp-json\/wp\/v2\/posts\/47962\/revisions"}],"wp:featuredmedia":[{"embeddable":true,"href":"https:\/\/medicina.udd.cl\/centro-de-desarrollo-educacional\/wp-json\/wp\/v2\/media\/47963"}],"wp:attachment":[{"href":"https:\/\/medicina.udd.cl\/centro-de-desarrollo-educacional\/wp-json\/wp\/v2\/media?parent=47962"}],"wp:term":[{"taxonomy":"category","embeddable":true,"href":"https:\/\/medicina.udd.cl\/centro-de-desarrollo-educacional\/wp-json\/wp\/v2\/categories?post=47962"},{"taxonomy":"post_tag","embeddable":true,"href":"https:\/\/medicina.udd.cl\/centro-de-desarrollo-educacional\/wp-json\/wp\/v2\/tags?post=47962"}],"curies":[{"name":"wp","href":"https:\/\/api.w.org\/{rel}","templated":true}]}}