{"id":1029,"date":"2014-07-28T16:30:20","date_gmt":"2014-07-28T20:30:20","guid":{"rendered":"http:\/\/medicina.udd.cl\/centro-epidemiologia-politicas-salud\/?p=1029"},"modified":"2014-07-31T10:57:24","modified_gmt":"2014-07-31T14:57:24","slug":"investigadores-udd-en-congreso-chileno-de-salud-publica-y-epidemiologia","status":"publish","type":"post","link":"https:\/\/medicina.udd.cl\/centro-epidemiologia-politicas-salud\/noticias\/2014\/07\/28\/investigadores-udd-en-congreso-chileno-de-salud-publica-y-epidemiologia\/","title":{"rendered":"Investigadores UDD en Congreso Chileno de Salud P\u00fablica y Epidemiolog\u00eda"},"content":{"rendered":"<div id=\"gallery-1\" class=\"carousel slide carousel-gallery\" data-ride=\"false\" data-interval=\"false\"><div class=\"carousel-inner\" role=\"listbox\"><figure class=\"carousel-item active\"><img loading=\"lazy\" decoding=\"async\" width=\"630\" height=\"426\" src=\"https:\/\/medicina.udd.cl\/centro-epidemiologia-politicas-salud\/files\/2014\/07\/Andre-Olea-Catterina-Ferreccio-PUC-y-Ximena-Aguilera.jpg\" class=\"attachment-landscape_952 size-landscape_952 lazyload\" alt=\"\" sizes=\"auto, (max-width: 630px) 100vw, 630px\" data-src=\"https:\/\/medicina.udd.cl\/centro-epidemiologia-politicas-salud\/files\/2014\/07\/Andre-Olea-Catterina-Ferreccio-PUC-y-Ximena-Aguilera.jpg\" data-srcset=\"https:\/\/medicina.udd.cl\/centro-epidemiologia-politicas-salud\/files\/2014\/07\/Andre-Olea-Catterina-Ferreccio-PUC-y-Ximena-Aguilera.jpg 630w, https:\/\/medicina.udd.cl\/centro-epidemiologia-politicas-salud\/files\/2014\/07\/Andre-Olea-Catterina-Ferreccio-PUC-y-Ximena-Aguilera-300x203.jpg 300w\" \/><\/figure><figure class=\"carousel-item\"><img loading=\"lazy\" decoding=\"async\" width=\"676\" height=\"450\" src=\"https:\/\/medicina.udd.cl\/centro-epidemiologia-politicas-salud\/files\/2014\/07\/Andrea-Olea-en-exposici\u00f3n-sobre-enfermedad-meningoc\u00f3ccica.jpg\" class=\"attachment-landscape_952 size-landscape_952 lazyload\" alt=\"\" sizes=\"auto, (max-width: 676px) 100vw, 676px\" data-src=\"https:\/\/medicina.udd.cl\/centro-epidemiologia-politicas-salud\/files\/2014\/07\/Andrea-Olea-en-exposici\u00f3n-sobre-enfermedad-meningoc\u00f3ccica.jpg\" data-srcset=\"https:\/\/medicina.udd.cl\/centro-epidemiologia-politicas-salud\/files\/2014\/07\/Andrea-Olea-en-exposici\u00f3n-sobre-enfermedad-meningoc\u00f3ccica.jpg 676w, https:\/\/medicina.udd.cl\/centro-epidemiologia-politicas-salud\/files\/2014\/07\/Andrea-Olea-en-exposici\u00f3n-sobre-enfermedad-meningoc\u00f3ccica-300x200.jpg 300w\" \/><\/figure><figure class=\"carousel-item\"><img loading=\"lazy\" decoding=\"async\" width=\"584\" height=\"394\" src=\"https:\/\/medicina.udd.cl\/centro-epidemiologia-politicas-salud\/files\/2014\/07\/Claudia-Gonz\u00e1lez-en-Simposio-sobre-enfermedades-emergentes-.jpg\" class=\"attachment-landscape_952 size-landscape_952 lazyload\" alt=\"\" sizes=\"auto, (max-width: 584px) 100vw, 584px\" data-src=\"https:\/\/medicina.udd.cl\/centro-epidemiologia-politicas-salud\/files\/2014\/07\/Claudia-Gonz\u00e1lez-en-Simposio-sobre-enfermedades-emergentes-.jpg\" data-srcset=\"https:\/\/medicina.udd.cl\/centro-epidemiologia-politicas-salud\/files\/2014\/07\/Claudia-Gonz\u00e1lez-en-Simposio-sobre-enfermedades-emergentes-.jpg 584w, https:\/\/medicina.udd.cl\/centro-epidemiologia-politicas-salud\/files\/2014\/07\/Claudia-Gonz\u00e1lez-en-Simposio-sobre-enfermedades-emergentes--300x202.jpg 300w\" \/><\/figure><figure class=\"carousel-item\"><img loading=\"lazy\" decoding=\"async\" width=\"524\" height=\"361\" src=\"https:\/\/medicina.udd.cl\/centro-epidemiologia-politicas-salud\/files\/2014\/07\/Macarena-Hirmas-M.-Isabel-Matute-Lucy-poffald-y-Mar\u00eda-In\u00e9s-G\u00f3mez-destacada.jpg\" class=\"attachment-landscape_952 size-landscape_952 lazyload\" alt=\"\" sizes=\"auto, (max-width: 524px) 100vw, 524px\" data-src=\"https:\/\/medicina.udd.cl\/centro-epidemiologia-politicas-salud\/files\/2014\/07\/Macarena-Hirmas-M.-Isabel-Matute-Lucy-poffald-y-Mar\u00eda-In\u00e9s-G\u00f3mez-destacada.jpg\" data-srcset=\"https:\/\/medicina.udd.cl\/centro-epidemiologia-politicas-salud\/files\/2014\/07\/Macarena-Hirmas-M.-Isabel-Matute-Lucy-poffald-y-Mar\u00eda-In\u00e9s-G\u00f3mez-destacada.jpg 524w, https:\/\/medicina.udd.cl\/centro-epidemiologia-politicas-salud\/files\/2014\/07\/Macarena-Hirmas-M.-Isabel-Matute-Lucy-poffald-y-Mar\u00eda-In\u00e9s-G\u00f3mez-destacada-300x207.jpg 300w\" \/><\/figure><figure class=\"carousel-item\"><img loading=\"lazy\" decoding=\"async\" width=\"676\" height=\"450\" src=\"https:\/\/medicina.udd.cl\/centro-epidemiologia-politicas-salud\/files\/2014\/07\/Macarena-Hitmas-exposici\u00f3n-TB-en-carceles.jpg\" class=\"attachment-landscape_952 size-landscape_952 lazyload\" alt=\"\" sizes=\"auto, (max-width: 676px) 100vw, 676px\" data-src=\"https:\/\/medicina.udd.cl\/centro-epidemiologia-politicas-salud\/files\/2014\/07\/Macarena-Hitmas-exposici\u00f3n-TB-en-carceles.jpg\" data-srcset=\"https:\/\/medicina.udd.cl\/centro-epidemiologia-politicas-salud\/files\/2014\/07\/Macarena-Hitmas-exposici\u00f3n-TB-en-carceles.jpg 676w, https:\/\/medicina.udd.cl\/centro-epidemiologia-politicas-salud\/files\/2014\/07\/Macarena-Hitmas-exposici\u00f3n-TB-en-carceles-300x200.jpg 300w\" \/><\/figure><figure class=\"carousel-item\"><img loading=\"lazy\" decoding=\"async\" width=\"676\" height=\"450\" src=\"https:\/\/medicina.udd.cl\/centro-epidemiologia-politicas-salud\/files\/2014\/07\/Ceremonia-de-Clausura.jpg\" class=\"attachment-landscape_952 size-landscape_952 lazyload\" alt=\"\" sizes=\"auto, (max-width: 676px) 100vw, 676px\" data-src=\"https:\/\/medicina.udd.cl\/centro-epidemiologia-politicas-salud\/files\/2014\/07\/Ceremonia-de-Clausura.jpg\" data-srcset=\"https:\/\/medicina.udd.cl\/centro-epidemiologia-politicas-salud\/files\/2014\/07\/Ceremonia-de-Clausura.jpg 676w, https:\/\/medicina.udd.cl\/centro-epidemiologia-politicas-salud\/files\/2014\/07\/Ceremonia-de-Clausura-300x200.jpg 300w\" \/><\/figure><\/div><footer class=\"carousel-footer\"><div class=\"carousel-counter\"><span class=\"carousel-counter-current\"><\/span> \/ <span class=\"carousel-counter-total\"><\/span><\/div><a class=\"carousel-control-prev\" href=\"#gallery-1\" role=\"button\" data-slide=\"prev\"><svg aria-hidden=\"true\" class=\"svg-chevron-left-dims\"><use xlink:href='https:\/\/medicina.udd.cl\/centro-epidemiologia-politicas-salud\/wp-content\/themes\/facultades-2018\/assets\/img\/svg\/dist\/main.svg?version=1695853099#chevron-left'><\/use><\/svg><span class=\"sr-only\">Anterior<\/span><\/a><a class=\"carousel-control-next\" href=\"#gallery-1\" role=\"button\" data-slide=\"next\"><svg aria-hidden=\"true\" class=\"svg-chevron-right-dims\"><use xlink:href='https:\/\/medicina.udd.cl\/centro-epidemiologia-politicas-salud\/wp-content\/themes\/facultades-2018\/assets\/img\/svg\/dist\/main.svg?version=1695853099#chevron-right'><\/use><\/svg><span class=\"sr-only\">Siguiente<\/span><\/a><\/footer><\/div>\n<p>Investigadores y docentes de la\u00a0<a href=\"http:\/\/medicina.udd.cl\/\"><strong>Facultad de Medicina Cl\u00ednica Alemana Universidad del Desarrollo<\/strong><\/a>\u00a0participaron en el \u00a0<strong>III Congreso Chileno de Salud P\u00fablica y V Congreso Chileno de Epidemiolog\u00eda<\/strong>, realizado en Santiago entre el 23 y 25 de julio.<\/p>\n<p>Con el lema \u201cSalud en todas las Pol\u00edticas\u201d, la actividad tuvo como prop\u00f3sito el debate y an\u00e1lisis de los avances, limitaciones, y perspectivas conceptuales y operativas para la implementaci\u00f3n de la estrategia de salud en todas las pol\u00edticas en Chile.<\/p>\n<p>De este modo, se presentaron 153 investigaciones y se dictaron diversos simposios y conferencias en el \u00e1mbito de la salud, abordando temas como el fortalecimiento de la autoridad sanitaria, enfermedades no transmisibles, desaf\u00edos epidemiol\u00f3gicos en Am\u00e9rica Latina, cobertura sanitaria universal, entre otros.<\/p>\n<p>En la ocasi\u00f3n, investigadores del\u00a0<strong>Centro de Epidemiolog\u00eda y Pol\u00edticas de Salud\u00a0(CEPS)<\/strong>\u00a0de la Facultad de Medicina CAS-UDD presentaron algunos de sus estudios, expusieron sobre temas contingentes y moderaron simposios y paneles.<\/p>\n<p>Es el caso de la doctora<strong>\u00a0Ximena Aguilera, <\/strong>directora del Centro\u00a0y parte del Comit\u00e9 organizador del Congreso, quien realiz\u00f3 la exposici\u00f3n \u201cCobertura sanitaria con equidad: Fortalecimiento de los sistemas de salud y la acci\u00f3n intersectorial\u201d, junto a la directora de Fonasa, doctora Jeanette Vega, y Ana Sojo de la CEPAL.<\/p>\n<p>A su vez, los investigadores realizaron diversas exposiciones, entre ellas\u00a0<strong>\u00abFactores de riesgo de enfermedad meningoc\u00f3ccica en Chile\u00bb<\/strong>, a cargo de la\u00a0<strong>doctora Andrea Olea<\/strong>, y\u00a0<strong>\u00abTuberculosis y prisiones: evaluaci\u00f3n del programa de prevenci\u00f3n y control en el sistema penitenciario chileno\u201d<\/strong>, presentado por\u00a0<strong>Macarena Hirmas.<\/strong><\/p>\n<p>Por otro lado, el <strong>doctor Manuel N\u00e1jera y Claudia Gonz\u00e1lez<\/strong> participaron en la mesa\u00a0<strong>\u00abEnfermedades emergentes: desaf\u00edos y capacidad de respuesta en Chile\u00bb<\/strong>, y<strong> Lucy Poffald<\/strong> fue moderadora en la presentaci\u00f3n de trabajos libres.<\/p>\n<p>En tanto, los docentes de\u00a0<a href=\"http:\/\/medicina.udd.cl\/enfermeria-santiago\/\"><strong>Enfermer\u00eda<\/strong><\/a>\u00a0<strong>B\u00e1ltica Cabieses, Margarita Bernales, V\u00edctor Pedreros y Macarena Chep<\/strong>o realizaron presentaciones y participaron con posters sobre sus trabajos\u00a0 de investigaci\u00f3n.<\/p>\n<p>B\u00e1ltica Cabieses, coordinadora de Investigaci\u00f3n de la carrera y vicepresidenta de la Sociedad Chilena de Epidemiolog\u00eda, se present\u00f3 en el simposio \u201cEpidemiolog\u00eda para la toma de decisiones\u201d y expuso su trabajo \u201cDiscapacidad por autoreporte y estatus migratorio en Chile. An\u00e1lisis de la Encuesta Casen 2006 y 2009\u201d, desarrollado junto a Iris Delgado del CEPS.<\/p>\n<p>Por su parte, Macarena Chepo present\u00f3 el p\u00f3ster \u201cPr\u00e1ctica Interdisciplinaria: Una estrategia de fomento del desarrollo de la Atenci\u00f3n Primaria en Chile (APS)\u201d, trabajo premiado en la ceremonia de clausura en la categor\u00eda de \u201cexperiencia innovadora\u201d.<\/p>\n<p>El Congreso fue organizado por la\u00a0<a href=\"http:\/\/www.saludpublica.uchile.cl\/\"><strong>Escuela de Salud P\u00fablica de la Universidad de Chile<\/strong><\/a>, la\u00a0<a href=\"http:\/\/medicina.udd.cl\/centro-epidemiologia-politicas-salud\/files\/2012\/11\/Red-Chilena-Instituciones-Formadoras-Salud-Publica.pdf\"><strong>Red Chilena de instituciones Formadoras en Salud P\u00fablica<\/strong><\/a>, la\u00a0<a href=\"http:\/\/www.sochepi.cl\/\"><strong>Sociedad Chilena de Epidemiolog\u00eda<\/strong><\/a>\u00a0y la\u00a0<a href=\"http:\/\/www.sochisal.cl\/\"><strong>Sociedad Chilena de Salubridad<\/strong><\/a>, y reuni\u00f3 a m\u00e1s de 400 participantes, entre ellos autoridades, investigadores, acad\u00e9micos, profesionales y estudiantes del \u00e1rea de la salud.<\/p>\n","protected":false},"excerpt":{"rendered":"<p>Docentes del Centro de Epidemiolog\u00eda y Pol\u00edticas de Salud asistieron al encuentro que se realiz\u00f3 entre el 23 y 25 de julio en Santiago, convocando a m\u00e1s de 400 participantes.<\/p>\n","protected":false},"author":42,"featured_media":1034,"comment_status":"open","ping_status":"open","sticky":false,"template":"","format":"standard","meta":{"footnotes":""},"categories":[4],"tags":[],"class_list":["post-1029","post","type-post","status-publish","format-standard","has-post-thumbnail","hentry","category-noticias"],"yoast_head":"<!-- This site is optimized with the Yoast SEO plugin v26.9 - https:\/\/yoast.com\/product\/yoast-seo-wordpress\/ -->\n<title>Investigadores UDD en Congreso Chileno de Salud P\u00fablica y Epidemiolog\u00eda<\/title>\n<meta name=\"description\" content=\"Docentes del Centro de Epidemiolog\u00eda y Pol\u00edticas de Salud asistieron al encuentro que se realiz\u00f3 entre el 23 y 25 de julio en Santiago, convocando a m\u00e1s de 400 participantes.\" \/>\n<meta name=\"robots\" content=\"index, follow, max-snippet:-1, max-image-preview:large, max-video-preview:-1\" \/>\n<link rel=\"canonical\" href=\"https:\/\/medicina.udd.cl\/centro-epidemiologia-politicas-salud\/noticias\/2014\/07\/28\/investigadores-udd-en-congreso-chileno-de-salud-publica-y-epidemiologia\/\" \/>\n<meta property=\"og:locale\" content=\"es_ES\" \/>\n<meta property=\"og:type\" content=\"article\" \/>\n<meta property=\"og:title\" content=\"Investigadores UDD en Congreso Chileno de Salud P\u00fablica y Epidemiolog\u00eda\" \/>\n<meta property=\"og:description\" content=\"Docentes del Centro de Epidemiolog\u00eda y Pol\u00edticas de Salud asistieron al encuentro que se realiz\u00f3 entre el 23 y 25 de julio en Santiago, convocando a m\u00e1s de 400 participantes.\" \/>\n<meta property=\"og:url\" content=\"https:\/\/medicina.udd.cl\/centro-epidemiologia-politicas-salud\/noticias\/2014\/07\/28\/investigadores-udd-en-congreso-chileno-de-salud-publica-y-epidemiologia\/\" \/>\n<meta property=\"og:site_name\" content=\"Centro de Epidemiolog\u00eda y Pol\u00edticas de Salud\" \/>\n<meta property=\"article:published_time\" content=\"2014-07-28T20:30:20+00:00\" \/>\n<meta property=\"article:modified_time\" content=\"2014-07-31T14:57:24+00:00\" \/>\n<meta property=\"og:image\" content=\"https:\/\/medicina.udd.cl\/centro-epidemiologia-politicas-salud\/files\/2014\/07\/Macarena-Hirmas-M.-Isabel-Matute-Lucy-poffald-y-Mar\u00eda-In\u00e9s-G\u00f3mez-destacada.jpg\" \/>\n\t<meta property=\"og:image:width\" content=\"524\" \/>\n\t<meta property=\"og:image:height\" content=\"361\" \/>\n\t<meta property=\"og:image:type\" content=\"image\/jpeg\" \/>\n<meta name=\"twitter:label1\" content=\"Escrito por\" \/>\n\t<meta name=\"twitter:data1\" content=\"\" \/>\n\t<meta name=\"twitter:label2\" content=\"Tiempo de lectura\" \/>\n\t<meta name=\"twitter:data2\" content=\"2 minutos\" \/>\n<script type=\"application\/ld+json\" class=\"yoast-schema-graph\">{\"@context\":\"https:\/\/schema.org\",\"@graph\":[{\"@type\":\"Article\",\"@id\":\"https:\/\/medicina.udd.cl\/centro-epidemiologia-politicas-salud\/noticias\/2014\/07\/28\/investigadores-udd-en-congreso-chileno-de-salud-publica-y-epidemiologia\/#article\",\"isPartOf\":{\"@id\":\"https:\/\/medicina.udd.cl\/centro-epidemiologia-politicas-salud\/noticias\/2014\/07\/28\/investigadores-udd-en-congreso-chileno-de-salud-publica-y-epidemiologia\/\"},\"author\":{\"name\":\"\",\"@id\":\"\"},\"headline\":\"Investigadores UDD en Congreso Chileno de Salud P\u00fablica y Epidemiolog\u00eda\",\"datePublished\":\"2014-07-28T20:30:20+00:00\",\"dateModified\":\"2014-07-31T14:57:24+00:00\",\"mainEntityOfPage\":{\"@id\":\"https:\/\/medicina.udd.cl\/centro-epidemiologia-politicas-salud\/noticias\/2014\/07\/28\/investigadores-udd-en-congreso-chileno-de-salud-publica-y-epidemiologia\/\"},\"wordCount\":503,\"commentCount\":0,\"image\":{\"@id\":\"https:\/\/medicina.udd.cl\/centro-epidemiologia-politicas-salud\/noticias\/2014\/07\/28\/investigadores-udd-en-congreso-chileno-de-salud-publica-y-epidemiologia\/#primaryimage\"},\"thumbnailUrl\":\"https:\/\/medicina.udd.cl\/centro-epidemiologia-politicas-salud\/files\/2014\/07\/Macarena-Hirmas-M.-Isabel-Matute-Lucy-poffald-y-Mar\u00eda-In\u00e9s-G\u00f3mez-destacada.jpg\",\"articleSection\":[\"Noticias\"],\"inLanguage\":\"es\",\"potentialAction\":[{\"@type\":\"CommentAction\",\"name\":\"Comment\",\"target\":[\"https:\/\/medicina.udd.cl\/centro-epidemiologia-politicas-salud\/noticias\/2014\/07\/28\/investigadores-udd-en-congreso-chileno-de-salud-publica-y-epidemiologia\/#respond\"]}]},{\"@type\":\"WebPage\",\"@id\":\"https:\/\/medicina.udd.cl\/centro-epidemiologia-politicas-salud\/noticias\/2014\/07\/28\/investigadores-udd-en-congreso-chileno-de-salud-publica-y-epidemiologia\/\",\"url\":\"https:\/\/medicina.udd.cl\/centro-epidemiologia-politicas-salud\/noticias\/2014\/07\/28\/investigadores-udd-en-congreso-chileno-de-salud-publica-y-epidemiologia\/\",\"name\":\"Investigadores UDD en Congreso Chileno de Salud P\u00fablica y Epidemiolog\u00eda\",\"isPartOf\":{\"@id\":\"https:\/\/medicina.udd.cl\/centro-epidemiologia-politicas-salud\/#website\"},\"primaryImageOfPage\":{\"@id\":\"https:\/\/medicina.udd.cl\/centro-epidemiologia-politicas-salud\/noticias\/2014\/07\/28\/investigadores-udd-en-congreso-chileno-de-salud-publica-y-epidemiologia\/#primaryimage\"},\"image\":{\"@id\":\"https:\/\/medicina.udd.cl\/centro-epidemiologia-politicas-salud\/noticias\/2014\/07\/28\/investigadores-udd-en-congreso-chileno-de-salud-publica-y-epidemiologia\/#primaryimage\"},\"thumbnailUrl\":\"https:\/\/medicina.udd.cl\/centro-epidemiologia-politicas-salud\/files\/2014\/07\/Macarena-Hirmas-M.-Isabel-Matute-Lucy-poffald-y-Mar\u00eda-In\u00e9s-G\u00f3mez-destacada.jpg\",\"datePublished\":\"2014-07-28T20:30:20+00:00\",\"dateModified\":\"2014-07-31T14:57:24+00:00\",\"author\":{\"@id\":\"\"},\"description\":\"Docentes del Centro de Epidemiolog\u00eda y Pol\u00edticas de Salud asistieron al encuentro que se realiz\u00f3 entre el 23 y 25 de julio en Santiago, convocando a m\u00e1s de 400 participantes.\",\"breadcrumb\":{\"@id\":\"https:\/\/medicina.udd.cl\/centro-epidemiologia-politicas-salud\/noticias\/2014\/07\/28\/investigadores-udd-en-congreso-chileno-de-salud-publica-y-epidemiologia\/#breadcrumb\"},\"inLanguage\":\"es\",\"potentialAction\":[{\"@type\":\"ReadAction\",\"target\":[\"https:\/\/medicina.udd.cl\/centro-epidemiologia-politicas-salud\/noticias\/2014\/07\/28\/investigadores-udd-en-congreso-chileno-de-salud-publica-y-epidemiologia\/\"]}]},{\"@type\":\"ImageObject\",\"inLanguage\":\"es\",\"@id\":\"https:\/\/medicina.udd.cl\/centro-epidemiologia-politicas-salud\/noticias\/2014\/07\/28\/investigadores-udd-en-congreso-chileno-de-salud-publica-y-epidemiologia\/#primaryimage\",\"url\":\"https:\/\/medicina.udd.cl\/centro-epidemiologia-politicas-salud\/files\/2014\/07\/Macarena-Hirmas-M.-Isabel-Matute-Lucy-poffald-y-Mar\u00eda-In\u00e9s-G\u00f3mez-destacada.jpg\",\"contentUrl\":\"https:\/\/medicina.udd.cl\/centro-epidemiologia-politicas-salud\/files\/2014\/07\/Macarena-Hirmas-M.-Isabel-Matute-Lucy-poffald-y-Mar\u00eda-In\u00e9s-G\u00f3mez-destacada.jpg\",\"width\":524,\"height\":361},{\"@type\":\"BreadcrumbList\",\"@id\":\"https:\/\/medicina.udd.cl\/centro-epidemiologia-politicas-salud\/noticias\/2014\/07\/28\/investigadores-udd-en-congreso-chileno-de-salud-publica-y-epidemiologia\/#breadcrumb\",\"itemListElement\":[{\"@type\":\"ListItem\",\"position\":1,\"name\":\"Inicio\",\"item\":\"https:\/\/medicina.udd.cl\/centro-epidemiologia-politicas-salud\/\"},{\"@type\":\"ListItem\",\"position\":2,\"name\":\"Investigadores UDD en Congreso Chileno de Salud P\u00fablica y Epidemiolog\u00eda\"}]},{\"@type\":\"WebSite\",\"@id\":\"https:\/\/medicina.udd.cl\/centro-epidemiologia-politicas-salud\/#website\",\"url\":\"https:\/\/medicina.udd.cl\/centro-epidemiologia-politicas-salud\/\",\"name\":\"Centro de Epidemiolog\u00eda y Pol\u00edticas de Salud\",\"description\":\"Otro blog m\u00e1s de Medicina\",\"inLanguage\":\"es\"},{\"@type\":\"Person\",\"@id\":\"\",\"url\":\"https:\/\/medicina.udd.cl\/centro-epidemiologia-politicas-salud\/noticias\/author\/\"}]}<\/script>\n<!-- \/ Yoast SEO plugin. -->","yoast_head_json":{"title":"Investigadores UDD en Congreso Chileno de Salud P\u00fablica y Epidemiolog\u00eda","description":"Docentes del Centro de Epidemiolog\u00eda y Pol\u00edticas de Salud asistieron al encuentro que se realiz\u00f3 entre el 23 y 25 de julio en Santiago, convocando a m\u00e1s de 400 participantes.","robots":{"index":"index","follow":"follow","max-snippet":"max-snippet:-1","max-image-preview":"max-image-preview:large","max-video-preview":"max-video-preview:-1"},"canonical":"https:\/\/medicina.udd.cl\/centro-epidemiologia-politicas-salud\/noticias\/2014\/07\/28\/investigadores-udd-en-congreso-chileno-de-salud-publica-y-epidemiologia\/","og_locale":"es_ES","og_type":"article","og_title":"Investigadores UDD en Congreso Chileno de Salud P\u00fablica y Epidemiolog\u00eda","og_description":"Docentes del Centro de Epidemiolog\u00eda y Pol\u00edticas de Salud asistieron al encuentro que se realiz\u00f3 entre el 23 y 25 de julio en Santiago, convocando a m\u00e1s de 400 participantes.","og_url":"https:\/\/medicina.udd.cl\/centro-epidemiologia-politicas-salud\/noticias\/2014\/07\/28\/investigadores-udd-en-congreso-chileno-de-salud-publica-y-epidemiologia\/","og_site_name":"Centro de Epidemiolog\u00eda y Pol\u00edticas de Salud","article_published_time":"2014-07-28T20:30:20+00:00","article_modified_time":"2014-07-31T14:57:24+00:00","og_image":[{"width":524,"height":361,"url":"https:\/\/medicina.udd.cl\/centro-epidemiologia-politicas-salud\/files\/2014\/07\/Macarena-Hirmas-M.-Isabel-Matute-Lucy-poffald-y-Mar\u00eda-In\u00e9s-G\u00f3mez-destacada.jpg","type":"image\/jpeg"}],"twitter_misc":{"Escrito por":"","Tiempo de lectura":"2 minutos"},"schema":{"@context":"https:\/\/schema.org","@graph":[{"@type":"Article","@id":"https:\/\/medicina.udd.cl\/centro-epidemiologia-politicas-salud\/noticias\/2014\/07\/28\/investigadores-udd-en-congreso-chileno-de-salud-publica-y-epidemiologia\/#article","isPartOf":{"@id":"https:\/\/medicina.udd.cl\/centro-epidemiologia-politicas-salud\/noticias\/2014\/07\/28\/investigadores-udd-en-congreso-chileno-de-salud-publica-y-epidemiologia\/"},"author":{"name":"","@id":""},"headline":"Investigadores UDD en Congreso Chileno de Salud P\u00fablica y Epidemiolog\u00eda","datePublished":"2014-07-28T20:30:20+00:00","dateModified":"2014-07-31T14:57:24+00:00","mainEntityOfPage":{"@id":"https:\/\/medicina.udd.cl\/centro-epidemiologia-politicas-salud\/noticias\/2014\/07\/28\/investigadores-udd-en-congreso-chileno-de-salud-publica-y-epidemiologia\/"},"wordCount":503,"commentCount":0,"image":{"@id":"https:\/\/medicina.udd.cl\/centro-epidemiologia-politicas-salud\/noticias\/2014\/07\/28\/investigadores-udd-en-congreso-chileno-de-salud-publica-y-epidemiologia\/#primaryimage"},"thumbnailUrl":"https:\/\/medicina.udd.cl\/centro-epidemiologia-politicas-salud\/files\/2014\/07\/Macarena-Hirmas-M.-Isabel-Matute-Lucy-poffald-y-Mar\u00eda-In\u00e9s-G\u00f3mez-destacada.jpg","articleSection":["Noticias"],"inLanguage":"es","potentialAction":[{"@type":"CommentAction","name":"Comment","target":["https:\/\/medicina.udd.cl\/centro-epidemiologia-politicas-salud\/noticias\/2014\/07\/28\/investigadores-udd-en-congreso-chileno-de-salud-publica-y-epidemiologia\/#respond"]}]},{"@type":"WebPage","@id":"https:\/\/medicina.udd.cl\/centro-epidemiologia-politicas-salud\/noticias\/2014\/07\/28\/investigadores-udd-en-congreso-chileno-de-salud-publica-y-epidemiologia\/","url":"https:\/\/medicina.udd.cl\/centro-epidemiologia-politicas-salud\/noticias\/2014\/07\/28\/investigadores-udd-en-congreso-chileno-de-salud-publica-y-epidemiologia\/","name":"Investigadores UDD en Congreso Chileno de Salud P\u00fablica y Epidemiolog\u00eda","isPartOf":{"@id":"https:\/\/medicina.udd.cl\/centro-epidemiologia-politicas-salud\/#website"},"primaryImageOfPage":{"@id":"https:\/\/medicina.udd.cl\/centro-epidemiologia-politicas-salud\/noticias\/2014\/07\/28\/investigadores-udd-en-congreso-chileno-de-salud-publica-y-epidemiologia\/#primaryimage"},"image":{"@id":"https:\/\/medicina.udd.cl\/centro-epidemiologia-politicas-salud\/noticias\/2014\/07\/28\/investigadores-udd-en-congreso-chileno-de-salud-publica-y-epidemiologia\/#primaryimage"},"thumbnailUrl":"https:\/\/medicina.udd.cl\/centro-epidemiologia-politicas-salud\/files\/2014\/07\/Macarena-Hirmas-M.-Isabel-Matute-Lucy-poffald-y-Mar\u00eda-In\u00e9s-G\u00f3mez-destacada.jpg","datePublished":"2014-07-28T20:30:20+00:00","dateModified":"2014-07-31T14:57:24+00:00","author":{"@id":""},"description":"Docentes del Centro de Epidemiolog\u00eda y Pol\u00edticas de Salud asistieron al encuentro que se realiz\u00f3 entre el 23 y 25 de julio en Santiago, convocando a m\u00e1s de 400 participantes.","breadcrumb":{"@id":"https:\/\/medicina.udd.cl\/centro-epidemiologia-politicas-salud\/noticias\/2014\/07\/28\/investigadores-udd-en-congreso-chileno-de-salud-publica-y-epidemiologia\/#breadcrumb"},"inLanguage":"es","potentialAction":[{"@type":"ReadAction","target":["https:\/\/medicina.udd.cl\/centro-epidemiologia-politicas-salud\/noticias\/2014\/07\/28\/investigadores-udd-en-congreso-chileno-de-salud-publica-y-epidemiologia\/"]}]},{"@type":"ImageObject","inLanguage":"es","@id":"https:\/\/medicina.udd.cl\/centro-epidemiologia-politicas-salud\/noticias\/2014\/07\/28\/investigadores-udd-en-congreso-chileno-de-salud-publica-y-epidemiologia\/#primaryimage","url":"https:\/\/medicina.udd.cl\/centro-epidemiologia-politicas-salud\/files\/2014\/07\/Macarena-Hirmas-M.-Isabel-Matute-Lucy-poffald-y-Mar\u00eda-In\u00e9s-G\u00f3mez-destacada.jpg","contentUrl":"https:\/\/medicina.udd.cl\/centro-epidemiologia-politicas-salud\/files\/2014\/07\/Macarena-Hirmas-M.-Isabel-Matute-Lucy-poffald-y-Mar\u00eda-In\u00e9s-G\u00f3mez-destacada.jpg","width":524,"height":361},{"@type":"BreadcrumbList","@id":"https:\/\/medicina.udd.cl\/centro-epidemiologia-politicas-salud\/noticias\/2014\/07\/28\/investigadores-udd-en-congreso-chileno-de-salud-publica-y-epidemiologia\/#breadcrumb","itemListElement":[{"@type":"ListItem","position":1,"name":"Inicio","item":"https:\/\/medicina.udd.cl\/centro-epidemiologia-politicas-salud\/"},{"@type":"ListItem","position":2,"name":"Investigadores UDD en Congreso Chileno de Salud P\u00fablica y Epidemiolog\u00eda"}]},{"@type":"WebSite","@id":"https:\/\/medicina.udd.cl\/centro-epidemiologia-politicas-salud\/#website","url":"https:\/\/medicina.udd.cl\/centro-epidemiologia-politicas-salud\/","name":"Centro de Epidemiolog\u00eda y Pol\u00edticas de Salud","description":"Otro blog m\u00e1s de Medicina","inLanguage":"es"},{"@type":"Person","@id":"","url":"https:\/\/medicina.udd.cl\/centro-epidemiologia-politicas-salud\/noticias\/author\/"}]}},"featured_image_url":"https:\/\/medicina.udd.cl\/centro-epidemiologia-politicas-salud\/files\/2014\/07\/Macarena-Hirmas-M.-Isabel-Matute-Lucy-poffald-y-Mar\u00eda-In\u00e9s-G\u00f3mez-destacada.jpg","_links":{"self":[{"href":"https:\/\/medicina.udd.cl\/centro-epidemiologia-politicas-salud\/wp-json\/wp\/v2\/posts\/1029","targetHints":{"allow":["GET"]}}],"collection":[{"href":"https:\/\/medicina.udd.cl\/centro-epidemiologia-politicas-salud\/wp-json\/wp\/v2\/posts"}],"about":[{"href":"https:\/\/medicina.udd.cl\/centro-epidemiologia-politicas-salud\/wp-json\/wp\/v2\/types\/post"}],"author":[{"embeddable":true,"href":"https:\/\/medicina.udd.cl\/centro-epidemiologia-politicas-salud\/wp-json\/wp\/v2\/users\/42"}],"replies":[{"embeddable":true,"href":"https:\/\/medicina.udd.cl\/centro-epidemiologia-politicas-salud\/wp-json\/wp\/v2\/comments?post=1029"}],"version-history":[{"count":7,"href":"https:\/\/medicina.udd.cl\/centro-epidemiologia-politicas-salud\/wp-json\/wp\/v2\/posts\/1029\/revisions"}],"predecessor-version":[{"id":1044,"href":"https:\/\/medicina.udd.cl\/centro-epidemiologia-politicas-salud\/wp-json\/wp\/v2\/posts\/1029\/revisions\/1044"}],"wp:featuredmedia":[{"embeddable":true,"href":"https:\/\/medicina.udd.cl\/centro-epidemiologia-politicas-salud\/wp-json\/wp\/v2\/media\/1034"}],"wp:attachment":[{"href":"https:\/\/medicina.udd.cl\/centro-epidemiologia-politicas-salud\/wp-json\/wp\/v2\/media?parent=1029"}],"wp:term":[{"taxonomy":"category","embeddable":true,"href":"https:\/\/medicina.udd.cl\/centro-epidemiologia-politicas-salud\/wp-json\/wp\/v2\/categories?post=1029"},{"taxonomy":"post_tag","embeddable":true,"href":"https:\/\/medicina.udd.cl\/centro-epidemiologia-politicas-salud\/wp-json\/wp\/v2\/tags?post=1029"}],"curies":[{"name":"wp","href":"https:\/\/api.w.org\/{rel}","templated":true}]}}