{"id":1075,"date":"2014-10-14T15:14:44","date_gmt":"2014-10-14T18:14:44","guid":{"rendered":"http:\/\/medicina.udd.cl\/centro-epidemiologia-politicas-salud\/?p=1075"},"modified":"2014-10-14T15:14:44","modified_gmt":"2014-10-14T18:14:44","slug":"investigadoras-udd-en-comision-tecnica-de-expertos-por-ebola","status":"publish","type":"post","link":"https:\/\/medicina.udd.cl\/centro-epidemiologia-politicas-salud\/noticias\/2014\/10\/14\/investigadoras-udd-en-comision-tecnica-de-expertos-por-ebola\/","title":{"rendered":"Investigadoras UDD en comisi\u00f3n t\u00e9cnica de expertos por \u00c9bola"},"content":{"rendered":"<figure id=\"attachment_1076\" aria-describedby=\"caption-attachment-1076\" style=\"width: 300px\" class=\"wp-caption alignright\"><a href=\"http:\/\/medicina.udd.cl\/centro-epidemiologia-politicas-salud\/files\/2014\/10\/Comisi\u00f3n-t\u00e9cnica-de-expertos-por-\u00c9bola.jpg\"><img loading=\"lazy\" decoding=\"async\" class=\"size-medium wp-image-1076 \" alt=\"Foto: Ministerio de Salud\" src=\"http:\/\/medicina.udd.cl\/centro-epidemiologia-politicas-salud\/files\/2014\/10\/Comisi\u00f3n-t\u00e9cnica-de-expertos-por-\u00c9bola-300x140.jpg\" width=\"300\" height=\"140\" \/><\/a><figcaption id=\"caption-attachment-1076\" class=\"wp-caption-text\">Foto: Ministerio de Salud<\/figcaption><\/figure>\n<p>Once expertos son los que conforman la comisi\u00f3n t\u00e9cnica que asesorar\u00e1 a las autoridades sanitarias chilenas en la correcta y oportuna toma de decisiones, en materias relacionadas al virus \u00c9bola.<\/p>\n<p><strong>Destacan entre ellos las investigadoras de la Facultad de Medicina Cl\u00ednica Alemana Universidad del Desarrollo, doctora Ximena Aguilera y Claudia Gonz\u00e1lez, del Centro de Epidemiolog\u00eda y Pol\u00edticas de Salud, y la doctora Francisca Valdivieso, investigadora principal del Programa Hantavirus.<\/strong><\/p>\n<p>Las funciones de este grupo ser\u00e1n elaborar y presentar a las autoridades planes de contingencia para la enfermedad, asesorar en la implementaci\u00f3n de estos planes y orientar en la revisi\u00f3n de protocolos existentes. A su vez, deber\u00e1n proponer medidas en las \u00e1reas de vigilancia, control, laboratorio, protecci\u00f3n personal, manejo cl\u00ednico, traslado de pacientes, gesti\u00f3n de la red asistencial y coordinaci\u00f3n intersectorial.<\/p>\n<p>La doctora Ximena Aguilera, coordinadora de la comisi\u00f3n, afirm\u00f3 que \u00abcomo asesores, nuestro objetivo es orientar a las autoridades, como fue con el ingreso de c\u00f3lera o la propagaci\u00f3n de la pandemia. Este es un ejercicio m\u00e1s y debemos planificar una buena respuesta\u00bb.<\/p>\n<p>La agrupaci\u00f3n inform\u00f3, adem\u00e1s, que podr\u00e1n invitar a sus sesiones y solicitar colaboraci\u00f3n de cualquier especialista o profesional del Minsal, de los Servicios de Salud y de representantes de instituciones p\u00fablicas o privadas.<\/p>\n<p>La doctora Aguilera y Claudia Gonz\u00e1lez han participado anteriormente en comit\u00e9s de la Organizaci\u00f3n Mundial de la Salud relacionados con el enfrentamiento y respuestas a brotes y emergencias sanitarias. En tanto, la doctora Valdivieso particip\u00f3 en septiembre en la reuni\u00f3n convocada por la OMS para realizar una Consulta sobre potenciales tratamientos y vacunas para enfrentar el brote de \u00c9bola.<\/p>\n<p>&nbsp;<\/p>\n","protected":false},"excerpt":{"rendered":"<p>Las doctoras Ximena Aguilera y Francisca Valdivieso, junto a Claudia Gonz\u00e1lez, son parte del grupo de especialistas que asesorar\u00e1 a las autoridades sanitarias en la toma de decisiones en materias relacionadas al virus.<\/p>\n","protected":false},"author":42,"featured_media":1076,"comment_status":"open","ping_status":"open","sticky":false,"template":"","format":"standard","meta":{"footnotes":""},"categories":[4],"tags":[],"class_list":["post-1075","post","type-post","status-publish","format-standard","has-post-thumbnail","hentry","category-noticias"],"yoast_head":"<!-- This site is optimized with the Yoast SEO plugin v26.9 - https:\/\/yoast.com\/product\/yoast-seo-wordpress\/ -->\n<title>Investigadoras UDD en comisi\u00f3n t\u00e9cnica de expertos por \u00c9bola<\/title>\n<meta name=\"description\" content=\"Las doctoras Ximena Aguilera y Francisca Valdivieso, junto a Claudia Gonz\u00e1lez, son parte del grupo de especialistas que asesorar\u00e1 a las autoridades sanitarias en la toma de decisiones en materias relacionadas al virus \u00c9bola.\" \/>\n<meta name=\"robots\" content=\"index, follow, max-snippet:-1, max-image-preview:large, max-video-preview:-1\" \/>\n<link rel=\"canonical\" href=\"https:\/\/medicina.udd.cl\/centro-epidemiologia-politicas-salud\/noticias\/2014\/10\/14\/investigadoras-udd-en-comision-tecnica-de-expertos-por-ebola\/\" \/>\n<meta property=\"og:locale\" content=\"es_ES\" \/>\n<meta property=\"og:type\" content=\"article\" \/>\n<meta property=\"og:title\" content=\"Investigadoras UDD en comisi\u00f3n t\u00e9cnica de expertos por \u00c9bola\" \/>\n<meta property=\"og:description\" content=\"Las doctoras Ximena Aguilera y Francisca Valdivieso, junto a Claudia Gonz\u00e1lez, son parte del grupo de especialistas que asesorar\u00e1 a las autoridades sanitarias en la toma de decisiones en materias relacionadas al virus \u00c9bola.\" \/>\n<meta property=\"og:url\" content=\"https:\/\/medicina.udd.cl\/centro-epidemiologia-politicas-salud\/noticias\/2014\/10\/14\/investigadoras-udd-en-comision-tecnica-de-expertos-por-ebola\/\" \/>\n<meta property=\"og:site_name\" content=\"Centro de Epidemiolog\u00eda y Pol\u00edticas de Salud\" \/>\n<meta property=\"article:published_time\" content=\"2014-10-14T18:14:44+00:00\" \/>\n<meta property=\"og:image\" content=\"https:\/\/medicina.udd.cl\/centro-epidemiologia-politicas-salud\/files\/2014\/10\/Comisi\u00f3n-t\u00e9cnica-de-expertos-por-\u00c9bola.jpg\" \/>\n\t<meta property=\"og:image:width\" content=\"715\" \/>\n\t<meta property=\"og:image:height\" content=\"336\" \/>\n\t<meta property=\"og:image:type\" content=\"image\/jpeg\" \/>\n<meta name=\"twitter:label1\" content=\"Escrito por\" \/>\n\t<meta name=\"twitter:data1\" content=\"\" \/>\n\t<meta name=\"twitter:label2\" content=\"Tiempo de lectura\" \/>\n\t<meta name=\"twitter:data2\" content=\"2 minutos\" \/>\n<script type=\"application\/ld+json\" class=\"yoast-schema-graph\">{\"@context\":\"https:\/\/schema.org\",\"@graph\":[{\"@type\":\"Article\",\"@id\":\"https:\/\/medicina.udd.cl\/centro-epidemiologia-politicas-salud\/noticias\/2014\/10\/14\/investigadoras-udd-en-comision-tecnica-de-expertos-por-ebola\/#article\",\"isPartOf\":{\"@id\":\"https:\/\/medicina.udd.cl\/centro-epidemiologia-politicas-salud\/noticias\/2014\/10\/14\/investigadoras-udd-en-comision-tecnica-de-expertos-por-ebola\/\"},\"author\":{\"name\":\"\",\"@id\":\"\"},\"headline\":\"Investigadoras UDD en comisi\u00f3n t\u00e9cnica de expertos por \u00c9bola\",\"datePublished\":\"2014-10-14T18:14:44+00:00\",\"mainEntityOfPage\":{\"@id\":\"https:\/\/medicina.udd.cl\/centro-epidemiologia-politicas-salud\/noticias\/2014\/10\/14\/investigadoras-udd-en-comision-tecnica-de-expertos-por-ebola\/\"},\"wordCount\":315,\"commentCount\":0,\"image\":{\"@id\":\"https:\/\/medicina.udd.cl\/centro-epidemiologia-politicas-salud\/noticias\/2014\/10\/14\/investigadoras-udd-en-comision-tecnica-de-expertos-por-ebola\/#primaryimage\"},\"thumbnailUrl\":\"https:\/\/medicina.udd.cl\/centro-epidemiologia-politicas-salud\/files\/2014\/10\/Comisi\u00f3n-t\u00e9cnica-de-expertos-por-\u00c9bola.jpg\",\"articleSection\":[\"Noticias\"],\"inLanguage\":\"es\",\"potentialAction\":[{\"@type\":\"CommentAction\",\"name\":\"Comment\",\"target\":[\"https:\/\/medicina.udd.cl\/centro-epidemiologia-politicas-salud\/noticias\/2014\/10\/14\/investigadoras-udd-en-comision-tecnica-de-expertos-por-ebola\/#respond\"]}]},{\"@type\":\"WebPage\",\"@id\":\"https:\/\/medicina.udd.cl\/centro-epidemiologia-politicas-salud\/noticias\/2014\/10\/14\/investigadoras-udd-en-comision-tecnica-de-expertos-por-ebola\/\",\"url\":\"https:\/\/medicina.udd.cl\/centro-epidemiologia-politicas-salud\/noticias\/2014\/10\/14\/investigadoras-udd-en-comision-tecnica-de-expertos-por-ebola\/\",\"name\":\"Investigadoras UDD en comisi\u00f3n t\u00e9cnica de expertos por \u00c9bola\",\"isPartOf\":{\"@id\":\"https:\/\/medicina.udd.cl\/centro-epidemiologia-politicas-salud\/#website\"},\"primaryImageOfPage\":{\"@id\":\"https:\/\/medicina.udd.cl\/centro-epidemiologia-politicas-salud\/noticias\/2014\/10\/14\/investigadoras-udd-en-comision-tecnica-de-expertos-por-ebola\/#primaryimage\"},\"image\":{\"@id\":\"https:\/\/medicina.udd.cl\/centro-epidemiologia-politicas-salud\/noticias\/2014\/10\/14\/investigadoras-udd-en-comision-tecnica-de-expertos-por-ebola\/#primaryimage\"},\"thumbnailUrl\":\"https:\/\/medicina.udd.cl\/centro-epidemiologia-politicas-salud\/files\/2014\/10\/Comisi\u00f3n-t\u00e9cnica-de-expertos-por-\u00c9bola.jpg\",\"datePublished\":\"2014-10-14T18:14:44+00:00\",\"author\":{\"@id\":\"\"},\"description\":\"Las doctoras Ximena Aguilera y Francisca Valdivieso, junto a Claudia Gonz\u00e1lez, son parte del grupo de especialistas que asesorar\u00e1 a las autoridades sanitarias en la toma de decisiones en materias relacionadas al virus \u00c9bola.\",\"breadcrumb\":{\"@id\":\"https:\/\/medicina.udd.cl\/centro-epidemiologia-politicas-salud\/noticias\/2014\/10\/14\/investigadoras-udd-en-comision-tecnica-de-expertos-por-ebola\/#breadcrumb\"},\"inLanguage\":\"es\",\"potentialAction\":[{\"@type\":\"ReadAction\",\"target\":[\"https:\/\/medicina.udd.cl\/centro-epidemiologia-politicas-salud\/noticias\/2014\/10\/14\/investigadoras-udd-en-comision-tecnica-de-expertos-por-ebola\/\"]}]},{\"@type\":\"ImageObject\",\"inLanguage\":\"es\",\"@id\":\"https:\/\/medicina.udd.cl\/centro-epidemiologia-politicas-salud\/noticias\/2014\/10\/14\/investigadoras-udd-en-comision-tecnica-de-expertos-por-ebola\/#primaryimage\",\"url\":\"https:\/\/medicina.udd.cl\/centro-epidemiologia-politicas-salud\/files\/2014\/10\/Comisi\u00f3n-t\u00e9cnica-de-expertos-por-\u00c9bola.jpg\",\"contentUrl\":\"https:\/\/medicina.udd.cl\/centro-epidemiologia-politicas-salud\/files\/2014\/10\/Comisi\u00f3n-t\u00e9cnica-de-expertos-por-\u00c9bola.jpg\",\"width\":715,\"height\":336,\"caption\":\"Foto: Ministerio de Salud\"},{\"@type\":\"BreadcrumbList\",\"@id\":\"https:\/\/medicina.udd.cl\/centro-epidemiologia-politicas-salud\/noticias\/2014\/10\/14\/investigadoras-udd-en-comision-tecnica-de-expertos-por-ebola\/#breadcrumb\",\"itemListElement\":[{\"@type\":\"ListItem\",\"position\":1,\"name\":\"Inicio\",\"item\":\"https:\/\/medicina.udd.cl\/centro-epidemiologia-politicas-salud\/\"},{\"@type\":\"ListItem\",\"position\":2,\"name\":\"Investigadoras UDD en comisi\u00f3n t\u00e9cnica de expertos por \u00c9bola\"}]},{\"@type\":\"WebSite\",\"@id\":\"https:\/\/medicina.udd.cl\/centro-epidemiologia-politicas-salud\/#website\",\"url\":\"https:\/\/medicina.udd.cl\/centro-epidemiologia-politicas-salud\/\",\"name\":\"Centro de Epidemiolog\u00eda y Pol\u00edticas de Salud\",\"description\":\"Otro blog m\u00e1s de Medicina\",\"inLanguage\":\"es\"},{\"@type\":\"Person\",\"@id\":\"\",\"url\":\"https:\/\/medicina.udd.cl\/centro-epidemiologia-politicas-salud\/noticias\/author\/\"}]}<\/script>\n<!-- \/ Yoast SEO plugin. -->","yoast_head_json":{"title":"Investigadoras UDD en comisi\u00f3n t\u00e9cnica de expertos por \u00c9bola","description":"Las doctoras Ximena Aguilera y Francisca Valdivieso, junto a Claudia Gonz\u00e1lez, son parte del grupo de especialistas que asesorar\u00e1 a las autoridades sanitarias en la toma de decisiones en materias relacionadas al virus \u00c9bola.","robots":{"index":"index","follow":"follow","max-snippet":"max-snippet:-1","max-image-preview":"max-image-preview:large","max-video-preview":"max-video-preview:-1"},"canonical":"https:\/\/medicina.udd.cl\/centro-epidemiologia-politicas-salud\/noticias\/2014\/10\/14\/investigadoras-udd-en-comision-tecnica-de-expertos-por-ebola\/","og_locale":"es_ES","og_type":"article","og_title":"Investigadoras UDD en comisi\u00f3n t\u00e9cnica de expertos por \u00c9bola","og_description":"Las doctoras Ximena Aguilera y Francisca Valdivieso, junto a Claudia Gonz\u00e1lez, son parte del grupo de especialistas que asesorar\u00e1 a las autoridades sanitarias en la toma de decisiones en materias relacionadas al virus \u00c9bola.","og_url":"https:\/\/medicina.udd.cl\/centro-epidemiologia-politicas-salud\/noticias\/2014\/10\/14\/investigadoras-udd-en-comision-tecnica-de-expertos-por-ebola\/","og_site_name":"Centro de Epidemiolog\u00eda y Pol\u00edticas de Salud","article_published_time":"2014-10-14T18:14:44+00:00","og_image":[{"width":715,"height":336,"url":"https:\/\/medicina.udd.cl\/centro-epidemiologia-politicas-salud\/files\/2014\/10\/Comisi\u00f3n-t\u00e9cnica-de-expertos-por-\u00c9bola.jpg","type":"image\/jpeg"}],"twitter_misc":{"Escrito por":"","Tiempo de lectura":"2 minutos"},"schema":{"@context":"https:\/\/schema.org","@graph":[{"@type":"Article","@id":"https:\/\/medicina.udd.cl\/centro-epidemiologia-politicas-salud\/noticias\/2014\/10\/14\/investigadoras-udd-en-comision-tecnica-de-expertos-por-ebola\/#article","isPartOf":{"@id":"https:\/\/medicina.udd.cl\/centro-epidemiologia-politicas-salud\/noticias\/2014\/10\/14\/investigadoras-udd-en-comision-tecnica-de-expertos-por-ebola\/"},"author":{"name":"","@id":""},"headline":"Investigadoras UDD en comisi\u00f3n t\u00e9cnica de expertos por \u00c9bola","datePublished":"2014-10-14T18:14:44+00:00","mainEntityOfPage":{"@id":"https:\/\/medicina.udd.cl\/centro-epidemiologia-politicas-salud\/noticias\/2014\/10\/14\/investigadoras-udd-en-comision-tecnica-de-expertos-por-ebola\/"},"wordCount":315,"commentCount":0,"image":{"@id":"https:\/\/medicina.udd.cl\/centro-epidemiologia-politicas-salud\/noticias\/2014\/10\/14\/investigadoras-udd-en-comision-tecnica-de-expertos-por-ebola\/#primaryimage"},"thumbnailUrl":"https:\/\/medicina.udd.cl\/centro-epidemiologia-politicas-salud\/files\/2014\/10\/Comisi\u00f3n-t\u00e9cnica-de-expertos-por-\u00c9bola.jpg","articleSection":["Noticias"],"inLanguage":"es","potentialAction":[{"@type":"CommentAction","name":"Comment","target":["https:\/\/medicina.udd.cl\/centro-epidemiologia-politicas-salud\/noticias\/2014\/10\/14\/investigadoras-udd-en-comision-tecnica-de-expertos-por-ebola\/#respond"]}]},{"@type":"WebPage","@id":"https:\/\/medicina.udd.cl\/centro-epidemiologia-politicas-salud\/noticias\/2014\/10\/14\/investigadoras-udd-en-comision-tecnica-de-expertos-por-ebola\/","url":"https:\/\/medicina.udd.cl\/centro-epidemiologia-politicas-salud\/noticias\/2014\/10\/14\/investigadoras-udd-en-comision-tecnica-de-expertos-por-ebola\/","name":"Investigadoras UDD en comisi\u00f3n t\u00e9cnica de expertos por \u00c9bola","isPartOf":{"@id":"https:\/\/medicina.udd.cl\/centro-epidemiologia-politicas-salud\/#website"},"primaryImageOfPage":{"@id":"https:\/\/medicina.udd.cl\/centro-epidemiologia-politicas-salud\/noticias\/2014\/10\/14\/investigadoras-udd-en-comision-tecnica-de-expertos-por-ebola\/#primaryimage"},"image":{"@id":"https:\/\/medicina.udd.cl\/centro-epidemiologia-politicas-salud\/noticias\/2014\/10\/14\/investigadoras-udd-en-comision-tecnica-de-expertos-por-ebola\/#primaryimage"},"thumbnailUrl":"https:\/\/medicina.udd.cl\/centro-epidemiologia-politicas-salud\/files\/2014\/10\/Comisi\u00f3n-t\u00e9cnica-de-expertos-por-\u00c9bola.jpg","datePublished":"2014-10-14T18:14:44+00:00","author":{"@id":""},"description":"Las doctoras Ximena Aguilera y Francisca Valdivieso, junto a Claudia Gonz\u00e1lez, son parte del grupo de especialistas que asesorar\u00e1 a las autoridades sanitarias en la toma de decisiones en materias relacionadas al virus \u00c9bola.","breadcrumb":{"@id":"https:\/\/medicina.udd.cl\/centro-epidemiologia-politicas-salud\/noticias\/2014\/10\/14\/investigadoras-udd-en-comision-tecnica-de-expertos-por-ebola\/#breadcrumb"},"inLanguage":"es","potentialAction":[{"@type":"ReadAction","target":["https:\/\/medicina.udd.cl\/centro-epidemiologia-politicas-salud\/noticias\/2014\/10\/14\/investigadoras-udd-en-comision-tecnica-de-expertos-por-ebola\/"]}]},{"@type":"ImageObject","inLanguage":"es","@id":"https:\/\/medicina.udd.cl\/centro-epidemiologia-politicas-salud\/noticias\/2014\/10\/14\/investigadoras-udd-en-comision-tecnica-de-expertos-por-ebola\/#primaryimage","url":"https:\/\/medicina.udd.cl\/centro-epidemiologia-politicas-salud\/files\/2014\/10\/Comisi\u00f3n-t\u00e9cnica-de-expertos-por-\u00c9bola.jpg","contentUrl":"https:\/\/medicina.udd.cl\/centro-epidemiologia-politicas-salud\/files\/2014\/10\/Comisi\u00f3n-t\u00e9cnica-de-expertos-por-\u00c9bola.jpg","width":715,"height":336,"caption":"Foto: Ministerio de Salud"},{"@type":"BreadcrumbList","@id":"https:\/\/medicina.udd.cl\/centro-epidemiologia-politicas-salud\/noticias\/2014\/10\/14\/investigadoras-udd-en-comision-tecnica-de-expertos-por-ebola\/#breadcrumb","itemListElement":[{"@type":"ListItem","position":1,"name":"Inicio","item":"https:\/\/medicina.udd.cl\/centro-epidemiologia-politicas-salud\/"},{"@type":"ListItem","position":2,"name":"Investigadoras UDD en comisi\u00f3n t\u00e9cnica de expertos por \u00c9bola"}]},{"@type":"WebSite","@id":"https:\/\/medicina.udd.cl\/centro-epidemiologia-politicas-salud\/#website","url":"https:\/\/medicina.udd.cl\/centro-epidemiologia-politicas-salud\/","name":"Centro de Epidemiolog\u00eda y Pol\u00edticas de Salud","description":"Otro blog m\u00e1s de Medicina","inLanguage":"es"},{"@type":"Person","@id":"","url":"https:\/\/medicina.udd.cl\/centro-epidemiologia-politicas-salud\/noticias\/author\/"}]}},"featured_image_url":"https:\/\/medicina.udd.cl\/centro-epidemiologia-politicas-salud\/files\/2014\/10\/Comisi\u00f3n-t\u00e9cnica-de-expertos-por-\u00c9bola.jpg","_links":{"self":[{"href":"https:\/\/medicina.udd.cl\/centro-epidemiologia-politicas-salud\/wp-json\/wp\/v2\/posts\/1075","targetHints":{"allow":["GET"]}}],"collection":[{"href":"https:\/\/medicina.udd.cl\/centro-epidemiologia-politicas-salud\/wp-json\/wp\/v2\/posts"}],"about":[{"href":"https:\/\/medicina.udd.cl\/centro-epidemiologia-politicas-salud\/wp-json\/wp\/v2\/types\/post"}],"author":[{"embeddable":true,"href":"https:\/\/medicina.udd.cl\/centro-epidemiologia-politicas-salud\/wp-json\/wp\/v2\/users\/42"}],"replies":[{"embeddable":true,"href":"https:\/\/medicina.udd.cl\/centro-epidemiologia-politicas-salud\/wp-json\/wp\/v2\/comments?post=1075"}],"version-history":[{"count":1,"href":"https:\/\/medicina.udd.cl\/centro-epidemiologia-politicas-salud\/wp-json\/wp\/v2\/posts\/1075\/revisions"}],"predecessor-version":[{"id":1077,"href":"https:\/\/medicina.udd.cl\/centro-epidemiologia-politicas-salud\/wp-json\/wp\/v2\/posts\/1075\/revisions\/1077"}],"wp:featuredmedia":[{"embeddable":true,"href":"https:\/\/medicina.udd.cl\/centro-epidemiologia-politicas-salud\/wp-json\/wp\/v2\/media\/1076"}],"wp:attachment":[{"href":"https:\/\/medicina.udd.cl\/centro-epidemiologia-politicas-salud\/wp-json\/wp\/v2\/media?parent=1075"}],"wp:term":[{"taxonomy":"category","embeddable":true,"href":"https:\/\/medicina.udd.cl\/centro-epidemiologia-politicas-salud\/wp-json\/wp\/v2\/categories?post=1075"},{"taxonomy":"post_tag","embeddable":true,"href":"https:\/\/medicina.udd.cl\/centro-epidemiologia-politicas-salud\/wp-json\/wp\/v2\/tags?post=1075"}],"curies":[{"name":"wp","href":"https:\/\/api.w.org\/{rel}","templated":true}]}}