{"id":1078,"date":"2014-10-14T15:42:35","date_gmt":"2014-10-14T18:42:35","guid":{"rendered":"http:\/\/medicina.udd.cl\/centro-epidemiologia-politicas-salud\/?p=1078"},"modified":"2014-10-14T16:04:37","modified_gmt":"2014-10-14T19:04:37","slug":"udd-premio-a-profesores-destacados-2013","status":"publish","type":"post","link":"https:\/\/medicina.udd.cl\/centro-epidemiologia-politicas-salud\/noticias\/2014\/10\/14\/udd-premio-a-profesores-destacados-2013\/","title":{"rendered":"UDD premi\u00f3 a profesores destacados 2013"},"content":{"rendered":"<p><a href=\"http:\/\/medicina.udd.cl\/centro-epidemiologia-politicas-salud\/files\/2014\/10\/Macarena-Hirmas.jpg\"><img loading=\"lazy\" decoding=\"async\" class=\" wp-image-1081 alignright\" alt=\"Macarena Hirmas\" src=\"http:\/\/medicina.udd.cl\/centro-epidemiologia-politicas-salud\/files\/2014\/10\/Macarena-Hirmas-300x211.jpg\" width=\"270\" height=\"190\" \/><\/a>El rector de la Universidad del Desarrollo,\u00a0Federico Vald\u00e9s, encabez\u00f3 la ceremonia de premiaci\u00f3n, en la que se distinguieron a 28 profesores de la sede Santiago, por su comprometida labor en la formaci\u00f3n de los alumnos y por transmitir el sello que la UDD busca imprimir en sus estudiantes, bajo los conceptos de excelencia. \u201cPorque a nuestros alumnos no les entregamos solamente conocimientos, sino que los queremos emprendedores, innovadores, con responsabilidad p\u00fablica y \u00e9ticos en su actuar\u201d, expres\u00f3 Vald\u00e9s.<\/p>\n<p>\u201cParte de\u00a0nuestra cultura es el amor por el trabajo bien hecho\u00a0y ustedes, los profesores a los que vamos a premiar esta noche, son la piedra angular en la que se basa el \u00e9xito de nuestra universidad. Porque ustedes con su talento, su dedicaci\u00f3n y, sobre todo, con su ejemplo nos ayudan a cumplir con la tremenda responsabilidad de formar a los j\u00f3venes\u201d, agreg\u00f3 el rector.<\/p>\n<p><strong>Entre los docentes reconocidos, se encuentra Macarena Hirmas, investigadora del Centro de Epidemiolog\u00eda y Pol\u00edticas de Salud y docente de Plan Com\u00fan en Ciencias de la Salud.<\/strong><\/p>\n<p>En el acto de premiaci\u00f3n, que se realiz\u00f3 en el Edificio de Posgrado de la Universidad, estuvieron presente \u00a0autoridades acad\u00e9micas, profesores y administrativos, y se present\u00f3 un recorrido hist\u00f3rico con los principales hitos de la UDD,\u00a0en el marco del aniversario n\u00famero 25 que la Casa de Estudios est\u00e1 festejando este a\u00f1o.<\/p>\n","protected":false},"excerpt":{"rendered":"<p>En la ceremonia, 28 docentes de la sede Santiago fueron distinguidos por su comprometida labor en la formaci\u00f3n de los alumnos. Entre ellos, se encuentra Macarena Hirmas del CEPS.<\/p>\n","protected":false},"author":42,"featured_media":1081,"comment_status":"open","ping_status":"open","sticky":false,"template":"","format":"standard","meta":{"footnotes":""},"categories":[4],"tags":[],"class_list":["post-1078","post","type-post","status-publish","format-standard","has-post-thumbnail","hentry","category-noticias"],"yoast_head":"<!-- This site is optimized with the Yoast SEO plugin v26.9 - https:\/\/yoast.com\/product\/yoast-seo-wordpress\/ -->\n<title>UDD premi\u00f3 a profesores destacados 2013<\/title>\n<meta name=\"description\" content=\"En la ceremonia, 28 docentes de la sede Santiago fueron distinguidos por su comprometida labor en la formaci\u00f3n de los alumnos. Entre ellos, se encuentra Macarena Hirmas del CEPS UDD.\" \/>\n<meta name=\"robots\" content=\"index, follow, max-snippet:-1, max-image-preview:large, max-video-preview:-1\" \/>\n<link rel=\"canonical\" href=\"https:\/\/medicina.udd.cl\/centro-epidemiologia-politicas-salud\/noticias\/2014\/10\/14\/udd-premio-a-profesores-destacados-2013\/\" \/>\n<meta property=\"og:locale\" content=\"es_ES\" \/>\n<meta property=\"og:type\" content=\"article\" \/>\n<meta property=\"og:title\" content=\"UDD premi\u00f3 a profesores destacados 2013\" \/>\n<meta property=\"og:description\" content=\"En la ceremonia, 28 docentes de la sede Santiago fueron distinguidos por su comprometida labor en la formaci\u00f3n de los alumnos. Entre ellos, se encuentra Macarena Hirmas del CEPS UDD.\" \/>\n<meta property=\"og:url\" content=\"https:\/\/medicina.udd.cl\/centro-epidemiologia-politicas-salud\/noticias\/2014\/10\/14\/udd-premio-a-profesores-destacados-2013\/\" \/>\n<meta property=\"og:site_name\" content=\"Centro de Epidemiolog\u00eda y Pol\u00edticas de Salud\" \/>\n<meta property=\"article:published_time\" content=\"2014-10-14T18:42:35+00:00\" \/>\n<meta property=\"article:modified_time\" content=\"2014-10-14T19:04:37+00:00\" \/>\n<meta property=\"og:image\" content=\"https:\/\/medicina.udd.cl\/centro-epidemiologia-politicas-salud\/files\/2014\/10\/Macarena-Hirmas.jpg\" \/>\n\t<meta property=\"og:image:width\" content=\"4206\" \/>\n\t<meta property=\"og:image:height\" content=\"2970\" \/>\n\t<meta property=\"og:image:type\" content=\"image\/jpeg\" \/>\n<meta name=\"twitter:label1\" content=\"Escrito por\" \/>\n\t<meta name=\"twitter:data1\" content=\"\" \/>\n\t<meta name=\"twitter:label2\" content=\"Tiempo de lectura\" \/>\n\t<meta name=\"twitter:data2\" content=\"1 minuto\" \/>\n<script type=\"application\/ld+json\" class=\"yoast-schema-graph\">{\"@context\":\"https:\/\/schema.org\",\"@graph\":[{\"@type\":\"Article\",\"@id\":\"https:\/\/medicina.udd.cl\/centro-epidemiologia-politicas-salud\/noticias\/2014\/10\/14\/udd-premio-a-profesores-destacados-2013\/#article\",\"isPartOf\":{\"@id\":\"https:\/\/medicina.udd.cl\/centro-epidemiologia-politicas-salud\/noticias\/2014\/10\/14\/udd-premio-a-profesores-destacados-2013\/\"},\"author\":{\"name\":\"\",\"@id\":\"\"},\"headline\":\"UDD premi\u00f3 a profesores destacados 2013\",\"datePublished\":\"2014-10-14T18:42:35+00:00\",\"dateModified\":\"2014-10-14T19:04:37+00:00\",\"mainEntityOfPage\":{\"@id\":\"https:\/\/medicina.udd.cl\/centro-epidemiologia-politicas-salud\/noticias\/2014\/10\/14\/udd-premio-a-profesores-destacados-2013\/\"},\"wordCount\":243,\"commentCount\":0,\"image\":{\"@id\":\"https:\/\/medicina.udd.cl\/centro-epidemiologia-politicas-salud\/noticias\/2014\/10\/14\/udd-premio-a-profesores-destacados-2013\/#primaryimage\"},\"thumbnailUrl\":\"https:\/\/medicina.udd.cl\/centro-epidemiologia-politicas-salud\/files\/2014\/10\/Macarena-Hirmas.jpg\",\"articleSection\":[\"Noticias\"],\"inLanguage\":\"es\",\"potentialAction\":[{\"@type\":\"CommentAction\",\"name\":\"Comment\",\"target\":[\"https:\/\/medicina.udd.cl\/centro-epidemiologia-politicas-salud\/noticias\/2014\/10\/14\/udd-premio-a-profesores-destacados-2013\/#respond\"]}]},{\"@type\":\"WebPage\",\"@id\":\"https:\/\/medicina.udd.cl\/centro-epidemiologia-politicas-salud\/noticias\/2014\/10\/14\/udd-premio-a-profesores-destacados-2013\/\",\"url\":\"https:\/\/medicina.udd.cl\/centro-epidemiologia-politicas-salud\/noticias\/2014\/10\/14\/udd-premio-a-profesores-destacados-2013\/\",\"name\":\"UDD premi\u00f3 a profesores destacados 2013\",\"isPartOf\":{\"@id\":\"https:\/\/medicina.udd.cl\/centro-epidemiologia-politicas-salud\/#website\"},\"primaryImageOfPage\":{\"@id\":\"https:\/\/medicina.udd.cl\/centro-epidemiologia-politicas-salud\/noticias\/2014\/10\/14\/udd-premio-a-profesores-destacados-2013\/#primaryimage\"},\"image\":{\"@id\":\"https:\/\/medicina.udd.cl\/centro-epidemiologia-politicas-salud\/noticias\/2014\/10\/14\/udd-premio-a-profesores-destacados-2013\/#primaryimage\"},\"thumbnailUrl\":\"https:\/\/medicina.udd.cl\/centro-epidemiologia-politicas-salud\/files\/2014\/10\/Macarena-Hirmas.jpg\",\"datePublished\":\"2014-10-14T18:42:35+00:00\",\"dateModified\":\"2014-10-14T19:04:37+00:00\",\"author\":{\"@id\":\"\"},\"description\":\"En la ceremonia, 28 docentes de la sede Santiago fueron distinguidos por su comprometida labor en la formaci\u00f3n de los alumnos. Entre ellos, se encuentra Macarena Hirmas del CEPS UDD.\",\"breadcrumb\":{\"@id\":\"https:\/\/medicina.udd.cl\/centro-epidemiologia-politicas-salud\/noticias\/2014\/10\/14\/udd-premio-a-profesores-destacados-2013\/#breadcrumb\"},\"inLanguage\":\"es\",\"potentialAction\":[{\"@type\":\"ReadAction\",\"target\":[\"https:\/\/medicina.udd.cl\/centro-epidemiologia-politicas-salud\/noticias\/2014\/10\/14\/udd-premio-a-profesores-destacados-2013\/\"]}]},{\"@type\":\"ImageObject\",\"inLanguage\":\"es\",\"@id\":\"https:\/\/medicina.udd.cl\/centro-epidemiologia-politicas-salud\/noticias\/2014\/10\/14\/udd-premio-a-profesores-destacados-2013\/#primaryimage\",\"url\":\"https:\/\/medicina.udd.cl\/centro-epidemiologia-politicas-salud\/files\/2014\/10\/Macarena-Hirmas.jpg\",\"contentUrl\":\"https:\/\/medicina.udd.cl\/centro-epidemiologia-politicas-salud\/files\/2014\/10\/Macarena-Hirmas.jpg\",\"width\":4206,\"height\":2970},{\"@type\":\"BreadcrumbList\",\"@id\":\"https:\/\/medicina.udd.cl\/centro-epidemiologia-politicas-salud\/noticias\/2014\/10\/14\/udd-premio-a-profesores-destacados-2013\/#breadcrumb\",\"itemListElement\":[{\"@type\":\"ListItem\",\"position\":1,\"name\":\"Inicio\",\"item\":\"https:\/\/medicina.udd.cl\/centro-epidemiologia-politicas-salud\/\"},{\"@type\":\"ListItem\",\"position\":2,\"name\":\"UDD premi\u00f3 a profesores destacados 2013\"}]},{\"@type\":\"WebSite\",\"@id\":\"https:\/\/medicina.udd.cl\/centro-epidemiologia-politicas-salud\/#website\",\"url\":\"https:\/\/medicina.udd.cl\/centro-epidemiologia-politicas-salud\/\",\"name\":\"Centro de Epidemiolog\u00eda y Pol\u00edticas de Salud\",\"description\":\"Otro blog m\u00e1s de Medicina\",\"inLanguage\":\"es\"},{\"@type\":\"Person\",\"@id\":\"\",\"url\":\"https:\/\/medicina.udd.cl\/centro-epidemiologia-politicas-salud\/noticias\/author\/\"}]}<\/script>\n<!-- \/ Yoast SEO plugin. -->","yoast_head_json":{"title":"UDD premi\u00f3 a profesores destacados 2013","description":"En la ceremonia, 28 docentes de la sede Santiago fueron distinguidos por su comprometida labor en la formaci\u00f3n de los alumnos. Entre ellos, se encuentra Macarena Hirmas del CEPS UDD.","robots":{"index":"index","follow":"follow","max-snippet":"max-snippet:-1","max-image-preview":"max-image-preview:large","max-video-preview":"max-video-preview:-1"},"canonical":"https:\/\/medicina.udd.cl\/centro-epidemiologia-politicas-salud\/noticias\/2014\/10\/14\/udd-premio-a-profesores-destacados-2013\/","og_locale":"es_ES","og_type":"article","og_title":"UDD premi\u00f3 a profesores destacados 2013","og_description":"En la ceremonia, 28 docentes de la sede Santiago fueron distinguidos por su comprometida labor en la formaci\u00f3n de los alumnos. Entre ellos, se encuentra Macarena Hirmas del CEPS UDD.","og_url":"https:\/\/medicina.udd.cl\/centro-epidemiologia-politicas-salud\/noticias\/2014\/10\/14\/udd-premio-a-profesores-destacados-2013\/","og_site_name":"Centro de Epidemiolog\u00eda y Pol\u00edticas de Salud","article_published_time":"2014-10-14T18:42:35+00:00","article_modified_time":"2014-10-14T19:04:37+00:00","og_image":[{"width":4206,"height":2970,"url":"https:\/\/medicina.udd.cl\/centro-epidemiologia-politicas-salud\/files\/2014\/10\/Macarena-Hirmas.jpg","type":"image\/jpeg"}],"twitter_misc":{"Escrito por":"","Tiempo de lectura":"1 minuto"},"schema":{"@context":"https:\/\/schema.org","@graph":[{"@type":"Article","@id":"https:\/\/medicina.udd.cl\/centro-epidemiologia-politicas-salud\/noticias\/2014\/10\/14\/udd-premio-a-profesores-destacados-2013\/#article","isPartOf":{"@id":"https:\/\/medicina.udd.cl\/centro-epidemiologia-politicas-salud\/noticias\/2014\/10\/14\/udd-premio-a-profesores-destacados-2013\/"},"author":{"name":"","@id":""},"headline":"UDD premi\u00f3 a profesores destacados 2013","datePublished":"2014-10-14T18:42:35+00:00","dateModified":"2014-10-14T19:04:37+00:00","mainEntityOfPage":{"@id":"https:\/\/medicina.udd.cl\/centro-epidemiologia-politicas-salud\/noticias\/2014\/10\/14\/udd-premio-a-profesores-destacados-2013\/"},"wordCount":243,"commentCount":0,"image":{"@id":"https:\/\/medicina.udd.cl\/centro-epidemiologia-politicas-salud\/noticias\/2014\/10\/14\/udd-premio-a-profesores-destacados-2013\/#primaryimage"},"thumbnailUrl":"https:\/\/medicina.udd.cl\/centro-epidemiologia-politicas-salud\/files\/2014\/10\/Macarena-Hirmas.jpg","articleSection":["Noticias"],"inLanguage":"es","potentialAction":[{"@type":"CommentAction","name":"Comment","target":["https:\/\/medicina.udd.cl\/centro-epidemiologia-politicas-salud\/noticias\/2014\/10\/14\/udd-premio-a-profesores-destacados-2013\/#respond"]}]},{"@type":"WebPage","@id":"https:\/\/medicina.udd.cl\/centro-epidemiologia-politicas-salud\/noticias\/2014\/10\/14\/udd-premio-a-profesores-destacados-2013\/","url":"https:\/\/medicina.udd.cl\/centro-epidemiologia-politicas-salud\/noticias\/2014\/10\/14\/udd-premio-a-profesores-destacados-2013\/","name":"UDD premi\u00f3 a profesores destacados 2013","isPartOf":{"@id":"https:\/\/medicina.udd.cl\/centro-epidemiologia-politicas-salud\/#website"},"primaryImageOfPage":{"@id":"https:\/\/medicina.udd.cl\/centro-epidemiologia-politicas-salud\/noticias\/2014\/10\/14\/udd-premio-a-profesores-destacados-2013\/#primaryimage"},"image":{"@id":"https:\/\/medicina.udd.cl\/centro-epidemiologia-politicas-salud\/noticias\/2014\/10\/14\/udd-premio-a-profesores-destacados-2013\/#primaryimage"},"thumbnailUrl":"https:\/\/medicina.udd.cl\/centro-epidemiologia-politicas-salud\/files\/2014\/10\/Macarena-Hirmas.jpg","datePublished":"2014-10-14T18:42:35+00:00","dateModified":"2014-10-14T19:04:37+00:00","author":{"@id":""},"description":"En la ceremonia, 28 docentes de la sede Santiago fueron distinguidos por su comprometida labor en la formaci\u00f3n de los alumnos. Entre ellos, se encuentra Macarena Hirmas del CEPS UDD.","breadcrumb":{"@id":"https:\/\/medicina.udd.cl\/centro-epidemiologia-politicas-salud\/noticias\/2014\/10\/14\/udd-premio-a-profesores-destacados-2013\/#breadcrumb"},"inLanguage":"es","potentialAction":[{"@type":"ReadAction","target":["https:\/\/medicina.udd.cl\/centro-epidemiologia-politicas-salud\/noticias\/2014\/10\/14\/udd-premio-a-profesores-destacados-2013\/"]}]},{"@type":"ImageObject","inLanguage":"es","@id":"https:\/\/medicina.udd.cl\/centro-epidemiologia-politicas-salud\/noticias\/2014\/10\/14\/udd-premio-a-profesores-destacados-2013\/#primaryimage","url":"https:\/\/medicina.udd.cl\/centro-epidemiologia-politicas-salud\/files\/2014\/10\/Macarena-Hirmas.jpg","contentUrl":"https:\/\/medicina.udd.cl\/centro-epidemiologia-politicas-salud\/files\/2014\/10\/Macarena-Hirmas.jpg","width":4206,"height":2970},{"@type":"BreadcrumbList","@id":"https:\/\/medicina.udd.cl\/centro-epidemiologia-politicas-salud\/noticias\/2014\/10\/14\/udd-premio-a-profesores-destacados-2013\/#breadcrumb","itemListElement":[{"@type":"ListItem","position":1,"name":"Inicio","item":"https:\/\/medicina.udd.cl\/centro-epidemiologia-politicas-salud\/"},{"@type":"ListItem","position":2,"name":"UDD premi\u00f3 a profesores destacados 2013"}]},{"@type":"WebSite","@id":"https:\/\/medicina.udd.cl\/centro-epidemiologia-politicas-salud\/#website","url":"https:\/\/medicina.udd.cl\/centro-epidemiologia-politicas-salud\/","name":"Centro de Epidemiolog\u00eda y Pol\u00edticas de Salud","description":"Otro blog m\u00e1s de Medicina","inLanguage":"es"},{"@type":"Person","@id":"","url":"https:\/\/medicina.udd.cl\/centro-epidemiologia-politicas-salud\/noticias\/author\/"}]}},"featured_image_url":"https:\/\/medicina.udd.cl\/centro-epidemiologia-politicas-salud\/files\/2014\/10\/Macarena-Hirmas.jpg","_links":{"self":[{"href":"https:\/\/medicina.udd.cl\/centro-epidemiologia-politicas-salud\/wp-json\/wp\/v2\/posts\/1078","targetHints":{"allow":["GET"]}}],"collection":[{"href":"https:\/\/medicina.udd.cl\/centro-epidemiologia-politicas-salud\/wp-json\/wp\/v2\/posts"}],"about":[{"href":"https:\/\/medicina.udd.cl\/centro-epidemiologia-politicas-salud\/wp-json\/wp\/v2\/types\/post"}],"author":[{"embeddable":true,"href":"https:\/\/medicina.udd.cl\/centro-epidemiologia-politicas-salud\/wp-json\/wp\/v2\/users\/42"}],"replies":[{"embeddable":true,"href":"https:\/\/medicina.udd.cl\/centro-epidemiologia-politicas-salud\/wp-json\/wp\/v2\/comments?post=1078"}],"version-history":[{"count":4,"href":"https:\/\/medicina.udd.cl\/centro-epidemiologia-politicas-salud\/wp-json\/wp\/v2\/posts\/1078\/revisions"}],"predecessor-version":[{"id":1080,"href":"https:\/\/medicina.udd.cl\/centro-epidemiologia-politicas-salud\/wp-json\/wp\/v2\/posts\/1078\/revisions\/1080"}],"wp:featuredmedia":[{"embeddable":true,"href":"https:\/\/medicina.udd.cl\/centro-epidemiologia-politicas-salud\/wp-json\/wp\/v2\/media\/1081"}],"wp:attachment":[{"href":"https:\/\/medicina.udd.cl\/centro-epidemiologia-politicas-salud\/wp-json\/wp\/v2\/media?parent=1078"}],"wp:term":[{"taxonomy":"category","embeddable":true,"href":"https:\/\/medicina.udd.cl\/centro-epidemiologia-politicas-salud\/wp-json\/wp\/v2\/categories?post=1078"},{"taxonomy":"post_tag","embeddable":true,"href":"https:\/\/medicina.udd.cl\/centro-epidemiologia-politicas-salud\/wp-json\/wp\/v2\/tags?post=1078"}],"curies":[{"name":"wp","href":"https:\/\/api.w.org\/{rel}","templated":true}]}}