{"id":1835,"date":"2020-02-26T13:13:33","date_gmt":"2020-02-26T16:13:33","guid":{"rendered":"http:\/\/medicina.udd.cl\/centro-epidemiologia-politicas-salud\/?p=1835"},"modified":"2020-02-26T13:13:34","modified_gmt":"2020-02-26T16:13:34","slug":"especialista-en-epidemiologia-udd-participa-en-foro-con-autoridades-de-salud-para-debatir-sobre-las-implicancias-del-coronavirus","status":"publish","type":"post","link":"https:\/\/medicina.udd.cl\/centro-epidemiologia-politicas-salud\/noticias\/2020\/02\/26\/especialista-en-epidemiologia-udd-participa-en-foro-con-autoridades-de-salud-para-debatir-sobre-las-implicancias-del-coronavirus\/","title":{"rendered":"Especialista en epidemiolog\u00eda UDD participa en foro con autoridades de salud para debatir sobre las implicancias del coronavirus"},"content":{"rendered":"\n<ul class=\"wp-block-gallery columns-3 is-cropped wp-block-gallery-1 is-layout-flex wp-block-gallery-is-layout-flex\"><li class=\"blocks-gallery-item\"><figure><img loading=\"lazy\" decoding=\"async\" width=\"1024\" height=\"683\" src=\"https:\/\/medicina.udd.cl\/centro-epidemiologia-politicas-salud\/files\/2020\/02\/IMG_3342-1024x683.jpg\" alt=\"\" data-id=\"1838\" data-link=\"http:\/\/medicina.udd.cl\/centro-epidemiologia-politicas-salud\/?attachment_id=1838\" class=\"wp-image-1838\" srcset=\"https:\/\/medicina.udd.cl\/centro-epidemiologia-politicas-salud\/files\/2020\/02\/IMG_3342-1024x683.jpg 1024w, https:\/\/medicina.udd.cl\/centro-epidemiologia-politicas-salud\/files\/2020\/02\/IMG_3342-300x200.jpg 300w, https:\/\/medicina.udd.cl\/centro-epidemiologia-politicas-salud\/files\/2020\/02\/IMG_3342-768x512.jpg 768w, https:\/\/medicina.udd.cl\/centro-epidemiologia-politicas-salud\/files\/2020\/02\/IMG_3342-960x640.jpg 960w\" sizes=\"auto, (max-width: 1024px) 100vw, 1024px\" \/><\/figure><\/li><li class=\"blocks-gallery-item\"><figure><img loading=\"lazy\" decoding=\"async\" width=\"1024\" height=\"683\" src=\"https:\/\/medicina.udd.cl\/centro-epidemiologia-politicas-salud\/files\/2020\/02\/IMG_3279-1024x683.jpg\" alt=\"\" data-id=\"1837\" data-link=\"http:\/\/medicina.udd.cl\/centro-epidemiologia-politicas-salud\/?attachment_id=1837\" class=\"wp-image-1837\" srcset=\"https:\/\/medicina.udd.cl\/centro-epidemiologia-politicas-salud\/files\/2020\/02\/IMG_3279-1024x683.jpg 1024w, https:\/\/medicina.udd.cl\/centro-epidemiologia-politicas-salud\/files\/2020\/02\/IMG_3279-300x200.jpg 300w, https:\/\/medicina.udd.cl\/centro-epidemiologia-politicas-salud\/files\/2020\/02\/IMG_3279-768x512.jpg 768w, https:\/\/medicina.udd.cl\/centro-epidemiologia-politicas-salud\/files\/2020\/02\/IMG_3279-960x640.jpg 960w\" sizes=\"auto, (max-width: 1024px) 100vw, 1024px\" \/><\/figure><\/li><li class=\"blocks-gallery-item\"><figure><img loading=\"lazy\" decoding=\"async\" width=\"1024\" height=\"683\" src=\"https:\/\/medicina.udd.cl\/centro-epidemiologia-politicas-salud\/files\/2020\/02\/IMG_3365-1024x683.jpg\" alt=\"\" data-id=\"1839\" data-link=\"http:\/\/medicina.udd.cl\/centro-epidemiologia-politicas-salud\/?attachment_id=1839\" class=\"wp-image-1839\" srcset=\"https:\/\/medicina.udd.cl\/centro-epidemiologia-politicas-salud\/files\/2020\/02\/IMG_3365-1024x683.jpg 1024w, https:\/\/medicina.udd.cl\/centro-epidemiologia-politicas-salud\/files\/2020\/02\/IMG_3365-300x200.jpg 300w, https:\/\/medicina.udd.cl\/centro-epidemiologia-politicas-salud\/files\/2020\/02\/IMG_3365-768x512.jpg 768w, https:\/\/medicina.udd.cl\/centro-epidemiologia-politicas-salud\/files\/2020\/02\/IMG_3365-960x640.jpg 960w\" sizes=\"auto, (max-width: 1024px) 100vw, 1024px\" \/><\/figure><\/li><li class=\"blocks-gallery-item\"><figure><img loading=\"lazy\" decoding=\"async\" width=\"1024\" height=\"683\" src=\"https:\/\/medicina.udd.cl\/centro-epidemiologia-politicas-salud\/files\/2020\/02\/IMG_3251-2-1024x683.jpg\" alt=\"\" data-id=\"1836\" data-link=\"http:\/\/medicina.udd.cl\/centro-epidemiologia-politicas-salud\/?attachment_id=1836\" class=\"wp-image-1836\" srcset=\"https:\/\/medicina.udd.cl\/centro-epidemiologia-politicas-salud\/files\/2020\/02\/IMG_3251-2-1024x683.jpg 1024w, https:\/\/medicina.udd.cl\/centro-epidemiologia-politicas-salud\/files\/2020\/02\/IMG_3251-2-300x200.jpg 300w, https:\/\/medicina.udd.cl\/centro-epidemiologia-politicas-salud\/files\/2020\/02\/IMG_3251-2-768x512.jpg 768w, https:\/\/medicina.udd.cl\/centro-epidemiologia-politicas-salud\/files\/2020\/02\/IMG_3251-2-960x640.jpg 960w\" sizes=\"auto, (max-width: 1024px) 100vw, 1024px\" \/><\/figure><\/li><\/ul>\n\n\n\n<p>La probabilidad de que COVID-19 llegue a Chile es cada vez m\u00e1s alta, por lo que se deben tomar previsiones, por ejemplo, continuar el trabajo en aeropuertos, pero la prioridad es preparar el sistema asistencial y fortalecer la comunicaci\u00f3n de riesgo. \u201cLa poblaci\u00f3n tiene que sentir que est\u00e1 todo el pa\u00eds preocupado y que se est\u00e1 haciendo todo lo posible para enfrentar esta situaci\u00f3n\u201d, se\u00f1al\u00f3 la directora del Centro de Epidemiolog\u00eda y Pol\u00edticas P\u00fablicas de la Facultad de Medicina Cl\u00ednica Alemana Universidad del Desarrollo, Dra. Ximena Aguilera, en el foro \u201cContenci\u00f3n COVID-19 en Chile\u201d, organizado por la Organizaci\u00f3n Panamericana de la Salud (OPS).<\/p>\n\n\n\n<p>La actividad reuni\u00f3 al ministro de Salud, Dr. Jaime Ma\u00f1alich; a la subsecretaria de Salud P\u00fablica, Dra. Paula Daza; a la presidente del Colegio M\u00e9dico, Dra. Izkia Siches; al director de Emergencias en Salud OPS\/OMS, Dr. Ciro Ugarte; y al representante de OPS\/OMS en Chile, Dr. Fernando Leanes; junto a un grupo de expertos nacionales en salud p\u00fablica.&nbsp;<\/p>\n\n\n\n<p>Por su parte, el Ministro de Salud, indic\u00f3 que \u201cEs una estrategia err\u00f3nea que a\u00fan la OMS no haya declarado oficialmente pandemia al Coronavirus, ya que la organizaci\u00f3n vela por la idea de no alarmar a la poblaci\u00f3n\u201d. Recalc\u00f3 adem\u00e1s que existe una situaci\u00f3n muy seria, ya que la tasa de letalidad del coronavirus es mucho mayor a la influenza del 2009.<\/p>\n\n\n\n<p>\u201cEsto es claramente una pandemia y hay un tema para Chile, y es que la OMS deber\u00eda tener una consideraci\u00f3n en la que no se ha metido, por la poca influencia latinoamericana (\u2026) es que nosotros vamos a tener juntos una epidemia de influenza y una epidemia de coronavirus en los meses de junio y julio\u201d, se\u00f1al\u00f3 el doctor Jaime Ma\u00f1alich.<\/p>\n\n\n\n<p>El ministro dijo que desde esta semana se implementar\u00e1 en los aeropuertos del pa\u00eds una declaraci\u00f3n jurada, donde las personas que entren a Chile tendr\u00e1n que responder una serie de preguntas, entre ellas, en qu\u00e9 pa\u00edses estuvo.&nbsp; &nbsp; Ma\u00f1alich indic\u00f3 que, actualmente los servicios p\u00fablicos de salud p\u00fablicos cuentan con 28 mil camas, mientras que los privados tienen 16 mil. \u201cYa pr\u00e1cticamente todas las instituciones privadas de salud ya cuentan con PCR para hacer ex\u00e1menes de coronavirus. Correspondiente a la influenza, ya se tiene todo comprado para realizar la campa\u00f1a de vacunaci\u00f3n en todo el pa\u00eds\u201d, destac\u00f3.<\/p>\n","protected":false},"excerpt":{"rendered":"<p>La probabilidad de que COVID-19 llegue a Chile es cada vez m\u00e1s alta, por lo que se deben tomar previsiones, por ejemplo, continuar el trabajo en aeropuertos, pero la prioridad es preparar el sistema asistencial y fortalecer la comunicaci\u00f3n de riesgo. \u201cLa poblaci\u00f3n tiene que sentir que est\u00e1 todo el pa\u00eds preocupado y que se [&hellip;]<\/p>\n","protected":false},"author":9192219,"featured_media":1836,"comment_status":"open","ping_status":"open","sticky":false,"template":"","format":"standard","meta":{"footnotes":""},"categories":[4],"tags":[],"class_list":["post-1835","post","type-post","status-publish","format-standard","has-post-thumbnail","hentry","category-noticias"],"yoast_head":"<!-- This site is optimized with the Yoast SEO plugin v26.9 - https:\/\/yoast.com\/product\/yoast-seo-wordpress\/ -->\n<title>Especialista en epidemiolog\u00eda UDD participa en foro con autoridades de salud para debatir sobre las implicancias del coronavirus - Centro de Epidemiolog\u00eda y Pol\u00edticas de Salud<\/title>\n<meta name=\"robots\" content=\"index, follow, max-snippet:-1, max-image-preview:large, max-video-preview:-1\" \/>\n<link rel=\"canonical\" href=\"https:\/\/medicina.udd.cl\/centro-epidemiologia-politicas-salud\/noticias\/2020\/02\/26\/especialista-en-epidemiologia-udd-participa-en-foro-con-autoridades-de-salud-para-debatir-sobre-las-implicancias-del-coronavirus\/\" \/>\n<meta property=\"og:locale\" content=\"es_ES\" \/>\n<meta property=\"og:type\" content=\"article\" \/>\n<meta property=\"og:title\" content=\"Especialista en epidemiolog\u00eda UDD participa en foro con autoridades de salud para debatir sobre las implicancias del coronavirus - Centro de Epidemiolog\u00eda y Pol\u00edticas de Salud\" \/>\n<meta property=\"og:description\" content=\"La probabilidad de que COVID-19 llegue a Chile es cada vez m\u00e1s alta, por lo que se deben tomar previsiones, por ejemplo, continuar el trabajo en aeropuertos, pero la prioridad es preparar el sistema asistencial y fortalecer la comunicaci\u00f3n de riesgo. \u201cLa poblaci\u00f3n tiene que sentir que est\u00e1 todo el pa\u00eds preocupado y que se [&hellip;]\" \/>\n<meta property=\"og:url\" content=\"https:\/\/medicina.udd.cl\/centro-epidemiologia-politicas-salud\/noticias\/2020\/02\/26\/especialista-en-epidemiologia-udd-participa-en-foro-con-autoridades-de-salud-para-debatir-sobre-las-implicancias-del-coronavirus\/\" \/>\n<meta property=\"og:site_name\" content=\"Centro de Epidemiolog\u00eda y Pol\u00edticas de Salud\" \/>\n<meta property=\"article:published_time\" content=\"2020-02-26T16:13:33+00:00\" \/>\n<meta property=\"article:modified_time\" content=\"2020-02-26T16:13:34+00:00\" \/>\n<meta property=\"og:image\" content=\"https:\/\/medicina.udd.cl\/centro-epidemiologia-politicas-salud\/files\/2020\/02\/IMG_3251-2-1024x683.jpg\" \/>\n\t<meta property=\"og:image:width\" content=\"1024\" \/>\n\t<meta property=\"og:image:height\" content=\"683\" \/>\n\t<meta property=\"og:image:type\" content=\"image\/jpeg\" \/>\n<meta name=\"author\" content=\"rbraidy\" \/>\n<meta name=\"twitter:label1\" content=\"Escrito por\" \/>\n\t<meta name=\"twitter:data1\" content=\"rbraidy\" \/>\n\t<meta name=\"twitter:label2\" content=\"Tiempo de lectura\" \/>\n\t<meta name=\"twitter:data2\" content=\"2 minutos\" \/>\n<script type=\"application\/ld+json\" class=\"yoast-schema-graph\">{\"@context\":\"https:\/\/schema.org\",\"@graph\":[{\"@type\":\"Article\",\"@id\":\"https:\/\/medicina.udd.cl\/centro-epidemiologia-politicas-salud\/noticias\/2020\/02\/26\/especialista-en-epidemiologia-udd-participa-en-foro-con-autoridades-de-salud-para-debatir-sobre-las-implicancias-del-coronavirus\/#article\",\"isPartOf\":{\"@id\":\"https:\/\/medicina.udd.cl\/centro-epidemiologia-politicas-salud\/noticias\/2020\/02\/26\/especialista-en-epidemiologia-udd-participa-en-foro-con-autoridades-de-salud-para-debatir-sobre-las-implicancias-del-coronavirus\/\"},\"author\":{\"name\":\"rbraidy\",\"@id\":\"https:\/\/medicina.udd.cl\/centro-epidemiologia-politicas-salud\/#\/schema\/person\/dbc3705bf3a93e8be1ba6de0ef950341\"},\"headline\":\"Especialista en epidemiolog\u00eda UDD participa en foro con autoridades de salud para debatir sobre las implicancias del coronavirus\",\"datePublished\":\"2020-02-26T16:13:33+00:00\",\"dateModified\":\"2020-02-26T16:13:34+00:00\",\"mainEntityOfPage\":{\"@id\":\"https:\/\/medicina.udd.cl\/centro-epidemiologia-politicas-salud\/noticias\/2020\/02\/26\/especialista-en-epidemiologia-udd-participa-en-foro-con-autoridades-de-salud-para-debatir-sobre-las-implicancias-del-coronavirus\/\"},\"wordCount\":438,\"commentCount\":0,\"image\":{\"@id\":\"https:\/\/medicina.udd.cl\/centro-epidemiologia-politicas-salud\/noticias\/2020\/02\/26\/especialista-en-epidemiologia-udd-participa-en-foro-con-autoridades-de-salud-para-debatir-sobre-las-implicancias-del-coronavirus\/#primaryimage\"},\"thumbnailUrl\":\"https:\/\/medicina.udd.cl\/centro-epidemiologia-politicas-salud\/files\/2020\/02\/IMG_3251-2.jpg\",\"articleSection\":[\"Noticias\"],\"inLanguage\":\"es\",\"potentialAction\":[{\"@type\":\"CommentAction\",\"name\":\"Comment\",\"target\":[\"https:\/\/medicina.udd.cl\/centro-epidemiologia-politicas-salud\/noticias\/2020\/02\/26\/especialista-en-epidemiologia-udd-participa-en-foro-con-autoridades-de-salud-para-debatir-sobre-las-implicancias-del-coronavirus\/#respond\"]}]},{\"@type\":\"WebPage\",\"@id\":\"https:\/\/medicina.udd.cl\/centro-epidemiologia-politicas-salud\/noticias\/2020\/02\/26\/especialista-en-epidemiologia-udd-participa-en-foro-con-autoridades-de-salud-para-debatir-sobre-las-implicancias-del-coronavirus\/\",\"url\":\"https:\/\/medicina.udd.cl\/centro-epidemiologia-politicas-salud\/noticias\/2020\/02\/26\/especialista-en-epidemiologia-udd-participa-en-foro-con-autoridades-de-salud-para-debatir-sobre-las-implicancias-del-coronavirus\/\",\"name\":\"Especialista en epidemiolog\u00eda UDD participa en foro con autoridades de salud para debatir sobre las implicancias del coronavirus - Centro de Epidemiolog\u00eda y Pol\u00edticas de Salud\",\"isPartOf\":{\"@id\":\"https:\/\/medicina.udd.cl\/centro-epidemiologia-politicas-salud\/#website\"},\"primaryImageOfPage\":{\"@id\":\"https:\/\/medicina.udd.cl\/centro-epidemiologia-politicas-salud\/noticias\/2020\/02\/26\/especialista-en-epidemiologia-udd-participa-en-foro-con-autoridades-de-salud-para-debatir-sobre-las-implicancias-del-coronavirus\/#primaryimage\"},\"image\":{\"@id\":\"https:\/\/medicina.udd.cl\/centro-epidemiologia-politicas-salud\/noticias\/2020\/02\/26\/especialista-en-epidemiologia-udd-participa-en-foro-con-autoridades-de-salud-para-debatir-sobre-las-implicancias-del-coronavirus\/#primaryimage\"},\"thumbnailUrl\":\"https:\/\/medicina.udd.cl\/centro-epidemiologia-politicas-salud\/files\/2020\/02\/IMG_3251-2.jpg\",\"datePublished\":\"2020-02-26T16:13:33+00:00\",\"dateModified\":\"2020-02-26T16:13:34+00:00\",\"author\":{\"@id\":\"https:\/\/medicina.udd.cl\/centro-epidemiologia-politicas-salud\/#\/schema\/person\/dbc3705bf3a93e8be1ba6de0ef950341\"},\"breadcrumb\":{\"@id\":\"https:\/\/medicina.udd.cl\/centro-epidemiologia-politicas-salud\/noticias\/2020\/02\/26\/especialista-en-epidemiologia-udd-participa-en-foro-con-autoridades-de-salud-para-debatir-sobre-las-implicancias-del-coronavirus\/#breadcrumb\"},\"inLanguage\":\"es\",\"potentialAction\":[{\"@type\":\"ReadAction\",\"target\":[\"https:\/\/medicina.udd.cl\/centro-epidemiologia-politicas-salud\/noticias\/2020\/02\/26\/especialista-en-epidemiologia-udd-participa-en-foro-con-autoridades-de-salud-para-debatir-sobre-las-implicancias-del-coronavirus\/\"]}]},{\"@type\":\"ImageObject\",\"inLanguage\":\"es\",\"@id\":\"https:\/\/medicina.udd.cl\/centro-epidemiologia-politicas-salud\/noticias\/2020\/02\/26\/especialista-en-epidemiologia-udd-participa-en-foro-con-autoridades-de-salud-para-debatir-sobre-las-implicancias-del-coronavirus\/#primaryimage\",\"url\":\"https:\/\/medicina.udd.cl\/centro-epidemiologia-politicas-salud\/files\/2020\/02\/IMG_3251-2.jpg\",\"contentUrl\":\"https:\/\/medicina.udd.cl\/centro-epidemiologia-politicas-salud\/files\/2020\/02\/IMG_3251-2.jpg\",\"width\":6240,\"height\":4160},{\"@type\":\"BreadcrumbList\",\"@id\":\"https:\/\/medicina.udd.cl\/centro-epidemiologia-politicas-salud\/noticias\/2020\/02\/26\/especialista-en-epidemiologia-udd-participa-en-foro-con-autoridades-de-salud-para-debatir-sobre-las-implicancias-del-coronavirus\/#breadcrumb\",\"itemListElement\":[{\"@type\":\"ListItem\",\"position\":1,\"name\":\"Inicio\",\"item\":\"https:\/\/medicina.udd.cl\/centro-epidemiologia-politicas-salud\/\"},{\"@type\":\"ListItem\",\"position\":2,\"name\":\"Especialista en epidemiolog\u00eda UDD participa en foro con autoridades de salud para debatir sobre las implicancias del coronavirus\"}]},{\"@type\":\"WebSite\",\"@id\":\"https:\/\/medicina.udd.cl\/centro-epidemiologia-politicas-salud\/#website\",\"url\":\"https:\/\/medicina.udd.cl\/centro-epidemiologia-politicas-salud\/\",\"name\":\"Centro de Epidemiolog\u00eda y Pol\u00edticas de Salud\",\"description\":\"Otro blog m\u00e1s de Medicina\",\"inLanguage\":\"es\"},{\"@type\":\"Person\",\"@id\":\"https:\/\/medicina.udd.cl\/centro-epidemiologia-politicas-salud\/#\/schema\/person\/dbc3705bf3a93e8be1ba6de0ef950341\",\"name\":\"rbraidy\",\"image\":{\"@type\":\"ImageObject\",\"inLanguage\":\"es\",\"@id\":\"https:\/\/medicina.udd.cl\/centro-epidemiologia-politicas-salud\/#\/schema\/person\/image\/\",\"url\":\"https:\/\/secure.gravatar.com\/avatar\/0f8bc94637401590e45d2ce17eb65c274cb8870a219de6177f3f23e63fd8cdf3?s=96&d=mm&r=g\",\"contentUrl\":\"https:\/\/secure.gravatar.com\/avatar\/0f8bc94637401590e45d2ce17eb65c274cb8870a219de6177f3f23e63fd8cdf3?s=96&d=mm&r=g\",\"caption\":\"rbraidy\"},\"url\":\"https:\/\/medicina.udd.cl\/centro-epidemiologia-politicas-salud\/noticias\/author\/rbraidy\/\"}]}<\/script>\n<!-- \/ Yoast SEO plugin. -->","yoast_head_json":{"title":"Especialista en epidemiolog\u00eda UDD participa en foro con autoridades de salud para debatir sobre las implicancias del coronavirus - Centro de Epidemiolog\u00eda y Pol\u00edticas de Salud","robots":{"index":"index","follow":"follow","max-snippet":"max-snippet:-1","max-image-preview":"max-image-preview:large","max-video-preview":"max-video-preview:-1"},"canonical":"https:\/\/medicina.udd.cl\/centro-epidemiologia-politicas-salud\/noticias\/2020\/02\/26\/especialista-en-epidemiologia-udd-participa-en-foro-con-autoridades-de-salud-para-debatir-sobre-las-implicancias-del-coronavirus\/","og_locale":"es_ES","og_type":"article","og_title":"Especialista en epidemiolog\u00eda UDD participa en foro con autoridades de salud para debatir sobre las implicancias del coronavirus - Centro de Epidemiolog\u00eda y Pol\u00edticas de Salud","og_description":"La probabilidad de que COVID-19 llegue a Chile es cada vez m\u00e1s alta, por lo que se deben tomar previsiones, por ejemplo, continuar el trabajo en aeropuertos, pero la prioridad es preparar el sistema asistencial y fortalecer la comunicaci\u00f3n de riesgo. \u201cLa poblaci\u00f3n tiene que sentir que est\u00e1 todo el pa\u00eds preocupado y que se [&hellip;]","og_url":"https:\/\/medicina.udd.cl\/centro-epidemiologia-politicas-salud\/noticias\/2020\/02\/26\/especialista-en-epidemiologia-udd-participa-en-foro-con-autoridades-de-salud-para-debatir-sobre-las-implicancias-del-coronavirus\/","og_site_name":"Centro de Epidemiolog\u00eda y Pol\u00edticas de Salud","article_published_time":"2020-02-26T16:13:33+00:00","article_modified_time":"2020-02-26T16:13:34+00:00","og_image":[{"width":1024,"height":683,"url":"https:\/\/medicina.udd.cl\/centro-epidemiologia-politicas-salud\/files\/2020\/02\/IMG_3251-2-1024x683.jpg","type":"image\/jpeg"}],"author":"rbraidy","twitter_misc":{"Escrito por":"rbraidy","Tiempo de lectura":"2 minutos"},"schema":{"@context":"https:\/\/schema.org","@graph":[{"@type":"Article","@id":"https:\/\/medicina.udd.cl\/centro-epidemiologia-politicas-salud\/noticias\/2020\/02\/26\/especialista-en-epidemiologia-udd-participa-en-foro-con-autoridades-de-salud-para-debatir-sobre-las-implicancias-del-coronavirus\/#article","isPartOf":{"@id":"https:\/\/medicina.udd.cl\/centro-epidemiologia-politicas-salud\/noticias\/2020\/02\/26\/especialista-en-epidemiologia-udd-participa-en-foro-con-autoridades-de-salud-para-debatir-sobre-las-implicancias-del-coronavirus\/"},"author":{"name":"rbraidy","@id":"https:\/\/medicina.udd.cl\/centro-epidemiologia-politicas-salud\/#\/schema\/person\/dbc3705bf3a93e8be1ba6de0ef950341"},"headline":"Especialista en epidemiolog\u00eda UDD participa en foro con autoridades de salud para debatir sobre las implicancias del coronavirus","datePublished":"2020-02-26T16:13:33+00:00","dateModified":"2020-02-26T16:13:34+00:00","mainEntityOfPage":{"@id":"https:\/\/medicina.udd.cl\/centro-epidemiologia-politicas-salud\/noticias\/2020\/02\/26\/especialista-en-epidemiologia-udd-participa-en-foro-con-autoridades-de-salud-para-debatir-sobre-las-implicancias-del-coronavirus\/"},"wordCount":438,"commentCount":0,"image":{"@id":"https:\/\/medicina.udd.cl\/centro-epidemiologia-politicas-salud\/noticias\/2020\/02\/26\/especialista-en-epidemiologia-udd-participa-en-foro-con-autoridades-de-salud-para-debatir-sobre-las-implicancias-del-coronavirus\/#primaryimage"},"thumbnailUrl":"https:\/\/medicina.udd.cl\/centro-epidemiologia-politicas-salud\/files\/2020\/02\/IMG_3251-2.jpg","articleSection":["Noticias"],"inLanguage":"es","potentialAction":[{"@type":"CommentAction","name":"Comment","target":["https:\/\/medicina.udd.cl\/centro-epidemiologia-politicas-salud\/noticias\/2020\/02\/26\/especialista-en-epidemiologia-udd-participa-en-foro-con-autoridades-de-salud-para-debatir-sobre-las-implicancias-del-coronavirus\/#respond"]}]},{"@type":"WebPage","@id":"https:\/\/medicina.udd.cl\/centro-epidemiologia-politicas-salud\/noticias\/2020\/02\/26\/especialista-en-epidemiologia-udd-participa-en-foro-con-autoridades-de-salud-para-debatir-sobre-las-implicancias-del-coronavirus\/","url":"https:\/\/medicina.udd.cl\/centro-epidemiologia-politicas-salud\/noticias\/2020\/02\/26\/especialista-en-epidemiologia-udd-participa-en-foro-con-autoridades-de-salud-para-debatir-sobre-las-implicancias-del-coronavirus\/","name":"Especialista en epidemiolog\u00eda UDD participa en foro con autoridades de salud para debatir sobre las implicancias del coronavirus - Centro de Epidemiolog\u00eda y Pol\u00edticas de Salud","isPartOf":{"@id":"https:\/\/medicina.udd.cl\/centro-epidemiologia-politicas-salud\/#website"},"primaryImageOfPage":{"@id":"https:\/\/medicina.udd.cl\/centro-epidemiologia-politicas-salud\/noticias\/2020\/02\/26\/especialista-en-epidemiologia-udd-participa-en-foro-con-autoridades-de-salud-para-debatir-sobre-las-implicancias-del-coronavirus\/#primaryimage"},"image":{"@id":"https:\/\/medicina.udd.cl\/centro-epidemiologia-politicas-salud\/noticias\/2020\/02\/26\/especialista-en-epidemiologia-udd-participa-en-foro-con-autoridades-de-salud-para-debatir-sobre-las-implicancias-del-coronavirus\/#primaryimage"},"thumbnailUrl":"https:\/\/medicina.udd.cl\/centro-epidemiologia-politicas-salud\/files\/2020\/02\/IMG_3251-2.jpg","datePublished":"2020-02-26T16:13:33+00:00","dateModified":"2020-02-26T16:13:34+00:00","author":{"@id":"https:\/\/medicina.udd.cl\/centro-epidemiologia-politicas-salud\/#\/schema\/person\/dbc3705bf3a93e8be1ba6de0ef950341"},"breadcrumb":{"@id":"https:\/\/medicina.udd.cl\/centro-epidemiologia-politicas-salud\/noticias\/2020\/02\/26\/especialista-en-epidemiologia-udd-participa-en-foro-con-autoridades-de-salud-para-debatir-sobre-las-implicancias-del-coronavirus\/#breadcrumb"},"inLanguage":"es","potentialAction":[{"@type":"ReadAction","target":["https:\/\/medicina.udd.cl\/centro-epidemiologia-politicas-salud\/noticias\/2020\/02\/26\/especialista-en-epidemiologia-udd-participa-en-foro-con-autoridades-de-salud-para-debatir-sobre-las-implicancias-del-coronavirus\/"]}]},{"@type":"ImageObject","inLanguage":"es","@id":"https:\/\/medicina.udd.cl\/centro-epidemiologia-politicas-salud\/noticias\/2020\/02\/26\/especialista-en-epidemiologia-udd-participa-en-foro-con-autoridades-de-salud-para-debatir-sobre-las-implicancias-del-coronavirus\/#primaryimage","url":"https:\/\/medicina.udd.cl\/centro-epidemiologia-politicas-salud\/files\/2020\/02\/IMG_3251-2.jpg","contentUrl":"https:\/\/medicina.udd.cl\/centro-epidemiologia-politicas-salud\/files\/2020\/02\/IMG_3251-2.jpg","width":6240,"height":4160},{"@type":"BreadcrumbList","@id":"https:\/\/medicina.udd.cl\/centro-epidemiologia-politicas-salud\/noticias\/2020\/02\/26\/especialista-en-epidemiologia-udd-participa-en-foro-con-autoridades-de-salud-para-debatir-sobre-las-implicancias-del-coronavirus\/#breadcrumb","itemListElement":[{"@type":"ListItem","position":1,"name":"Inicio","item":"https:\/\/medicina.udd.cl\/centro-epidemiologia-politicas-salud\/"},{"@type":"ListItem","position":2,"name":"Especialista en epidemiolog\u00eda UDD participa en foro con autoridades de salud para debatir sobre las implicancias del coronavirus"}]},{"@type":"WebSite","@id":"https:\/\/medicina.udd.cl\/centro-epidemiologia-politicas-salud\/#website","url":"https:\/\/medicina.udd.cl\/centro-epidemiologia-politicas-salud\/","name":"Centro de Epidemiolog\u00eda y Pol\u00edticas de Salud","description":"Otro blog m\u00e1s de Medicina","inLanguage":"es"},{"@type":"Person","@id":"https:\/\/medicina.udd.cl\/centro-epidemiologia-politicas-salud\/#\/schema\/person\/dbc3705bf3a93e8be1ba6de0ef950341","name":"rbraidy","image":{"@type":"ImageObject","inLanguage":"es","@id":"https:\/\/medicina.udd.cl\/centro-epidemiologia-politicas-salud\/#\/schema\/person\/image\/","url":"https:\/\/secure.gravatar.com\/avatar\/0f8bc94637401590e45d2ce17eb65c274cb8870a219de6177f3f23e63fd8cdf3?s=96&d=mm&r=g","contentUrl":"https:\/\/secure.gravatar.com\/avatar\/0f8bc94637401590e45d2ce17eb65c274cb8870a219de6177f3f23e63fd8cdf3?s=96&d=mm&r=g","caption":"rbraidy"},"url":"https:\/\/medicina.udd.cl\/centro-epidemiologia-politicas-salud\/noticias\/author\/rbraidy\/"}]}},"featured_image_url":"https:\/\/medicina.udd.cl\/centro-epidemiologia-politicas-salud\/files\/2020\/02\/IMG_3251-2.jpg","_links":{"self":[{"href":"https:\/\/medicina.udd.cl\/centro-epidemiologia-politicas-salud\/wp-json\/wp\/v2\/posts\/1835","targetHints":{"allow":["GET"]}}],"collection":[{"href":"https:\/\/medicina.udd.cl\/centro-epidemiologia-politicas-salud\/wp-json\/wp\/v2\/posts"}],"about":[{"href":"https:\/\/medicina.udd.cl\/centro-epidemiologia-politicas-salud\/wp-json\/wp\/v2\/types\/post"}],"author":[{"embeddable":true,"href":"https:\/\/medicina.udd.cl\/centro-epidemiologia-politicas-salud\/wp-json\/wp\/v2\/users\/9192219"}],"replies":[{"embeddable":true,"href":"https:\/\/medicina.udd.cl\/centro-epidemiologia-politicas-salud\/wp-json\/wp\/v2\/comments?post=1835"}],"version-history":[{"count":1,"href":"https:\/\/medicina.udd.cl\/centro-epidemiologia-politicas-salud\/wp-json\/wp\/v2\/posts\/1835\/revisions"}],"predecessor-version":[{"id":1840,"href":"https:\/\/medicina.udd.cl\/centro-epidemiologia-politicas-salud\/wp-json\/wp\/v2\/posts\/1835\/revisions\/1840"}],"wp:featuredmedia":[{"embeddable":true,"href":"https:\/\/medicina.udd.cl\/centro-epidemiologia-politicas-salud\/wp-json\/wp\/v2\/media\/1836"}],"wp:attachment":[{"href":"https:\/\/medicina.udd.cl\/centro-epidemiologia-politicas-salud\/wp-json\/wp\/v2\/media?parent=1835"}],"wp:term":[{"taxonomy":"category","embeddable":true,"href":"https:\/\/medicina.udd.cl\/centro-epidemiologia-politicas-salud\/wp-json\/wp\/v2\/categories?post=1835"},{"taxonomy":"post_tag","embeddable":true,"href":"https:\/\/medicina.udd.cl\/centro-epidemiologia-politicas-salud\/wp-json\/wp\/v2\/tags?post=1835"}],"curies":[{"name":"wp","href":"https:\/\/api.w.org\/{rel}","templated":true}]}}