{"id":2103,"date":"2021-03-31T22:31:01","date_gmt":"2021-04-01T01:31:01","guid":{"rendered":"http:\/\/medicina.udd.cl\/centro-epidemiologia-politicas-salud\/?p=2103"},"modified":"2021-03-31T22:31:59","modified_gmt":"2021-04-01T01:31:59","slug":"buscan-optimizar-la-capacidad-predictiva-del-examen-de-medicina-preventiva-del-adulto-mayor-con-la-creacion-de-plataforma-digital","status":"publish","type":"post","link":"https:\/\/medicina.udd.cl\/centro-epidemiologia-politicas-salud\/noticias\/2021\/03\/31\/buscan-optimizar-la-capacidad-predictiva-del-examen-de-medicina-preventiva-del-adulto-mayor-con-la-creacion-de-plataforma-digital\/","title":{"rendered":"Buscan optimizar la capacidad predictiva del Examen de Medicina Preventiva del Adulto Mayor con la creaci\u00f3n de plataforma digital"},"content":{"rendered":"\n<div class=\"wp-block-image is-style-default\"><figure class=\"aligncenter size-large\"><img loading=\"lazy\" decoding=\"async\" width=\"861\" height=\"592\" src=\"https:\/\/medicina.udd.cl\/centro-epidemiologia-politicas-salud\/files\/2021\/03\/toma-de-ex-glucosa.jpg\" alt=\"\" class=\"wp-image-2104\" srcset=\"https:\/\/medicina.udd.cl\/centro-epidemiologia-politicas-salud\/files\/2021\/03\/toma-de-ex-glucosa.jpg 861w, https:\/\/medicina.udd.cl\/centro-epidemiologia-politicas-salud\/files\/2021\/03\/toma-de-ex-glucosa-300x206.jpg 300w, https:\/\/medicina.udd.cl\/centro-epidemiologia-politicas-salud\/files\/2021\/03\/toma-de-ex-glucosa-768x528.jpg 768w\" sizes=\"auto, (max-width: 861px) 100vw, 861px\" \/><\/figure><\/div>\n\n\n\n<p>\u201cOptimizaci\u00f3n de la capacidad predictiva del\nExamen de Medicina Preventiva del Adulto Mayor (EMPAM)\u201d es el nombre del\nproyecto del Instituto de Ciencias e Innovaci\u00f3n en Medicina (ICIM) de la\nUniversidad del Desarrollo, llevado a cabo con financiamiento del Concurso\nFondef IDeA I+D 2019.<\/p>\n\n\n\n<p>Su objetivo es el desarrollo e implementaci\u00f3n\nde una plataforma digital \u2013 denominada <em>IRENE<\/em> (Integrated Risk Estimation\nfor New Elderly)\u2013 que incorpora un modelo predictivo optimizado del riesgo de\np\u00e9rdida de la capacidad funcional en personas de 65 y m\u00e1s a\u00f1os, basado en un\nsubconjunto de variables del EMPAM, seleccionadas a trav\u00e9s del uso de\nherramientas de <em>machine learning. <\/em><\/p>\n\n\n\n<p>Para el logro de estos resultados, el proyecto se\ndivide en tres fases. En primer lugar, la construcci\u00f3n de una base de datos\nvalidada con los resultados del EMPAM, desde 2008 a 2019, de una cohorte de\npacientes bajo control en el Servicio de Salud Metropolitano Occidente,\ninformaci\u00f3n estandarizada por el equipo de investigadores del proyecto. <\/p>\n\n\n\n<p>En segundo lugar, se contempla la construcci\u00f3n\nde un modelo predictivo del riesgo de p\u00e9rdida de funcionalidad en adultos\nmayores, que se define como \u201cun cambio en la trayectoria funcional desde una\nsituaci\u00f3n de autovalencia hacia una de riesgo de dependencia o autovalencia con\nriesgo\u201d, cuenta Iris Delgado, investigadora del Centro de Epidemiolog\u00eda y\nPol\u00edticas de Salud de la UDD y directora principal de este proyecto.<\/p>\n\n\n\n<p>Finalmente, est\u00e1 la construcci\u00f3n de la\nplataforma digital <em>IRENE<\/em><em><sup>R<\/sup><\/em>\n(Integrated Risk Estimation for New Elderly), cuyo objetivo es operativizar el uso de este modelo predictivo para el apoyo a la toma de\ndecisiones cl\u00ednicas, que ser\u00e1 implementada a trav\u00e9s de una aplicaci\u00f3n web. A su\nvez, incorporar\u00e1 una serie de herramientas y funcionalidades, entre ellas, la\nestimaci\u00f3n de un puntaje de riesgo de p\u00e9rdida de funcionalidad con una validez\npredictiva de tres a\u00f1os, la generaci\u00f3n de gr\u00e1ficos con la trayectoria\nindividual de cada paciente bajo control en los centros de atenci\u00f3n primaria de\nsalud y la adquisici\u00f3n de un carnet de riesgo de p\u00e9rdida de funcionalidad. <\/p>\n\n\n\n<p>Iris Delgado y Dominique Masferrer, directora\nalterna del estudio, explican que la importancia de este desarrollo tecnol\u00f3gico\nes que \u201ccontribuir\u00e1 a generar intervenciones oportunas para mejorar el\nestado de salud funcional de los adultos mayores y, por otro lado, aumentar la\ndisponibilidad y validez de la informaci\u00f3n en salud, objetivos estrat\u00e9gicos del\nPlan Nacional Salud del pa\u00eds para la d\u00e9cada 2011-2020\u201d. Agregan, adem\u00e1s, \u201cque\nsi bien en sus inicios se implementar\u00e1 en el Servicio de Salud Metropolitano\nOccidente, la idea es extenderlo a todo el pa\u00eds, generando un impacto real en\nla salud de la poblaci\u00f3n de personas mayores .<\/p>\n\n\n\n<p>Cabe destacar que el proyecto\ncuenta con la participaci\u00f3n de investigadores UDD del Centro de Epidemiolog\u00eda y\nPol\u00edticas de Salud, de la Escuela de Nutrici\u00f3n y Diet\u00e9tica y del Centro de\nInform\u00e1tica Biom\u00e9dica, adem\u00e1s del Departamento de Inform\u00e1tica Biom\u00e9dica de\nCl\u00ednica Alemana. A su vez, se realiza con la colaboraci\u00f3n del Ministerio de\nSalud, el Servicio de Salud Metropolitano Occidente y la Fundaci\u00f3n Pa\u00eds\nDigital, en calidad de instituciones asociadas. A ellos se suma un comit\u00e9\nasesor, del que forma parte el Center for Population Health\nInformatics de Washington University in St. Louis.<\/p>\n\n\n\n<p>Actualmente, el proyecto se\nencuentra en la etapa de licitaci\u00f3n para el desarrollo e implementaci\u00f3n de la\nplataforma web IRENE.<\/p>\n","protected":false},"excerpt":{"rendered":"<p>\u201cOptimizaci\u00f3n de la capacidad predictiva del Examen de Medicina Preventiva del Adulto Mayor (EMPAM)\u201d es el nombre del proyecto del Instituto de Ciencias e Innovaci\u00f3n en Medicina (ICIM) de la Universidad del Desarrollo, llevado a cabo con financiamiento del Concurso Fondef IDeA I+D 2019. Su objetivo es el desarrollo e implementaci\u00f3n de una plataforma digital [&hellip;]<\/p>\n","protected":false},"author":42,"featured_media":2104,"comment_status":"open","ping_status":"open","sticky":false,"template":"","format":"standard","meta":{"footnotes":""},"categories":[4],"tags":[],"class_list":["post-2103","post","type-post","status-publish","format-standard","has-post-thumbnail","hentry","category-noticias"],"yoast_head":"<!-- This site is optimized with the Yoast SEO plugin v26.9 - https:\/\/yoast.com\/product\/yoast-seo-wordpress\/ -->\n<title>Buscan optimizar la capacidad predictiva del Examen de Medicina Preventiva del Adulto Mayor con la creaci\u00f3n de plataforma digital - Centro de Epidemiolog\u00eda y Pol\u00edticas de Salud<\/title>\n<meta name=\"robots\" content=\"index, follow, max-snippet:-1, max-image-preview:large, max-video-preview:-1\" \/>\n<link rel=\"canonical\" href=\"https:\/\/medicina.udd.cl\/centro-epidemiologia-politicas-salud\/noticias\/2021\/03\/31\/buscan-optimizar-la-capacidad-predictiva-del-examen-de-medicina-preventiva-del-adulto-mayor-con-la-creacion-de-plataforma-digital\/\" \/>\n<meta property=\"og:locale\" content=\"es_ES\" \/>\n<meta property=\"og:type\" content=\"article\" \/>\n<meta property=\"og:title\" content=\"Buscan optimizar la capacidad predictiva del Examen de Medicina Preventiva del Adulto Mayor con la creaci\u00f3n de plataforma digital - Centro de Epidemiolog\u00eda y Pol\u00edticas de Salud\" \/>\n<meta property=\"og:description\" content=\"\u201cOptimizaci\u00f3n de la capacidad predictiva del Examen de Medicina Preventiva del Adulto Mayor (EMPAM)\u201d es el nombre del proyecto del Instituto de Ciencias e Innovaci\u00f3n en Medicina (ICIM) de la Universidad del Desarrollo, llevado a cabo con financiamiento del Concurso Fondef IDeA I+D 2019. Su objetivo es el desarrollo e implementaci\u00f3n de una plataforma digital [&hellip;]\" \/>\n<meta property=\"og:url\" content=\"https:\/\/medicina.udd.cl\/centro-epidemiologia-politicas-salud\/noticias\/2021\/03\/31\/buscan-optimizar-la-capacidad-predictiva-del-examen-de-medicina-preventiva-del-adulto-mayor-con-la-creacion-de-plataforma-digital\/\" \/>\n<meta property=\"og:site_name\" content=\"Centro de Epidemiolog\u00eda y Pol\u00edticas de Salud\" \/>\n<meta property=\"article:published_time\" content=\"2021-04-01T01:31:01+00:00\" \/>\n<meta property=\"article:modified_time\" content=\"2021-04-01T01:31:59+00:00\" \/>\n<meta property=\"og:image\" content=\"https:\/\/medicina.udd.cl\/centro-epidemiologia-politicas-salud\/files\/2021\/03\/toma-de-ex-glucosa.jpg\" \/>\n\t<meta property=\"og:image:width\" content=\"861\" \/>\n\t<meta property=\"og:image:height\" content=\"592\" \/>\n\t<meta property=\"og:image:type\" content=\"image\/jpeg\" \/>\n<meta name=\"twitter:label1\" content=\"Escrito por\" \/>\n\t<meta name=\"twitter:data1\" content=\"\" \/>\n\t<meta name=\"twitter:label2\" content=\"Tiempo de lectura\" \/>\n\t<meta name=\"twitter:data2\" content=\"3 minutos\" \/>\n<script type=\"application\/ld+json\" class=\"yoast-schema-graph\">{\"@context\":\"https:\/\/schema.org\",\"@graph\":[{\"@type\":\"Article\",\"@id\":\"https:\/\/medicina.udd.cl\/centro-epidemiologia-politicas-salud\/noticias\/2021\/03\/31\/buscan-optimizar-la-capacidad-predictiva-del-examen-de-medicina-preventiva-del-adulto-mayor-con-la-creacion-de-plataforma-digital\/#article\",\"isPartOf\":{\"@id\":\"https:\/\/medicina.udd.cl\/centro-epidemiologia-politicas-salud\/noticias\/2021\/03\/31\/buscan-optimizar-la-capacidad-predictiva-del-examen-de-medicina-preventiva-del-adulto-mayor-con-la-creacion-de-plataforma-digital\/\"},\"author\":{\"name\":\"\",\"@id\":\"\"},\"headline\":\"Buscan optimizar la capacidad predictiva del Examen de Medicina Preventiva del Adulto Mayor con la creaci\u00f3n de plataforma digital\",\"datePublished\":\"2021-04-01T01:31:01+00:00\",\"dateModified\":\"2021-04-01T01:31:59+00:00\",\"mainEntityOfPage\":{\"@id\":\"https:\/\/medicina.udd.cl\/centro-epidemiologia-politicas-salud\/noticias\/2021\/03\/31\/buscan-optimizar-la-capacidad-predictiva-del-examen-de-medicina-preventiva-del-adulto-mayor-con-la-creacion-de-plataforma-digital\/\"},\"wordCount\":610,\"commentCount\":0,\"image\":{\"@id\":\"https:\/\/medicina.udd.cl\/centro-epidemiologia-politicas-salud\/noticias\/2021\/03\/31\/buscan-optimizar-la-capacidad-predictiva-del-examen-de-medicina-preventiva-del-adulto-mayor-con-la-creacion-de-plataforma-digital\/#primaryimage\"},\"thumbnailUrl\":\"https:\/\/medicina.udd.cl\/centro-epidemiologia-politicas-salud\/files\/2021\/03\/toma-de-ex-glucosa.jpg\",\"articleSection\":[\"Noticias\"],\"inLanguage\":\"es\",\"potentialAction\":[{\"@type\":\"CommentAction\",\"name\":\"Comment\",\"target\":[\"https:\/\/medicina.udd.cl\/centro-epidemiologia-politicas-salud\/noticias\/2021\/03\/31\/buscan-optimizar-la-capacidad-predictiva-del-examen-de-medicina-preventiva-del-adulto-mayor-con-la-creacion-de-plataforma-digital\/#respond\"]}]},{\"@type\":\"WebPage\",\"@id\":\"https:\/\/medicina.udd.cl\/centro-epidemiologia-politicas-salud\/noticias\/2021\/03\/31\/buscan-optimizar-la-capacidad-predictiva-del-examen-de-medicina-preventiva-del-adulto-mayor-con-la-creacion-de-plataforma-digital\/\",\"url\":\"https:\/\/medicina.udd.cl\/centro-epidemiologia-politicas-salud\/noticias\/2021\/03\/31\/buscan-optimizar-la-capacidad-predictiva-del-examen-de-medicina-preventiva-del-adulto-mayor-con-la-creacion-de-plataforma-digital\/\",\"name\":\"Buscan optimizar la capacidad predictiva del Examen de Medicina Preventiva del Adulto Mayor con la creaci\u00f3n de plataforma digital - Centro de Epidemiolog\u00eda y Pol\u00edticas de Salud\",\"isPartOf\":{\"@id\":\"https:\/\/medicina.udd.cl\/centro-epidemiologia-politicas-salud\/#website\"},\"primaryImageOfPage\":{\"@id\":\"https:\/\/medicina.udd.cl\/centro-epidemiologia-politicas-salud\/noticias\/2021\/03\/31\/buscan-optimizar-la-capacidad-predictiva-del-examen-de-medicina-preventiva-del-adulto-mayor-con-la-creacion-de-plataforma-digital\/#primaryimage\"},\"image\":{\"@id\":\"https:\/\/medicina.udd.cl\/centro-epidemiologia-politicas-salud\/noticias\/2021\/03\/31\/buscan-optimizar-la-capacidad-predictiva-del-examen-de-medicina-preventiva-del-adulto-mayor-con-la-creacion-de-plataforma-digital\/#primaryimage\"},\"thumbnailUrl\":\"https:\/\/medicina.udd.cl\/centro-epidemiologia-politicas-salud\/files\/2021\/03\/toma-de-ex-glucosa.jpg\",\"datePublished\":\"2021-04-01T01:31:01+00:00\",\"dateModified\":\"2021-04-01T01:31:59+00:00\",\"author\":{\"@id\":\"\"},\"breadcrumb\":{\"@id\":\"https:\/\/medicina.udd.cl\/centro-epidemiologia-politicas-salud\/noticias\/2021\/03\/31\/buscan-optimizar-la-capacidad-predictiva-del-examen-de-medicina-preventiva-del-adulto-mayor-con-la-creacion-de-plataforma-digital\/#breadcrumb\"},\"inLanguage\":\"es\",\"potentialAction\":[{\"@type\":\"ReadAction\",\"target\":[\"https:\/\/medicina.udd.cl\/centro-epidemiologia-politicas-salud\/noticias\/2021\/03\/31\/buscan-optimizar-la-capacidad-predictiva-del-examen-de-medicina-preventiva-del-adulto-mayor-con-la-creacion-de-plataforma-digital\/\"]}]},{\"@type\":\"ImageObject\",\"inLanguage\":\"es\",\"@id\":\"https:\/\/medicina.udd.cl\/centro-epidemiologia-politicas-salud\/noticias\/2021\/03\/31\/buscan-optimizar-la-capacidad-predictiva-del-examen-de-medicina-preventiva-del-adulto-mayor-con-la-creacion-de-plataforma-digital\/#primaryimage\",\"url\":\"https:\/\/medicina.udd.cl\/centro-epidemiologia-politicas-salud\/files\/2021\/03\/toma-de-ex-glucosa.jpg\",\"contentUrl\":\"https:\/\/medicina.udd.cl\/centro-epidemiologia-politicas-salud\/files\/2021\/03\/toma-de-ex-glucosa.jpg\",\"width\":861,\"height\":592},{\"@type\":\"BreadcrumbList\",\"@id\":\"https:\/\/medicina.udd.cl\/centro-epidemiologia-politicas-salud\/noticias\/2021\/03\/31\/buscan-optimizar-la-capacidad-predictiva-del-examen-de-medicina-preventiva-del-adulto-mayor-con-la-creacion-de-plataforma-digital\/#breadcrumb\",\"itemListElement\":[{\"@type\":\"ListItem\",\"position\":1,\"name\":\"Inicio\",\"item\":\"https:\/\/medicina.udd.cl\/centro-epidemiologia-politicas-salud\/\"},{\"@type\":\"ListItem\",\"position\":2,\"name\":\"Buscan optimizar la capacidad predictiva del Examen de Medicina Preventiva del Adulto Mayor con la creaci\u00f3n de plataforma digital\"}]},{\"@type\":\"WebSite\",\"@id\":\"https:\/\/medicina.udd.cl\/centro-epidemiologia-politicas-salud\/#website\",\"url\":\"https:\/\/medicina.udd.cl\/centro-epidemiologia-politicas-salud\/\",\"name\":\"Centro de Epidemiolog\u00eda y Pol\u00edticas de Salud\",\"description\":\"Otro blog m\u00e1s de Medicina\",\"inLanguage\":\"es\"},{\"@type\":\"Person\",\"@id\":\"\",\"url\":\"https:\/\/medicina.udd.cl\/centro-epidemiologia-politicas-salud\/noticias\/author\/\"}]}<\/script>\n<!-- \/ Yoast SEO plugin. -->","yoast_head_json":{"title":"Buscan optimizar la capacidad predictiva del Examen de Medicina Preventiva del Adulto Mayor con la creaci\u00f3n de plataforma digital - Centro de Epidemiolog\u00eda y Pol\u00edticas de Salud","robots":{"index":"index","follow":"follow","max-snippet":"max-snippet:-1","max-image-preview":"max-image-preview:large","max-video-preview":"max-video-preview:-1"},"canonical":"https:\/\/medicina.udd.cl\/centro-epidemiologia-politicas-salud\/noticias\/2021\/03\/31\/buscan-optimizar-la-capacidad-predictiva-del-examen-de-medicina-preventiva-del-adulto-mayor-con-la-creacion-de-plataforma-digital\/","og_locale":"es_ES","og_type":"article","og_title":"Buscan optimizar la capacidad predictiva del Examen de Medicina Preventiva del Adulto Mayor con la creaci\u00f3n de plataforma digital - Centro de Epidemiolog\u00eda y Pol\u00edticas de Salud","og_description":"\u201cOptimizaci\u00f3n de la capacidad predictiva del Examen de Medicina Preventiva del Adulto Mayor (EMPAM)\u201d es el nombre del proyecto del Instituto de Ciencias e Innovaci\u00f3n en Medicina (ICIM) de la Universidad del Desarrollo, llevado a cabo con financiamiento del Concurso Fondef IDeA I+D 2019. Su objetivo es el desarrollo e implementaci\u00f3n de una plataforma digital [&hellip;]","og_url":"https:\/\/medicina.udd.cl\/centro-epidemiologia-politicas-salud\/noticias\/2021\/03\/31\/buscan-optimizar-la-capacidad-predictiva-del-examen-de-medicina-preventiva-del-adulto-mayor-con-la-creacion-de-plataforma-digital\/","og_site_name":"Centro de Epidemiolog\u00eda y Pol\u00edticas de Salud","article_published_time":"2021-04-01T01:31:01+00:00","article_modified_time":"2021-04-01T01:31:59+00:00","og_image":[{"width":861,"height":592,"url":"https:\/\/medicina.udd.cl\/centro-epidemiologia-politicas-salud\/files\/2021\/03\/toma-de-ex-glucosa.jpg","type":"image\/jpeg"}],"twitter_misc":{"Escrito por":"","Tiempo de lectura":"3 minutos"},"schema":{"@context":"https:\/\/schema.org","@graph":[{"@type":"Article","@id":"https:\/\/medicina.udd.cl\/centro-epidemiologia-politicas-salud\/noticias\/2021\/03\/31\/buscan-optimizar-la-capacidad-predictiva-del-examen-de-medicina-preventiva-del-adulto-mayor-con-la-creacion-de-plataforma-digital\/#article","isPartOf":{"@id":"https:\/\/medicina.udd.cl\/centro-epidemiologia-politicas-salud\/noticias\/2021\/03\/31\/buscan-optimizar-la-capacidad-predictiva-del-examen-de-medicina-preventiva-del-adulto-mayor-con-la-creacion-de-plataforma-digital\/"},"author":{"name":"","@id":""},"headline":"Buscan optimizar la capacidad predictiva del Examen de Medicina Preventiva del Adulto Mayor con la creaci\u00f3n de plataforma digital","datePublished":"2021-04-01T01:31:01+00:00","dateModified":"2021-04-01T01:31:59+00:00","mainEntityOfPage":{"@id":"https:\/\/medicina.udd.cl\/centro-epidemiologia-politicas-salud\/noticias\/2021\/03\/31\/buscan-optimizar-la-capacidad-predictiva-del-examen-de-medicina-preventiva-del-adulto-mayor-con-la-creacion-de-plataforma-digital\/"},"wordCount":610,"commentCount":0,"image":{"@id":"https:\/\/medicina.udd.cl\/centro-epidemiologia-politicas-salud\/noticias\/2021\/03\/31\/buscan-optimizar-la-capacidad-predictiva-del-examen-de-medicina-preventiva-del-adulto-mayor-con-la-creacion-de-plataforma-digital\/#primaryimage"},"thumbnailUrl":"https:\/\/medicina.udd.cl\/centro-epidemiologia-politicas-salud\/files\/2021\/03\/toma-de-ex-glucosa.jpg","articleSection":["Noticias"],"inLanguage":"es","potentialAction":[{"@type":"CommentAction","name":"Comment","target":["https:\/\/medicina.udd.cl\/centro-epidemiologia-politicas-salud\/noticias\/2021\/03\/31\/buscan-optimizar-la-capacidad-predictiva-del-examen-de-medicina-preventiva-del-adulto-mayor-con-la-creacion-de-plataforma-digital\/#respond"]}]},{"@type":"WebPage","@id":"https:\/\/medicina.udd.cl\/centro-epidemiologia-politicas-salud\/noticias\/2021\/03\/31\/buscan-optimizar-la-capacidad-predictiva-del-examen-de-medicina-preventiva-del-adulto-mayor-con-la-creacion-de-plataforma-digital\/","url":"https:\/\/medicina.udd.cl\/centro-epidemiologia-politicas-salud\/noticias\/2021\/03\/31\/buscan-optimizar-la-capacidad-predictiva-del-examen-de-medicina-preventiva-del-adulto-mayor-con-la-creacion-de-plataforma-digital\/","name":"Buscan optimizar la capacidad predictiva del Examen de Medicina Preventiva del Adulto Mayor con la creaci\u00f3n de plataforma digital - Centro de Epidemiolog\u00eda y Pol\u00edticas de Salud","isPartOf":{"@id":"https:\/\/medicina.udd.cl\/centro-epidemiologia-politicas-salud\/#website"},"primaryImageOfPage":{"@id":"https:\/\/medicina.udd.cl\/centro-epidemiologia-politicas-salud\/noticias\/2021\/03\/31\/buscan-optimizar-la-capacidad-predictiva-del-examen-de-medicina-preventiva-del-adulto-mayor-con-la-creacion-de-plataforma-digital\/#primaryimage"},"image":{"@id":"https:\/\/medicina.udd.cl\/centro-epidemiologia-politicas-salud\/noticias\/2021\/03\/31\/buscan-optimizar-la-capacidad-predictiva-del-examen-de-medicina-preventiva-del-adulto-mayor-con-la-creacion-de-plataforma-digital\/#primaryimage"},"thumbnailUrl":"https:\/\/medicina.udd.cl\/centro-epidemiologia-politicas-salud\/files\/2021\/03\/toma-de-ex-glucosa.jpg","datePublished":"2021-04-01T01:31:01+00:00","dateModified":"2021-04-01T01:31:59+00:00","author":{"@id":""},"breadcrumb":{"@id":"https:\/\/medicina.udd.cl\/centro-epidemiologia-politicas-salud\/noticias\/2021\/03\/31\/buscan-optimizar-la-capacidad-predictiva-del-examen-de-medicina-preventiva-del-adulto-mayor-con-la-creacion-de-plataforma-digital\/#breadcrumb"},"inLanguage":"es","potentialAction":[{"@type":"ReadAction","target":["https:\/\/medicina.udd.cl\/centro-epidemiologia-politicas-salud\/noticias\/2021\/03\/31\/buscan-optimizar-la-capacidad-predictiva-del-examen-de-medicina-preventiva-del-adulto-mayor-con-la-creacion-de-plataforma-digital\/"]}]},{"@type":"ImageObject","inLanguage":"es","@id":"https:\/\/medicina.udd.cl\/centro-epidemiologia-politicas-salud\/noticias\/2021\/03\/31\/buscan-optimizar-la-capacidad-predictiva-del-examen-de-medicina-preventiva-del-adulto-mayor-con-la-creacion-de-plataforma-digital\/#primaryimage","url":"https:\/\/medicina.udd.cl\/centro-epidemiologia-politicas-salud\/files\/2021\/03\/toma-de-ex-glucosa.jpg","contentUrl":"https:\/\/medicina.udd.cl\/centro-epidemiologia-politicas-salud\/files\/2021\/03\/toma-de-ex-glucosa.jpg","width":861,"height":592},{"@type":"BreadcrumbList","@id":"https:\/\/medicina.udd.cl\/centro-epidemiologia-politicas-salud\/noticias\/2021\/03\/31\/buscan-optimizar-la-capacidad-predictiva-del-examen-de-medicina-preventiva-del-adulto-mayor-con-la-creacion-de-plataforma-digital\/#breadcrumb","itemListElement":[{"@type":"ListItem","position":1,"name":"Inicio","item":"https:\/\/medicina.udd.cl\/centro-epidemiologia-politicas-salud\/"},{"@type":"ListItem","position":2,"name":"Buscan optimizar la capacidad predictiva del Examen de Medicina Preventiva del Adulto Mayor con la creaci\u00f3n de plataforma digital"}]},{"@type":"WebSite","@id":"https:\/\/medicina.udd.cl\/centro-epidemiologia-politicas-salud\/#website","url":"https:\/\/medicina.udd.cl\/centro-epidemiologia-politicas-salud\/","name":"Centro de Epidemiolog\u00eda y Pol\u00edticas de Salud","description":"Otro blog m\u00e1s de Medicina","inLanguage":"es"},{"@type":"Person","@id":"","url":"https:\/\/medicina.udd.cl\/centro-epidemiologia-politicas-salud\/noticias\/author\/"}]}},"featured_image_url":"https:\/\/medicina.udd.cl\/centro-epidemiologia-politicas-salud\/files\/2021\/03\/toma-de-ex-glucosa.jpg","_links":{"self":[{"href":"https:\/\/medicina.udd.cl\/centro-epidemiologia-politicas-salud\/wp-json\/wp\/v2\/posts\/2103","targetHints":{"allow":["GET"]}}],"collection":[{"href":"https:\/\/medicina.udd.cl\/centro-epidemiologia-politicas-salud\/wp-json\/wp\/v2\/posts"}],"about":[{"href":"https:\/\/medicina.udd.cl\/centro-epidemiologia-politicas-salud\/wp-json\/wp\/v2\/types\/post"}],"author":[{"embeddable":true,"href":"https:\/\/medicina.udd.cl\/centro-epidemiologia-politicas-salud\/wp-json\/wp\/v2\/users\/42"}],"replies":[{"embeddable":true,"href":"https:\/\/medicina.udd.cl\/centro-epidemiologia-politicas-salud\/wp-json\/wp\/v2\/comments?post=2103"}],"version-history":[{"count":1,"href":"https:\/\/medicina.udd.cl\/centro-epidemiologia-politicas-salud\/wp-json\/wp\/v2\/posts\/2103\/revisions"}],"predecessor-version":[{"id":2105,"href":"https:\/\/medicina.udd.cl\/centro-epidemiologia-politicas-salud\/wp-json\/wp\/v2\/posts\/2103\/revisions\/2105"}],"wp:featuredmedia":[{"embeddable":true,"href":"https:\/\/medicina.udd.cl\/centro-epidemiologia-politicas-salud\/wp-json\/wp\/v2\/media\/2104"}],"wp:attachment":[{"href":"https:\/\/medicina.udd.cl\/centro-epidemiologia-politicas-salud\/wp-json\/wp\/v2\/media?parent=2103"}],"wp:term":[{"taxonomy":"category","embeddable":true,"href":"https:\/\/medicina.udd.cl\/centro-epidemiologia-politicas-salud\/wp-json\/wp\/v2\/categories?post=2103"},{"taxonomy":"post_tag","embeddable":true,"href":"https:\/\/medicina.udd.cl\/centro-epidemiologia-politicas-salud\/wp-json\/wp\/v2\/tags?post=2103"}],"curies":[{"name":"wp","href":"https:\/\/api.w.org\/{rel}","templated":true}]}}