{"id":2397,"date":"2023-08-08T13:14:53","date_gmt":"2023-08-08T17:14:53","guid":{"rendered":"https:\/\/medicina.udd.cl\/centro-epidemiologia-politicas-salud\/?p=2397"},"modified":"2023-08-09T09:25:23","modified_gmt":"2023-08-09T13:25:23","slug":"investigadoras-udd-contribuyen-en-la-creacion-de-la-primera-encuesta-nacional-infantil-en-chile","status":"publish","type":"post","link":"https:\/\/medicina.udd.cl\/centro-epidemiologia-politicas-salud\/noticias\/2023\/08\/08\/investigadoras-udd-contribuyen-en-la-creacion-de-la-primera-encuesta-nacional-infantil-en-chile\/","title":{"rendered":"Investigadoras UDD contribuyen en la creaci\u00f3n de la primera Encuesta Nacional Infantil en Chile"},"content":{"rendered":"\n<figure class=\"wp-block-image aligncenter size-full\"><a href=\"https:\/\/medicina.udd.cl\/centro-epidemiologia-politicas-salud\/files\/2023\/08\/ensi.png\"><img loading=\"lazy\" decoding=\"async\" width=\"654\" height=\"147\" src=\"https:\/\/medicina.udd.cl\/centro-epidemiologia-politicas-salud\/files\/2023\/08\/ensi.png\" alt=\"\" class=\"wp-image-2399\" srcset=\"https:\/\/medicina.udd.cl\/centro-epidemiologia-politicas-salud\/files\/2023\/08\/ensi.png 654w, https:\/\/medicina.udd.cl\/centro-epidemiologia-politicas-salud\/files\/2023\/08\/ensi-300x67.png 300w\" sizes=\"auto, (max-width: 654px) 100vw, 654px\" \/><\/a><\/figure>\n\n\n\n<p>En un esfuerzo sin precedentes para comprender y mejorar la salud de los ni\u00f1os en Chile, las investigadoras Carla Castillo e Isabel Matute del Centro de Epidemiolog\u00eda y Pol\u00edticas de Salud (CEPS) de la Facultad de Medicina Cl\u00ednica Alemana Universidad del Desarrollo (UDD), han desempe\u00f1ado un papel fundamental en la creaci\u00f3n de la primera <a href=\"http:\/\/epi.minsal.cl\/encuesta-ensi\/\">Encuesta de Salud de Infancia y Adolescencia temprana (ENSI)<\/a>. Esta iniciativa, encabezada por el departamento de Epidemiolog\u00eda del Ministerio de Salud, tiene como objetivo arrojar luz sobre la situaci\u00f3n de salud y los factores de riesgo que afectan a los ni\u00f1os de 0 a 14 a\u00f1os en el pa\u00eds.<\/p>\n\n\n\n<p>Desde su inicio en noviembre de 2022, el Grupo Asesor conformado por expertos y liderado por la acad\u00e9mica UDD, Isabel Matute, ha estado trabajando para dar forma a esta crucial encuesta. Las reuniones mensuales se han centrado en la identificaci\u00f3n y revisi\u00f3n de las distintas \u00e1reas tem\u00e1ticas que ser\u00e1n abordadas en el cuestionario.<\/p>\n\n\n\n<p>Castillo y Matute, han subrayado la importancia de esta encuesta como un hito significativo para el pa\u00eds. Hasta la fecha, las encuestas nacionales de salud han excluido a los ni\u00f1os de su alcance, lo que ha dejado un vac\u00edo en la comprensi\u00f3n de su bienestar y las condiciones que los rodean.<\/p>\n\n\n\n<p>\u00abLa realizaci\u00f3n de un estudio de este calibre marcar\u00eda un paso gigante en la direcci\u00f3n correcta para llenar el vac\u00edo de conocimiento que existe en relaci\u00f3n con la salud y el riesgo en ni\u00f1os de edades cruciales\u00bb, afirm\u00f3 Castillo. \u00abFinalmente, podremos contar con datos s\u00f3lidos que respalden la formulaci\u00f3n de pol\u00edticas y programas espec\u00edficos destinados a mejorar la salud infantil en Chile\u00bb, agreg\u00f3 Matute.<\/p>\n\n\n\n<p>La inclusi\u00f3n de estos profesionales destacados en la creaci\u00f3n de la Encuesta Nacional Infantil refleja un compromiso conjunto para abordar las necesidades de salud de los ni\u00f1os y proporcionar una base s\u00f3lida de informaci\u00f3n para tomar decisiones informadas. Con cada reuni\u00f3n y cada paso adelante, este esfuerzo demuestra el poder de la colaboraci\u00f3n entre la academia y el gobierno para impulsar un cambio positivo y duradero en la vida de los ni\u00f1os chilenos.<\/p>\n","protected":false},"excerpt":{"rendered":"<p>En un esfuerzo sin precedentes para comprender y mejorar la salud de los ni\u00f1os en Chile, las investigadoras Carla Castillo e Isabel Matute del Centro de Epidemiolog\u00eda y Pol\u00edticas de Salud (CEPS) de la Facultad de Medicina Cl\u00ednica Alemana Universidad del Desarrollo (UDD), han desempe\u00f1ado un papel fundamental en la creaci\u00f3n de la primera Encuesta [&hellip;]<\/p>\n","protected":false},"author":9192219,"featured_media":2398,"comment_status":"closed","ping_status":"open","sticky":false,"template":"","format":"standard","meta":{"footnotes":""},"categories":[4],"tags":[],"class_list":["post-2397","post","type-post","status-publish","format-standard","has-post-thumbnail","hentry","category-noticias"],"yoast_head":"<!-- This site is optimized with the Yoast SEO plugin v26.9 - https:\/\/yoast.com\/product\/yoast-seo-wordpress\/ -->\n<title>Investigadoras UDD contribuyen en la creaci\u00f3n de la primera Encuesta Nacional Infantil en Chile - Centro de Epidemiolog\u00eda y Pol\u00edticas de Salud<\/title>\n<meta name=\"robots\" content=\"index, follow, max-snippet:-1, max-image-preview:large, max-video-preview:-1\" \/>\n<link rel=\"canonical\" href=\"https:\/\/medicina.udd.cl\/centro-epidemiologia-politicas-salud\/noticias\/2023\/08\/08\/investigadoras-udd-contribuyen-en-la-creacion-de-la-primera-encuesta-nacional-infantil-en-chile\/\" \/>\n<meta property=\"og:locale\" content=\"es_ES\" \/>\n<meta property=\"og:type\" content=\"article\" \/>\n<meta property=\"og:title\" content=\"Investigadoras UDD contribuyen en la creaci\u00f3n de la primera Encuesta Nacional Infantil en Chile - Centro de Epidemiolog\u00eda y Pol\u00edticas de Salud\" \/>\n<meta property=\"og:description\" content=\"En un esfuerzo sin precedentes para comprender y mejorar la salud de los ni\u00f1os en Chile, las investigadoras Carla Castillo e Isabel Matute del Centro de Epidemiolog\u00eda y Pol\u00edticas de Salud (CEPS) de la Facultad de Medicina Cl\u00ednica Alemana Universidad del Desarrollo (UDD), han desempe\u00f1ado un papel fundamental en la creaci\u00f3n de la primera Encuesta [&hellip;]\" \/>\n<meta property=\"og:url\" content=\"https:\/\/medicina.udd.cl\/centro-epidemiologia-politicas-salud\/noticias\/2023\/08\/08\/investigadoras-udd-contribuyen-en-la-creacion-de-la-primera-encuesta-nacional-infantil-en-chile\/\" \/>\n<meta property=\"og:site_name\" content=\"Centro de Epidemiolog\u00eda y Pol\u00edticas de Salud\" \/>\n<meta property=\"article:published_time\" content=\"2023-08-08T17:14:53+00:00\" \/>\n<meta property=\"article:modified_time\" content=\"2023-08-09T13:25:23+00:00\" \/>\n<meta property=\"og:image\" content=\"https:\/\/medicina.udd.cl\/centro-epidemiologia-politicas-salud\/files\/2023\/08\/ensi-portada.png\" \/>\n\t<meta property=\"og:image:width\" content=\"290\" \/>\n\t<meta property=\"og:image:height\" content=\"143\" \/>\n\t<meta property=\"og:image:type\" content=\"image\/png\" \/>\n<meta name=\"author\" content=\"rbraidy\" \/>\n<meta name=\"twitter:label1\" content=\"Escrito por\" \/>\n\t<meta name=\"twitter:data1\" content=\"rbraidy\" \/>\n\t<meta name=\"twitter:label2\" content=\"Tiempo de lectura\" \/>\n\t<meta name=\"twitter:data2\" content=\"2 minutos\" \/>\n<script type=\"application\/ld+json\" class=\"yoast-schema-graph\">{\"@context\":\"https:\/\/schema.org\",\"@graph\":[{\"@type\":\"Article\",\"@id\":\"https:\/\/medicina.udd.cl\/centro-epidemiologia-politicas-salud\/noticias\/2023\/08\/08\/investigadoras-udd-contribuyen-en-la-creacion-de-la-primera-encuesta-nacional-infantil-en-chile\/#article\",\"isPartOf\":{\"@id\":\"https:\/\/medicina.udd.cl\/centro-epidemiologia-politicas-salud\/noticias\/2023\/08\/08\/investigadoras-udd-contribuyen-en-la-creacion-de-la-primera-encuesta-nacional-infantil-en-chile\/\"},\"author\":{\"name\":\"rbraidy\",\"@id\":\"https:\/\/medicina.udd.cl\/centro-epidemiologia-politicas-salud\/#\/schema\/person\/dbc3705bf3a93e8be1ba6de0ef950341\"},\"headline\":\"Investigadoras UDD contribuyen en la creaci\u00f3n de la primera Encuesta Nacional Infantil en Chile\",\"datePublished\":\"2023-08-08T17:14:53+00:00\",\"dateModified\":\"2023-08-09T13:25:23+00:00\",\"mainEntityOfPage\":{\"@id\":\"https:\/\/medicina.udd.cl\/centro-epidemiologia-politicas-salud\/noticias\/2023\/08\/08\/investigadoras-udd-contribuyen-en-la-creacion-de-la-primera-encuesta-nacional-infantil-en-chile\/\"},\"wordCount\":394,\"image\":{\"@id\":\"https:\/\/medicina.udd.cl\/centro-epidemiologia-politicas-salud\/noticias\/2023\/08\/08\/investigadoras-udd-contribuyen-en-la-creacion-de-la-primera-encuesta-nacional-infantil-en-chile\/#primaryimage\"},\"thumbnailUrl\":\"https:\/\/medicina.udd.cl\/centro-epidemiologia-politicas-salud\/files\/2023\/08\/ensi-portada.png\",\"articleSection\":[\"Noticias\"],\"inLanguage\":\"es\"},{\"@type\":\"WebPage\",\"@id\":\"https:\/\/medicina.udd.cl\/centro-epidemiologia-politicas-salud\/noticias\/2023\/08\/08\/investigadoras-udd-contribuyen-en-la-creacion-de-la-primera-encuesta-nacional-infantil-en-chile\/\",\"url\":\"https:\/\/medicina.udd.cl\/centro-epidemiologia-politicas-salud\/noticias\/2023\/08\/08\/investigadoras-udd-contribuyen-en-la-creacion-de-la-primera-encuesta-nacional-infantil-en-chile\/\",\"name\":\"Investigadoras UDD contribuyen en la creaci\u00f3n de la primera Encuesta Nacional Infantil en Chile - Centro de Epidemiolog\u00eda y Pol\u00edticas de Salud\",\"isPartOf\":{\"@id\":\"https:\/\/medicina.udd.cl\/centro-epidemiologia-politicas-salud\/#website\"},\"primaryImageOfPage\":{\"@id\":\"https:\/\/medicina.udd.cl\/centro-epidemiologia-politicas-salud\/noticias\/2023\/08\/08\/investigadoras-udd-contribuyen-en-la-creacion-de-la-primera-encuesta-nacional-infantil-en-chile\/#primaryimage\"},\"image\":{\"@id\":\"https:\/\/medicina.udd.cl\/centro-epidemiologia-politicas-salud\/noticias\/2023\/08\/08\/investigadoras-udd-contribuyen-en-la-creacion-de-la-primera-encuesta-nacional-infantil-en-chile\/#primaryimage\"},\"thumbnailUrl\":\"https:\/\/medicina.udd.cl\/centro-epidemiologia-politicas-salud\/files\/2023\/08\/ensi-portada.png\",\"datePublished\":\"2023-08-08T17:14:53+00:00\",\"dateModified\":\"2023-08-09T13:25:23+00:00\",\"author\":{\"@id\":\"https:\/\/medicina.udd.cl\/centro-epidemiologia-politicas-salud\/#\/schema\/person\/dbc3705bf3a93e8be1ba6de0ef950341\"},\"breadcrumb\":{\"@id\":\"https:\/\/medicina.udd.cl\/centro-epidemiologia-politicas-salud\/noticias\/2023\/08\/08\/investigadoras-udd-contribuyen-en-la-creacion-de-la-primera-encuesta-nacional-infantil-en-chile\/#breadcrumb\"},\"inLanguage\":\"es\",\"potentialAction\":[{\"@type\":\"ReadAction\",\"target\":[\"https:\/\/medicina.udd.cl\/centro-epidemiologia-politicas-salud\/noticias\/2023\/08\/08\/investigadoras-udd-contribuyen-en-la-creacion-de-la-primera-encuesta-nacional-infantil-en-chile\/\"]}]},{\"@type\":\"ImageObject\",\"inLanguage\":\"es\",\"@id\":\"https:\/\/medicina.udd.cl\/centro-epidemiologia-politicas-salud\/noticias\/2023\/08\/08\/investigadoras-udd-contribuyen-en-la-creacion-de-la-primera-encuesta-nacional-infantil-en-chile\/#primaryimage\",\"url\":\"https:\/\/medicina.udd.cl\/centro-epidemiologia-politicas-salud\/files\/2023\/08\/ensi-portada.png\",\"contentUrl\":\"https:\/\/medicina.udd.cl\/centro-epidemiologia-politicas-salud\/files\/2023\/08\/ensi-portada.png\",\"width\":290,\"height\":143},{\"@type\":\"BreadcrumbList\",\"@id\":\"https:\/\/medicina.udd.cl\/centro-epidemiologia-politicas-salud\/noticias\/2023\/08\/08\/investigadoras-udd-contribuyen-en-la-creacion-de-la-primera-encuesta-nacional-infantil-en-chile\/#breadcrumb\",\"itemListElement\":[{\"@type\":\"ListItem\",\"position\":1,\"name\":\"Inicio\",\"item\":\"https:\/\/medicina.udd.cl\/centro-epidemiologia-politicas-salud\/\"},{\"@type\":\"ListItem\",\"position\":2,\"name\":\"Investigadoras UDD contribuyen en la creaci\u00f3n de la primera Encuesta Nacional Infantil en Chile\"}]},{\"@type\":\"WebSite\",\"@id\":\"https:\/\/medicina.udd.cl\/centro-epidemiologia-politicas-salud\/#website\",\"url\":\"https:\/\/medicina.udd.cl\/centro-epidemiologia-politicas-salud\/\",\"name\":\"Centro de Epidemiolog\u00eda y Pol\u00edticas de Salud\",\"description\":\"Otro blog m\u00e1s de Medicina\",\"inLanguage\":\"es\"},{\"@type\":\"Person\",\"@id\":\"https:\/\/medicina.udd.cl\/centro-epidemiologia-politicas-salud\/#\/schema\/person\/dbc3705bf3a93e8be1ba6de0ef950341\",\"name\":\"rbraidy\",\"image\":{\"@type\":\"ImageObject\",\"inLanguage\":\"es\",\"@id\":\"https:\/\/medicina.udd.cl\/centro-epidemiologia-politicas-salud\/#\/schema\/person\/image\/\",\"url\":\"https:\/\/secure.gravatar.com\/avatar\/0f8bc94637401590e45d2ce17eb65c274cb8870a219de6177f3f23e63fd8cdf3?s=96&d=mm&r=g\",\"contentUrl\":\"https:\/\/secure.gravatar.com\/avatar\/0f8bc94637401590e45d2ce17eb65c274cb8870a219de6177f3f23e63fd8cdf3?s=96&d=mm&r=g\",\"caption\":\"rbraidy\"},\"url\":\"https:\/\/medicina.udd.cl\/centro-epidemiologia-politicas-salud\/noticias\/author\/rbraidy\/\"}]}<\/script>\n<!-- \/ Yoast SEO plugin. -->","yoast_head_json":{"title":"Investigadoras UDD contribuyen en la creaci\u00f3n de la primera Encuesta Nacional Infantil en Chile - Centro de Epidemiolog\u00eda y Pol\u00edticas de Salud","robots":{"index":"index","follow":"follow","max-snippet":"max-snippet:-1","max-image-preview":"max-image-preview:large","max-video-preview":"max-video-preview:-1"},"canonical":"https:\/\/medicina.udd.cl\/centro-epidemiologia-politicas-salud\/noticias\/2023\/08\/08\/investigadoras-udd-contribuyen-en-la-creacion-de-la-primera-encuesta-nacional-infantil-en-chile\/","og_locale":"es_ES","og_type":"article","og_title":"Investigadoras UDD contribuyen en la creaci\u00f3n de la primera Encuesta Nacional Infantil en Chile - Centro de Epidemiolog\u00eda y Pol\u00edticas de Salud","og_description":"En un esfuerzo sin precedentes para comprender y mejorar la salud de los ni\u00f1os en Chile, las investigadoras Carla Castillo e Isabel Matute del Centro de Epidemiolog\u00eda y Pol\u00edticas de Salud (CEPS) de la Facultad de Medicina Cl\u00ednica Alemana Universidad del Desarrollo (UDD), han desempe\u00f1ado un papel fundamental en la creaci\u00f3n de la primera Encuesta [&hellip;]","og_url":"https:\/\/medicina.udd.cl\/centro-epidemiologia-politicas-salud\/noticias\/2023\/08\/08\/investigadoras-udd-contribuyen-en-la-creacion-de-la-primera-encuesta-nacional-infantil-en-chile\/","og_site_name":"Centro de Epidemiolog\u00eda y Pol\u00edticas de Salud","article_published_time":"2023-08-08T17:14:53+00:00","article_modified_time":"2023-08-09T13:25:23+00:00","og_image":[{"width":290,"height":143,"url":"https:\/\/medicina.udd.cl\/centro-epidemiologia-politicas-salud\/files\/2023\/08\/ensi-portada.png","type":"image\/png"}],"author":"rbraidy","twitter_misc":{"Escrito por":"rbraidy","Tiempo de lectura":"2 minutos"},"schema":{"@context":"https:\/\/schema.org","@graph":[{"@type":"Article","@id":"https:\/\/medicina.udd.cl\/centro-epidemiologia-politicas-salud\/noticias\/2023\/08\/08\/investigadoras-udd-contribuyen-en-la-creacion-de-la-primera-encuesta-nacional-infantil-en-chile\/#article","isPartOf":{"@id":"https:\/\/medicina.udd.cl\/centro-epidemiologia-politicas-salud\/noticias\/2023\/08\/08\/investigadoras-udd-contribuyen-en-la-creacion-de-la-primera-encuesta-nacional-infantil-en-chile\/"},"author":{"name":"rbraidy","@id":"https:\/\/medicina.udd.cl\/centro-epidemiologia-politicas-salud\/#\/schema\/person\/dbc3705bf3a93e8be1ba6de0ef950341"},"headline":"Investigadoras UDD contribuyen en la creaci\u00f3n de la primera Encuesta Nacional Infantil en Chile","datePublished":"2023-08-08T17:14:53+00:00","dateModified":"2023-08-09T13:25:23+00:00","mainEntityOfPage":{"@id":"https:\/\/medicina.udd.cl\/centro-epidemiologia-politicas-salud\/noticias\/2023\/08\/08\/investigadoras-udd-contribuyen-en-la-creacion-de-la-primera-encuesta-nacional-infantil-en-chile\/"},"wordCount":394,"image":{"@id":"https:\/\/medicina.udd.cl\/centro-epidemiologia-politicas-salud\/noticias\/2023\/08\/08\/investigadoras-udd-contribuyen-en-la-creacion-de-la-primera-encuesta-nacional-infantil-en-chile\/#primaryimage"},"thumbnailUrl":"https:\/\/medicina.udd.cl\/centro-epidemiologia-politicas-salud\/files\/2023\/08\/ensi-portada.png","articleSection":["Noticias"],"inLanguage":"es"},{"@type":"WebPage","@id":"https:\/\/medicina.udd.cl\/centro-epidemiologia-politicas-salud\/noticias\/2023\/08\/08\/investigadoras-udd-contribuyen-en-la-creacion-de-la-primera-encuesta-nacional-infantil-en-chile\/","url":"https:\/\/medicina.udd.cl\/centro-epidemiologia-politicas-salud\/noticias\/2023\/08\/08\/investigadoras-udd-contribuyen-en-la-creacion-de-la-primera-encuesta-nacional-infantil-en-chile\/","name":"Investigadoras UDD contribuyen en la creaci\u00f3n de la primera Encuesta Nacional Infantil en Chile - Centro de Epidemiolog\u00eda y Pol\u00edticas de Salud","isPartOf":{"@id":"https:\/\/medicina.udd.cl\/centro-epidemiologia-politicas-salud\/#website"},"primaryImageOfPage":{"@id":"https:\/\/medicina.udd.cl\/centro-epidemiologia-politicas-salud\/noticias\/2023\/08\/08\/investigadoras-udd-contribuyen-en-la-creacion-de-la-primera-encuesta-nacional-infantil-en-chile\/#primaryimage"},"image":{"@id":"https:\/\/medicina.udd.cl\/centro-epidemiologia-politicas-salud\/noticias\/2023\/08\/08\/investigadoras-udd-contribuyen-en-la-creacion-de-la-primera-encuesta-nacional-infantil-en-chile\/#primaryimage"},"thumbnailUrl":"https:\/\/medicina.udd.cl\/centro-epidemiologia-politicas-salud\/files\/2023\/08\/ensi-portada.png","datePublished":"2023-08-08T17:14:53+00:00","dateModified":"2023-08-09T13:25:23+00:00","author":{"@id":"https:\/\/medicina.udd.cl\/centro-epidemiologia-politicas-salud\/#\/schema\/person\/dbc3705bf3a93e8be1ba6de0ef950341"},"breadcrumb":{"@id":"https:\/\/medicina.udd.cl\/centro-epidemiologia-politicas-salud\/noticias\/2023\/08\/08\/investigadoras-udd-contribuyen-en-la-creacion-de-la-primera-encuesta-nacional-infantil-en-chile\/#breadcrumb"},"inLanguage":"es","potentialAction":[{"@type":"ReadAction","target":["https:\/\/medicina.udd.cl\/centro-epidemiologia-politicas-salud\/noticias\/2023\/08\/08\/investigadoras-udd-contribuyen-en-la-creacion-de-la-primera-encuesta-nacional-infantil-en-chile\/"]}]},{"@type":"ImageObject","inLanguage":"es","@id":"https:\/\/medicina.udd.cl\/centro-epidemiologia-politicas-salud\/noticias\/2023\/08\/08\/investigadoras-udd-contribuyen-en-la-creacion-de-la-primera-encuesta-nacional-infantil-en-chile\/#primaryimage","url":"https:\/\/medicina.udd.cl\/centro-epidemiologia-politicas-salud\/files\/2023\/08\/ensi-portada.png","contentUrl":"https:\/\/medicina.udd.cl\/centro-epidemiologia-politicas-salud\/files\/2023\/08\/ensi-portada.png","width":290,"height":143},{"@type":"BreadcrumbList","@id":"https:\/\/medicina.udd.cl\/centro-epidemiologia-politicas-salud\/noticias\/2023\/08\/08\/investigadoras-udd-contribuyen-en-la-creacion-de-la-primera-encuesta-nacional-infantil-en-chile\/#breadcrumb","itemListElement":[{"@type":"ListItem","position":1,"name":"Inicio","item":"https:\/\/medicina.udd.cl\/centro-epidemiologia-politicas-salud\/"},{"@type":"ListItem","position":2,"name":"Investigadoras UDD contribuyen en la creaci\u00f3n de la primera Encuesta Nacional Infantil en Chile"}]},{"@type":"WebSite","@id":"https:\/\/medicina.udd.cl\/centro-epidemiologia-politicas-salud\/#website","url":"https:\/\/medicina.udd.cl\/centro-epidemiologia-politicas-salud\/","name":"Centro de Epidemiolog\u00eda y Pol\u00edticas de Salud","description":"Otro blog m\u00e1s de Medicina","inLanguage":"es"},{"@type":"Person","@id":"https:\/\/medicina.udd.cl\/centro-epidemiologia-politicas-salud\/#\/schema\/person\/dbc3705bf3a93e8be1ba6de0ef950341","name":"rbraidy","image":{"@type":"ImageObject","inLanguage":"es","@id":"https:\/\/medicina.udd.cl\/centro-epidemiologia-politicas-salud\/#\/schema\/person\/image\/","url":"https:\/\/secure.gravatar.com\/avatar\/0f8bc94637401590e45d2ce17eb65c274cb8870a219de6177f3f23e63fd8cdf3?s=96&d=mm&r=g","contentUrl":"https:\/\/secure.gravatar.com\/avatar\/0f8bc94637401590e45d2ce17eb65c274cb8870a219de6177f3f23e63fd8cdf3?s=96&d=mm&r=g","caption":"rbraidy"},"url":"https:\/\/medicina.udd.cl\/centro-epidemiologia-politicas-salud\/noticias\/author\/rbraidy\/"}]}},"featured_image_url":"https:\/\/medicina.udd.cl\/centro-epidemiologia-politicas-salud\/files\/2023\/08\/ensi-portada.png","_links":{"self":[{"href":"https:\/\/medicina.udd.cl\/centro-epidemiologia-politicas-salud\/wp-json\/wp\/v2\/posts\/2397","targetHints":{"allow":["GET"]}}],"collection":[{"href":"https:\/\/medicina.udd.cl\/centro-epidemiologia-politicas-salud\/wp-json\/wp\/v2\/posts"}],"about":[{"href":"https:\/\/medicina.udd.cl\/centro-epidemiologia-politicas-salud\/wp-json\/wp\/v2\/types\/post"}],"author":[{"embeddable":true,"href":"https:\/\/medicina.udd.cl\/centro-epidemiologia-politicas-salud\/wp-json\/wp\/v2\/users\/9192219"}],"replies":[{"embeddable":true,"href":"https:\/\/medicina.udd.cl\/centro-epidemiologia-politicas-salud\/wp-json\/wp\/v2\/comments?post=2397"}],"version-history":[{"count":2,"href":"https:\/\/medicina.udd.cl\/centro-epidemiologia-politicas-salud\/wp-json\/wp\/v2\/posts\/2397\/revisions"}],"predecessor-version":[{"id":2405,"href":"https:\/\/medicina.udd.cl\/centro-epidemiologia-politicas-salud\/wp-json\/wp\/v2\/posts\/2397\/revisions\/2405"}],"wp:featuredmedia":[{"embeddable":true,"href":"https:\/\/medicina.udd.cl\/centro-epidemiologia-politicas-salud\/wp-json\/wp\/v2\/media\/2398"}],"wp:attachment":[{"href":"https:\/\/medicina.udd.cl\/centro-epidemiologia-politicas-salud\/wp-json\/wp\/v2\/media?parent=2397"}],"wp:term":[{"taxonomy":"category","embeddable":true,"href":"https:\/\/medicina.udd.cl\/centro-epidemiologia-politicas-salud\/wp-json\/wp\/v2\/categories?post=2397"},{"taxonomy":"post_tag","embeddable":true,"href":"https:\/\/medicina.udd.cl\/centro-epidemiologia-politicas-salud\/wp-json\/wp\/v2\/tags?post=2397"}],"curies":[{"name":"wp","href":"https:\/\/api.w.org\/{rel}","templated":true}]}}