{"id":2403,"date":"2023-08-08T17:27:43","date_gmt":"2023-08-08T21:27:43","guid":{"rendered":"https:\/\/medicina.udd.cl\/centro-epidemiologia-politicas-salud\/?p=2403"},"modified":"2023-08-08T17:27:44","modified_gmt":"2023-08-08T21:27:44","slug":"exitosa-culminacion-de-la-segunda-edicion-del-diplomado-de-salud-publica-y-sistemas-de-salud-udd","status":"publish","type":"post","link":"https:\/\/medicina.udd.cl\/centro-epidemiologia-politicas-salud\/noticias\/2023\/08\/08\/exitosa-culminacion-de-la-segunda-edicion-del-diplomado-de-salud-publica-y-sistemas-de-salud-udd\/","title":{"rendered":"Exitosa culminaci\u00f3n de la segunda edici\u00f3n del Diplomado de Salud P\u00fablica y Sistemas de Salud UDD"},"content":{"rendered":"\n<figure class=\"wp-block-image aligncenter size-large\"><a href=\"https:\/\/medicina.udd.cl\/centro-epidemiologia-politicas-salud\/files\/2016\/02\/cropped-Centro-de-Epidemiolog\u00eda-y-Pol\u00edticas-de-Salud-1.jpg\"><img loading=\"lazy\" decoding=\"async\" width=\"1024\" height=\"512\" src=\"https:\/\/medicina.udd.cl\/centro-epidemiologia-politicas-salud\/files\/2016\/02\/cropped-Centro-de-Epidemiolog\u00eda-y-Pol\u00edticas-de-Salud-1-1024x512.jpg\" alt=\"\" class=\"wp-image-2198\" srcset=\"https:\/\/medicina.udd.cl\/centro-epidemiologia-politicas-salud\/files\/2016\/02\/cropped-Centro-de-Epidemiolog\u00eda-y-Pol\u00edticas-de-Salud-1-1024x512.jpg 1024w, https:\/\/medicina.udd.cl\/centro-epidemiologia-politicas-salud\/files\/2016\/02\/cropped-Centro-de-Epidemiolog\u00eda-y-Pol\u00edticas-de-Salud-1-300x150.jpg 300w, https:\/\/medicina.udd.cl\/centro-epidemiologia-politicas-salud\/files\/2016\/02\/cropped-Centro-de-Epidemiolog\u00eda-y-Pol\u00edticas-de-Salud-1-768x384.jpg 768w, https:\/\/medicina.udd.cl\/centro-epidemiologia-politicas-salud\/files\/2016\/02\/cropped-Centro-de-Epidemiolog\u00eda-y-Pol\u00edticas-de-Salud-1-1536x768.jpg 1536w, https:\/\/medicina.udd.cl\/centro-epidemiologia-politicas-salud\/files\/2016\/02\/cropped-Centro-de-Epidemiolog\u00eda-y-Pol\u00edticas-de-Salud-1.jpg 1920w\" sizes=\"auto, (max-width: 1024px) 100vw, 1024px\" \/><\/a><\/figure>\n\n\n\n<p>El Centro de Epidemiolog\u00eda y Pol\u00edticas de Salud (CEPS) de la Facultad de Medicina Cl\u00ednica Alemana Universidad del Desarrollo (UDD) celebr\u00f3 el cierre de la segunda versi\u00f3n del \u00abDiplomado de Salud P\u00fablica y Sistemas de Salud\u00bb. Este programa acad\u00e9mico de alto nivel ha culminado con gran \u00e9xito, brindando a los participantes valiosas herramientas para el fortalecimiento y mejora de las capacidades en la gesti\u00f3n, an\u00e1lisis e interpretaci\u00f3n de los desaf\u00edos de salud de la poblaci\u00f3n.<\/p>\n\n\n\n<p>El diplomado, cuyo prop\u00f3sito radica en contribuir a la formaci\u00f3n de profesionales capaces de abordar las complejidades del \u00e1mbito de la salud p\u00fablica, ha capacitado a un grupo selecto de estudiantes en la comprensi\u00f3n de la estructura y funcionamiento del sistema de salud chileno y su marco legal. Adem\u00e1s, los participantes han explorado este contexto en el \u00e1mbito global, considerando tambi\u00e9n las regulaciones internacionales que influyen en la prestaci\u00f3n de servicios de salud y la gesti\u00f3n de pol\u00edticas.<\/p>\n\n\n\n<p>Los asistentes han elogiado la calidad y relevancia de los contenidos presentados durante el diplomado, resaltando la perspicacia de los profesores y expertos que compartieron sus conocimientos y experiencia. La combinaci\u00f3n de teor\u00eda y aplicaci\u00f3n pr\u00e1ctica ha permitido a los estudiantes adquirir un conjunto diverso de habilidades que son esenciales en el campo de la salud p\u00fablica y la gesti\u00f3n de sistemas de salud.<\/p>\n\n\n\n<p>Debido al \u00e9xito alcanzado en esta edici\u00f3n, el CEPS se complace en anunciar que una nueva versi\u00f3n del diplomado est\u00e1 programada para abril de 2024. Los interesados tendr\u00e1n la oportunidad de sumergirse en un programa enriquecedor que no solo impulsa el crecimiento profesional, sino que tambi\u00e9n contribuye al avance de la salud p\u00fablica en Chile y m\u00e1s all\u00e1.<\/p>\n\n\n\n<p>Este logro representa un testimonio del compromiso continuo de la UDD y su Centro de Epidemiolog\u00eda y Pol\u00edticas de Salud en la formaci\u00f3n de l\u00edderes y expertos que marcar\u00e1n una diferencia significativa en la salud y el bienestar de las comunidades.<\/p>\n","protected":false},"excerpt":{"rendered":"<p>El Centro de Epidemiolog\u00eda y Pol\u00edticas de Salud (CEPS) de la Facultad de Medicina Cl\u00ednica Alemana Universidad del Desarrollo (UDD) celebr\u00f3 el cierre de la segunda versi\u00f3n del \u00abDiplomado de Salud P\u00fablica y Sistemas de Salud\u00bb. Este programa acad\u00e9mico de alto nivel ha culminado con gran \u00e9xito, brindando a los participantes valiosas herramientas para el [&hellip;]<\/p>\n","protected":false},"author":9192219,"featured_media":2198,"comment_status":"closed","ping_status":"open","sticky":false,"template":"","format":"standard","meta":{"footnotes":""},"categories":[4],"tags":[],"class_list":["post-2403","post","type-post","status-publish","format-standard","has-post-thumbnail","hentry","category-noticias"],"yoast_head":"<!-- This site is optimized with the Yoast SEO plugin v26.9 - https:\/\/yoast.com\/product\/yoast-seo-wordpress\/ -->\n<title>Exitosa culminaci\u00f3n de la segunda edici\u00f3n del Diplomado de Salud P\u00fablica y Sistemas de Salud UDD - Centro de Epidemiolog\u00eda y Pol\u00edticas de Salud<\/title>\n<meta name=\"robots\" content=\"index, follow, max-snippet:-1, max-image-preview:large, max-video-preview:-1\" \/>\n<link rel=\"canonical\" href=\"https:\/\/medicina.udd.cl\/centro-epidemiologia-politicas-salud\/noticias\/2023\/08\/08\/exitosa-culminacion-de-la-segunda-edicion-del-diplomado-de-salud-publica-y-sistemas-de-salud-udd\/\" \/>\n<meta property=\"og:locale\" content=\"es_ES\" \/>\n<meta property=\"og:type\" content=\"article\" \/>\n<meta property=\"og:title\" content=\"Exitosa culminaci\u00f3n de la segunda edici\u00f3n del Diplomado de Salud P\u00fablica y Sistemas de Salud UDD - Centro de Epidemiolog\u00eda y Pol\u00edticas de Salud\" \/>\n<meta property=\"og:description\" content=\"El Centro de Epidemiolog\u00eda y Pol\u00edticas de Salud (CEPS) de la Facultad de Medicina Cl\u00ednica Alemana Universidad del Desarrollo (UDD) celebr\u00f3 el cierre de la segunda versi\u00f3n del \u00abDiplomado de Salud P\u00fablica y Sistemas de Salud\u00bb. Este programa acad\u00e9mico de alto nivel ha culminado con gran \u00e9xito, brindando a los participantes valiosas herramientas para el [&hellip;]\" \/>\n<meta property=\"og:url\" content=\"https:\/\/medicina.udd.cl\/centro-epidemiologia-politicas-salud\/noticias\/2023\/08\/08\/exitosa-culminacion-de-la-segunda-edicion-del-diplomado-de-salud-publica-y-sistemas-de-salud-udd\/\" \/>\n<meta property=\"og:site_name\" content=\"Centro de Epidemiolog\u00eda y Pol\u00edticas de Salud\" \/>\n<meta property=\"article:published_time\" content=\"2023-08-08T21:27:43+00:00\" \/>\n<meta property=\"article:modified_time\" content=\"2023-08-08T21:27:44+00:00\" \/>\n<meta property=\"og:image\" content=\"https:\/\/medicina.udd.cl\/centro-epidemiologia-politicas-salud\/files\/2016\/02\/cropped-Centro-de-Epidemiolog\u00eda-y-Pol\u00edticas-de-Salud-1.jpg\" \/>\n\t<meta property=\"og:image:width\" content=\"1920\" \/>\n\t<meta property=\"og:image:height\" content=\"960\" \/>\n\t<meta property=\"og:image:type\" content=\"image\/jpeg\" \/>\n<meta name=\"author\" content=\"rbraidy\" \/>\n<meta name=\"twitter:label1\" content=\"Escrito por\" \/>\n\t<meta name=\"twitter:data1\" content=\"rbraidy\" \/>\n\t<meta name=\"twitter:label2\" content=\"Tiempo de lectura\" \/>\n\t<meta name=\"twitter:data2\" content=\"2 minutos\" \/>\n<script type=\"application\/ld+json\" class=\"yoast-schema-graph\">{\"@context\":\"https:\/\/schema.org\",\"@graph\":[{\"@type\":\"Article\",\"@id\":\"https:\/\/medicina.udd.cl\/centro-epidemiologia-politicas-salud\/noticias\/2023\/08\/08\/exitosa-culminacion-de-la-segunda-edicion-del-diplomado-de-salud-publica-y-sistemas-de-salud-udd\/#article\",\"isPartOf\":{\"@id\":\"https:\/\/medicina.udd.cl\/centro-epidemiologia-politicas-salud\/noticias\/2023\/08\/08\/exitosa-culminacion-de-la-segunda-edicion-del-diplomado-de-salud-publica-y-sistemas-de-salud-udd\/\"},\"author\":{\"name\":\"rbraidy\",\"@id\":\"https:\/\/medicina.udd.cl\/centro-epidemiologia-politicas-salud\/#\/schema\/person\/dbc3705bf3a93e8be1ba6de0ef950341\"},\"headline\":\"Exitosa culminaci\u00f3n de la segunda edici\u00f3n del Diplomado de Salud P\u00fablica y Sistemas de Salud UDD\",\"datePublished\":\"2023-08-08T21:27:43+00:00\",\"dateModified\":\"2023-08-08T21:27:44+00:00\",\"mainEntityOfPage\":{\"@id\":\"https:\/\/medicina.udd.cl\/centro-epidemiologia-politicas-salud\/noticias\/2023\/08\/08\/exitosa-culminacion-de-la-segunda-edicion-del-diplomado-de-salud-publica-y-sistemas-de-salud-udd\/\"},\"wordCount\":371,\"image\":{\"@id\":\"https:\/\/medicina.udd.cl\/centro-epidemiologia-politicas-salud\/noticias\/2023\/08\/08\/exitosa-culminacion-de-la-segunda-edicion-del-diplomado-de-salud-publica-y-sistemas-de-salud-udd\/#primaryimage\"},\"thumbnailUrl\":\"https:\/\/medicina.udd.cl\/centro-epidemiologia-politicas-salud\/files\/2016\/02\/cropped-Centro-de-Epidemiolog\u00eda-y-Pol\u00edticas-de-Salud-1.jpg\",\"articleSection\":[\"Noticias\"],\"inLanguage\":\"es\"},{\"@type\":\"WebPage\",\"@id\":\"https:\/\/medicina.udd.cl\/centro-epidemiologia-politicas-salud\/noticias\/2023\/08\/08\/exitosa-culminacion-de-la-segunda-edicion-del-diplomado-de-salud-publica-y-sistemas-de-salud-udd\/\",\"url\":\"https:\/\/medicina.udd.cl\/centro-epidemiologia-politicas-salud\/noticias\/2023\/08\/08\/exitosa-culminacion-de-la-segunda-edicion-del-diplomado-de-salud-publica-y-sistemas-de-salud-udd\/\",\"name\":\"Exitosa culminaci\u00f3n de la segunda edici\u00f3n del Diplomado de Salud P\u00fablica y Sistemas de Salud UDD - Centro de Epidemiolog\u00eda y Pol\u00edticas de Salud\",\"isPartOf\":{\"@id\":\"https:\/\/medicina.udd.cl\/centro-epidemiologia-politicas-salud\/#website\"},\"primaryImageOfPage\":{\"@id\":\"https:\/\/medicina.udd.cl\/centro-epidemiologia-politicas-salud\/noticias\/2023\/08\/08\/exitosa-culminacion-de-la-segunda-edicion-del-diplomado-de-salud-publica-y-sistemas-de-salud-udd\/#primaryimage\"},\"image\":{\"@id\":\"https:\/\/medicina.udd.cl\/centro-epidemiologia-politicas-salud\/noticias\/2023\/08\/08\/exitosa-culminacion-de-la-segunda-edicion-del-diplomado-de-salud-publica-y-sistemas-de-salud-udd\/#primaryimage\"},\"thumbnailUrl\":\"https:\/\/medicina.udd.cl\/centro-epidemiologia-politicas-salud\/files\/2016\/02\/cropped-Centro-de-Epidemiolog\u00eda-y-Pol\u00edticas-de-Salud-1.jpg\",\"datePublished\":\"2023-08-08T21:27:43+00:00\",\"dateModified\":\"2023-08-08T21:27:44+00:00\",\"author\":{\"@id\":\"https:\/\/medicina.udd.cl\/centro-epidemiologia-politicas-salud\/#\/schema\/person\/dbc3705bf3a93e8be1ba6de0ef950341\"},\"breadcrumb\":{\"@id\":\"https:\/\/medicina.udd.cl\/centro-epidemiologia-politicas-salud\/noticias\/2023\/08\/08\/exitosa-culminacion-de-la-segunda-edicion-del-diplomado-de-salud-publica-y-sistemas-de-salud-udd\/#breadcrumb\"},\"inLanguage\":\"es\",\"potentialAction\":[{\"@type\":\"ReadAction\",\"target\":[\"https:\/\/medicina.udd.cl\/centro-epidemiologia-politicas-salud\/noticias\/2023\/08\/08\/exitosa-culminacion-de-la-segunda-edicion-del-diplomado-de-salud-publica-y-sistemas-de-salud-udd\/\"]}]},{\"@type\":\"ImageObject\",\"inLanguage\":\"es\",\"@id\":\"https:\/\/medicina.udd.cl\/centro-epidemiologia-politicas-salud\/noticias\/2023\/08\/08\/exitosa-culminacion-de-la-segunda-edicion-del-diplomado-de-salud-publica-y-sistemas-de-salud-udd\/#primaryimage\",\"url\":\"https:\/\/medicina.udd.cl\/centro-epidemiologia-politicas-salud\/files\/2016\/02\/cropped-Centro-de-Epidemiolog\u00eda-y-Pol\u00edticas-de-Salud-1.jpg\",\"contentUrl\":\"https:\/\/medicina.udd.cl\/centro-epidemiologia-politicas-salud\/files\/2016\/02\/cropped-Centro-de-Epidemiolog\u00eda-y-Pol\u00edticas-de-Salud-1.jpg\",\"width\":1920,\"height\":960},{\"@type\":\"BreadcrumbList\",\"@id\":\"https:\/\/medicina.udd.cl\/centro-epidemiologia-politicas-salud\/noticias\/2023\/08\/08\/exitosa-culminacion-de-la-segunda-edicion-del-diplomado-de-salud-publica-y-sistemas-de-salud-udd\/#breadcrumb\",\"itemListElement\":[{\"@type\":\"ListItem\",\"position\":1,\"name\":\"Inicio\",\"item\":\"https:\/\/medicina.udd.cl\/centro-epidemiologia-politicas-salud\/\"},{\"@type\":\"ListItem\",\"position\":2,\"name\":\"Exitosa culminaci\u00f3n de la segunda edici\u00f3n del Diplomado de Salud P\u00fablica y Sistemas de Salud UDD\"}]},{\"@type\":\"WebSite\",\"@id\":\"https:\/\/medicina.udd.cl\/centro-epidemiologia-politicas-salud\/#website\",\"url\":\"https:\/\/medicina.udd.cl\/centro-epidemiologia-politicas-salud\/\",\"name\":\"Centro de Epidemiolog\u00eda y Pol\u00edticas de Salud\",\"description\":\"Otro blog m\u00e1s de Medicina\",\"inLanguage\":\"es\"},{\"@type\":\"Person\",\"@id\":\"https:\/\/medicina.udd.cl\/centro-epidemiologia-politicas-salud\/#\/schema\/person\/dbc3705bf3a93e8be1ba6de0ef950341\",\"name\":\"rbraidy\",\"image\":{\"@type\":\"ImageObject\",\"inLanguage\":\"es\",\"@id\":\"https:\/\/medicina.udd.cl\/centro-epidemiologia-politicas-salud\/#\/schema\/person\/image\/\",\"url\":\"https:\/\/secure.gravatar.com\/avatar\/0f8bc94637401590e45d2ce17eb65c274cb8870a219de6177f3f23e63fd8cdf3?s=96&d=mm&r=g\",\"contentUrl\":\"https:\/\/secure.gravatar.com\/avatar\/0f8bc94637401590e45d2ce17eb65c274cb8870a219de6177f3f23e63fd8cdf3?s=96&d=mm&r=g\",\"caption\":\"rbraidy\"},\"url\":\"https:\/\/medicina.udd.cl\/centro-epidemiologia-politicas-salud\/noticias\/author\/rbraidy\/\"}]}<\/script>\n<!-- \/ Yoast SEO plugin. -->","yoast_head_json":{"title":"Exitosa culminaci\u00f3n de la segunda edici\u00f3n del Diplomado de Salud P\u00fablica y Sistemas de Salud UDD - Centro de Epidemiolog\u00eda y Pol\u00edticas de Salud","robots":{"index":"index","follow":"follow","max-snippet":"max-snippet:-1","max-image-preview":"max-image-preview:large","max-video-preview":"max-video-preview:-1"},"canonical":"https:\/\/medicina.udd.cl\/centro-epidemiologia-politicas-salud\/noticias\/2023\/08\/08\/exitosa-culminacion-de-la-segunda-edicion-del-diplomado-de-salud-publica-y-sistemas-de-salud-udd\/","og_locale":"es_ES","og_type":"article","og_title":"Exitosa culminaci\u00f3n de la segunda edici\u00f3n del Diplomado de Salud P\u00fablica y Sistemas de Salud UDD - Centro de Epidemiolog\u00eda y Pol\u00edticas de Salud","og_description":"El Centro de Epidemiolog\u00eda y Pol\u00edticas de Salud (CEPS) de la Facultad de Medicina Cl\u00ednica Alemana Universidad del Desarrollo (UDD) celebr\u00f3 el cierre de la segunda versi\u00f3n del \u00abDiplomado de Salud P\u00fablica y Sistemas de Salud\u00bb. Este programa acad\u00e9mico de alto nivel ha culminado con gran \u00e9xito, brindando a los participantes valiosas herramientas para el [&hellip;]","og_url":"https:\/\/medicina.udd.cl\/centro-epidemiologia-politicas-salud\/noticias\/2023\/08\/08\/exitosa-culminacion-de-la-segunda-edicion-del-diplomado-de-salud-publica-y-sistemas-de-salud-udd\/","og_site_name":"Centro de Epidemiolog\u00eda y Pol\u00edticas de Salud","article_published_time":"2023-08-08T21:27:43+00:00","article_modified_time":"2023-08-08T21:27:44+00:00","og_image":[{"width":1920,"height":960,"url":"https:\/\/medicina.udd.cl\/centro-epidemiologia-politicas-salud\/files\/2016\/02\/cropped-Centro-de-Epidemiolog\u00eda-y-Pol\u00edticas-de-Salud-1.jpg","type":"image\/jpeg"}],"author":"rbraidy","twitter_misc":{"Escrito por":"rbraidy","Tiempo de lectura":"2 minutos"},"schema":{"@context":"https:\/\/schema.org","@graph":[{"@type":"Article","@id":"https:\/\/medicina.udd.cl\/centro-epidemiologia-politicas-salud\/noticias\/2023\/08\/08\/exitosa-culminacion-de-la-segunda-edicion-del-diplomado-de-salud-publica-y-sistemas-de-salud-udd\/#article","isPartOf":{"@id":"https:\/\/medicina.udd.cl\/centro-epidemiologia-politicas-salud\/noticias\/2023\/08\/08\/exitosa-culminacion-de-la-segunda-edicion-del-diplomado-de-salud-publica-y-sistemas-de-salud-udd\/"},"author":{"name":"rbraidy","@id":"https:\/\/medicina.udd.cl\/centro-epidemiologia-politicas-salud\/#\/schema\/person\/dbc3705bf3a93e8be1ba6de0ef950341"},"headline":"Exitosa culminaci\u00f3n de la segunda edici\u00f3n del Diplomado de Salud P\u00fablica y Sistemas de Salud UDD","datePublished":"2023-08-08T21:27:43+00:00","dateModified":"2023-08-08T21:27:44+00:00","mainEntityOfPage":{"@id":"https:\/\/medicina.udd.cl\/centro-epidemiologia-politicas-salud\/noticias\/2023\/08\/08\/exitosa-culminacion-de-la-segunda-edicion-del-diplomado-de-salud-publica-y-sistemas-de-salud-udd\/"},"wordCount":371,"image":{"@id":"https:\/\/medicina.udd.cl\/centro-epidemiologia-politicas-salud\/noticias\/2023\/08\/08\/exitosa-culminacion-de-la-segunda-edicion-del-diplomado-de-salud-publica-y-sistemas-de-salud-udd\/#primaryimage"},"thumbnailUrl":"https:\/\/medicina.udd.cl\/centro-epidemiologia-politicas-salud\/files\/2016\/02\/cropped-Centro-de-Epidemiolog\u00eda-y-Pol\u00edticas-de-Salud-1.jpg","articleSection":["Noticias"],"inLanguage":"es"},{"@type":"WebPage","@id":"https:\/\/medicina.udd.cl\/centro-epidemiologia-politicas-salud\/noticias\/2023\/08\/08\/exitosa-culminacion-de-la-segunda-edicion-del-diplomado-de-salud-publica-y-sistemas-de-salud-udd\/","url":"https:\/\/medicina.udd.cl\/centro-epidemiologia-politicas-salud\/noticias\/2023\/08\/08\/exitosa-culminacion-de-la-segunda-edicion-del-diplomado-de-salud-publica-y-sistemas-de-salud-udd\/","name":"Exitosa culminaci\u00f3n de la segunda edici\u00f3n del Diplomado de Salud P\u00fablica y Sistemas de Salud UDD - Centro de Epidemiolog\u00eda y Pol\u00edticas de Salud","isPartOf":{"@id":"https:\/\/medicina.udd.cl\/centro-epidemiologia-politicas-salud\/#website"},"primaryImageOfPage":{"@id":"https:\/\/medicina.udd.cl\/centro-epidemiologia-politicas-salud\/noticias\/2023\/08\/08\/exitosa-culminacion-de-la-segunda-edicion-del-diplomado-de-salud-publica-y-sistemas-de-salud-udd\/#primaryimage"},"image":{"@id":"https:\/\/medicina.udd.cl\/centro-epidemiologia-politicas-salud\/noticias\/2023\/08\/08\/exitosa-culminacion-de-la-segunda-edicion-del-diplomado-de-salud-publica-y-sistemas-de-salud-udd\/#primaryimage"},"thumbnailUrl":"https:\/\/medicina.udd.cl\/centro-epidemiologia-politicas-salud\/files\/2016\/02\/cropped-Centro-de-Epidemiolog\u00eda-y-Pol\u00edticas-de-Salud-1.jpg","datePublished":"2023-08-08T21:27:43+00:00","dateModified":"2023-08-08T21:27:44+00:00","author":{"@id":"https:\/\/medicina.udd.cl\/centro-epidemiologia-politicas-salud\/#\/schema\/person\/dbc3705bf3a93e8be1ba6de0ef950341"},"breadcrumb":{"@id":"https:\/\/medicina.udd.cl\/centro-epidemiologia-politicas-salud\/noticias\/2023\/08\/08\/exitosa-culminacion-de-la-segunda-edicion-del-diplomado-de-salud-publica-y-sistemas-de-salud-udd\/#breadcrumb"},"inLanguage":"es","potentialAction":[{"@type":"ReadAction","target":["https:\/\/medicina.udd.cl\/centro-epidemiologia-politicas-salud\/noticias\/2023\/08\/08\/exitosa-culminacion-de-la-segunda-edicion-del-diplomado-de-salud-publica-y-sistemas-de-salud-udd\/"]}]},{"@type":"ImageObject","inLanguage":"es","@id":"https:\/\/medicina.udd.cl\/centro-epidemiologia-politicas-salud\/noticias\/2023\/08\/08\/exitosa-culminacion-de-la-segunda-edicion-del-diplomado-de-salud-publica-y-sistemas-de-salud-udd\/#primaryimage","url":"https:\/\/medicina.udd.cl\/centro-epidemiologia-politicas-salud\/files\/2016\/02\/cropped-Centro-de-Epidemiolog\u00eda-y-Pol\u00edticas-de-Salud-1.jpg","contentUrl":"https:\/\/medicina.udd.cl\/centro-epidemiologia-politicas-salud\/files\/2016\/02\/cropped-Centro-de-Epidemiolog\u00eda-y-Pol\u00edticas-de-Salud-1.jpg","width":1920,"height":960},{"@type":"BreadcrumbList","@id":"https:\/\/medicina.udd.cl\/centro-epidemiologia-politicas-salud\/noticias\/2023\/08\/08\/exitosa-culminacion-de-la-segunda-edicion-del-diplomado-de-salud-publica-y-sistemas-de-salud-udd\/#breadcrumb","itemListElement":[{"@type":"ListItem","position":1,"name":"Inicio","item":"https:\/\/medicina.udd.cl\/centro-epidemiologia-politicas-salud\/"},{"@type":"ListItem","position":2,"name":"Exitosa culminaci\u00f3n de la segunda edici\u00f3n del Diplomado de Salud P\u00fablica y Sistemas de Salud UDD"}]},{"@type":"WebSite","@id":"https:\/\/medicina.udd.cl\/centro-epidemiologia-politicas-salud\/#website","url":"https:\/\/medicina.udd.cl\/centro-epidemiologia-politicas-salud\/","name":"Centro de Epidemiolog\u00eda y Pol\u00edticas de Salud","description":"Otro blog m\u00e1s de Medicina","inLanguage":"es"},{"@type":"Person","@id":"https:\/\/medicina.udd.cl\/centro-epidemiologia-politicas-salud\/#\/schema\/person\/dbc3705bf3a93e8be1ba6de0ef950341","name":"rbraidy","image":{"@type":"ImageObject","inLanguage":"es","@id":"https:\/\/medicina.udd.cl\/centro-epidemiologia-politicas-salud\/#\/schema\/person\/image\/","url":"https:\/\/secure.gravatar.com\/avatar\/0f8bc94637401590e45d2ce17eb65c274cb8870a219de6177f3f23e63fd8cdf3?s=96&d=mm&r=g","contentUrl":"https:\/\/secure.gravatar.com\/avatar\/0f8bc94637401590e45d2ce17eb65c274cb8870a219de6177f3f23e63fd8cdf3?s=96&d=mm&r=g","caption":"rbraidy"},"url":"https:\/\/medicina.udd.cl\/centro-epidemiologia-politicas-salud\/noticias\/author\/rbraidy\/"}]}},"featured_image_url":"https:\/\/medicina.udd.cl\/centro-epidemiologia-politicas-salud\/files\/2016\/02\/cropped-Centro-de-Epidemiolog\u00eda-y-Pol\u00edticas-de-Salud-1.jpg","_links":{"self":[{"href":"https:\/\/medicina.udd.cl\/centro-epidemiologia-politicas-salud\/wp-json\/wp\/v2\/posts\/2403","targetHints":{"allow":["GET"]}}],"collection":[{"href":"https:\/\/medicina.udd.cl\/centro-epidemiologia-politicas-salud\/wp-json\/wp\/v2\/posts"}],"about":[{"href":"https:\/\/medicina.udd.cl\/centro-epidemiologia-politicas-salud\/wp-json\/wp\/v2\/types\/post"}],"author":[{"embeddable":true,"href":"https:\/\/medicina.udd.cl\/centro-epidemiologia-politicas-salud\/wp-json\/wp\/v2\/users\/9192219"}],"replies":[{"embeddable":true,"href":"https:\/\/medicina.udd.cl\/centro-epidemiologia-politicas-salud\/wp-json\/wp\/v2\/comments?post=2403"}],"version-history":[{"count":1,"href":"https:\/\/medicina.udd.cl\/centro-epidemiologia-politicas-salud\/wp-json\/wp\/v2\/posts\/2403\/revisions"}],"predecessor-version":[{"id":2404,"href":"https:\/\/medicina.udd.cl\/centro-epidemiologia-politicas-salud\/wp-json\/wp\/v2\/posts\/2403\/revisions\/2404"}],"wp:featuredmedia":[{"embeddable":true,"href":"https:\/\/medicina.udd.cl\/centro-epidemiologia-politicas-salud\/wp-json\/wp\/v2\/media\/2198"}],"wp:attachment":[{"href":"https:\/\/medicina.udd.cl\/centro-epidemiologia-politicas-salud\/wp-json\/wp\/v2\/media?parent=2403"}],"wp:term":[{"taxonomy":"category","embeddable":true,"href":"https:\/\/medicina.udd.cl\/centro-epidemiologia-politicas-salud\/wp-json\/wp\/v2\/categories?post=2403"},{"taxonomy":"post_tag","embeddable":true,"href":"https:\/\/medicina.udd.cl\/centro-epidemiologia-politicas-salud\/wp-json\/wp\/v2\/tags?post=2403"}],"curies":[{"name":"wp","href":"https:\/\/api.w.org\/{rel}","templated":true}]}}