{"id":2508,"date":"2024-03-25T13:28:03","date_gmt":"2024-03-25T16:28:03","guid":{"rendered":"https:\/\/medicina.udd.cl\/centro-epidemiologia-politicas-salud\/?p=2508"},"modified":"2024-03-25T13:28:05","modified_gmt":"2024-03-25T16:28:05","slug":"academica-udd-presento-resultados-sobre-vigilancia-integrada-de-virus-respiratorios-en-importante-jornada-nacional","status":"publish","type":"post","link":"https:\/\/medicina.udd.cl\/centro-epidemiologia-politicas-salud\/noticias\/2024\/03\/25\/academica-udd-presento-resultados-sobre-vigilancia-integrada-de-virus-respiratorios-en-importante-jornada-nacional\/","title":{"rendered":"Acad\u00e9mica UDD present\u00f3 resultados sobre vigilancia integrada de virus respiratorios en importante jornada nacional"},"content":{"rendered":"\n<figure class=\"wp-block-gallery has-nested-images columns-default is-cropped wp-block-gallery-1 is-layout-flex wp-block-gallery-is-layout-flex\">\n<figure class=\"wp-block-image size-large\"><a href=\"https:\/\/medicina.udd.cl\/centro-epidemiologia-politicas-salud\/files\/2024\/03\/ceps-jornada-virus-respiratorios-2.jpeg\"><img loading=\"lazy\" decoding=\"async\" width=\"1024\" height=\"768\" data-id=\"2514\" src=\"https:\/\/medicina.udd.cl\/centro-epidemiologia-politicas-salud\/files\/2024\/03\/ceps-jornada-virus-respiratorios-2-1024x768.jpeg\" alt=\"\" class=\"wp-image-2514\" srcset=\"https:\/\/medicina.udd.cl\/centro-epidemiologia-politicas-salud\/files\/2024\/03\/ceps-jornada-virus-respiratorios-2-1024x768.jpeg 1024w, https:\/\/medicina.udd.cl\/centro-epidemiologia-politicas-salud\/files\/2024\/03\/ceps-jornada-virus-respiratorios-2-300x225.jpeg 300w, https:\/\/medicina.udd.cl\/centro-epidemiologia-politicas-salud\/files\/2024\/03\/ceps-jornada-virus-respiratorios-2-768x576.jpeg 768w, https:\/\/medicina.udd.cl\/centro-epidemiologia-politicas-salud\/files\/2024\/03\/ceps-jornada-virus-respiratorios-2-1536x1152.jpeg 1536w, https:\/\/medicina.udd.cl\/centro-epidemiologia-politicas-salud\/files\/2024\/03\/ceps-jornada-virus-respiratorios-2.jpeg 1600w\" sizes=\"auto, (max-width: 1024px) 100vw, 1024px\" \/><\/a><\/figure>\n\n\n\n<figure class=\"wp-block-image size-large\"><a href=\"https:\/\/medicina.udd.cl\/centro-epidemiologia-politicas-salud\/files\/2024\/03\/ceps-jornada-virus-respiratorios-5.jpeg\"><img loading=\"lazy\" decoding=\"async\" width=\"1024\" height=\"768\" data-id=\"2523\" src=\"https:\/\/medicina.udd.cl\/centro-epidemiologia-politicas-salud\/files\/2024\/03\/ceps-jornada-virus-respiratorios-5-1024x768.jpeg\" alt=\"\" class=\"wp-image-2523\" srcset=\"https:\/\/medicina.udd.cl\/centro-epidemiologia-politicas-salud\/files\/2024\/03\/ceps-jornada-virus-respiratorios-5-1024x768.jpeg 1024w, https:\/\/medicina.udd.cl\/centro-epidemiologia-politicas-salud\/files\/2024\/03\/ceps-jornada-virus-respiratorios-5-300x225.jpeg 300w, https:\/\/medicina.udd.cl\/centro-epidemiologia-politicas-salud\/files\/2024\/03\/ceps-jornada-virus-respiratorios-5-768x576.jpeg 768w, https:\/\/medicina.udd.cl\/centro-epidemiologia-politicas-salud\/files\/2024\/03\/ceps-jornada-virus-respiratorios-5-1536x1152.jpeg 1536w, https:\/\/medicina.udd.cl\/centro-epidemiologia-politicas-salud\/files\/2024\/03\/ceps-jornada-virus-respiratorios-5.jpeg 1600w\" sizes=\"auto, (max-width: 1024px) 100vw, 1024px\" \/><\/a><\/figure>\n\n\n\n<figure class=\"wp-block-image size-large\"><a href=\"https:\/\/medicina.udd.cl\/centro-epidemiologia-politicas-salud\/files\/2024\/03\/ceps-jornada-virus-respiratorios-6.jpeg\"><img loading=\"lazy\" decoding=\"async\" width=\"1024\" height=\"768\" data-id=\"2526\" src=\"https:\/\/medicina.udd.cl\/centro-epidemiologia-politicas-salud\/files\/2024\/03\/ceps-jornada-virus-respiratorios-6-1024x768.jpeg\" alt=\"\" class=\"wp-image-2526\" srcset=\"https:\/\/medicina.udd.cl\/centro-epidemiologia-politicas-salud\/files\/2024\/03\/ceps-jornada-virus-respiratorios-6-1024x768.jpeg 1024w, https:\/\/medicina.udd.cl\/centro-epidemiologia-politicas-salud\/files\/2024\/03\/ceps-jornada-virus-respiratorios-6-300x225.jpeg 300w, https:\/\/medicina.udd.cl\/centro-epidemiologia-politicas-salud\/files\/2024\/03\/ceps-jornada-virus-respiratorios-6-768x576.jpeg 768w, https:\/\/medicina.udd.cl\/centro-epidemiologia-politicas-salud\/files\/2024\/03\/ceps-jornada-virus-respiratorios-6-1536x1152.jpeg 1536w, https:\/\/medicina.udd.cl\/centro-epidemiologia-politicas-salud\/files\/2024\/03\/ceps-jornada-virus-respiratorios-6.jpeg 1600w\" sizes=\"auto, (max-width: 1024px) 100vw, 1024px\" \/><\/a><\/figure>\n<\/figure>\n\n\n\n<p>Durante los d\u00edas 19 y 20 de marzo, la investigadora del Centro de Epidemiolog\u00eda y Pol\u00edticas de Salud (CEPS) de la Facultad de Medicina Cl\u00ednica Alemana Universidad del Desarrollo, Xaviera Molina, particip\u00f3 como expositora en la Jornada de Fortalecimiento de la Vigilancia de Influenza, SARS-CoV-2 y otros virus respiratorios 2024. El evento, organizado por el Departamento de Epidemiolog\u00eda del Ministerio de Salud y la Organizaci\u00f3n Panamericana de Salud, tuvo como objetivo principal reforzar y sensibilizar a los centros centinelas de la red nacional de vigilancia de influenza.<\/p>\n\n\n\n<p>Durante su intervenci\u00f3n, la acad\u00e9mica UDD present\u00f3 los resultados del estudio titulado <em>\u00abEvaluaci\u00f3n de la funcionalidad de la vigilancia integrada centinela de virus respiratorios para el SARS-CoV-2 frente a la vigilancia universal del SARS-CoV-2\u00bb<\/em>. En este estudio, Molina demostr\u00f3 la viabilidad de integrar la vigilancia del COVID-19 a la vigilancia centinela de Influenza y otros virus respiratorios (OVR), abriendo nuevas perspectivas para el monitoreo y control de enfermedades respiratorias de importancia epidemiol\u00f3gica.<\/p>\n\n\n\n<p>El evento cont\u00f3 con la participaci\u00f3n activa de la red nacional de vigilancia de influenza y otros virus respiratorios, incluyendo a los 43 centros centinelas de Enfermedades Tipo Influenza (ETI), 10 centros centinelas de Infecciones Respiratorias Agudas Graves (IRAG) y 31 laboratorios de la red de vigilancia de virus respiratorios del ISP. Asimismo, estuvieron presentes los referentes de vigilancia respiratoria de las SEREMIs de Salud y referentes de los Servicios de Salud, consolidando as\u00ed un espacio de intercambio de conocimientos y buenas pr\u00e1cticas en el \u00e1mbito de la salud p\u00fablica.<\/p>\n","protected":false},"excerpt":{"rendered":"<p>Durante los d\u00edas 19 y 20 de marzo, la investigadora del Centro de Epidemiolog\u00eda y Pol\u00edticas de Salud (CEPS) de la Facultad de Medicina Cl\u00ednica Alemana Universidad del Desarrollo, Xaviera Molina, particip\u00f3 como expositora en la Jornada de Fortalecimiento de la Vigilancia de Influenza, SARS-CoV-2 y otros virus respiratorios 2024. El evento, organizado por el [&hellip;]<\/p>\n","protected":false},"author":9192219,"featured_media":2523,"comment_status":"closed","ping_status":"open","sticky":false,"template":"","format":"standard","meta":{"footnotes":""},"categories":[4],"tags":[],"class_list":["post-2508","post","type-post","status-publish","format-standard","has-post-thumbnail","hentry","category-noticias"],"yoast_head":"<!-- This site is optimized with the Yoast SEO plugin v26.9 - https:\/\/yoast.com\/product\/yoast-seo-wordpress\/ -->\n<title>Acad\u00e9mica UDD present\u00f3 resultados sobre vigilancia integrada de virus respiratorios en importante jornada nacional - Centro de Epidemiolog\u00eda y Pol\u00edticas de Salud<\/title>\n<meta name=\"robots\" content=\"index, follow, max-snippet:-1, max-image-preview:large, max-video-preview:-1\" \/>\n<link rel=\"canonical\" href=\"https:\/\/medicina.udd.cl\/centro-epidemiologia-politicas-salud\/noticias\/2024\/03\/25\/academica-udd-presento-resultados-sobre-vigilancia-integrada-de-virus-respiratorios-en-importante-jornada-nacional\/\" \/>\n<meta property=\"og:locale\" content=\"es_ES\" \/>\n<meta property=\"og:type\" content=\"article\" \/>\n<meta property=\"og:title\" content=\"Acad\u00e9mica UDD present\u00f3 resultados sobre vigilancia integrada de virus respiratorios en importante jornada nacional - Centro de Epidemiolog\u00eda y Pol\u00edticas de Salud\" \/>\n<meta property=\"og:description\" content=\"Durante los d\u00edas 19 y 20 de marzo, la investigadora del Centro de Epidemiolog\u00eda y Pol\u00edticas de Salud (CEPS) de la Facultad de Medicina Cl\u00ednica Alemana Universidad del Desarrollo, Xaviera Molina, particip\u00f3 como expositora en la Jornada de Fortalecimiento de la Vigilancia de Influenza, SARS-CoV-2 y otros virus respiratorios 2024. El evento, organizado por el [&hellip;]\" \/>\n<meta property=\"og:url\" content=\"https:\/\/medicina.udd.cl\/centro-epidemiologia-politicas-salud\/noticias\/2024\/03\/25\/academica-udd-presento-resultados-sobre-vigilancia-integrada-de-virus-respiratorios-en-importante-jornada-nacional\/\" \/>\n<meta property=\"og:site_name\" content=\"Centro de Epidemiolog\u00eda y Pol\u00edticas de Salud\" \/>\n<meta property=\"article:published_time\" content=\"2024-03-25T16:28:03+00:00\" \/>\n<meta property=\"article:modified_time\" content=\"2024-03-25T16:28:05+00:00\" \/>\n<meta property=\"og:image\" content=\"https:\/\/medicina.udd.cl\/centro-epidemiologia-politicas-salud\/files\/2024\/03\/ceps-jornada-virus-respiratorios-5.jpeg\" \/>\n\t<meta property=\"og:image:width\" content=\"1600\" \/>\n\t<meta property=\"og:image:height\" content=\"1200\" \/>\n\t<meta property=\"og:image:type\" content=\"image\/jpeg\" \/>\n<meta name=\"author\" content=\"rbraidy\" \/>\n<meta name=\"twitter:label1\" content=\"Escrito por\" \/>\n\t<meta name=\"twitter:data1\" content=\"rbraidy\" \/>\n\t<meta name=\"twitter:label2\" content=\"Tiempo de lectura\" \/>\n\t<meta name=\"twitter:data2\" content=\"2 minutos\" \/>\n<script type=\"application\/ld+json\" class=\"yoast-schema-graph\">{\"@context\":\"https:\/\/schema.org\",\"@graph\":[{\"@type\":\"Article\",\"@id\":\"https:\/\/medicina.udd.cl\/centro-epidemiologia-politicas-salud\/noticias\/2024\/03\/25\/academica-udd-presento-resultados-sobre-vigilancia-integrada-de-virus-respiratorios-en-importante-jornada-nacional\/#article\",\"isPartOf\":{\"@id\":\"https:\/\/medicina.udd.cl\/centro-epidemiologia-politicas-salud\/noticias\/2024\/03\/25\/academica-udd-presento-resultados-sobre-vigilancia-integrada-de-virus-respiratorios-en-importante-jornada-nacional\/\"},\"author\":{\"name\":\"rbraidy\",\"@id\":\"https:\/\/medicina.udd.cl\/centro-epidemiologia-politicas-salud\/#\/schema\/person\/dbc3705bf3a93e8be1ba6de0ef950341\"},\"headline\":\"Acad\u00e9mica UDD present\u00f3 resultados sobre vigilancia integrada de virus respiratorios en importante jornada nacional\",\"datePublished\":\"2024-03-25T16:28:03+00:00\",\"dateModified\":\"2024-03-25T16:28:05+00:00\",\"mainEntityOfPage\":{\"@id\":\"https:\/\/medicina.udd.cl\/centro-epidemiologia-politicas-salud\/noticias\/2024\/03\/25\/academica-udd-presento-resultados-sobre-vigilancia-integrada-de-virus-respiratorios-en-importante-jornada-nacional\/\"},\"wordCount\":271,\"image\":{\"@id\":\"https:\/\/medicina.udd.cl\/centro-epidemiologia-politicas-salud\/noticias\/2024\/03\/25\/academica-udd-presento-resultados-sobre-vigilancia-integrada-de-virus-respiratorios-en-importante-jornada-nacional\/#primaryimage\"},\"thumbnailUrl\":\"https:\/\/medicina.udd.cl\/centro-epidemiologia-politicas-salud\/files\/2024\/03\/ceps-jornada-virus-respiratorios-5.jpeg\",\"articleSection\":[\"Noticias\"],\"inLanguage\":\"es\"},{\"@type\":\"WebPage\",\"@id\":\"https:\/\/medicina.udd.cl\/centro-epidemiologia-politicas-salud\/noticias\/2024\/03\/25\/academica-udd-presento-resultados-sobre-vigilancia-integrada-de-virus-respiratorios-en-importante-jornada-nacional\/\",\"url\":\"https:\/\/medicina.udd.cl\/centro-epidemiologia-politicas-salud\/noticias\/2024\/03\/25\/academica-udd-presento-resultados-sobre-vigilancia-integrada-de-virus-respiratorios-en-importante-jornada-nacional\/\",\"name\":\"Acad\u00e9mica UDD present\u00f3 resultados sobre vigilancia integrada de virus respiratorios en importante jornada nacional - Centro de Epidemiolog\u00eda y Pol\u00edticas de Salud\",\"isPartOf\":{\"@id\":\"https:\/\/medicina.udd.cl\/centro-epidemiologia-politicas-salud\/#website\"},\"primaryImageOfPage\":{\"@id\":\"https:\/\/medicina.udd.cl\/centro-epidemiologia-politicas-salud\/noticias\/2024\/03\/25\/academica-udd-presento-resultados-sobre-vigilancia-integrada-de-virus-respiratorios-en-importante-jornada-nacional\/#primaryimage\"},\"image\":{\"@id\":\"https:\/\/medicina.udd.cl\/centro-epidemiologia-politicas-salud\/noticias\/2024\/03\/25\/academica-udd-presento-resultados-sobre-vigilancia-integrada-de-virus-respiratorios-en-importante-jornada-nacional\/#primaryimage\"},\"thumbnailUrl\":\"https:\/\/medicina.udd.cl\/centro-epidemiologia-politicas-salud\/files\/2024\/03\/ceps-jornada-virus-respiratorios-5.jpeg\",\"datePublished\":\"2024-03-25T16:28:03+00:00\",\"dateModified\":\"2024-03-25T16:28:05+00:00\",\"author\":{\"@id\":\"https:\/\/medicina.udd.cl\/centro-epidemiologia-politicas-salud\/#\/schema\/person\/dbc3705bf3a93e8be1ba6de0ef950341\"},\"breadcrumb\":{\"@id\":\"https:\/\/medicina.udd.cl\/centro-epidemiologia-politicas-salud\/noticias\/2024\/03\/25\/academica-udd-presento-resultados-sobre-vigilancia-integrada-de-virus-respiratorios-en-importante-jornada-nacional\/#breadcrumb\"},\"inLanguage\":\"es\",\"potentialAction\":[{\"@type\":\"ReadAction\",\"target\":[\"https:\/\/medicina.udd.cl\/centro-epidemiologia-politicas-salud\/noticias\/2024\/03\/25\/academica-udd-presento-resultados-sobre-vigilancia-integrada-de-virus-respiratorios-en-importante-jornada-nacional\/\"]}]},{\"@type\":\"ImageObject\",\"inLanguage\":\"es\",\"@id\":\"https:\/\/medicina.udd.cl\/centro-epidemiologia-politicas-salud\/noticias\/2024\/03\/25\/academica-udd-presento-resultados-sobre-vigilancia-integrada-de-virus-respiratorios-en-importante-jornada-nacional\/#primaryimage\",\"url\":\"https:\/\/medicina.udd.cl\/centro-epidemiologia-politicas-salud\/files\/2024\/03\/ceps-jornada-virus-respiratorios-5.jpeg\",\"contentUrl\":\"https:\/\/medicina.udd.cl\/centro-epidemiologia-politicas-salud\/files\/2024\/03\/ceps-jornada-virus-respiratorios-5.jpeg\",\"width\":1600,\"height\":1200},{\"@type\":\"BreadcrumbList\",\"@id\":\"https:\/\/medicina.udd.cl\/centro-epidemiologia-politicas-salud\/noticias\/2024\/03\/25\/academica-udd-presento-resultados-sobre-vigilancia-integrada-de-virus-respiratorios-en-importante-jornada-nacional\/#breadcrumb\",\"itemListElement\":[{\"@type\":\"ListItem\",\"position\":1,\"name\":\"Inicio\",\"item\":\"https:\/\/medicina.udd.cl\/centro-epidemiologia-politicas-salud\/\"},{\"@type\":\"ListItem\",\"position\":2,\"name\":\"Acad\u00e9mica UDD present\u00f3 resultados sobre vigilancia integrada de virus respiratorios en importante jornada nacional\"}]},{\"@type\":\"WebSite\",\"@id\":\"https:\/\/medicina.udd.cl\/centro-epidemiologia-politicas-salud\/#website\",\"url\":\"https:\/\/medicina.udd.cl\/centro-epidemiologia-politicas-salud\/\",\"name\":\"Centro de Epidemiolog\u00eda y Pol\u00edticas de Salud\",\"description\":\"Otro blog m\u00e1s de Medicina\",\"inLanguage\":\"es\"},{\"@type\":\"Person\",\"@id\":\"https:\/\/medicina.udd.cl\/centro-epidemiologia-politicas-salud\/#\/schema\/person\/dbc3705bf3a93e8be1ba6de0ef950341\",\"name\":\"rbraidy\",\"image\":{\"@type\":\"ImageObject\",\"inLanguage\":\"es\",\"@id\":\"https:\/\/medicina.udd.cl\/centro-epidemiologia-politicas-salud\/#\/schema\/person\/image\/\",\"url\":\"https:\/\/secure.gravatar.com\/avatar\/0f8bc94637401590e45d2ce17eb65c274cb8870a219de6177f3f23e63fd8cdf3?s=96&d=mm&r=g\",\"contentUrl\":\"https:\/\/secure.gravatar.com\/avatar\/0f8bc94637401590e45d2ce17eb65c274cb8870a219de6177f3f23e63fd8cdf3?s=96&d=mm&r=g\",\"caption\":\"rbraidy\"},\"url\":\"https:\/\/medicina.udd.cl\/centro-epidemiologia-politicas-salud\/noticias\/author\/rbraidy\/\"}]}<\/script>\n<!-- \/ Yoast SEO plugin. -->","yoast_head_json":{"title":"Acad\u00e9mica UDD present\u00f3 resultados sobre vigilancia integrada de virus respiratorios en importante jornada nacional - Centro de Epidemiolog\u00eda y Pol\u00edticas de Salud","robots":{"index":"index","follow":"follow","max-snippet":"max-snippet:-1","max-image-preview":"max-image-preview:large","max-video-preview":"max-video-preview:-1"},"canonical":"https:\/\/medicina.udd.cl\/centro-epidemiologia-politicas-salud\/noticias\/2024\/03\/25\/academica-udd-presento-resultados-sobre-vigilancia-integrada-de-virus-respiratorios-en-importante-jornada-nacional\/","og_locale":"es_ES","og_type":"article","og_title":"Acad\u00e9mica UDD present\u00f3 resultados sobre vigilancia integrada de virus respiratorios en importante jornada nacional - Centro de Epidemiolog\u00eda y Pol\u00edticas de Salud","og_description":"Durante los d\u00edas 19 y 20 de marzo, la investigadora del Centro de Epidemiolog\u00eda y Pol\u00edticas de Salud (CEPS) de la Facultad de Medicina Cl\u00ednica Alemana Universidad del Desarrollo, Xaviera Molina, particip\u00f3 como expositora en la Jornada de Fortalecimiento de la Vigilancia de Influenza, SARS-CoV-2 y otros virus respiratorios 2024. El evento, organizado por el [&hellip;]","og_url":"https:\/\/medicina.udd.cl\/centro-epidemiologia-politicas-salud\/noticias\/2024\/03\/25\/academica-udd-presento-resultados-sobre-vigilancia-integrada-de-virus-respiratorios-en-importante-jornada-nacional\/","og_site_name":"Centro de Epidemiolog\u00eda y Pol\u00edticas de Salud","article_published_time":"2024-03-25T16:28:03+00:00","article_modified_time":"2024-03-25T16:28:05+00:00","og_image":[{"width":1600,"height":1200,"url":"https:\/\/medicina.udd.cl\/centro-epidemiologia-politicas-salud\/files\/2024\/03\/ceps-jornada-virus-respiratorios-5.jpeg","type":"image\/jpeg"}],"author":"rbraidy","twitter_misc":{"Escrito por":"rbraidy","Tiempo de lectura":"2 minutos"},"schema":{"@context":"https:\/\/schema.org","@graph":[{"@type":"Article","@id":"https:\/\/medicina.udd.cl\/centro-epidemiologia-politicas-salud\/noticias\/2024\/03\/25\/academica-udd-presento-resultados-sobre-vigilancia-integrada-de-virus-respiratorios-en-importante-jornada-nacional\/#article","isPartOf":{"@id":"https:\/\/medicina.udd.cl\/centro-epidemiologia-politicas-salud\/noticias\/2024\/03\/25\/academica-udd-presento-resultados-sobre-vigilancia-integrada-de-virus-respiratorios-en-importante-jornada-nacional\/"},"author":{"name":"rbraidy","@id":"https:\/\/medicina.udd.cl\/centro-epidemiologia-politicas-salud\/#\/schema\/person\/dbc3705bf3a93e8be1ba6de0ef950341"},"headline":"Acad\u00e9mica UDD present\u00f3 resultados sobre vigilancia integrada de virus respiratorios en importante jornada nacional","datePublished":"2024-03-25T16:28:03+00:00","dateModified":"2024-03-25T16:28:05+00:00","mainEntityOfPage":{"@id":"https:\/\/medicina.udd.cl\/centro-epidemiologia-politicas-salud\/noticias\/2024\/03\/25\/academica-udd-presento-resultados-sobre-vigilancia-integrada-de-virus-respiratorios-en-importante-jornada-nacional\/"},"wordCount":271,"image":{"@id":"https:\/\/medicina.udd.cl\/centro-epidemiologia-politicas-salud\/noticias\/2024\/03\/25\/academica-udd-presento-resultados-sobre-vigilancia-integrada-de-virus-respiratorios-en-importante-jornada-nacional\/#primaryimage"},"thumbnailUrl":"https:\/\/medicina.udd.cl\/centro-epidemiologia-politicas-salud\/files\/2024\/03\/ceps-jornada-virus-respiratorios-5.jpeg","articleSection":["Noticias"],"inLanguage":"es"},{"@type":"WebPage","@id":"https:\/\/medicina.udd.cl\/centro-epidemiologia-politicas-salud\/noticias\/2024\/03\/25\/academica-udd-presento-resultados-sobre-vigilancia-integrada-de-virus-respiratorios-en-importante-jornada-nacional\/","url":"https:\/\/medicina.udd.cl\/centro-epidemiologia-politicas-salud\/noticias\/2024\/03\/25\/academica-udd-presento-resultados-sobre-vigilancia-integrada-de-virus-respiratorios-en-importante-jornada-nacional\/","name":"Acad\u00e9mica UDD present\u00f3 resultados sobre vigilancia integrada de virus respiratorios en importante jornada nacional - Centro de Epidemiolog\u00eda y Pol\u00edticas de Salud","isPartOf":{"@id":"https:\/\/medicina.udd.cl\/centro-epidemiologia-politicas-salud\/#website"},"primaryImageOfPage":{"@id":"https:\/\/medicina.udd.cl\/centro-epidemiologia-politicas-salud\/noticias\/2024\/03\/25\/academica-udd-presento-resultados-sobre-vigilancia-integrada-de-virus-respiratorios-en-importante-jornada-nacional\/#primaryimage"},"image":{"@id":"https:\/\/medicina.udd.cl\/centro-epidemiologia-politicas-salud\/noticias\/2024\/03\/25\/academica-udd-presento-resultados-sobre-vigilancia-integrada-de-virus-respiratorios-en-importante-jornada-nacional\/#primaryimage"},"thumbnailUrl":"https:\/\/medicina.udd.cl\/centro-epidemiologia-politicas-salud\/files\/2024\/03\/ceps-jornada-virus-respiratorios-5.jpeg","datePublished":"2024-03-25T16:28:03+00:00","dateModified":"2024-03-25T16:28:05+00:00","author":{"@id":"https:\/\/medicina.udd.cl\/centro-epidemiologia-politicas-salud\/#\/schema\/person\/dbc3705bf3a93e8be1ba6de0ef950341"},"breadcrumb":{"@id":"https:\/\/medicina.udd.cl\/centro-epidemiologia-politicas-salud\/noticias\/2024\/03\/25\/academica-udd-presento-resultados-sobre-vigilancia-integrada-de-virus-respiratorios-en-importante-jornada-nacional\/#breadcrumb"},"inLanguage":"es","potentialAction":[{"@type":"ReadAction","target":["https:\/\/medicina.udd.cl\/centro-epidemiologia-politicas-salud\/noticias\/2024\/03\/25\/academica-udd-presento-resultados-sobre-vigilancia-integrada-de-virus-respiratorios-en-importante-jornada-nacional\/"]}]},{"@type":"ImageObject","inLanguage":"es","@id":"https:\/\/medicina.udd.cl\/centro-epidemiologia-politicas-salud\/noticias\/2024\/03\/25\/academica-udd-presento-resultados-sobre-vigilancia-integrada-de-virus-respiratorios-en-importante-jornada-nacional\/#primaryimage","url":"https:\/\/medicina.udd.cl\/centro-epidemiologia-politicas-salud\/files\/2024\/03\/ceps-jornada-virus-respiratorios-5.jpeg","contentUrl":"https:\/\/medicina.udd.cl\/centro-epidemiologia-politicas-salud\/files\/2024\/03\/ceps-jornada-virus-respiratorios-5.jpeg","width":1600,"height":1200},{"@type":"BreadcrumbList","@id":"https:\/\/medicina.udd.cl\/centro-epidemiologia-politicas-salud\/noticias\/2024\/03\/25\/academica-udd-presento-resultados-sobre-vigilancia-integrada-de-virus-respiratorios-en-importante-jornada-nacional\/#breadcrumb","itemListElement":[{"@type":"ListItem","position":1,"name":"Inicio","item":"https:\/\/medicina.udd.cl\/centro-epidemiologia-politicas-salud\/"},{"@type":"ListItem","position":2,"name":"Acad\u00e9mica UDD present\u00f3 resultados sobre vigilancia integrada de virus respiratorios en importante jornada nacional"}]},{"@type":"WebSite","@id":"https:\/\/medicina.udd.cl\/centro-epidemiologia-politicas-salud\/#website","url":"https:\/\/medicina.udd.cl\/centro-epidemiologia-politicas-salud\/","name":"Centro de Epidemiolog\u00eda y Pol\u00edticas de Salud","description":"Otro blog m\u00e1s de Medicina","inLanguage":"es"},{"@type":"Person","@id":"https:\/\/medicina.udd.cl\/centro-epidemiologia-politicas-salud\/#\/schema\/person\/dbc3705bf3a93e8be1ba6de0ef950341","name":"rbraidy","image":{"@type":"ImageObject","inLanguage":"es","@id":"https:\/\/medicina.udd.cl\/centro-epidemiologia-politicas-salud\/#\/schema\/person\/image\/","url":"https:\/\/secure.gravatar.com\/avatar\/0f8bc94637401590e45d2ce17eb65c274cb8870a219de6177f3f23e63fd8cdf3?s=96&d=mm&r=g","contentUrl":"https:\/\/secure.gravatar.com\/avatar\/0f8bc94637401590e45d2ce17eb65c274cb8870a219de6177f3f23e63fd8cdf3?s=96&d=mm&r=g","caption":"rbraidy"},"url":"https:\/\/medicina.udd.cl\/centro-epidemiologia-politicas-salud\/noticias\/author\/rbraidy\/"}]}},"featured_image_url":"https:\/\/medicina.udd.cl\/centro-epidemiologia-politicas-salud\/files\/2024\/03\/ceps-jornada-virus-respiratorios-5.jpeg","_links":{"self":[{"href":"https:\/\/medicina.udd.cl\/centro-epidemiologia-politicas-salud\/wp-json\/wp\/v2\/posts\/2508","targetHints":{"allow":["GET"]}}],"collection":[{"href":"https:\/\/medicina.udd.cl\/centro-epidemiologia-politicas-salud\/wp-json\/wp\/v2\/posts"}],"about":[{"href":"https:\/\/medicina.udd.cl\/centro-epidemiologia-politicas-salud\/wp-json\/wp\/v2\/types\/post"}],"author":[{"embeddable":true,"href":"https:\/\/medicina.udd.cl\/centro-epidemiologia-politicas-salud\/wp-json\/wp\/v2\/users\/9192219"}],"replies":[{"embeddable":true,"href":"https:\/\/medicina.udd.cl\/centro-epidemiologia-politicas-salud\/wp-json\/wp\/v2\/comments?post=2508"}],"version-history":[{"count":1,"href":"https:\/\/medicina.udd.cl\/centro-epidemiologia-politicas-salud\/wp-json\/wp\/v2\/posts\/2508\/revisions"}],"predecessor-version":[{"id":2529,"href":"https:\/\/medicina.udd.cl\/centro-epidemiologia-politicas-salud\/wp-json\/wp\/v2\/posts\/2508\/revisions\/2529"}],"wp:featuredmedia":[{"embeddable":true,"href":"https:\/\/medicina.udd.cl\/centro-epidemiologia-politicas-salud\/wp-json\/wp\/v2\/media\/2523"}],"wp:attachment":[{"href":"https:\/\/medicina.udd.cl\/centro-epidemiologia-politicas-salud\/wp-json\/wp\/v2\/media?parent=2508"}],"wp:term":[{"taxonomy":"category","embeddable":true,"href":"https:\/\/medicina.udd.cl\/centro-epidemiologia-politicas-salud\/wp-json\/wp\/v2\/categories?post=2508"},{"taxonomy":"post_tag","embeddable":true,"href":"https:\/\/medicina.udd.cl\/centro-epidemiologia-politicas-salud\/wp-json\/wp\/v2\/tags?post=2508"}],"curies":[{"name":"wp","href":"https:\/\/api.w.org\/{rel}","templated":true}]}}