{"id":2831,"date":"2025-12-16T13:48:16","date_gmt":"2025-12-16T16:48:16","guid":{"rendered":"https:\/\/medicina.udd.cl\/centro-epidemiologia-politicas-salud\/?p=2831"},"modified":"2025-12-16T13:48:17","modified_gmt":"2025-12-16T16:48:17","slug":"investigadora-del-ceps-udd-obtiene-grado-de-doctora-en-salud-publica-con-tesis-sobre-salud-digital-en-personas-mayores","status":"publish","type":"post","link":"https:\/\/medicina.udd.cl\/centro-epidemiologia-politicas-salud\/noticias\/2025\/12\/16\/investigadora-del-ceps-udd-obtiene-grado-de-doctora-en-salud-publica-con-tesis-sobre-salud-digital-en-personas-mayores\/","title":{"rendered":"Investigadora del CEPS UDD obtiene grado de Doctora en Salud P\u00fablica con tesis sobre salud digital en personas mayores"},"content":{"rendered":"\n<figure class=\"wp-block-image alignright size-large is-resized\"><a href=\"https:\/\/medicina.udd.cl\/centro-epidemiologia-politicas-salud\/files\/2025\/12\/img_3285-scaled.jpeg\"><img loading=\"lazy\" decoding=\"async\" width=\"768\" height=\"1024\" src=\"https:\/\/medicina.udd.cl\/centro-epidemiologia-politicas-salud\/files\/2025\/12\/img_3285-768x1024.jpeg\" alt=\"\" class=\"wp-image-2832\" style=\"width:637px;height:auto\" srcset=\"https:\/\/medicina.udd.cl\/centro-epidemiologia-politicas-salud\/files\/2025\/12\/img_3285-768x1024.jpeg 768w, https:\/\/medicina.udd.cl\/centro-epidemiologia-politicas-salud\/files\/2025\/12\/img_3285-225x300.jpeg 225w, https:\/\/medicina.udd.cl\/centro-epidemiologia-politicas-salud\/files\/2025\/12\/img_3285-1152x1536.jpeg 1152w, https:\/\/medicina.udd.cl\/centro-epidemiologia-politicas-salud\/files\/2025\/12\/img_3285-1536x2048.jpeg 1536w, https:\/\/medicina.udd.cl\/centro-epidemiologia-politicas-salud\/files\/2025\/12\/img_3285-scaled.jpeg 1920w\" sizes=\"auto, (max-width: 768px) 100vw, 768px\" \/><\/a><figcaption class=\"wp-element-caption\">La Dra. Macarena Hirmas Adauy defendi\u00f3 su tesis doctoral presentada al Programa de Posgrado de la UCES, obteniendo el grado de Doctora en Ciencias de la Salud P\u00fablica, con menci\u00f3n en Epidemiolog\u00eda.<\/figcaption><\/figure>\n\n\n\n<p>La investigadora y acad\u00e9mica del <a href=\"https:\/\/medicina.udd.cl\/centro-epidemiologia-politicas-salud\/\">Centro de Epidemiolog\u00eda y Pol\u00edticas de Salud<\/a> de la <a href=\"https:\/\/medicina.udd.cl\/\">Facultad de Medicina Cl\u00ednica Alemana Universidad del Desarrollo (UDD)<\/a>, <a href=\"https:\/\/medicina.udd.cl\/centro-epidemiologia-politicas-salud\/persona\/macarena-hirmas-adauy\/\">Macarena Hirmas Adauy<\/a>, realiz\u00f3 con \u00e9xito la defensa de su tesis doctoral presentada al Programa de Posgrado de la Universidad de Ciencias Empresariales y Sociales (UCES), obteniendo el grado de Doctora en Ciencias de la Salud P\u00fablica, con menci\u00f3n en <strong>Epidemiolog\u00eda<\/strong>.<\/p>\n\n\n\n<p>La tesis, titulada \u201c<em>Aspectos culturales y sociales que subyacen en la adopci\u00f3n de tecnolog\u00edas digitales en salud en personas mayores comprendidas en el rango etario de 65 a 85 a\u00f1os, familiares y cuidadores en tres regiones de Chile, 2022-2023\u201d<\/em>, aborda factores sociales, culturales y contextuales que influyen en la apropiaci\u00f3n de tecnolog\u00edas digitales en el \u00e1mbito de la salud por parte de personas mayores, integrando diversas perspectivas te\u00f3ricas.<\/p>\n\n\n\n<p>La defensa se llev\u00f3 a cabo en la ciudad de Buenos Aires el pasado 5 de diciembre y represent\u00f3 el cierre de un proceso formativo donde la candidata present\u00f3 los fundamentos te\u00f3ricos, metodol\u00f3gicos y principales hallazgos de su investigaci\u00f3n, respondiendo satisfactoriamente a las observaciones del comit\u00e9 evaluador.<\/p>\n\n\n\n<p>Este hito acad\u00e9mico fortalece la trayectoria de la investigadora en el campo de la salud p\u00fablica, contribuyendo al fortalecimiento de la investigaci\u00f3n en salud digital y al desarrollo de conocimiento orientado a enfrentar los desaf\u00edos del envejecimiento y las brechas sociales en salud.<\/p>\n","protected":false},"excerpt":{"rendered":"<p>La investigadora y acad\u00e9mica del Centro de Epidemiolog\u00eda y Pol\u00edticas de Salud de la Facultad de Medicina Cl\u00ednica Alemana Universidad del Desarrollo (UDD), Macarena Hirmas Adauy, realiz\u00f3 con \u00e9xito la defensa de su tesis doctoral presentada al Programa de Posgrado de la Universidad de Ciencias Empresariales y Sociales (UCES), obteniendo el grado de Doctora en [&hellip;]<\/p>\n","protected":false},"author":9192219,"featured_media":2832,"comment_status":"closed","ping_status":"open","sticky":false,"template":"","format":"standard","meta":{"footnotes":""},"categories":[4],"tags":[],"class_list":["post-2831","post","type-post","status-publish","format-standard","has-post-thumbnail","hentry","category-noticias"],"yoast_head":"<!-- This site is optimized with the Yoast SEO plugin v26.9 - https:\/\/yoast.com\/product\/yoast-seo-wordpress\/ -->\n<title>Investigadora del CEPS UDD obtiene grado de Doctora en Salud P\u00fablica con tesis sobre salud digital en personas mayores - Centro de Epidemiolog\u00eda y Pol\u00edticas de Salud<\/title>\n<meta name=\"robots\" content=\"index, follow, max-snippet:-1, max-image-preview:large, max-video-preview:-1\" \/>\n<link rel=\"canonical\" href=\"https:\/\/medicina.udd.cl\/centro-epidemiologia-politicas-salud\/noticias\/2025\/12\/16\/investigadora-del-ceps-udd-obtiene-grado-de-doctora-en-salud-publica-con-tesis-sobre-salud-digital-en-personas-mayores\/\" \/>\n<meta property=\"og:locale\" content=\"es_ES\" \/>\n<meta property=\"og:type\" content=\"article\" \/>\n<meta property=\"og:title\" content=\"Investigadora del CEPS UDD obtiene grado de Doctora en Salud P\u00fablica con tesis sobre salud digital en personas mayores - Centro de Epidemiolog\u00eda y Pol\u00edticas de Salud\" \/>\n<meta property=\"og:description\" content=\"La investigadora y acad\u00e9mica del Centro de Epidemiolog\u00eda y Pol\u00edticas de Salud de la Facultad de Medicina Cl\u00ednica Alemana Universidad del Desarrollo (UDD), Macarena Hirmas Adauy, realiz\u00f3 con \u00e9xito la defensa de su tesis doctoral presentada al Programa de Posgrado de la Universidad de Ciencias Empresariales y Sociales (UCES), obteniendo el grado de Doctora en [&hellip;]\" \/>\n<meta property=\"og:url\" content=\"https:\/\/medicina.udd.cl\/centro-epidemiologia-politicas-salud\/noticias\/2025\/12\/16\/investigadora-del-ceps-udd-obtiene-grado-de-doctora-en-salud-publica-con-tesis-sobre-salud-digital-en-personas-mayores\/\" \/>\n<meta property=\"og:site_name\" content=\"Centro de Epidemiolog\u00eda y Pol\u00edticas de Salud\" \/>\n<meta property=\"article:published_time\" content=\"2025-12-16T16:48:16+00:00\" \/>\n<meta property=\"article:modified_time\" content=\"2025-12-16T16:48:17+00:00\" \/>\n<meta property=\"og:image\" content=\"https:\/\/medicina.udd.cl\/centro-epidemiologia-politicas-salud\/files\/2025\/12\/img_3285-scaled.jpeg\" \/>\n\t<meta property=\"og:image:width\" content=\"1920\" \/>\n\t<meta property=\"og:image:height\" content=\"2560\" \/>\n\t<meta property=\"og:image:type\" content=\"image\/jpeg\" \/>\n<meta name=\"author\" content=\"rbraidy\" \/>\n<meta name=\"twitter:label1\" content=\"Escrito por\" \/>\n\t<meta name=\"twitter:data1\" content=\"rbraidy\" \/>\n\t<meta name=\"twitter:label2\" content=\"Tiempo de lectura\" \/>\n\t<meta name=\"twitter:data2\" content=\"2 minutos\" \/>\n<script type=\"application\/ld+json\" class=\"yoast-schema-graph\">{\"@context\":\"https:\/\/schema.org\",\"@graph\":[{\"@type\":\"Article\",\"@id\":\"https:\/\/medicina.udd.cl\/centro-epidemiologia-politicas-salud\/noticias\/2025\/12\/16\/investigadora-del-ceps-udd-obtiene-grado-de-doctora-en-salud-publica-con-tesis-sobre-salud-digital-en-personas-mayores\/#article\",\"isPartOf\":{\"@id\":\"https:\/\/medicina.udd.cl\/centro-epidemiologia-politicas-salud\/noticias\/2025\/12\/16\/investigadora-del-ceps-udd-obtiene-grado-de-doctora-en-salud-publica-con-tesis-sobre-salud-digital-en-personas-mayores\/\"},\"author\":{\"name\":\"rbraidy\",\"@id\":\"https:\/\/medicina.udd.cl\/centro-epidemiologia-politicas-salud\/#\/schema\/person\/dbc3705bf3a93e8be1ba6de0ef950341\"},\"headline\":\"Investigadora del CEPS UDD obtiene grado de Doctora en Salud P\u00fablica con tesis sobre salud digital en personas mayores\",\"datePublished\":\"2025-12-16T16:48:16+00:00\",\"dateModified\":\"2025-12-16T16:48:17+00:00\",\"mainEntityOfPage\":{\"@id\":\"https:\/\/medicina.udd.cl\/centro-epidemiologia-politicas-salud\/noticias\/2025\/12\/16\/investigadora-del-ceps-udd-obtiene-grado-de-doctora-en-salud-publica-con-tesis-sobre-salud-digital-en-personas-mayores\/\"},\"wordCount\":294,\"image\":{\"@id\":\"https:\/\/medicina.udd.cl\/centro-epidemiologia-politicas-salud\/noticias\/2025\/12\/16\/investigadora-del-ceps-udd-obtiene-grado-de-doctora-en-salud-publica-con-tesis-sobre-salud-digital-en-personas-mayores\/#primaryimage\"},\"thumbnailUrl\":\"https:\/\/medicina.udd.cl\/centro-epidemiologia-politicas-salud\/files\/2025\/12\/img_3285-scaled.jpeg\",\"articleSection\":[\"Noticias\"],\"inLanguage\":\"es\"},{\"@type\":\"WebPage\",\"@id\":\"https:\/\/medicina.udd.cl\/centro-epidemiologia-politicas-salud\/noticias\/2025\/12\/16\/investigadora-del-ceps-udd-obtiene-grado-de-doctora-en-salud-publica-con-tesis-sobre-salud-digital-en-personas-mayores\/\",\"url\":\"https:\/\/medicina.udd.cl\/centro-epidemiologia-politicas-salud\/noticias\/2025\/12\/16\/investigadora-del-ceps-udd-obtiene-grado-de-doctora-en-salud-publica-con-tesis-sobre-salud-digital-en-personas-mayores\/\",\"name\":\"Investigadora del CEPS UDD obtiene grado de Doctora en Salud P\u00fablica con tesis sobre salud digital en personas mayores - Centro de Epidemiolog\u00eda y Pol\u00edticas de Salud\",\"isPartOf\":{\"@id\":\"https:\/\/medicina.udd.cl\/centro-epidemiologia-politicas-salud\/#website\"},\"primaryImageOfPage\":{\"@id\":\"https:\/\/medicina.udd.cl\/centro-epidemiologia-politicas-salud\/noticias\/2025\/12\/16\/investigadora-del-ceps-udd-obtiene-grado-de-doctora-en-salud-publica-con-tesis-sobre-salud-digital-en-personas-mayores\/#primaryimage\"},\"image\":{\"@id\":\"https:\/\/medicina.udd.cl\/centro-epidemiologia-politicas-salud\/noticias\/2025\/12\/16\/investigadora-del-ceps-udd-obtiene-grado-de-doctora-en-salud-publica-con-tesis-sobre-salud-digital-en-personas-mayores\/#primaryimage\"},\"thumbnailUrl\":\"https:\/\/medicina.udd.cl\/centro-epidemiologia-politicas-salud\/files\/2025\/12\/img_3285-scaled.jpeg\",\"datePublished\":\"2025-12-16T16:48:16+00:00\",\"dateModified\":\"2025-12-16T16:48:17+00:00\",\"author\":{\"@id\":\"https:\/\/medicina.udd.cl\/centro-epidemiologia-politicas-salud\/#\/schema\/person\/dbc3705bf3a93e8be1ba6de0ef950341\"},\"breadcrumb\":{\"@id\":\"https:\/\/medicina.udd.cl\/centro-epidemiologia-politicas-salud\/noticias\/2025\/12\/16\/investigadora-del-ceps-udd-obtiene-grado-de-doctora-en-salud-publica-con-tesis-sobre-salud-digital-en-personas-mayores\/#breadcrumb\"},\"inLanguage\":\"es\",\"potentialAction\":[{\"@type\":\"ReadAction\",\"target\":[\"https:\/\/medicina.udd.cl\/centro-epidemiologia-politicas-salud\/noticias\/2025\/12\/16\/investigadora-del-ceps-udd-obtiene-grado-de-doctora-en-salud-publica-con-tesis-sobre-salud-digital-en-personas-mayores\/\"]}]},{\"@type\":\"ImageObject\",\"inLanguage\":\"es\",\"@id\":\"https:\/\/medicina.udd.cl\/centro-epidemiologia-politicas-salud\/noticias\/2025\/12\/16\/investigadora-del-ceps-udd-obtiene-grado-de-doctora-en-salud-publica-con-tesis-sobre-salud-digital-en-personas-mayores\/#primaryimage\",\"url\":\"https:\/\/medicina.udd.cl\/centro-epidemiologia-politicas-salud\/files\/2025\/12\/img_3285-scaled.jpeg\",\"contentUrl\":\"https:\/\/medicina.udd.cl\/centro-epidemiologia-politicas-salud\/files\/2025\/12\/img_3285-scaled.jpeg\",\"width\":1920,\"height\":2560},{\"@type\":\"BreadcrumbList\",\"@id\":\"https:\/\/medicina.udd.cl\/centro-epidemiologia-politicas-salud\/noticias\/2025\/12\/16\/investigadora-del-ceps-udd-obtiene-grado-de-doctora-en-salud-publica-con-tesis-sobre-salud-digital-en-personas-mayores\/#breadcrumb\",\"itemListElement\":[{\"@type\":\"ListItem\",\"position\":1,\"name\":\"Inicio\",\"item\":\"https:\/\/medicina.udd.cl\/centro-epidemiologia-politicas-salud\/\"},{\"@type\":\"ListItem\",\"position\":2,\"name\":\"Investigadora del CEPS UDD obtiene grado de Doctora en Salud P\u00fablica con tesis sobre salud digital en personas mayores\"}]},{\"@type\":\"WebSite\",\"@id\":\"https:\/\/medicina.udd.cl\/centro-epidemiologia-politicas-salud\/#website\",\"url\":\"https:\/\/medicina.udd.cl\/centro-epidemiologia-politicas-salud\/\",\"name\":\"Centro de Epidemiolog\u00eda y Pol\u00edticas de Salud\",\"description\":\"Otro blog m\u00e1s de Medicina\",\"inLanguage\":\"es\"},{\"@type\":\"Person\",\"@id\":\"https:\/\/medicina.udd.cl\/centro-epidemiologia-politicas-salud\/#\/schema\/person\/dbc3705bf3a93e8be1ba6de0ef950341\",\"name\":\"rbraidy\",\"image\":{\"@type\":\"ImageObject\",\"inLanguage\":\"es\",\"@id\":\"https:\/\/medicina.udd.cl\/centro-epidemiologia-politicas-salud\/#\/schema\/person\/image\/\",\"url\":\"https:\/\/secure.gravatar.com\/avatar\/0f8bc94637401590e45d2ce17eb65c274cb8870a219de6177f3f23e63fd8cdf3?s=96&d=mm&r=g\",\"contentUrl\":\"https:\/\/secure.gravatar.com\/avatar\/0f8bc94637401590e45d2ce17eb65c274cb8870a219de6177f3f23e63fd8cdf3?s=96&d=mm&r=g\",\"caption\":\"rbraidy\"},\"url\":\"https:\/\/medicina.udd.cl\/centro-epidemiologia-politicas-salud\/noticias\/author\/rbraidy\/\"}]}<\/script>\n<!-- \/ Yoast SEO plugin. -->","yoast_head_json":{"title":"Investigadora del CEPS UDD obtiene grado de Doctora en Salud P\u00fablica con tesis sobre salud digital en personas mayores - Centro de Epidemiolog\u00eda y Pol\u00edticas de Salud","robots":{"index":"index","follow":"follow","max-snippet":"max-snippet:-1","max-image-preview":"max-image-preview:large","max-video-preview":"max-video-preview:-1"},"canonical":"https:\/\/medicina.udd.cl\/centro-epidemiologia-politicas-salud\/noticias\/2025\/12\/16\/investigadora-del-ceps-udd-obtiene-grado-de-doctora-en-salud-publica-con-tesis-sobre-salud-digital-en-personas-mayores\/","og_locale":"es_ES","og_type":"article","og_title":"Investigadora del CEPS UDD obtiene grado de Doctora en Salud P\u00fablica con tesis sobre salud digital en personas mayores - Centro de Epidemiolog\u00eda y Pol\u00edticas de Salud","og_description":"La investigadora y acad\u00e9mica del Centro de Epidemiolog\u00eda y Pol\u00edticas de Salud de la Facultad de Medicina Cl\u00ednica Alemana Universidad del Desarrollo (UDD), Macarena Hirmas Adauy, realiz\u00f3 con \u00e9xito la defensa de su tesis doctoral presentada al Programa de Posgrado de la Universidad de Ciencias Empresariales y Sociales (UCES), obteniendo el grado de Doctora en [&hellip;]","og_url":"https:\/\/medicina.udd.cl\/centro-epidemiologia-politicas-salud\/noticias\/2025\/12\/16\/investigadora-del-ceps-udd-obtiene-grado-de-doctora-en-salud-publica-con-tesis-sobre-salud-digital-en-personas-mayores\/","og_site_name":"Centro de Epidemiolog\u00eda y Pol\u00edticas de Salud","article_published_time":"2025-12-16T16:48:16+00:00","article_modified_time":"2025-12-16T16:48:17+00:00","og_image":[{"width":1920,"height":2560,"url":"https:\/\/medicina.udd.cl\/centro-epidemiologia-politicas-salud\/files\/2025\/12\/img_3285-scaled.jpeg","type":"image\/jpeg"}],"author":"rbraidy","twitter_misc":{"Escrito por":"rbraidy","Tiempo de lectura":"2 minutos"},"schema":{"@context":"https:\/\/schema.org","@graph":[{"@type":"Article","@id":"https:\/\/medicina.udd.cl\/centro-epidemiologia-politicas-salud\/noticias\/2025\/12\/16\/investigadora-del-ceps-udd-obtiene-grado-de-doctora-en-salud-publica-con-tesis-sobre-salud-digital-en-personas-mayores\/#article","isPartOf":{"@id":"https:\/\/medicina.udd.cl\/centro-epidemiologia-politicas-salud\/noticias\/2025\/12\/16\/investigadora-del-ceps-udd-obtiene-grado-de-doctora-en-salud-publica-con-tesis-sobre-salud-digital-en-personas-mayores\/"},"author":{"name":"rbraidy","@id":"https:\/\/medicina.udd.cl\/centro-epidemiologia-politicas-salud\/#\/schema\/person\/dbc3705bf3a93e8be1ba6de0ef950341"},"headline":"Investigadora del CEPS UDD obtiene grado de Doctora en Salud P\u00fablica con tesis sobre salud digital en personas mayores","datePublished":"2025-12-16T16:48:16+00:00","dateModified":"2025-12-16T16:48:17+00:00","mainEntityOfPage":{"@id":"https:\/\/medicina.udd.cl\/centro-epidemiologia-politicas-salud\/noticias\/2025\/12\/16\/investigadora-del-ceps-udd-obtiene-grado-de-doctora-en-salud-publica-con-tesis-sobre-salud-digital-en-personas-mayores\/"},"wordCount":294,"image":{"@id":"https:\/\/medicina.udd.cl\/centro-epidemiologia-politicas-salud\/noticias\/2025\/12\/16\/investigadora-del-ceps-udd-obtiene-grado-de-doctora-en-salud-publica-con-tesis-sobre-salud-digital-en-personas-mayores\/#primaryimage"},"thumbnailUrl":"https:\/\/medicina.udd.cl\/centro-epidemiologia-politicas-salud\/files\/2025\/12\/img_3285-scaled.jpeg","articleSection":["Noticias"],"inLanguage":"es"},{"@type":"WebPage","@id":"https:\/\/medicina.udd.cl\/centro-epidemiologia-politicas-salud\/noticias\/2025\/12\/16\/investigadora-del-ceps-udd-obtiene-grado-de-doctora-en-salud-publica-con-tesis-sobre-salud-digital-en-personas-mayores\/","url":"https:\/\/medicina.udd.cl\/centro-epidemiologia-politicas-salud\/noticias\/2025\/12\/16\/investigadora-del-ceps-udd-obtiene-grado-de-doctora-en-salud-publica-con-tesis-sobre-salud-digital-en-personas-mayores\/","name":"Investigadora del CEPS UDD obtiene grado de Doctora en Salud P\u00fablica con tesis sobre salud digital en personas mayores - Centro de Epidemiolog\u00eda y Pol\u00edticas de Salud","isPartOf":{"@id":"https:\/\/medicina.udd.cl\/centro-epidemiologia-politicas-salud\/#website"},"primaryImageOfPage":{"@id":"https:\/\/medicina.udd.cl\/centro-epidemiologia-politicas-salud\/noticias\/2025\/12\/16\/investigadora-del-ceps-udd-obtiene-grado-de-doctora-en-salud-publica-con-tesis-sobre-salud-digital-en-personas-mayores\/#primaryimage"},"image":{"@id":"https:\/\/medicina.udd.cl\/centro-epidemiologia-politicas-salud\/noticias\/2025\/12\/16\/investigadora-del-ceps-udd-obtiene-grado-de-doctora-en-salud-publica-con-tesis-sobre-salud-digital-en-personas-mayores\/#primaryimage"},"thumbnailUrl":"https:\/\/medicina.udd.cl\/centro-epidemiologia-politicas-salud\/files\/2025\/12\/img_3285-scaled.jpeg","datePublished":"2025-12-16T16:48:16+00:00","dateModified":"2025-12-16T16:48:17+00:00","author":{"@id":"https:\/\/medicina.udd.cl\/centro-epidemiologia-politicas-salud\/#\/schema\/person\/dbc3705bf3a93e8be1ba6de0ef950341"},"breadcrumb":{"@id":"https:\/\/medicina.udd.cl\/centro-epidemiologia-politicas-salud\/noticias\/2025\/12\/16\/investigadora-del-ceps-udd-obtiene-grado-de-doctora-en-salud-publica-con-tesis-sobre-salud-digital-en-personas-mayores\/#breadcrumb"},"inLanguage":"es","potentialAction":[{"@type":"ReadAction","target":["https:\/\/medicina.udd.cl\/centro-epidemiologia-politicas-salud\/noticias\/2025\/12\/16\/investigadora-del-ceps-udd-obtiene-grado-de-doctora-en-salud-publica-con-tesis-sobre-salud-digital-en-personas-mayores\/"]}]},{"@type":"ImageObject","inLanguage":"es","@id":"https:\/\/medicina.udd.cl\/centro-epidemiologia-politicas-salud\/noticias\/2025\/12\/16\/investigadora-del-ceps-udd-obtiene-grado-de-doctora-en-salud-publica-con-tesis-sobre-salud-digital-en-personas-mayores\/#primaryimage","url":"https:\/\/medicina.udd.cl\/centro-epidemiologia-politicas-salud\/files\/2025\/12\/img_3285-scaled.jpeg","contentUrl":"https:\/\/medicina.udd.cl\/centro-epidemiologia-politicas-salud\/files\/2025\/12\/img_3285-scaled.jpeg","width":1920,"height":2560},{"@type":"BreadcrumbList","@id":"https:\/\/medicina.udd.cl\/centro-epidemiologia-politicas-salud\/noticias\/2025\/12\/16\/investigadora-del-ceps-udd-obtiene-grado-de-doctora-en-salud-publica-con-tesis-sobre-salud-digital-en-personas-mayores\/#breadcrumb","itemListElement":[{"@type":"ListItem","position":1,"name":"Inicio","item":"https:\/\/medicina.udd.cl\/centro-epidemiologia-politicas-salud\/"},{"@type":"ListItem","position":2,"name":"Investigadora del CEPS UDD obtiene grado de Doctora en Salud P\u00fablica con tesis sobre salud digital en personas mayores"}]},{"@type":"WebSite","@id":"https:\/\/medicina.udd.cl\/centro-epidemiologia-politicas-salud\/#website","url":"https:\/\/medicina.udd.cl\/centro-epidemiologia-politicas-salud\/","name":"Centro de Epidemiolog\u00eda y Pol\u00edticas de Salud","description":"Otro blog m\u00e1s de Medicina","inLanguage":"es"},{"@type":"Person","@id":"https:\/\/medicina.udd.cl\/centro-epidemiologia-politicas-salud\/#\/schema\/person\/dbc3705bf3a93e8be1ba6de0ef950341","name":"rbraidy","image":{"@type":"ImageObject","inLanguage":"es","@id":"https:\/\/medicina.udd.cl\/centro-epidemiologia-politicas-salud\/#\/schema\/person\/image\/","url":"https:\/\/secure.gravatar.com\/avatar\/0f8bc94637401590e45d2ce17eb65c274cb8870a219de6177f3f23e63fd8cdf3?s=96&d=mm&r=g","contentUrl":"https:\/\/secure.gravatar.com\/avatar\/0f8bc94637401590e45d2ce17eb65c274cb8870a219de6177f3f23e63fd8cdf3?s=96&d=mm&r=g","caption":"rbraidy"},"url":"https:\/\/medicina.udd.cl\/centro-epidemiologia-politicas-salud\/noticias\/author\/rbraidy\/"}]}},"featured_image_url":"https:\/\/medicina.udd.cl\/centro-epidemiologia-politicas-salud\/files\/2025\/12\/img_3285-scaled.jpeg","_links":{"self":[{"href":"https:\/\/medicina.udd.cl\/centro-epidemiologia-politicas-salud\/wp-json\/wp\/v2\/posts\/2831","targetHints":{"allow":["GET"]}}],"collection":[{"href":"https:\/\/medicina.udd.cl\/centro-epidemiologia-politicas-salud\/wp-json\/wp\/v2\/posts"}],"about":[{"href":"https:\/\/medicina.udd.cl\/centro-epidemiologia-politicas-salud\/wp-json\/wp\/v2\/types\/post"}],"author":[{"embeddable":true,"href":"https:\/\/medicina.udd.cl\/centro-epidemiologia-politicas-salud\/wp-json\/wp\/v2\/users\/9192219"}],"replies":[{"embeddable":true,"href":"https:\/\/medicina.udd.cl\/centro-epidemiologia-politicas-salud\/wp-json\/wp\/v2\/comments?post=2831"}],"version-history":[{"count":1,"href":"https:\/\/medicina.udd.cl\/centro-epidemiologia-politicas-salud\/wp-json\/wp\/v2\/posts\/2831\/revisions"}],"predecessor-version":[{"id":2833,"href":"https:\/\/medicina.udd.cl\/centro-epidemiologia-politicas-salud\/wp-json\/wp\/v2\/posts\/2831\/revisions\/2833"}],"wp:featuredmedia":[{"embeddable":true,"href":"https:\/\/medicina.udd.cl\/centro-epidemiologia-politicas-salud\/wp-json\/wp\/v2\/media\/2832"}],"wp:attachment":[{"href":"https:\/\/medicina.udd.cl\/centro-epidemiologia-politicas-salud\/wp-json\/wp\/v2\/media?parent=2831"}],"wp:term":[{"taxonomy":"category","embeddable":true,"href":"https:\/\/medicina.udd.cl\/centro-epidemiologia-politicas-salud\/wp-json\/wp\/v2\/categories?post=2831"},{"taxonomy":"post_tag","embeddable":true,"href":"https:\/\/medicina.udd.cl\/centro-epidemiologia-politicas-salud\/wp-json\/wp\/v2\/tags?post=2831"}],"curies":[{"name":"wp","href":"https:\/\/api.w.org\/{rel}","templated":true}]}}