{"id":255,"date":"2014-12-30T17:40:21","date_gmt":"2014-12-30T17:40:21","guid":{"rendered":"http:\/\/medicina.udd.cl\/centro-fisiologia-celular-integrativa\/?p=255"},"modified":"2014-12-30T17:42:09","modified_gmt":"2014-12-30T17:42:09","slug":"investigadores-de-la-facultad-de-medicina-en-comites-de-conicyt","status":"publish","type":"post","link":"https:\/\/medicina.udd.cl\/centro-fisiologia-celular-integrativa\/2014\/12\/30\/investigadores-de-la-facultad-de-medicina-en-comites-de-conicyt\/","title":{"rendered":"Investigadores de la Facultad de Medicina en Comit\u00e9s de Conicyt"},"content":{"rendered":"<p><a href=\"http:\/\/medicina.udd.cl\/centro-fisiologia-celular-integrativa\/files\/2014\/12\/B\u00e1ltica-Cabieses-y-Mauricio-Retamal-Conicyt.jpg\"><img loading=\"lazy\" decoding=\"async\" class=\"size-medium wp-image-256 alignright\" alt=\"B\u00e1ltica Cabieses y Mauricio Retamal Conicyt\" src=\"http:\/\/medicina.udd.cl\/centro-fisiologia-celular-integrativa\/files\/2014\/12\/B\u00e1ltica-Cabieses-y-Mauricio-Retamal-Conicyt-300x173.jpg\" width=\"300\" height=\"173\" \/><\/a>Los investigadores de la Facultad de Medicina CAS-UDD, B\u00e1ltica Cabieses y Mauricio Retamal, fueron invitados a formar parte de los Comit\u00e9s del Programa de Formaci\u00f3n de Capital Humano Avanzado de Conicyt, cuya tarea es la evaluaci\u00f3n de las postulaciones a las becas de postgrado de las distintas convocatorias que realiza este organismo tanto en Chile como en el extranjero.<\/p>\n<p>B\u00e1ltica Cabieses, coordinadora de Investigaci\u00f3n de la carrera de Enfermer\u00eda UDD, formar\u00e1 parte del Comit\u00e9 de Ciencias M\u00e9dicas. En tanto, Mauricio Retamal, del Centro de Fisiolog\u00eda Celular e Integrativa, ser\u00e1 evaluador del Comit\u00e9 de Biolog\u00eda Fisiol\u00f3gica y Bioqu\u00edmica.<\/p>\n<p>Cabieses es PhD en Epidemiolog\u00eda Social de la Universidad de York, lidera el equipo de investigaci\u00f3n en Desigualdad Social en Salud y es parte del comit\u00e9 del Doctorado en Ciencias M\u00e9dicas de la Facultad de Medicina CAS-UDD.<\/p>\n<p>Mauricio Retamal, doctor en Ciencias menci\u00f3n Fisiolog\u00eda, trabaja actualmente en el estudio de potenciales terapias y tratamientos contra el c\u00e1ncer mediante el uso de mon\u00f3xido de carbono.<\/p>\n","protected":false},"excerpt":{"rendered":"<p>B\u00e1ltica Cabieses y Mauricio Retamal formar\u00e1n parte del Programa de Formaci\u00f3n de Capital Humano Avanzado.<\/p>\n","protected":false},"author":9192194,"featured_media":256,"comment_status":"open","ping_status":"open","sticky":false,"template":"","format":"standard","meta":{"footnotes":""},"categories":[4],"tags":[],"class_list":["post-255","post","type-post","status-publish","format-standard","has-post-thumbnail","hentry","category-noticias"],"yoast_head":"<!-- This site is optimized with the Yoast SEO plugin v26.9 - https:\/\/yoast.com\/product\/yoast-seo-wordpress\/ -->\n<title>Investigadores de la Facultad de Medicina en Comit\u00e9s de Conicyt - Centro de Fisiolog\u00eda Celular e Integrativa<\/title>\n<meta name=\"robots\" content=\"index, follow, max-snippet:-1, max-image-preview:large, max-video-preview:-1\" \/>\n<link rel=\"canonical\" href=\"https:\/\/medicina.udd.cl\/centro-fisiologia-celular-integrativa\/2014\/12\/30\/investigadores-de-la-facultad-de-medicina-en-comites-de-conicyt\/\" \/>\n<meta name=\"twitter:label1\" content=\"Escrito por\" \/>\n\t<meta name=\"twitter:data1\" content=\"anaramirez\" \/>\n\t<meta name=\"twitter:label2\" content=\"Tiempo de lectura\" \/>\n\t<meta name=\"twitter:data2\" content=\"1 minuto\" \/>\n<script type=\"application\/ld+json\" class=\"yoast-schema-graph\">{\"@context\":\"https:\/\/schema.org\",\"@graph\":[{\"@type\":\"Article\",\"@id\":\"https:\/\/medicina.udd.cl\/centro-fisiologia-celular-integrativa\/2014\/12\/30\/investigadores-de-la-facultad-de-medicina-en-comites-de-conicyt\/#article\",\"isPartOf\":{\"@id\":\"https:\/\/medicina.udd.cl\/centro-fisiologia-celular-integrativa\/2014\/12\/30\/investigadores-de-la-facultad-de-medicina-en-comites-de-conicyt\/\"},\"author\":{\"name\":\"anaramirez\",\"@id\":\"https:\/\/medicina.udd.cl\/centro-fisiologia-celular-integrativa\/#\/schema\/person\/a6153bcbec1af5c60ee9a54bf350e50e\"},\"headline\":\"Investigadores de la Facultad de Medicina en Comit\u00e9s de Conicyt\",\"datePublished\":\"2014-12-30T17:40:21+00:00\",\"dateModified\":\"2014-12-30T17:42:09+00:00\",\"mainEntityOfPage\":{\"@id\":\"https:\/\/medicina.udd.cl\/centro-fisiologia-celular-integrativa\/2014\/12\/30\/investigadores-de-la-facultad-de-medicina-en-comites-de-conicyt\/\"},\"wordCount\":191,\"commentCount\":0,\"image\":{\"@id\":\"https:\/\/medicina.udd.cl\/centro-fisiologia-celular-integrativa\/2014\/12\/30\/investigadores-de-la-facultad-de-medicina-en-comites-de-conicyt\/#primaryimage\"},\"thumbnailUrl\":\"https:\/\/medicina.udd.cl\/centro-fisiologia-celular-integrativa\/files\/2014\/12\/B\u00e1ltica-Cabieses-y-Mauricio-Retamal-Conicyt.jpg\",\"articleSection\":[\"Noticias\"],\"inLanguage\":\"es\",\"potentialAction\":[{\"@type\":\"CommentAction\",\"name\":\"Comment\",\"target\":[\"https:\/\/medicina.udd.cl\/centro-fisiologia-celular-integrativa\/2014\/12\/30\/investigadores-de-la-facultad-de-medicina-en-comites-de-conicyt\/#respond\"]}]},{\"@type\":\"WebPage\",\"@id\":\"https:\/\/medicina.udd.cl\/centro-fisiologia-celular-integrativa\/2014\/12\/30\/investigadores-de-la-facultad-de-medicina-en-comites-de-conicyt\/\",\"url\":\"https:\/\/medicina.udd.cl\/centro-fisiologia-celular-integrativa\/2014\/12\/30\/investigadores-de-la-facultad-de-medicina-en-comites-de-conicyt\/\",\"name\":\"Investigadores de la Facultad de Medicina en Comit\u00e9s de Conicyt - Centro de Fisiolog\u00eda Celular e Integrativa\",\"isPartOf\":{\"@id\":\"https:\/\/medicina.udd.cl\/centro-fisiologia-celular-integrativa\/#website\"},\"primaryImageOfPage\":{\"@id\":\"https:\/\/medicina.udd.cl\/centro-fisiologia-celular-integrativa\/2014\/12\/30\/investigadores-de-la-facultad-de-medicina-en-comites-de-conicyt\/#primaryimage\"},\"image\":{\"@id\":\"https:\/\/medicina.udd.cl\/centro-fisiologia-celular-integrativa\/2014\/12\/30\/investigadores-de-la-facultad-de-medicina-en-comites-de-conicyt\/#primaryimage\"},\"thumbnailUrl\":\"https:\/\/medicina.udd.cl\/centro-fisiologia-celular-integrativa\/files\/2014\/12\/B\u00e1ltica-Cabieses-y-Mauricio-Retamal-Conicyt.jpg\",\"datePublished\":\"2014-12-30T17:40:21+00:00\",\"dateModified\":\"2014-12-30T17:42:09+00:00\",\"author\":{\"@id\":\"https:\/\/medicina.udd.cl\/centro-fisiologia-celular-integrativa\/#\/schema\/person\/a6153bcbec1af5c60ee9a54bf350e50e\"},\"breadcrumb\":{\"@id\":\"https:\/\/medicina.udd.cl\/centro-fisiologia-celular-integrativa\/2014\/12\/30\/investigadores-de-la-facultad-de-medicina-en-comites-de-conicyt\/#breadcrumb\"},\"inLanguage\":\"es\",\"potentialAction\":[{\"@type\":\"ReadAction\",\"target\":[\"https:\/\/medicina.udd.cl\/centro-fisiologia-celular-integrativa\/2014\/12\/30\/investigadores-de-la-facultad-de-medicina-en-comites-de-conicyt\/\"]}]},{\"@type\":\"ImageObject\",\"inLanguage\":\"es\",\"@id\":\"https:\/\/medicina.udd.cl\/centro-fisiologia-celular-integrativa\/2014\/12\/30\/investigadores-de-la-facultad-de-medicina-en-comites-de-conicyt\/#primaryimage\",\"url\":\"https:\/\/medicina.udd.cl\/centro-fisiologia-celular-integrativa\/files\/2014\/12\/B\u00e1ltica-Cabieses-y-Mauricio-Retamal-Conicyt.jpg\",\"contentUrl\":\"https:\/\/medicina.udd.cl\/centro-fisiologia-celular-integrativa\/files\/2014\/12\/B\u00e1ltica-Cabieses-y-Mauricio-Retamal-Conicyt.jpg\",\"width\":703,\"height\":407},{\"@type\":\"BreadcrumbList\",\"@id\":\"https:\/\/medicina.udd.cl\/centro-fisiologia-celular-integrativa\/2014\/12\/30\/investigadores-de-la-facultad-de-medicina-en-comites-de-conicyt\/#breadcrumb\",\"itemListElement\":[{\"@type\":\"ListItem\",\"position\":1,\"name\":\"Inicio\",\"item\":\"https:\/\/medicina.udd.cl\/centro-fisiologia-celular-integrativa\/\"},{\"@type\":\"ListItem\",\"position\":2,\"name\":\"Investigadores de la Facultad de Medicina en Comit\u00e9s de Conicyt\"}]},{\"@type\":\"WebSite\",\"@id\":\"https:\/\/medicina.udd.cl\/centro-fisiologia-celular-integrativa\/#website\",\"url\":\"https:\/\/medicina.udd.cl\/centro-fisiologia-celular-integrativa\/\",\"name\":\"Centro de Fisiolog\u00eda Celular e Integrativa\",\"description\":\"Otro sitio m\u00e1s de Medicina\",\"inLanguage\":\"es\"},{\"@type\":\"Person\",\"@id\":\"https:\/\/medicina.udd.cl\/centro-fisiologia-celular-integrativa\/#\/schema\/person\/a6153bcbec1af5c60ee9a54bf350e50e\",\"name\":\"anaramirez\",\"image\":{\"@type\":\"ImageObject\",\"inLanguage\":\"es\",\"@id\":\"https:\/\/medicina.udd.cl\/centro-fisiologia-celular-integrativa\/#\/schema\/person\/image\/\",\"url\":\"https:\/\/secure.gravatar.com\/avatar\/7951b2c13488540f5ce68d55abe3e023f8dff33769284143eb6d9863891b3b24?s=96&d=mm&r=g\",\"contentUrl\":\"https:\/\/secure.gravatar.com\/avatar\/7951b2c13488540f5ce68d55abe3e023f8dff33769284143eb6d9863891b3b24?s=96&d=mm&r=g\",\"caption\":\"anaramirez\"},\"url\":\"https:\/\/medicina.udd.cl\/centro-fisiologia-celular-integrativa\/author\/anaramirez\/\"}]}<\/script>\n<!-- \/ Yoast SEO plugin. -->","yoast_head_json":{"title":"Investigadores de la Facultad de Medicina en Comit\u00e9s de Conicyt - Centro de Fisiolog\u00eda Celular e Integrativa","robots":{"index":"index","follow":"follow","max-snippet":"max-snippet:-1","max-image-preview":"max-image-preview:large","max-video-preview":"max-video-preview:-1"},"canonical":"https:\/\/medicina.udd.cl\/centro-fisiologia-celular-integrativa\/2014\/12\/30\/investigadores-de-la-facultad-de-medicina-en-comites-de-conicyt\/","twitter_misc":{"Escrito por":"anaramirez","Tiempo de lectura":"1 minuto"},"schema":{"@context":"https:\/\/schema.org","@graph":[{"@type":"Article","@id":"https:\/\/medicina.udd.cl\/centro-fisiologia-celular-integrativa\/2014\/12\/30\/investigadores-de-la-facultad-de-medicina-en-comites-de-conicyt\/#article","isPartOf":{"@id":"https:\/\/medicina.udd.cl\/centro-fisiologia-celular-integrativa\/2014\/12\/30\/investigadores-de-la-facultad-de-medicina-en-comites-de-conicyt\/"},"author":{"name":"anaramirez","@id":"https:\/\/medicina.udd.cl\/centro-fisiologia-celular-integrativa\/#\/schema\/person\/a6153bcbec1af5c60ee9a54bf350e50e"},"headline":"Investigadores de la Facultad de Medicina en Comit\u00e9s de Conicyt","datePublished":"2014-12-30T17:40:21+00:00","dateModified":"2014-12-30T17:42:09+00:00","mainEntityOfPage":{"@id":"https:\/\/medicina.udd.cl\/centro-fisiologia-celular-integrativa\/2014\/12\/30\/investigadores-de-la-facultad-de-medicina-en-comites-de-conicyt\/"},"wordCount":191,"commentCount":0,"image":{"@id":"https:\/\/medicina.udd.cl\/centro-fisiologia-celular-integrativa\/2014\/12\/30\/investigadores-de-la-facultad-de-medicina-en-comites-de-conicyt\/#primaryimage"},"thumbnailUrl":"https:\/\/medicina.udd.cl\/centro-fisiologia-celular-integrativa\/files\/2014\/12\/B\u00e1ltica-Cabieses-y-Mauricio-Retamal-Conicyt.jpg","articleSection":["Noticias"],"inLanguage":"es","potentialAction":[{"@type":"CommentAction","name":"Comment","target":["https:\/\/medicina.udd.cl\/centro-fisiologia-celular-integrativa\/2014\/12\/30\/investigadores-de-la-facultad-de-medicina-en-comites-de-conicyt\/#respond"]}]},{"@type":"WebPage","@id":"https:\/\/medicina.udd.cl\/centro-fisiologia-celular-integrativa\/2014\/12\/30\/investigadores-de-la-facultad-de-medicina-en-comites-de-conicyt\/","url":"https:\/\/medicina.udd.cl\/centro-fisiologia-celular-integrativa\/2014\/12\/30\/investigadores-de-la-facultad-de-medicina-en-comites-de-conicyt\/","name":"Investigadores de la Facultad de Medicina en Comit\u00e9s de Conicyt - Centro de Fisiolog\u00eda Celular e Integrativa","isPartOf":{"@id":"https:\/\/medicina.udd.cl\/centro-fisiologia-celular-integrativa\/#website"},"primaryImageOfPage":{"@id":"https:\/\/medicina.udd.cl\/centro-fisiologia-celular-integrativa\/2014\/12\/30\/investigadores-de-la-facultad-de-medicina-en-comites-de-conicyt\/#primaryimage"},"image":{"@id":"https:\/\/medicina.udd.cl\/centro-fisiologia-celular-integrativa\/2014\/12\/30\/investigadores-de-la-facultad-de-medicina-en-comites-de-conicyt\/#primaryimage"},"thumbnailUrl":"https:\/\/medicina.udd.cl\/centro-fisiologia-celular-integrativa\/files\/2014\/12\/B\u00e1ltica-Cabieses-y-Mauricio-Retamal-Conicyt.jpg","datePublished":"2014-12-30T17:40:21+00:00","dateModified":"2014-12-30T17:42:09+00:00","author":{"@id":"https:\/\/medicina.udd.cl\/centro-fisiologia-celular-integrativa\/#\/schema\/person\/a6153bcbec1af5c60ee9a54bf350e50e"},"breadcrumb":{"@id":"https:\/\/medicina.udd.cl\/centro-fisiologia-celular-integrativa\/2014\/12\/30\/investigadores-de-la-facultad-de-medicina-en-comites-de-conicyt\/#breadcrumb"},"inLanguage":"es","potentialAction":[{"@type":"ReadAction","target":["https:\/\/medicina.udd.cl\/centro-fisiologia-celular-integrativa\/2014\/12\/30\/investigadores-de-la-facultad-de-medicina-en-comites-de-conicyt\/"]}]},{"@type":"ImageObject","inLanguage":"es","@id":"https:\/\/medicina.udd.cl\/centro-fisiologia-celular-integrativa\/2014\/12\/30\/investigadores-de-la-facultad-de-medicina-en-comites-de-conicyt\/#primaryimage","url":"https:\/\/medicina.udd.cl\/centro-fisiologia-celular-integrativa\/files\/2014\/12\/B\u00e1ltica-Cabieses-y-Mauricio-Retamal-Conicyt.jpg","contentUrl":"https:\/\/medicina.udd.cl\/centro-fisiologia-celular-integrativa\/files\/2014\/12\/B\u00e1ltica-Cabieses-y-Mauricio-Retamal-Conicyt.jpg","width":703,"height":407},{"@type":"BreadcrumbList","@id":"https:\/\/medicina.udd.cl\/centro-fisiologia-celular-integrativa\/2014\/12\/30\/investigadores-de-la-facultad-de-medicina-en-comites-de-conicyt\/#breadcrumb","itemListElement":[{"@type":"ListItem","position":1,"name":"Inicio","item":"https:\/\/medicina.udd.cl\/centro-fisiologia-celular-integrativa\/"},{"@type":"ListItem","position":2,"name":"Investigadores de la Facultad de Medicina en Comit\u00e9s de Conicyt"}]},{"@type":"WebSite","@id":"https:\/\/medicina.udd.cl\/centro-fisiologia-celular-integrativa\/#website","url":"https:\/\/medicina.udd.cl\/centro-fisiologia-celular-integrativa\/","name":"Centro de Fisiolog\u00eda Celular e Integrativa","description":"Otro sitio m\u00e1s de Medicina","inLanguage":"es"},{"@type":"Person","@id":"https:\/\/medicina.udd.cl\/centro-fisiologia-celular-integrativa\/#\/schema\/person\/a6153bcbec1af5c60ee9a54bf350e50e","name":"anaramirez","image":{"@type":"ImageObject","inLanguage":"es","@id":"https:\/\/medicina.udd.cl\/centro-fisiologia-celular-integrativa\/#\/schema\/person\/image\/","url":"https:\/\/secure.gravatar.com\/avatar\/7951b2c13488540f5ce68d55abe3e023f8dff33769284143eb6d9863891b3b24?s=96&d=mm&r=g","contentUrl":"https:\/\/secure.gravatar.com\/avatar\/7951b2c13488540f5ce68d55abe3e023f8dff33769284143eb6d9863891b3b24?s=96&d=mm&r=g","caption":"anaramirez"},"url":"https:\/\/medicina.udd.cl\/centro-fisiologia-celular-integrativa\/author\/anaramirez\/"}]}},"featured_image_url":"https:\/\/medicina.udd.cl\/centro-fisiologia-celular-integrativa\/files\/2014\/12\/B\u00e1ltica-Cabieses-y-Mauricio-Retamal-Conicyt.jpg","_links":{"self":[{"href":"https:\/\/medicina.udd.cl\/centro-fisiologia-celular-integrativa\/wp-json\/wp\/v2\/posts\/255","targetHints":{"allow":["GET"]}}],"collection":[{"href":"https:\/\/medicina.udd.cl\/centro-fisiologia-celular-integrativa\/wp-json\/wp\/v2\/posts"}],"about":[{"href":"https:\/\/medicina.udd.cl\/centro-fisiologia-celular-integrativa\/wp-json\/wp\/v2\/types\/post"}],"author":[{"embeddable":true,"href":"https:\/\/medicina.udd.cl\/centro-fisiologia-celular-integrativa\/wp-json\/wp\/v2\/users\/9192194"}],"replies":[{"embeddable":true,"href":"https:\/\/medicina.udd.cl\/centro-fisiologia-celular-integrativa\/wp-json\/wp\/v2\/comments?post=255"}],"version-history":[{"count":3,"href":"https:\/\/medicina.udd.cl\/centro-fisiologia-celular-integrativa\/wp-json\/wp\/v2\/posts\/255\/revisions"}],"predecessor-version":[{"id":258,"href":"https:\/\/medicina.udd.cl\/centro-fisiologia-celular-integrativa\/wp-json\/wp\/v2\/posts\/255\/revisions\/258"}],"wp:featuredmedia":[{"embeddable":true,"href":"https:\/\/medicina.udd.cl\/centro-fisiologia-celular-integrativa\/wp-json\/wp\/v2\/media\/256"}],"wp:attachment":[{"href":"https:\/\/medicina.udd.cl\/centro-fisiologia-celular-integrativa\/wp-json\/wp\/v2\/media?parent=255"}],"wp:term":[{"taxonomy":"category","embeddable":true,"href":"https:\/\/medicina.udd.cl\/centro-fisiologia-celular-integrativa\/wp-json\/wp\/v2\/categories?post=255"},{"taxonomy":"post_tag","embeddable":true,"href":"https:\/\/medicina.udd.cl\/centro-fisiologia-celular-integrativa\/wp-json\/wp\/v2\/tags?post=255"}],"curies":[{"name":"wp","href":"https:\/\/api.w.org\/{rel}","templated":true}]}}