{"id":428,"date":"2017-12-21T20:34:56","date_gmt":"2017-12-21T20:34:56","guid":{"rendered":"http:\/\/medicina.udd.cl\/centro-fisiologia-celular-integrativa\/?p=428"},"modified":"2017-12-21T20:41:41","modified_gmt":"2017-12-21T20:41:41","slug":"integrante-del-centro-de-fisiologia-celular-e-integrativa-es-premiado-como-profesor-de-excelencia-de-la-udd","status":"publish","type":"post","link":"https:\/\/medicina.udd.cl\/centro-fisiologia-celular-integrativa\/2017\/12\/21\/integrante-del-centro-de-fisiologia-celular-e-integrativa-es-premiado-como-profesor-de-excelencia-de-la-udd\/","title":{"rendered":"Investigador del ICIM es premiado como Profesor de Excelencia de la UDD"},"content":{"rendered":"<p style=\"text-align: justify\">Nuevos nombres fueron reconocidos este 2017 en la lista de Profesores de Excelencia de la Universidad del Desarrollo, entre los cuales destaca Pablo Reyes, investigador del Centro de Fisiolog\u00eda Celular e Integrativa del Instituto de Ciencias e Innovaci\u00f3n en Medicina (ICIM) de la Facultad de Medicina Cl\u00ednica Alemana Universidad del Desarrollo.<\/p>\n<p style=\"text-align: justify\">Un total de 99 acad\u00e9micos de pregrado y 18 de postgrado de las Sedes de Concepci\u00f3n y Santiago, recibieron un reconocimiento por su buen desempe\u00f1o y compromiso por sus tareas acad\u00e9micas y sellos de la Universidad.<\/p>\n<p style=\"text-align: justify\">Pablo Reyes, docente de pregrado del Plan Com\u00fan de Ciencias de la Salud, recibi\u00f3 esta distinci\u00f3n en una ceremonia en la que Federico Vald\u00e9s, rector de la Universidad del Desarrollo, destac\u00f3 la importancia de este premio dirigi\u00e9ndose a todos los Profesores de Excelencia del a\u00f1o: \u201cs\u00e9 bien que ustedes no se contentan con transmitir determinados contenidos te\u00f3ricos, sino que adem\u00e1s se comprometen personalmente en asegurar el aprendizaje y el bienestar de sus alumnos, convirti\u00e9ndose en sus maestros\u201d.<\/p>\n","protected":false},"excerpt":{"rendered":"<p>Pablo Reyes, investigador del Centro de Fisiolog\u00eda Celular e Integrativa, fue uno de los docentes de la Universidad del Desarrollo a quien se le entreg\u00f3 un reconocimiento por su buen desempe\u00f1o y compromiso con sus tareas acad\u00e9micas y sellos de la Universidad.<\/p>\n","protected":false},"author":9192194,"featured_media":431,"comment_status":"open","ping_status":"open","sticky":false,"template":"","format":"standard","meta":{"footnotes":""},"categories":[4],"tags":[],"class_list":["post-428","post","type-post","status-publish","format-standard","has-post-thumbnail","hentry","category-noticias"],"yoast_head":"<!-- This site is optimized with the Yoast SEO plugin v26.9 - https:\/\/yoast.com\/product\/yoast-seo-wordpress\/ -->\n<title>Investigador del ICIM es premiado como Profesor de Excelencia de la UDD - Centro de Fisiolog\u00eda Celular e Integrativa<\/title>\n<meta name=\"robots\" content=\"index, follow, max-snippet:-1, max-image-preview:large, max-video-preview:-1\" \/>\n<link rel=\"canonical\" href=\"https:\/\/medicina.udd.cl\/centro-fisiologia-celular-integrativa\/2017\/12\/21\/integrante-del-centro-de-fisiologia-celular-e-integrativa-es-premiado-como-profesor-de-excelencia-de-la-udd\/\" \/>\n<meta name=\"twitter:label1\" content=\"Escrito por\" \/>\n\t<meta name=\"twitter:data1\" content=\"anaramirez\" \/>\n\t<meta name=\"twitter:label2\" content=\"Tiempo de lectura\" \/>\n\t<meta name=\"twitter:data2\" content=\"1 minuto\" \/>\n<script type=\"application\/ld+json\" class=\"yoast-schema-graph\">{\"@context\":\"https:\/\/schema.org\",\"@graph\":[{\"@type\":\"Article\",\"@id\":\"https:\/\/medicina.udd.cl\/centro-fisiologia-celular-integrativa\/2017\/12\/21\/integrante-del-centro-de-fisiologia-celular-e-integrativa-es-premiado-como-profesor-de-excelencia-de-la-udd\/#article\",\"isPartOf\":{\"@id\":\"https:\/\/medicina.udd.cl\/centro-fisiologia-celular-integrativa\/2017\/12\/21\/integrante-del-centro-de-fisiologia-celular-e-integrativa-es-premiado-como-profesor-de-excelencia-de-la-udd\/\"},\"author\":{\"name\":\"anaramirez\",\"@id\":\"https:\/\/medicina.udd.cl\/centro-fisiologia-celular-integrativa\/#\/schema\/person\/a6153bcbec1af5c60ee9a54bf350e50e\"},\"headline\":\"Investigador del ICIM es premiado como Profesor de Excelencia de la UDD\",\"datePublished\":\"2017-12-21T20:34:56+00:00\",\"dateModified\":\"2017-12-21T20:41:41+00:00\",\"mainEntityOfPage\":{\"@id\":\"https:\/\/medicina.udd.cl\/centro-fisiologia-celular-integrativa\/2017\/12\/21\/integrante-del-centro-de-fisiologia-celular-e-integrativa-es-premiado-como-profesor-de-excelencia-de-la-udd\/\"},\"wordCount\":188,\"commentCount\":0,\"image\":{\"@id\":\"https:\/\/medicina.udd.cl\/centro-fisiologia-celular-integrativa\/2017\/12\/21\/integrante-del-centro-de-fisiologia-celular-e-integrativa-es-premiado-como-profesor-de-excelencia-de-la-udd\/#primaryimage\"},\"thumbnailUrl\":\"https:\/\/medicina.udd.cl\/centro-fisiologia-celular-integrativa\/files\/2017\/12\/foto-noticia-profesor-excelencia.jpg\",\"articleSection\":[\"Noticias\"],\"inLanguage\":\"es\",\"potentialAction\":[{\"@type\":\"CommentAction\",\"name\":\"Comment\",\"target\":[\"https:\/\/medicina.udd.cl\/centro-fisiologia-celular-integrativa\/2017\/12\/21\/integrante-del-centro-de-fisiologia-celular-e-integrativa-es-premiado-como-profesor-de-excelencia-de-la-udd\/#respond\"]}]},{\"@type\":\"WebPage\",\"@id\":\"https:\/\/medicina.udd.cl\/centro-fisiologia-celular-integrativa\/2017\/12\/21\/integrante-del-centro-de-fisiologia-celular-e-integrativa-es-premiado-como-profesor-de-excelencia-de-la-udd\/\",\"url\":\"https:\/\/medicina.udd.cl\/centro-fisiologia-celular-integrativa\/2017\/12\/21\/integrante-del-centro-de-fisiologia-celular-e-integrativa-es-premiado-como-profesor-de-excelencia-de-la-udd\/\",\"name\":\"Investigador del ICIM es premiado como Profesor de Excelencia de la UDD - Centro de Fisiolog\u00eda Celular e Integrativa\",\"isPartOf\":{\"@id\":\"https:\/\/medicina.udd.cl\/centro-fisiologia-celular-integrativa\/#website\"},\"primaryImageOfPage\":{\"@id\":\"https:\/\/medicina.udd.cl\/centro-fisiologia-celular-integrativa\/2017\/12\/21\/integrante-del-centro-de-fisiologia-celular-e-integrativa-es-premiado-como-profesor-de-excelencia-de-la-udd\/#primaryimage\"},\"image\":{\"@id\":\"https:\/\/medicina.udd.cl\/centro-fisiologia-celular-integrativa\/2017\/12\/21\/integrante-del-centro-de-fisiologia-celular-e-integrativa-es-premiado-como-profesor-de-excelencia-de-la-udd\/#primaryimage\"},\"thumbnailUrl\":\"https:\/\/medicina.udd.cl\/centro-fisiologia-celular-integrativa\/files\/2017\/12\/foto-noticia-profesor-excelencia.jpg\",\"datePublished\":\"2017-12-21T20:34:56+00:00\",\"dateModified\":\"2017-12-21T20:41:41+00:00\",\"author\":{\"@id\":\"https:\/\/medicina.udd.cl\/centro-fisiologia-celular-integrativa\/#\/schema\/person\/a6153bcbec1af5c60ee9a54bf350e50e\"},\"breadcrumb\":{\"@id\":\"https:\/\/medicina.udd.cl\/centro-fisiologia-celular-integrativa\/2017\/12\/21\/integrante-del-centro-de-fisiologia-celular-e-integrativa-es-premiado-como-profesor-de-excelencia-de-la-udd\/#breadcrumb\"},\"inLanguage\":\"es\",\"potentialAction\":[{\"@type\":\"ReadAction\",\"target\":[\"https:\/\/medicina.udd.cl\/centro-fisiologia-celular-integrativa\/2017\/12\/21\/integrante-del-centro-de-fisiologia-celular-e-integrativa-es-premiado-como-profesor-de-excelencia-de-la-udd\/\"]}]},{\"@type\":\"ImageObject\",\"inLanguage\":\"es\",\"@id\":\"https:\/\/medicina.udd.cl\/centro-fisiologia-celular-integrativa\/2017\/12\/21\/integrante-del-centro-de-fisiologia-celular-e-integrativa-es-premiado-como-profesor-de-excelencia-de-la-udd\/#primaryimage\",\"url\":\"https:\/\/medicina.udd.cl\/centro-fisiologia-celular-integrativa\/files\/2017\/12\/foto-noticia-profesor-excelencia.jpg\",\"contentUrl\":\"https:\/\/medicina.udd.cl\/centro-fisiologia-celular-integrativa\/files\/2017\/12\/foto-noticia-profesor-excelencia.jpg\",\"width\":340,\"height\":220},{\"@type\":\"BreadcrumbList\",\"@id\":\"https:\/\/medicina.udd.cl\/centro-fisiologia-celular-integrativa\/2017\/12\/21\/integrante-del-centro-de-fisiologia-celular-e-integrativa-es-premiado-como-profesor-de-excelencia-de-la-udd\/#breadcrumb\",\"itemListElement\":[{\"@type\":\"ListItem\",\"position\":1,\"name\":\"Inicio\",\"item\":\"https:\/\/medicina.udd.cl\/centro-fisiologia-celular-integrativa\/\"},{\"@type\":\"ListItem\",\"position\":2,\"name\":\"Investigador del ICIM es premiado como Profesor de Excelencia de la UDD\"}]},{\"@type\":\"WebSite\",\"@id\":\"https:\/\/medicina.udd.cl\/centro-fisiologia-celular-integrativa\/#website\",\"url\":\"https:\/\/medicina.udd.cl\/centro-fisiologia-celular-integrativa\/\",\"name\":\"Centro de Fisiolog\u00eda Celular e Integrativa\",\"description\":\"Otro sitio m\u00e1s de Medicina\",\"inLanguage\":\"es\"},{\"@type\":\"Person\",\"@id\":\"https:\/\/medicina.udd.cl\/centro-fisiologia-celular-integrativa\/#\/schema\/person\/a6153bcbec1af5c60ee9a54bf350e50e\",\"name\":\"anaramirez\",\"image\":{\"@type\":\"ImageObject\",\"inLanguage\":\"es\",\"@id\":\"https:\/\/medicina.udd.cl\/centro-fisiologia-celular-integrativa\/#\/schema\/person\/image\/\",\"url\":\"https:\/\/secure.gravatar.com\/avatar\/7951b2c13488540f5ce68d55abe3e023f8dff33769284143eb6d9863891b3b24?s=96&d=mm&r=g\",\"contentUrl\":\"https:\/\/secure.gravatar.com\/avatar\/7951b2c13488540f5ce68d55abe3e023f8dff33769284143eb6d9863891b3b24?s=96&d=mm&r=g\",\"caption\":\"anaramirez\"},\"url\":\"https:\/\/medicina.udd.cl\/centro-fisiologia-celular-integrativa\/author\/anaramirez\/\"}]}<\/script>\n<!-- \/ Yoast SEO plugin. -->","yoast_head_json":{"title":"Investigador del ICIM es premiado como Profesor de Excelencia de la UDD - Centro de Fisiolog\u00eda Celular e Integrativa","robots":{"index":"index","follow":"follow","max-snippet":"max-snippet:-1","max-image-preview":"max-image-preview:large","max-video-preview":"max-video-preview:-1"},"canonical":"https:\/\/medicina.udd.cl\/centro-fisiologia-celular-integrativa\/2017\/12\/21\/integrante-del-centro-de-fisiologia-celular-e-integrativa-es-premiado-como-profesor-de-excelencia-de-la-udd\/","twitter_misc":{"Escrito por":"anaramirez","Tiempo de lectura":"1 minuto"},"schema":{"@context":"https:\/\/schema.org","@graph":[{"@type":"Article","@id":"https:\/\/medicina.udd.cl\/centro-fisiologia-celular-integrativa\/2017\/12\/21\/integrante-del-centro-de-fisiologia-celular-e-integrativa-es-premiado-como-profesor-de-excelencia-de-la-udd\/#article","isPartOf":{"@id":"https:\/\/medicina.udd.cl\/centro-fisiologia-celular-integrativa\/2017\/12\/21\/integrante-del-centro-de-fisiologia-celular-e-integrativa-es-premiado-como-profesor-de-excelencia-de-la-udd\/"},"author":{"name":"anaramirez","@id":"https:\/\/medicina.udd.cl\/centro-fisiologia-celular-integrativa\/#\/schema\/person\/a6153bcbec1af5c60ee9a54bf350e50e"},"headline":"Investigador del ICIM es premiado como Profesor de Excelencia de la UDD","datePublished":"2017-12-21T20:34:56+00:00","dateModified":"2017-12-21T20:41:41+00:00","mainEntityOfPage":{"@id":"https:\/\/medicina.udd.cl\/centro-fisiologia-celular-integrativa\/2017\/12\/21\/integrante-del-centro-de-fisiologia-celular-e-integrativa-es-premiado-como-profesor-de-excelencia-de-la-udd\/"},"wordCount":188,"commentCount":0,"image":{"@id":"https:\/\/medicina.udd.cl\/centro-fisiologia-celular-integrativa\/2017\/12\/21\/integrante-del-centro-de-fisiologia-celular-e-integrativa-es-premiado-como-profesor-de-excelencia-de-la-udd\/#primaryimage"},"thumbnailUrl":"https:\/\/medicina.udd.cl\/centro-fisiologia-celular-integrativa\/files\/2017\/12\/foto-noticia-profesor-excelencia.jpg","articleSection":["Noticias"],"inLanguage":"es","potentialAction":[{"@type":"CommentAction","name":"Comment","target":["https:\/\/medicina.udd.cl\/centro-fisiologia-celular-integrativa\/2017\/12\/21\/integrante-del-centro-de-fisiologia-celular-e-integrativa-es-premiado-como-profesor-de-excelencia-de-la-udd\/#respond"]}]},{"@type":"WebPage","@id":"https:\/\/medicina.udd.cl\/centro-fisiologia-celular-integrativa\/2017\/12\/21\/integrante-del-centro-de-fisiologia-celular-e-integrativa-es-premiado-como-profesor-de-excelencia-de-la-udd\/","url":"https:\/\/medicina.udd.cl\/centro-fisiologia-celular-integrativa\/2017\/12\/21\/integrante-del-centro-de-fisiologia-celular-e-integrativa-es-premiado-como-profesor-de-excelencia-de-la-udd\/","name":"Investigador del ICIM es premiado como Profesor de Excelencia de la UDD - Centro de Fisiolog\u00eda Celular e Integrativa","isPartOf":{"@id":"https:\/\/medicina.udd.cl\/centro-fisiologia-celular-integrativa\/#website"},"primaryImageOfPage":{"@id":"https:\/\/medicina.udd.cl\/centro-fisiologia-celular-integrativa\/2017\/12\/21\/integrante-del-centro-de-fisiologia-celular-e-integrativa-es-premiado-como-profesor-de-excelencia-de-la-udd\/#primaryimage"},"image":{"@id":"https:\/\/medicina.udd.cl\/centro-fisiologia-celular-integrativa\/2017\/12\/21\/integrante-del-centro-de-fisiologia-celular-e-integrativa-es-premiado-como-profesor-de-excelencia-de-la-udd\/#primaryimage"},"thumbnailUrl":"https:\/\/medicina.udd.cl\/centro-fisiologia-celular-integrativa\/files\/2017\/12\/foto-noticia-profesor-excelencia.jpg","datePublished":"2017-12-21T20:34:56+00:00","dateModified":"2017-12-21T20:41:41+00:00","author":{"@id":"https:\/\/medicina.udd.cl\/centro-fisiologia-celular-integrativa\/#\/schema\/person\/a6153bcbec1af5c60ee9a54bf350e50e"},"breadcrumb":{"@id":"https:\/\/medicina.udd.cl\/centro-fisiologia-celular-integrativa\/2017\/12\/21\/integrante-del-centro-de-fisiologia-celular-e-integrativa-es-premiado-como-profesor-de-excelencia-de-la-udd\/#breadcrumb"},"inLanguage":"es","potentialAction":[{"@type":"ReadAction","target":["https:\/\/medicina.udd.cl\/centro-fisiologia-celular-integrativa\/2017\/12\/21\/integrante-del-centro-de-fisiologia-celular-e-integrativa-es-premiado-como-profesor-de-excelencia-de-la-udd\/"]}]},{"@type":"ImageObject","inLanguage":"es","@id":"https:\/\/medicina.udd.cl\/centro-fisiologia-celular-integrativa\/2017\/12\/21\/integrante-del-centro-de-fisiologia-celular-e-integrativa-es-premiado-como-profesor-de-excelencia-de-la-udd\/#primaryimage","url":"https:\/\/medicina.udd.cl\/centro-fisiologia-celular-integrativa\/files\/2017\/12\/foto-noticia-profesor-excelencia.jpg","contentUrl":"https:\/\/medicina.udd.cl\/centro-fisiologia-celular-integrativa\/files\/2017\/12\/foto-noticia-profesor-excelencia.jpg","width":340,"height":220},{"@type":"BreadcrumbList","@id":"https:\/\/medicina.udd.cl\/centro-fisiologia-celular-integrativa\/2017\/12\/21\/integrante-del-centro-de-fisiologia-celular-e-integrativa-es-premiado-como-profesor-de-excelencia-de-la-udd\/#breadcrumb","itemListElement":[{"@type":"ListItem","position":1,"name":"Inicio","item":"https:\/\/medicina.udd.cl\/centro-fisiologia-celular-integrativa\/"},{"@type":"ListItem","position":2,"name":"Investigador del ICIM es premiado como Profesor de Excelencia de la UDD"}]},{"@type":"WebSite","@id":"https:\/\/medicina.udd.cl\/centro-fisiologia-celular-integrativa\/#website","url":"https:\/\/medicina.udd.cl\/centro-fisiologia-celular-integrativa\/","name":"Centro de Fisiolog\u00eda Celular e Integrativa","description":"Otro sitio m\u00e1s de Medicina","inLanguage":"es"},{"@type":"Person","@id":"https:\/\/medicina.udd.cl\/centro-fisiologia-celular-integrativa\/#\/schema\/person\/a6153bcbec1af5c60ee9a54bf350e50e","name":"anaramirez","image":{"@type":"ImageObject","inLanguage":"es","@id":"https:\/\/medicina.udd.cl\/centro-fisiologia-celular-integrativa\/#\/schema\/person\/image\/","url":"https:\/\/secure.gravatar.com\/avatar\/7951b2c13488540f5ce68d55abe3e023f8dff33769284143eb6d9863891b3b24?s=96&d=mm&r=g","contentUrl":"https:\/\/secure.gravatar.com\/avatar\/7951b2c13488540f5ce68d55abe3e023f8dff33769284143eb6d9863891b3b24?s=96&d=mm&r=g","caption":"anaramirez"},"url":"https:\/\/medicina.udd.cl\/centro-fisiologia-celular-integrativa\/author\/anaramirez\/"}]}},"featured_image_url":"https:\/\/medicina.udd.cl\/centro-fisiologia-celular-integrativa\/files\/2017\/12\/foto-noticia-profesor-excelencia.jpg","_links":{"self":[{"href":"https:\/\/medicina.udd.cl\/centro-fisiologia-celular-integrativa\/wp-json\/wp\/v2\/posts\/428","targetHints":{"allow":["GET"]}}],"collection":[{"href":"https:\/\/medicina.udd.cl\/centro-fisiologia-celular-integrativa\/wp-json\/wp\/v2\/posts"}],"about":[{"href":"https:\/\/medicina.udd.cl\/centro-fisiologia-celular-integrativa\/wp-json\/wp\/v2\/types\/post"}],"author":[{"embeddable":true,"href":"https:\/\/medicina.udd.cl\/centro-fisiologia-celular-integrativa\/wp-json\/wp\/v2\/users\/9192194"}],"replies":[{"embeddable":true,"href":"https:\/\/medicina.udd.cl\/centro-fisiologia-celular-integrativa\/wp-json\/wp\/v2\/comments?post=428"}],"version-history":[{"count":2,"href":"https:\/\/medicina.udd.cl\/centro-fisiologia-celular-integrativa\/wp-json\/wp\/v2\/posts\/428\/revisions"}],"predecessor-version":[{"id":432,"href":"https:\/\/medicina.udd.cl\/centro-fisiologia-celular-integrativa\/wp-json\/wp\/v2\/posts\/428\/revisions\/432"}],"wp:featuredmedia":[{"embeddable":true,"href":"https:\/\/medicina.udd.cl\/centro-fisiologia-celular-integrativa\/wp-json\/wp\/v2\/media\/431"}],"wp:attachment":[{"href":"https:\/\/medicina.udd.cl\/centro-fisiologia-celular-integrativa\/wp-json\/wp\/v2\/media?parent=428"}],"wp:term":[{"taxonomy":"category","embeddable":true,"href":"https:\/\/medicina.udd.cl\/centro-fisiologia-celular-integrativa\/wp-json\/wp\/v2\/categories?post=428"},{"taxonomy":"post_tag","embeddable":true,"href":"https:\/\/medicina.udd.cl\/centro-fisiologia-celular-integrativa\/wp-json\/wp\/v2\/tags?post=428"}],"curies":[{"name":"wp","href":"https:\/\/api.w.org\/{rel}","templated":true}]}}