{"id":438,"date":"2018-01-22T14:25:48","date_gmt":"2018-01-22T14:25:48","guid":{"rendered":"http:\/\/medicina.udd.cl\/centro-fisiologia-celular-integrativa\/?p=438"},"modified":"2018-01-22T14:32:32","modified_gmt":"2018-01-22T14:32:32","slug":"dictan-primer-curso-de-modelamiento-molecular-en-la-facultad-de-medicina","status":"publish","type":"post","link":"https:\/\/medicina.udd.cl\/centro-fisiologia-celular-integrativa\/2018\/01\/22\/dictan-primer-curso-de-modelamiento-molecular-en-la-facultad-de-medicina\/","title":{"rendered":"Dictan primer curso de modelamiento molecular en la Facultad de Medicina"},"content":{"rendered":"<div id=\"gallery-1\" class=\"carousel slide carousel-gallery\" data-ride=\"false\" data-interval=\"false\"><div class=\"carousel-inner\" role=\"listbox\"><figure class=\"carousel-item active\"><img loading=\"lazy\" decoding=\"async\" width=\"801\" height=\"534\" src=\"https:\/\/medicina.udd.cl\/centro-fisiologia-celular-integrativa\/files\/2018\/01\/curso-modelamiento-molecular-1-800x450.jpg\" class=\"attachment-landscape_952 size-landscape_952 lazyload\" alt=\"\" sizes=\"auto, (max-width: 801px) 100vw, 801px\" data-src=\"https:\/\/medicina.udd.cl\/centro-fisiologia-celular-integrativa\/files\/2018\/01\/curso-modelamiento-molecular-1.jpg\" data-srcset=\"https:\/\/medicina.udd.cl\/centro-fisiologia-celular-integrativa\/files\/2018\/01\/curso-modelamiento-molecular-1.jpg 5184w, https:\/\/medicina.udd.cl\/centro-fisiologia-celular-integrativa\/files\/2018\/01\/curso-modelamiento-molecular-1-300x200.jpg 300w, https:\/\/medicina.udd.cl\/centro-fisiologia-celular-integrativa\/files\/2018\/01\/curso-modelamiento-molecular-1-768x512.jpg 768w, https:\/\/medicina.udd.cl\/centro-fisiologia-celular-integrativa\/files\/2018\/01\/curso-modelamiento-molecular-1-1024x683.jpg 1024w, https:\/\/medicina.udd.cl\/centro-fisiologia-celular-integrativa\/files\/2018\/01\/curso-modelamiento-molecular-1-960x640.jpg 960w\" \/><\/figure><figure class=\"carousel-item\"><img loading=\"lazy\" decoding=\"async\" width=\"801\" height=\"534\" src=\"https:\/\/medicina.udd.cl\/centro-fisiologia-celular-integrativa\/files\/2018\/01\/curso-modelamiento-molecular-2-800x450.jpg\" class=\"attachment-landscape_952 size-landscape_952 lazyload\" alt=\"\" sizes=\"auto, (max-width: 801px) 100vw, 801px\" data-src=\"https:\/\/medicina.udd.cl\/centro-fisiologia-celular-integrativa\/files\/2018\/01\/curso-modelamiento-molecular-2.jpg\" data-srcset=\"https:\/\/medicina.udd.cl\/centro-fisiologia-celular-integrativa\/files\/2018\/01\/curso-modelamiento-molecular-2.jpg 5184w, https:\/\/medicina.udd.cl\/centro-fisiologia-celular-integrativa\/files\/2018\/01\/curso-modelamiento-molecular-2-300x200.jpg 300w, https:\/\/medicina.udd.cl\/centro-fisiologia-celular-integrativa\/files\/2018\/01\/curso-modelamiento-molecular-2-768x512.jpg 768w, https:\/\/medicina.udd.cl\/centro-fisiologia-celular-integrativa\/files\/2018\/01\/curso-modelamiento-molecular-2-1024x683.jpg 1024w, https:\/\/medicina.udd.cl\/centro-fisiologia-celular-integrativa\/files\/2018\/01\/curso-modelamiento-molecular-2-960x640.jpg 960w\" \/><\/figure><figure class=\"carousel-item\"><img loading=\"lazy\" decoding=\"async\" width=\"801\" height=\"534\" src=\"https:\/\/medicina.udd.cl\/centro-fisiologia-celular-integrativa\/files\/2018\/01\/Curso-modelamiento-molecular-800x450.jpg\" class=\"attachment-landscape_952 size-landscape_952 lazyload\" alt=\"\" sizes=\"auto, (max-width: 801px) 100vw, 801px\" data-src=\"https:\/\/medicina.udd.cl\/centro-fisiologia-celular-integrativa\/files\/2018\/01\/Curso-modelamiento-molecular.jpg\" data-srcset=\"https:\/\/medicina.udd.cl\/centro-fisiologia-celular-integrativa\/files\/2018\/01\/Curso-modelamiento-molecular.jpg 5184w, https:\/\/medicina.udd.cl\/centro-fisiologia-celular-integrativa\/files\/2018\/01\/Curso-modelamiento-molecular-300x200.jpg 300w, https:\/\/medicina.udd.cl\/centro-fisiologia-celular-integrativa\/files\/2018\/01\/Curso-modelamiento-molecular-768x512.jpg 768w, https:\/\/medicina.udd.cl\/centro-fisiologia-celular-integrativa\/files\/2018\/01\/Curso-modelamiento-molecular-1024x683.jpg 1024w, https:\/\/medicina.udd.cl\/centro-fisiologia-celular-integrativa\/files\/2018\/01\/Curso-modelamiento-molecular-960x640.jpg 960w\" \/><\/figure><\/div><footer class=\"carousel-footer\"><div class=\"carousel-counter\"><span class=\"carousel-counter-current\"><\/span> \/ <span class=\"carousel-counter-total\"><\/span><\/div><a class=\"carousel-control-prev\" href=\"#gallery-1\" role=\"button\" data-slide=\"prev\"><svg aria-hidden=\"true\" class=\"svg-chevron-left-dims\"><use xlink:href='https:\/\/medicina.udd.cl\/centro-fisiologia-celular-integrativa\/wp-content\/themes\/facultades-2018\/assets\/img\/svg\/dist\/main.svg?version=1695853099#chevron-left'><\/use><\/svg><span class=\"sr-only\">Anterior<\/span><\/a><a class=\"carousel-control-next\" href=\"#gallery-1\" role=\"button\" data-slide=\"next\"><svg aria-hidden=\"true\" class=\"svg-chevron-right-dims\"><use xlink:href='https:\/\/medicina.udd.cl\/centro-fisiologia-celular-integrativa\/wp-content\/themes\/facultades-2018\/assets\/img\/svg\/dist\/main.svg?version=1695853099#chevron-right'><\/use><\/svg><span class=\"sr-only\">Siguiente<\/span><\/a><\/footer><\/div>\n<p style=\"text-align: justify;\">Dar a conocer una poderosa herramienta para la caracterizaci\u00f3n de blancos terap\u00e9uticos, a trav\u00e9s de la Bioinform\u00e1tica, fue el objetivo principal del Primer Curso de Modelamiento Molecular, realizado en la Facultad de Medicina Cl\u00ednica Alemana Universidad del Desarrollo.<\/p>\n<p style=\"text-align: justify;\">El curso fue organizado por Mauricio Retamal, investigador del Centro de Fisiolog\u00eda Celular e Integrativa del Instituto de Ciencias e Innovaci\u00f3n en Medicina (ICIM) de la UDD, y dictado por la Dra. Wendy Gonz\u00e1lez, directora del Centro de Bioinform\u00e1tica y Simulaci\u00f3n Molecular (CBSM) de la Facultad de Ingenier\u00eda de la Universidad de Talca.<\/p>\n<p style=\"text-align: justify;\">A su vez, cont\u00f3 con la participaci\u00f3n de investigadores de los distintos centros del ICIM, quienes profundizaron en la teor\u00eda, conceptos y terminolog\u00eda b\u00e1sicos del modelado molecular, enfatizando en temas como el modelado comparativo, la mec\u00e1nica molecular y los c\u00e1lculos de energ\u00eda libre (MM-GBSA), entre otros.<\/p>\n<p style=\"text-align: justify;\">Adem\u00e1s, adquirieron capacidades para realizar actividades de modelado molecular, por ejemplo, la preparaci\u00f3n de sistemas para ejecutar una simulaci\u00f3n molecular y el an\u00e1lisis de la din\u00e1mica molecular y visualizaci\u00f3n de prote\u00ednas, usando el Programa VMD (Visual Molecular Dynamics)<\/p>\n","protected":false},"excerpt":{"rendered":"<p>Dirigido por el Dr. Mauricio Retamal, del Centro de Fisiolog\u00eda Celular e Integrativa, y dictado por la Dra. Wendy Gonz\u00e1lez, de la Universidad de Talca, tuvo como objetivo presentar esta herramienta y su utilidad para la caracterizaci\u00f3n de blancos terap\u00e9uticos, a trav\u00e9s de la Bioinform\u00e1tica.<\/p>\n","protected":false},"author":9192194,"featured_media":444,"comment_status":"open","ping_status":"open","sticky":false,"template":"","format":"standard","meta":{"footnotes":""},"categories":[4],"tags":[],"class_list":["post-438","post","type-post","status-publish","format-standard","has-post-thumbnail","hentry","category-noticias"],"yoast_head":"<!-- This site is optimized with the Yoast SEO plugin v26.9 - https:\/\/yoast.com\/product\/yoast-seo-wordpress\/ -->\n<title>Dictan primer curso de modelamiento molecular en la Facultad de Medicina - Centro de Fisiolog\u00eda Celular e Integrativa<\/title>\n<meta name=\"robots\" content=\"index, follow, max-snippet:-1, max-image-preview:large, max-video-preview:-1\" \/>\n<link rel=\"canonical\" href=\"https:\/\/medicina.udd.cl\/centro-fisiologia-celular-integrativa\/2018\/01\/22\/dictan-primer-curso-de-modelamiento-molecular-en-la-facultad-de-medicina\/\" \/>\n<meta name=\"twitter:label1\" content=\"Escrito por\" \/>\n\t<meta name=\"twitter:data1\" content=\"anaramirez\" \/>\n\t<meta name=\"twitter:label2\" content=\"Tiempo de lectura\" \/>\n\t<meta name=\"twitter:data2\" content=\"1 minuto\" \/>\n<script type=\"application\/ld+json\" class=\"yoast-schema-graph\">{\"@context\":\"https:\/\/schema.org\",\"@graph\":[{\"@type\":\"Article\",\"@id\":\"https:\/\/medicina.udd.cl\/centro-fisiologia-celular-integrativa\/2018\/01\/22\/dictan-primer-curso-de-modelamiento-molecular-en-la-facultad-de-medicina\/#article\",\"isPartOf\":{\"@id\":\"https:\/\/medicina.udd.cl\/centro-fisiologia-celular-integrativa\/2018\/01\/22\/dictan-primer-curso-de-modelamiento-molecular-en-la-facultad-de-medicina\/\"},\"author\":{\"name\":\"anaramirez\",\"@id\":\"https:\/\/medicina.udd.cl\/centro-fisiologia-celular-integrativa\/#\/schema\/person\/a6153bcbec1af5c60ee9a54bf350e50e\"},\"headline\":\"Dictan primer curso de modelamiento molecular en la Facultad de Medicina\",\"datePublished\":\"2018-01-22T14:25:48+00:00\",\"dateModified\":\"2018-01-22T14:32:32+00:00\",\"mainEntityOfPage\":{\"@id\":\"https:\/\/medicina.udd.cl\/centro-fisiologia-celular-integrativa\/2018\/01\/22\/dictan-primer-curso-de-modelamiento-molecular-en-la-facultad-de-medicina\/\"},\"wordCount\":213,\"commentCount\":0,\"image\":{\"@id\":\"https:\/\/medicina.udd.cl\/centro-fisiologia-celular-integrativa\/2018\/01\/22\/dictan-primer-curso-de-modelamiento-molecular-en-la-facultad-de-medicina\/#primaryimage\"},\"thumbnailUrl\":\"https:\/\/medicina.udd.cl\/centro-fisiologia-celular-integrativa\/files\/2018\/01\/Curso-modelamiento-molecular.jpg\",\"articleSection\":[\"Noticias\"],\"inLanguage\":\"es\",\"potentialAction\":[{\"@type\":\"CommentAction\",\"name\":\"Comment\",\"target\":[\"https:\/\/medicina.udd.cl\/centro-fisiologia-celular-integrativa\/2018\/01\/22\/dictan-primer-curso-de-modelamiento-molecular-en-la-facultad-de-medicina\/#respond\"]}]},{\"@type\":\"WebPage\",\"@id\":\"https:\/\/medicina.udd.cl\/centro-fisiologia-celular-integrativa\/2018\/01\/22\/dictan-primer-curso-de-modelamiento-molecular-en-la-facultad-de-medicina\/\",\"url\":\"https:\/\/medicina.udd.cl\/centro-fisiologia-celular-integrativa\/2018\/01\/22\/dictan-primer-curso-de-modelamiento-molecular-en-la-facultad-de-medicina\/\",\"name\":\"Dictan primer curso de modelamiento molecular en la Facultad de Medicina - Centro de Fisiolog\u00eda Celular e Integrativa\",\"isPartOf\":{\"@id\":\"https:\/\/medicina.udd.cl\/centro-fisiologia-celular-integrativa\/#website\"},\"primaryImageOfPage\":{\"@id\":\"https:\/\/medicina.udd.cl\/centro-fisiologia-celular-integrativa\/2018\/01\/22\/dictan-primer-curso-de-modelamiento-molecular-en-la-facultad-de-medicina\/#primaryimage\"},\"image\":{\"@id\":\"https:\/\/medicina.udd.cl\/centro-fisiologia-celular-integrativa\/2018\/01\/22\/dictan-primer-curso-de-modelamiento-molecular-en-la-facultad-de-medicina\/#primaryimage\"},\"thumbnailUrl\":\"https:\/\/medicina.udd.cl\/centro-fisiologia-celular-integrativa\/files\/2018\/01\/Curso-modelamiento-molecular.jpg\",\"datePublished\":\"2018-01-22T14:25:48+00:00\",\"dateModified\":\"2018-01-22T14:32:32+00:00\",\"author\":{\"@id\":\"https:\/\/medicina.udd.cl\/centro-fisiologia-celular-integrativa\/#\/schema\/person\/a6153bcbec1af5c60ee9a54bf350e50e\"},\"breadcrumb\":{\"@id\":\"https:\/\/medicina.udd.cl\/centro-fisiologia-celular-integrativa\/2018\/01\/22\/dictan-primer-curso-de-modelamiento-molecular-en-la-facultad-de-medicina\/#breadcrumb\"},\"inLanguage\":\"es\",\"potentialAction\":[{\"@type\":\"ReadAction\",\"target\":[\"https:\/\/medicina.udd.cl\/centro-fisiologia-celular-integrativa\/2018\/01\/22\/dictan-primer-curso-de-modelamiento-molecular-en-la-facultad-de-medicina\/\"]}]},{\"@type\":\"ImageObject\",\"inLanguage\":\"es\",\"@id\":\"https:\/\/medicina.udd.cl\/centro-fisiologia-celular-integrativa\/2018\/01\/22\/dictan-primer-curso-de-modelamiento-molecular-en-la-facultad-de-medicina\/#primaryimage\",\"url\":\"https:\/\/medicina.udd.cl\/centro-fisiologia-celular-integrativa\/files\/2018\/01\/Curso-modelamiento-molecular.jpg\",\"contentUrl\":\"https:\/\/medicina.udd.cl\/centro-fisiologia-celular-integrativa\/files\/2018\/01\/Curso-modelamiento-molecular.jpg\",\"width\":5184,\"height\":3456},{\"@type\":\"BreadcrumbList\",\"@id\":\"https:\/\/medicina.udd.cl\/centro-fisiologia-celular-integrativa\/2018\/01\/22\/dictan-primer-curso-de-modelamiento-molecular-en-la-facultad-de-medicina\/#breadcrumb\",\"itemListElement\":[{\"@type\":\"ListItem\",\"position\":1,\"name\":\"Inicio\",\"item\":\"https:\/\/medicina.udd.cl\/centro-fisiologia-celular-integrativa\/\"},{\"@type\":\"ListItem\",\"position\":2,\"name\":\"Dictan primer curso de modelamiento molecular en la Facultad de Medicina\"}]},{\"@type\":\"WebSite\",\"@id\":\"https:\/\/medicina.udd.cl\/centro-fisiologia-celular-integrativa\/#website\",\"url\":\"https:\/\/medicina.udd.cl\/centro-fisiologia-celular-integrativa\/\",\"name\":\"Centro de Fisiolog\u00eda Celular e Integrativa\",\"description\":\"Otro sitio m\u00e1s de Medicina\",\"inLanguage\":\"es\"},{\"@type\":\"Person\",\"@id\":\"https:\/\/medicina.udd.cl\/centro-fisiologia-celular-integrativa\/#\/schema\/person\/a6153bcbec1af5c60ee9a54bf350e50e\",\"name\":\"anaramirez\",\"image\":{\"@type\":\"ImageObject\",\"inLanguage\":\"es\",\"@id\":\"https:\/\/medicina.udd.cl\/centro-fisiologia-celular-integrativa\/#\/schema\/person\/image\/\",\"url\":\"https:\/\/secure.gravatar.com\/avatar\/7951b2c13488540f5ce68d55abe3e023f8dff33769284143eb6d9863891b3b24?s=96&d=mm&r=g\",\"contentUrl\":\"https:\/\/secure.gravatar.com\/avatar\/7951b2c13488540f5ce68d55abe3e023f8dff33769284143eb6d9863891b3b24?s=96&d=mm&r=g\",\"caption\":\"anaramirez\"},\"url\":\"https:\/\/medicina.udd.cl\/centro-fisiologia-celular-integrativa\/author\/anaramirez\/\"}]}<\/script>\n<!-- \/ Yoast SEO plugin. -->","yoast_head_json":{"title":"Dictan primer curso de modelamiento molecular en la Facultad de Medicina - Centro de Fisiolog\u00eda Celular e Integrativa","robots":{"index":"index","follow":"follow","max-snippet":"max-snippet:-1","max-image-preview":"max-image-preview:large","max-video-preview":"max-video-preview:-1"},"canonical":"https:\/\/medicina.udd.cl\/centro-fisiologia-celular-integrativa\/2018\/01\/22\/dictan-primer-curso-de-modelamiento-molecular-en-la-facultad-de-medicina\/","twitter_misc":{"Escrito por":"anaramirez","Tiempo de lectura":"1 minuto"},"schema":{"@context":"https:\/\/schema.org","@graph":[{"@type":"Article","@id":"https:\/\/medicina.udd.cl\/centro-fisiologia-celular-integrativa\/2018\/01\/22\/dictan-primer-curso-de-modelamiento-molecular-en-la-facultad-de-medicina\/#article","isPartOf":{"@id":"https:\/\/medicina.udd.cl\/centro-fisiologia-celular-integrativa\/2018\/01\/22\/dictan-primer-curso-de-modelamiento-molecular-en-la-facultad-de-medicina\/"},"author":{"name":"anaramirez","@id":"https:\/\/medicina.udd.cl\/centro-fisiologia-celular-integrativa\/#\/schema\/person\/a6153bcbec1af5c60ee9a54bf350e50e"},"headline":"Dictan primer curso de modelamiento molecular en la Facultad de Medicina","datePublished":"2018-01-22T14:25:48+00:00","dateModified":"2018-01-22T14:32:32+00:00","mainEntityOfPage":{"@id":"https:\/\/medicina.udd.cl\/centro-fisiologia-celular-integrativa\/2018\/01\/22\/dictan-primer-curso-de-modelamiento-molecular-en-la-facultad-de-medicina\/"},"wordCount":213,"commentCount":0,"image":{"@id":"https:\/\/medicina.udd.cl\/centro-fisiologia-celular-integrativa\/2018\/01\/22\/dictan-primer-curso-de-modelamiento-molecular-en-la-facultad-de-medicina\/#primaryimage"},"thumbnailUrl":"https:\/\/medicina.udd.cl\/centro-fisiologia-celular-integrativa\/files\/2018\/01\/Curso-modelamiento-molecular.jpg","articleSection":["Noticias"],"inLanguage":"es","potentialAction":[{"@type":"CommentAction","name":"Comment","target":["https:\/\/medicina.udd.cl\/centro-fisiologia-celular-integrativa\/2018\/01\/22\/dictan-primer-curso-de-modelamiento-molecular-en-la-facultad-de-medicina\/#respond"]}]},{"@type":"WebPage","@id":"https:\/\/medicina.udd.cl\/centro-fisiologia-celular-integrativa\/2018\/01\/22\/dictan-primer-curso-de-modelamiento-molecular-en-la-facultad-de-medicina\/","url":"https:\/\/medicina.udd.cl\/centro-fisiologia-celular-integrativa\/2018\/01\/22\/dictan-primer-curso-de-modelamiento-molecular-en-la-facultad-de-medicina\/","name":"Dictan primer curso de modelamiento molecular en la Facultad de Medicina - Centro de Fisiolog\u00eda Celular e Integrativa","isPartOf":{"@id":"https:\/\/medicina.udd.cl\/centro-fisiologia-celular-integrativa\/#website"},"primaryImageOfPage":{"@id":"https:\/\/medicina.udd.cl\/centro-fisiologia-celular-integrativa\/2018\/01\/22\/dictan-primer-curso-de-modelamiento-molecular-en-la-facultad-de-medicina\/#primaryimage"},"image":{"@id":"https:\/\/medicina.udd.cl\/centro-fisiologia-celular-integrativa\/2018\/01\/22\/dictan-primer-curso-de-modelamiento-molecular-en-la-facultad-de-medicina\/#primaryimage"},"thumbnailUrl":"https:\/\/medicina.udd.cl\/centro-fisiologia-celular-integrativa\/files\/2018\/01\/Curso-modelamiento-molecular.jpg","datePublished":"2018-01-22T14:25:48+00:00","dateModified":"2018-01-22T14:32:32+00:00","author":{"@id":"https:\/\/medicina.udd.cl\/centro-fisiologia-celular-integrativa\/#\/schema\/person\/a6153bcbec1af5c60ee9a54bf350e50e"},"breadcrumb":{"@id":"https:\/\/medicina.udd.cl\/centro-fisiologia-celular-integrativa\/2018\/01\/22\/dictan-primer-curso-de-modelamiento-molecular-en-la-facultad-de-medicina\/#breadcrumb"},"inLanguage":"es","potentialAction":[{"@type":"ReadAction","target":["https:\/\/medicina.udd.cl\/centro-fisiologia-celular-integrativa\/2018\/01\/22\/dictan-primer-curso-de-modelamiento-molecular-en-la-facultad-de-medicina\/"]}]},{"@type":"ImageObject","inLanguage":"es","@id":"https:\/\/medicina.udd.cl\/centro-fisiologia-celular-integrativa\/2018\/01\/22\/dictan-primer-curso-de-modelamiento-molecular-en-la-facultad-de-medicina\/#primaryimage","url":"https:\/\/medicina.udd.cl\/centro-fisiologia-celular-integrativa\/files\/2018\/01\/Curso-modelamiento-molecular.jpg","contentUrl":"https:\/\/medicina.udd.cl\/centro-fisiologia-celular-integrativa\/files\/2018\/01\/Curso-modelamiento-molecular.jpg","width":5184,"height":3456},{"@type":"BreadcrumbList","@id":"https:\/\/medicina.udd.cl\/centro-fisiologia-celular-integrativa\/2018\/01\/22\/dictan-primer-curso-de-modelamiento-molecular-en-la-facultad-de-medicina\/#breadcrumb","itemListElement":[{"@type":"ListItem","position":1,"name":"Inicio","item":"https:\/\/medicina.udd.cl\/centro-fisiologia-celular-integrativa\/"},{"@type":"ListItem","position":2,"name":"Dictan primer curso de modelamiento molecular en la Facultad de Medicina"}]},{"@type":"WebSite","@id":"https:\/\/medicina.udd.cl\/centro-fisiologia-celular-integrativa\/#website","url":"https:\/\/medicina.udd.cl\/centro-fisiologia-celular-integrativa\/","name":"Centro de Fisiolog\u00eda Celular e Integrativa","description":"Otro sitio m\u00e1s de Medicina","inLanguage":"es"},{"@type":"Person","@id":"https:\/\/medicina.udd.cl\/centro-fisiologia-celular-integrativa\/#\/schema\/person\/a6153bcbec1af5c60ee9a54bf350e50e","name":"anaramirez","image":{"@type":"ImageObject","inLanguage":"es","@id":"https:\/\/medicina.udd.cl\/centro-fisiologia-celular-integrativa\/#\/schema\/person\/image\/","url":"https:\/\/secure.gravatar.com\/avatar\/7951b2c13488540f5ce68d55abe3e023f8dff33769284143eb6d9863891b3b24?s=96&d=mm&r=g","contentUrl":"https:\/\/secure.gravatar.com\/avatar\/7951b2c13488540f5ce68d55abe3e023f8dff33769284143eb6d9863891b3b24?s=96&d=mm&r=g","caption":"anaramirez"},"url":"https:\/\/medicina.udd.cl\/centro-fisiologia-celular-integrativa\/author\/anaramirez\/"}]}},"featured_image_url":"https:\/\/medicina.udd.cl\/centro-fisiologia-celular-integrativa\/files\/2018\/01\/Curso-modelamiento-molecular.jpg","_links":{"self":[{"href":"https:\/\/medicina.udd.cl\/centro-fisiologia-celular-integrativa\/wp-json\/wp\/v2\/posts\/438","targetHints":{"allow":["GET"]}}],"collection":[{"href":"https:\/\/medicina.udd.cl\/centro-fisiologia-celular-integrativa\/wp-json\/wp\/v2\/posts"}],"about":[{"href":"https:\/\/medicina.udd.cl\/centro-fisiologia-celular-integrativa\/wp-json\/wp\/v2\/types\/post"}],"author":[{"embeddable":true,"href":"https:\/\/medicina.udd.cl\/centro-fisiologia-celular-integrativa\/wp-json\/wp\/v2\/users\/9192194"}],"replies":[{"embeddable":true,"href":"https:\/\/medicina.udd.cl\/centro-fisiologia-celular-integrativa\/wp-json\/wp\/v2\/comments?post=438"}],"version-history":[{"count":3,"href":"https:\/\/medicina.udd.cl\/centro-fisiologia-celular-integrativa\/wp-json\/wp\/v2\/posts\/438\/revisions"}],"predecessor-version":[{"id":445,"href":"https:\/\/medicina.udd.cl\/centro-fisiologia-celular-integrativa\/wp-json\/wp\/v2\/posts\/438\/revisions\/445"}],"wp:featuredmedia":[{"embeddable":true,"href":"https:\/\/medicina.udd.cl\/centro-fisiologia-celular-integrativa\/wp-json\/wp\/v2\/media\/444"}],"wp:attachment":[{"href":"https:\/\/medicina.udd.cl\/centro-fisiologia-celular-integrativa\/wp-json\/wp\/v2\/media?parent=438"}],"wp:term":[{"taxonomy":"category","embeddable":true,"href":"https:\/\/medicina.udd.cl\/centro-fisiologia-celular-integrativa\/wp-json\/wp\/v2\/categories?post=438"},{"taxonomy":"post_tag","embeddable":true,"href":"https:\/\/medicina.udd.cl\/centro-fisiologia-celular-integrativa\/wp-json\/wp\/v2\/tags?post=438"}],"curies":[{"name":"wp","href":"https:\/\/api.w.org\/{rel}","templated":true}]}}