{"id":1032,"date":"2013-09-23T11:54:26","date_gmt":"2013-09-23T15:54:26","guid":{"rendered":"http:\/\/medicina.udd.cl\/centro-genetica-humana\/?p=1032"},"modified":"2013-09-23T11:54:26","modified_gmt":"2013-09-23T15:54:26","slug":"curso-de-genomica-en-medicina","status":"publish","type":"post","link":"https:\/\/medicina.udd.cl\/centro-genetica-genomica\/noticias\/2013\/09\/23\/curso-de-genomica-en-medicina\/","title":{"rendered":"Curso de Gen\u00f3mica en Medicina"},"content":{"rendered":"<p><a href=\"http:\/\/medicina.udd.cl\/centro-genetica-humana\/files\/2013\/09\/Curso-de-Gen\u00f3mica-en-Medicina.jpg\"><img loading=\"lazy\" decoding=\"async\" class=\"aligncenter size-medium wp-image-1033\" alt=\"Curso de Gen\u00f3mica en Medicina\" src=\"http:\/\/medicina.udd.cl\/centro-genetica-humana\/files\/2013\/09\/Curso-de-Gen\u00f3mica-en-Medicina-300x290.jpg\" width=\"300\" height=\"290\" \/><\/a><\/p>\n<p>El <strong>martes 5 de noviembre<\/strong>\u00a0<strong>de 2013<\/strong> se realizar\u00e1 en el <strong>Aula Magna de la Cl\u00ednica Alemana<\/strong>, entre las 09:30 y 18:00 horas, el <em><strong>Curso de Gen\u00f3mica en Medicina<\/strong><\/em>.<\/p>\n<p>Organizado por el <strong>Centro de Gen\u00e9tica Humana<\/strong> de la <strong>Facultad de Medicina CAS-UDD<\/strong> y el <strong>Departamento Cient\u00edfico Docente<\/strong> de la <strong>Cl\u00ednica Alemana<\/strong>, el curso est\u00e1 dirigido a m\u00e9dicos y profesionales de la salud,\u00a0investigadores b\u00e1sicos y cl\u00ednicos, y a alumnos de\u00a0pre y postgrado de carreras biol\u00f3gicas y de la salud.<\/p>\n<p>Se tratar\u00e1n los t\u00f3picos: c\u00e1ncer, anomal\u00edas cong\u00e9nitas y microbioma humano y contar\u00e1 con la presencia de destacados invitados internacionales, todos expertos en las \u00e1reas a tratar.<\/p>\n<p>Los cupos son limitados y las inscripciones sin costo, las que deben realizarse en el sitio web: www.alemana.cl, ingresando al men\u00fa: M\u00e9dicos y especialidades\/\u00c1rea M\u00e9dica\/ Cursos cient\u00edficos o ingresar a este <a href=\"http:\/\/portal.alemana.cl\/wps\/wcm\/connect\/internet\/home\/servicios+en+linea\/cursos+cientificos\">link.<\/a><\/p>\n<p>Para mayores informaciones, escribir al mail:\u00a0<strong>afalfan@alemana.cl\u00a0<\/strong><\/p>\n<p>Para revisar el programa, ingrese <a href=\"http:\/\/medicina.udd.cl\/centro-genetica-humana\/files\/2013\/09\/PROGRAMA.pdf\">aqu\u00ed<\/a>.<strong><\/strong><\/p>\n","protected":false},"excerpt":{"rendered":"<p>Se realizar\u00e1 el martes 5 de noviembre en el Aula Magna de la Cl\u00ednica Alemana y los t\u00f3picos ser\u00e1n: c\u00e1ncer, anomal\u00edas cong\u00e9nitas y microbioma humano<\/p>\n","protected":false},"author":42,"featured_media":1033,"comment_status":"open","ping_status":"open","sticky":false,"template":"","format":"standard","meta":{"footnotes":""},"categories":[4],"tags":[],"class_list":["post-1032","post","type-post","status-publish","format-standard","has-post-thumbnail","hentry","category-noticias"],"yoast_head":"<!-- This site is optimized with the Yoast SEO plugin v26.9 - https:\/\/yoast.com\/product\/yoast-seo-wordpress\/ -->\n<title>Curso de Gen\u00f3mica en Medicina - Centro de Gen\u00e9tica Humana<\/title>\n<meta name=\"description\" content=\"Se realizar\u00e1 el martes 5 de noviembre en el Aula Magna de la Cl\u00ednica Alemana y los t\u00f3picos ser\u00e1n: c\u00e1ncer, anomal\u00edas cong\u00e9nitas y microbioma humano\" \/>\n<meta name=\"robots\" content=\"index, follow, max-snippet:-1, max-image-preview:large, max-video-preview:-1\" \/>\n<link rel=\"canonical\" href=\"https:\/\/medicina.udd.cl\/centro-genetica-genomica\/noticias\/2013\/09\/23\/curso-de-genomica-en-medicina\/\" \/>\n<meta property=\"og:locale\" content=\"es_ES\" \/>\n<meta property=\"og:type\" content=\"article\" \/>\n<meta property=\"og:title\" content=\"Curso de Gen\u00f3mica en Medicina - Centro de Gen\u00e9tica Humana\" \/>\n<meta property=\"og:description\" content=\"Se realizar\u00e1 el martes 5 de noviembre en el Aula Magna de la Cl\u00ednica Alemana y los t\u00f3picos ser\u00e1n: c\u00e1ncer, anomal\u00edas cong\u00e9nitas y microbioma humano\" \/>\n<meta property=\"og:url\" content=\"https:\/\/medicina.udd.cl\/centro-genetica-genomica\/noticias\/2013\/09\/23\/curso-de-genomica-en-medicina\/\" \/>\n<meta property=\"og:site_name\" content=\"Centro de Gen\u00e9tica y Gen\u00f3mica\" \/>\n<meta property=\"article:published_time\" content=\"2013-09-23T15:54:26+00:00\" \/>\n<meta property=\"og:image\" content=\"https:\/\/medicina.udd.cl\/centro-genetica-genomica\/files\/2013\/09\/Curso-de-Gen\u00f3mica-en-Medicina.jpg\" \/>\n\t<meta property=\"og:image:width\" content=\"916\" \/>\n\t<meta property=\"og:image:height\" content=\"888\" \/>\n\t<meta property=\"og:image:type\" content=\"image\/jpeg\" \/>\n<meta name=\"twitter:label1\" content=\"Escrito por\" \/>\n\t<meta name=\"twitter:data1\" content=\"\" \/>\n\t<meta name=\"twitter:label2\" content=\"Tiempo de lectura\" \/>\n\t<meta name=\"twitter:data2\" content=\"1 minuto\" \/>\n<script type=\"application\/ld+json\" class=\"yoast-schema-graph\">{\"@context\":\"https:\/\/schema.org\",\"@graph\":[{\"@type\":\"Article\",\"@id\":\"https:\/\/medicina.udd.cl\/centro-genetica-genomica\/noticias\/2013\/09\/23\/curso-de-genomica-en-medicina\/#article\",\"isPartOf\":{\"@id\":\"https:\/\/medicina.udd.cl\/centro-genetica-genomica\/noticias\/2013\/09\/23\/curso-de-genomica-en-medicina\/\"},\"author\":{\"name\":\"\",\"@id\":\"\"},\"headline\":\"Curso de Gen\u00f3mica en Medicina\",\"datePublished\":\"2013-09-23T15:54:26+00:00\",\"mainEntityOfPage\":{\"@id\":\"https:\/\/medicina.udd.cl\/centro-genetica-genomica\/noticias\/2013\/09\/23\/curso-de-genomica-en-medicina\/\"},\"wordCount\":175,\"commentCount\":0,\"image\":{\"@id\":\"https:\/\/medicina.udd.cl\/centro-genetica-genomica\/noticias\/2013\/09\/23\/curso-de-genomica-en-medicina\/#primaryimage\"},\"thumbnailUrl\":\"https:\/\/medicina.udd.cl\/centro-genetica-genomica\/files\/2013\/09\/Curso-de-Gen\u00f3mica-en-Medicina.jpg\",\"articleSection\":[\"Noticias\"],\"inLanguage\":\"es\",\"potentialAction\":[{\"@type\":\"CommentAction\",\"name\":\"Comment\",\"target\":[\"https:\/\/medicina.udd.cl\/centro-genetica-genomica\/noticias\/2013\/09\/23\/curso-de-genomica-en-medicina\/#respond\"]}]},{\"@type\":\"WebPage\",\"@id\":\"https:\/\/medicina.udd.cl\/centro-genetica-genomica\/noticias\/2013\/09\/23\/curso-de-genomica-en-medicina\/\",\"url\":\"https:\/\/medicina.udd.cl\/centro-genetica-genomica\/noticias\/2013\/09\/23\/curso-de-genomica-en-medicina\/\",\"name\":\"Curso de Gen\u00f3mica en Medicina - Centro de Gen\u00e9tica Humana\",\"isPartOf\":{\"@id\":\"https:\/\/medicina.udd.cl\/centro-genetica-genomica\/#website\"},\"primaryImageOfPage\":{\"@id\":\"https:\/\/medicina.udd.cl\/centro-genetica-genomica\/noticias\/2013\/09\/23\/curso-de-genomica-en-medicina\/#primaryimage\"},\"image\":{\"@id\":\"https:\/\/medicina.udd.cl\/centro-genetica-genomica\/noticias\/2013\/09\/23\/curso-de-genomica-en-medicina\/#primaryimage\"},\"thumbnailUrl\":\"https:\/\/medicina.udd.cl\/centro-genetica-genomica\/files\/2013\/09\/Curso-de-Gen\u00f3mica-en-Medicina.jpg\",\"datePublished\":\"2013-09-23T15:54:26+00:00\",\"author\":{\"@id\":\"\"},\"description\":\"Se realizar\u00e1 el martes 5 de noviembre en el Aula Magna de la Cl\u00ednica Alemana y los t\u00f3picos ser\u00e1n: c\u00e1ncer, anomal\u00edas cong\u00e9nitas y microbioma humano\",\"breadcrumb\":{\"@id\":\"https:\/\/medicina.udd.cl\/centro-genetica-genomica\/noticias\/2013\/09\/23\/curso-de-genomica-en-medicina\/#breadcrumb\"},\"inLanguage\":\"es\",\"potentialAction\":[{\"@type\":\"ReadAction\",\"target\":[\"https:\/\/medicina.udd.cl\/centro-genetica-genomica\/noticias\/2013\/09\/23\/curso-de-genomica-en-medicina\/\"]}]},{\"@type\":\"ImageObject\",\"inLanguage\":\"es\",\"@id\":\"https:\/\/medicina.udd.cl\/centro-genetica-genomica\/noticias\/2013\/09\/23\/curso-de-genomica-en-medicina\/#primaryimage\",\"url\":\"https:\/\/medicina.udd.cl\/centro-genetica-genomica\/files\/2013\/09\/Curso-de-Gen\u00f3mica-en-Medicina.jpg\",\"contentUrl\":\"https:\/\/medicina.udd.cl\/centro-genetica-genomica\/files\/2013\/09\/Curso-de-Gen\u00f3mica-en-Medicina.jpg\",\"width\":916,\"height\":888},{\"@type\":\"BreadcrumbList\",\"@id\":\"https:\/\/medicina.udd.cl\/centro-genetica-genomica\/noticias\/2013\/09\/23\/curso-de-genomica-en-medicina\/#breadcrumb\",\"itemListElement\":[{\"@type\":\"ListItem\",\"position\":1,\"name\":\"Inicio\",\"item\":\"https:\/\/medicina.udd.cl\/centro-genetica-genomica\/\"},{\"@type\":\"ListItem\",\"position\":2,\"name\":\"Curso de Gen\u00f3mica en Medicina\"}]},{\"@type\":\"WebSite\",\"@id\":\"https:\/\/medicina.udd.cl\/centro-genetica-genomica\/#website\",\"url\":\"https:\/\/medicina.udd.cl\/centro-genetica-genomica\/\",\"name\":\"Centro de Gen\u00e9tica y Gen\u00f3mica\",\"description\":\"\",\"inLanguage\":\"es\"},{\"@type\":\"Person\",\"@id\":\"\",\"url\":\"https:\/\/medicina.udd.cl\/centro-genetica-genomica\/noticias\/author\/\"}]}<\/script>\n<!-- \/ Yoast SEO plugin. -->","yoast_head_json":{"title":"Curso de Gen\u00f3mica en Medicina - Centro de Gen\u00e9tica Humana","description":"Se realizar\u00e1 el martes 5 de noviembre en el Aula Magna de la Cl\u00ednica Alemana y los t\u00f3picos ser\u00e1n: c\u00e1ncer, anomal\u00edas cong\u00e9nitas y microbioma humano","robots":{"index":"index","follow":"follow","max-snippet":"max-snippet:-1","max-image-preview":"max-image-preview:large","max-video-preview":"max-video-preview:-1"},"canonical":"https:\/\/medicina.udd.cl\/centro-genetica-genomica\/noticias\/2013\/09\/23\/curso-de-genomica-en-medicina\/","og_locale":"es_ES","og_type":"article","og_title":"Curso de Gen\u00f3mica en Medicina - Centro de Gen\u00e9tica Humana","og_description":"Se realizar\u00e1 el martes 5 de noviembre en el Aula Magna de la Cl\u00ednica Alemana y los t\u00f3picos ser\u00e1n: c\u00e1ncer, anomal\u00edas cong\u00e9nitas y microbioma humano","og_url":"https:\/\/medicina.udd.cl\/centro-genetica-genomica\/noticias\/2013\/09\/23\/curso-de-genomica-en-medicina\/","og_site_name":"Centro de Gen\u00e9tica y Gen\u00f3mica","article_published_time":"2013-09-23T15:54:26+00:00","og_image":[{"width":916,"height":888,"url":"https:\/\/medicina.udd.cl\/centro-genetica-genomica\/files\/2013\/09\/Curso-de-Gen\u00f3mica-en-Medicina.jpg","type":"image\/jpeg"}],"twitter_misc":{"Escrito por":"","Tiempo de lectura":"1 minuto"},"schema":{"@context":"https:\/\/schema.org","@graph":[{"@type":"Article","@id":"https:\/\/medicina.udd.cl\/centro-genetica-genomica\/noticias\/2013\/09\/23\/curso-de-genomica-en-medicina\/#article","isPartOf":{"@id":"https:\/\/medicina.udd.cl\/centro-genetica-genomica\/noticias\/2013\/09\/23\/curso-de-genomica-en-medicina\/"},"author":{"name":"","@id":""},"headline":"Curso de Gen\u00f3mica en Medicina","datePublished":"2013-09-23T15:54:26+00:00","mainEntityOfPage":{"@id":"https:\/\/medicina.udd.cl\/centro-genetica-genomica\/noticias\/2013\/09\/23\/curso-de-genomica-en-medicina\/"},"wordCount":175,"commentCount":0,"image":{"@id":"https:\/\/medicina.udd.cl\/centro-genetica-genomica\/noticias\/2013\/09\/23\/curso-de-genomica-en-medicina\/#primaryimage"},"thumbnailUrl":"https:\/\/medicina.udd.cl\/centro-genetica-genomica\/files\/2013\/09\/Curso-de-Gen\u00f3mica-en-Medicina.jpg","articleSection":["Noticias"],"inLanguage":"es","potentialAction":[{"@type":"CommentAction","name":"Comment","target":["https:\/\/medicina.udd.cl\/centro-genetica-genomica\/noticias\/2013\/09\/23\/curso-de-genomica-en-medicina\/#respond"]}]},{"@type":"WebPage","@id":"https:\/\/medicina.udd.cl\/centro-genetica-genomica\/noticias\/2013\/09\/23\/curso-de-genomica-en-medicina\/","url":"https:\/\/medicina.udd.cl\/centro-genetica-genomica\/noticias\/2013\/09\/23\/curso-de-genomica-en-medicina\/","name":"Curso de Gen\u00f3mica en Medicina - Centro de Gen\u00e9tica Humana","isPartOf":{"@id":"https:\/\/medicina.udd.cl\/centro-genetica-genomica\/#website"},"primaryImageOfPage":{"@id":"https:\/\/medicina.udd.cl\/centro-genetica-genomica\/noticias\/2013\/09\/23\/curso-de-genomica-en-medicina\/#primaryimage"},"image":{"@id":"https:\/\/medicina.udd.cl\/centro-genetica-genomica\/noticias\/2013\/09\/23\/curso-de-genomica-en-medicina\/#primaryimage"},"thumbnailUrl":"https:\/\/medicina.udd.cl\/centro-genetica-genomica\/files\/2013\/09\/Curso-de-Gen\u00f3mica-en-Medicina.jpg","datePublished":"2013-09-23T15:54:26+00:00","author":{"@id":""},"description":"Se realizar\u00e1 el martes 5 de noviembre en el Aula Magna de la Cl\u00ednica Alemana y los t\u00f3picos ser\u00e1n: c\u00e1ncer, anomal\u00edas cong\u00e9nitas y microbioma humano","breadcrumb":{"@id":"https:\/\/medicina.udd.cl\/centro-genetica-genomica\/noticias\/2013\/09\/23\/curso-de-genomica-en-medicina\/#breadcrumb"},"inLanguage":"es","potentialAction":[{"@type":"ReadAction","target":["https:\/\/medicina.udd.cl\/centro-genetica-genomica\/noticias\/2013\/09\/23\/curso-de-genomica-en-medicina\/"]}]},{"@type":"ImageObject","inLanguage":"es","@id":"https:\/\/medicina.udd.cl\/centro-genetica-genomica\/noticias\/2013\/09\/23\/curso-de-genomica-en-medicina\/#primaryimage","url":"https:\/\/medicina.udd.cl\/centro-genetica-genomica\/files\/2013\/09\/Curso-de-Gen\u00f3mica-en-Medicina.jpg","contentUrl":"https:\/\/medicina.udd.cl\/centro-genetica-genomica\/files\/2013\/09\/Curso-de-Gen\u00f3mica-en-Medicina.jpg","width":916,"height":888},{"@type":"BreadcrumbList","@id":"https:\/\/medicina.udd.cl\/centro-genetica-genomica\/noticias\/2013\/09\/23\/curso-de-genomica-en-medicina\/#breadcrumb","itemListElement":[{"@type":"ListItem","position":1,"name":"Inicio","item":"https:\/\/medicina.udd.cl\/centro-genetica-genomica\/"},{"@type":"ListItem","position":2,"name":"Curso de Gen\u00f3mica en Medicina"}]},{"@type":"WebSite","@id":"https:\/\/medicina.udd.cl\/centro-genetica-genomica\/#website","url":"https:\/\/medicina.udd.cl\/centro-genetica-genomica\/","name":"Centro de Gen\u00e9tica y Gen\u00f3mica","description":"","inLanguage":"es"},{"@type":"Person","@id":"","url":"https:\/\/medicina.udd.cl\/centro-genetica-genomica\/noticias\/author\/"}]}},"featured_image_url":"https:\/\/medicina.udd.cl\/centro-genetica-genomica\/files\/2013\/09\/Curso-de-Gen\u00f3mica-en-Medicina.jpg","_links":{"self":[{"href":"https:\/\/medicina.udd.cl\/centro-genetica-genomica\/wp-json\/wp\/v2\/posts\/1032","targetHints":{"allow":["GET"]}}],"collection":[{"href":"https:\/\/medicina.udd.cl\/centro-genetica-genomica\/wp-json\/wp\/v2\/posts"}],"about":[{"href":"https:\/\/medicina.udd.cl\/centro-genetica-genomica\/wp-json\/wp\/v2\/types\/post"}],"author":[{"embeddable":true,"href":"https:\/\/medicina.udd.cl\/centro-genetica-genomica\/wp-json\/wp\/v2\/users\/42"}],"replies":[{"embeddable":true,"href":"https:\/\/medicina.udd.cl\/centro-genetica-genomica\/wp-json\/wp\/v2\/comments?post=1032"}],"version-history":[{"count":4,"href":"https:\/\/medicina.udd.cl\/centro-genetica-genomica\/wp-json\/wp\/v2\/posts\/1032\/revisions"}],"predecessor-version":[{"id":1038,"href":"https:\/\/medicina.udd.cl\/centro-genetica-genomica\/wp-json\/wp\/v2\/posts\/1032\/revisions\/1038"}],"wp:featuredmedia":[{"embeddable":true,"href":"https:\/\/medicina.udd.cl\/centro-genetica-genomica\/wp-json\/wp\/v2\/media\/1033"}],"wp:attachment":[{"href":"https:\/\/medicina.udd.cl\/centro-genetica-genomica\/wp-json\/wp\/v2\/media?parent=1032"}],"wp:term":[{"taxonomy":"category","embeddable":true,"href":"https:\/\/medicina.udd.cl\/centro-genetica-genomica\/wp-json\/wp\/v2\/categories?post=1032"},{"taxonomy":"post_tag","embeddable":true,"href":"https:\/\/medicina.udd.cl\/centro-genetica-genomica\/wp-json\/wp\/v2\/tags?post=1032"}],"curies":[{"name":"wp","href":"https:\/\/api.w.org\/{rel}","templated":true}]}}