{"id":1045,"date":"2013-10-08T11:05:21","date_gmt":"2013-10-08T15:05:21","guid":{"rendered":"http:\/\/medicina.udd.cl\/centro-genetica-humana\/?p=1045"},"modified":"2013-10-08T11:15:00","modified_gmt":"2013-10-08T15:15:00","slug":"doctora-repetto-recibe-premio-de-excelencia-academica","status":"publish","type":"post","link":"https:\/\/medicina.udd.cl\/centro-genetica-genomica\/noticias\/2013\/10\/08\/doctora-repetto-recibe-premio-de-excelencia-academica\/","title":{"rendered":"Doctora Repetto recibe premio de excelencia acad\u00e9mica"},"content":{"rendered":"<p style=\"text-align: center;\"><a href=\"http:\/\/medicina.udd.cl\/centro-genetica-humana\/files\/2013\/10\/Imagen-0051.jpg\"><img loading=\"lazy\" decoding=\"async\" class=\"size-medium wp-image-1050 aligncenter\" alt=\"Doctora Repetto y doctor Vial\" src=\"http:\/\/medicina.udd.cl\/centro-genetica-humana\/files\/2013\/10\/Imagen-0051-300x300.jpg\" width=\"300\" height=\"300\" srcset=\"https:\/\/medicina.udd.cl\/centro-genetica-genomica\/files\/2013\/10\/Imagen-0051-300x300.jpg 300w, https:\/\/medicina.udd.cl\/centro-genetica-genomica\/files\/2013\/10\/Imagen-0051-150x150.jpg 150w, https:\/\/medicina.udd.cl\/centro-genetica-genomica\/files\/2013\/10\/Imagen-0051-768x768.jpg 768w, https:\/\/medicina.udd.cl\/centro-genetica-genomica\/files\/2013\/10\/Imagen-0051-1024x1024.jpg 1024w, https:\/\/medicina.udd.cl\/centro-genetica-genomica\/files\/2013\/10\/Imagen-0051-62x62.jpg 62w, https:\/\/medicina.udd.cl\/centro-genetica-genomica\/files\/2013\/10\/Imagen-0051-960x960.jpg 960w, https:\/\/medicina.udd.cl\/centro-genetica-genomica\/files\/2013\/10\/Imagen-0051-126x126.jpg 126w\" sizes=\"auto, (max-width: 300px) 100vw, 300px\" \/><\/a><\/p>\n<p style=\"text-align: left;\">Durante la ceremonia de la Cuenta Anual 2012 y como una forma de reconocer la excelencia de sus profesores, la Universidad del Desarrollo premi\u00f3 a los mejores docentes de ese per\u00edodo.<\/p>\n<p style=\"text-align: left;\">En este contexto, la doctora Gabriela Repetto, directora del Centro de Gen\u00e9tica de la Facultad de Medicina recibi\u00f3 un reconocimiento por su buen desempe\u00f1o durante el a\u00f1o acad\u00e9mico 2012.<\/p>\n<p>Este premio busca destacar a los acad\u00e9micos que sobresalieron en su trabajo, que encarnan el sello UDD y que transmiten a los alumnos los valores y esp\u00edritu de la universidad.<\/p>\n","protected":false},"excerpt":{"rendered":"<p>En la ceremonia de la Cuenta Anual 2012, el rector de la UDD, Federico Vald\u00e9s, entreg\u00f3 un reconocimiento a los docentes que destacaron durante ese a\u00f1o.<\/p>\n","protected":false},"author":42,"featured_media":1046,"comment_status":"open","ping_status":"open","sticky":false,"template":"","format":"standard","meta":{"footnotes":""},"categories":[4],"tags":[],"class_list":["post-1045","post","type-post","status-publish","format-standard","has-post-thumbnail","hentry","category-noticias"],"yoast_head":"<!-- This site is optimized with the Yoast SEO plugin v26.9 - https:\/\/yoast.com\/product\/yoast-seo-wordpress\/ -->\n<title>Doctora Repetto recibe premio de excelencia acad\u00e9mica - Centro Gen\u00e9tica<\/title>\n<meta name=\"description\" content=\"En la ceremonia de la Cuenta Anual 2012, el rector de la UDD, Federico Vald\u00e9s reconoci\u00f3 a los docentes que destacaron durante ese a\u00f1o.\" \/>\n<meta name=\"robots\" content=\"index, follow, max-snippet:-1, max-image-preview:large, max-video-preview:-1\" \/>\n<link rel=\"canonical\" href=\"https:\/\/medicina.udd.cl\/centro-genetica-genomica\/noticias\/2013\/10\/08\/doctora-repetto-recibe-premio-de-excelencia-academica\/\" \/>\n<meta property=\"og:locale\" content=\"es_ES\" \/>\n<meta property=\"og:type\" content=\"article\" \/>\n<meta property=\"og:title\" content=\"Doctora Repetto recibe premio de excelencia acad\u00e9mica - Centro Gen\u00e9tica\" \/>\n<meta property=\"og:description\" content=\"En la ceremonia de la Cuenta Anual 2012, el rector de la UDD, Federico Vald\u00e9s reconoci\u00f3 a los docentes que destacaron durante ese a\u00f1o.\" \/>\n<meta property=\"og:url\" content=\"https:\/\/medicina.udd.cl\/centro-genetica-genomica\/noticias\/2013\/10\/08\/doctora-repetto-recibe-premio-de-excelencia-academica\/\" \/>\n<meta property=\"og:site_name\" content=\"Centro de Gen\u00e9tica y Gen\u00f3mica\" \/>\n<meta property=\"article:published_time\" content=\"2013-10-08T15:05:21+00:00\" \/>\n<meta property=\"article:modified_time\" content=\"2013-10-08T15:15:00+00:00\" \/>\n<meta property=\"og:image\" content=\"https:\/\/medicina.udd.cl\/centro-genetica-genomica\/files\/2013\/10\/Imagen-017.jpg\" \/>\n\t<meta property=\"og:image:width\" content=\"3164\" \/>\n\t<meta property=\"og:image:height\" content=\"2304\" \/>\n\t<meta property=\"og:image:type\" content=\"image\/jpeg\" \/>\n<meta name=\"twitter:label1\" content=\"Escrito por\" \/>\n\t<meta name=\"twitter:data1\" content=\"\" \/>\n<script type=\"application\/ld+json\" class=\"yoast-schema-graph\">{\"@context\":\"https:\/\/schema.org\",\"@graph\":[{\"@type\":\"Article\",\"@id\":\"https:\/\/medicina.udd.cl\/centro-genetica-genomica\/noticias\/2013\/10\/08\/doctora-repetto-recibe-premio-de-excelencia-academica\/#article\",\"isPartOf\":{\"@id\":\"https:\/\/medicina.udd.cl\/centro-genetica-genomica\/noticias\/2013\/10\/08\/doctora-repetto-recibe-premio-de-excelencia-academica\/\"},\"author\":{\"name\":\"\",\"@id\":\"\"},\"headline\":\"Doctora Repetto recibe premio de excelencia acad\u00e9mica\",\"datePublished\":\"2013-10-08T15:05:21+00:00\",\"dateModified\":\"2013-10-08T15:15:00+00:00\",\"mainEntityOfPage\":{\"@id\":\"https:\/\/medicina.udd.cl\/centro-genetica-genomica\/noticias\/2013\/10\/08\/doctora-repetto-recibe-premio-de-excelencia-academica\/\"},\"wordCount\":103,\"commentCount\":0,\"image\":{\"@id\":\"https:\/\/medicina.udd.cl\/centro-genetica-genomica\/noticias\/2013\/10\/08\/doctora-repetto-recibe-premio-de-excelencia-academica\/#primaryimage\"},\"thumbnailUrl\":\"https:\/\/medicina.udd.cl\/centro-genetica-genomica\/files\/2013\/10\/Imagen-017.jpg\",\"articleSection\":[\"Noticias\"],\"inLanguage\":\"es\",\"potentialAction\":[{\"@type\":\"CommentAction\",\"name\":\"Comment\",\"target\":[\"https:\/\/medicina.udd.cl\/centro-genetica-genomica\/noticias\/2013\/10\/08\/doctora-repetto-recibe-premio-de-excelencia-academica\/#respond\"]}]},{\"@type\":\"WebPage\",\"@id\":\"https:\/\/medicina.udd.cl\/centro-genetica-genomica\/noticias\/2013\/10\/08\/doctora-repetto-recibe-premio-de-excelencia-academica\/\",\"url\":\"https:\/\/medicina.udd.cl\/centro-genetica-genomica\/noticias\/2013\/10\/08\/doctora-repetto-recibe-premio-de-excelencia-academica\/\",\"name\":\"Doctora Repetto recibe premio de excelencia acad\u00e9mica - Centro Gen\u00e9tica\",\"isPartOf\":{\"@id\":\"https:\/\/medicina.udd.cl\/centro-genetica-genomica\/#website\"},\"primaryImageOfPage\":{\"@id\":\"https:\/\/medicina.udd.cl\/centro-genetica-genomica\/noticias\/2013\/10\/08\/doctora-repetto-recibe-premio-de-excelencia-academica\/#primaryimage\"},\"image\":{\"@id\":\"https:\/\/medicina.udd.cl\/centro-genetica-genomica\/noticias\/2013\/10\/08\/doctora-repetto-recibe-premio-de-excelencia-academica\/#primaryimage\"},\"thumbnailUrl\":\"https:\/\/medicina.udd.cl\/centro-genetica-genomica\/files\/2013\/10\/Imagen-017.jpg\",\"datePublished\":\"2013-10-08T15:05:21+00:00\",\"dateModified\":\"2013-10-08T15:15:00+00:00\",\"author\":{\"@id\":\"\"},\"description\":\"En la ceremonia de la Cuenta Anual 2012, el rector de la UDD, Federico Vald\u00e9s reconoci\u00f3 a los docentes que destacaron durante ese a\u00f1o.\",\"breadcrumb\":{\"@id\":\"https:\/\/medicina.udd.cl\/centro-genetica-genomica\/noticias\/2013\/10\/08\/doctora-repetto-recibe-premio-de-excelencia-academica\/#breadcrumb\"},\"inLanguage\":\"es\",\"potentialAction\":[{\"@type\":\"ReadAction\",\"target\":[\"https:\/\/medicina.udd.cl\/centro-genetica-genomica\/noticias\/2013\/10\/08\/doctora-repetto-recibe-premio-de-excelencia-academica\/\"]}]},{\"@type\":\"ImageObject\",\"inLanguage\":\"es\",\"@id\":\"https:\/\/medicina.udd.cl\/centro-genetica-genomica\/noticias\/2013\/10\/08\/doctora-repetto-recibe-premio-de-excelencia-academica\/#primaryimage\",\"url\":\"https:\/\/medicina.udd.cl\/centro-genetica-genomica\/files\/2013\/10\/Imagen-017.jpg\",\"contentUrl\":\"https:\/\/medicina.udd.cl\/centro-genetica-genomica\/files\/2013\/10\/Imagen-017.jpg\",\"width\":3164,\"height\":2304},{\"@type\":\"BreadcrumbList\",\"@id\":\"https:\/\/medicina.udd.cl\/centro-genetica-genomica\/noticias\/2013\/10\/08\/doctora-repetto-recibe-premio-de-excelencia-academica\/#breadcrumb\",\"itemListElement\":[{\"@type\":\"ListItem\",\"position\":1,\"name\":\"Inicio\",\"item\":\"https:\/\/medicina.udd.cl\/centro-genetica-genomica\/\"},{\"@type\":\"ListItem\",\"position\":2,\"name\":\"Doctora Repetto recibe premio de excelencia acad\u00e9mica\"}]},{\"@type\":\"WebSite\",\"@id\":\"https:\/\/medicina.udd.cl\/centro-genetica-genomica\/#website\",\"url\":\"https:\/\/medicina.udd.cl\/centro-genetica-genomica\/\",\"name\":\"Centro de Gen\u00e9tica y Gen\u00f3mica\",\"description\":\"\",\"inLanguage\":\"es\"},{\"@type\":\"Person\",\"@id\":\"\",\"url\":\"https:\/\/medicina.udd.cl\/centro-genetica-genomica\/noticias\/author\/\"}]}<\/script>\n<!-- \/ Yoast SEO plugin. -->","yoast_head_json":{"title":"Doctora Repetto recibe premio de excelencia acad\u00e9mica - Centro Gen\u00e9tica","description":"En la ceremonia de la Cuenta Anual 2012, el rector de la UDD, Federico Vald\u00e9s reconoci\u00f3 a los docentes que destacaron durante ese a\u00f1o.","robots":{"index":"index","follow":"follow","max-snippet":"max-snippet:-1","max-image-preview":"max-image-preview:large","max-video-preview":"max-video-preview:-1"},"canonical":"https:\/\/medicina.udd.cl\/centro-genetica-genomica\/noticias\/2013\/10\/08\/doctora-repetto-recibe-premio-de-excelencia-academica\/","og_locale":"es_ES","og_type":"article","og_title":"Doctora Repetto recibe premio de excelencia acad\u00e9mica - Centro Gen\u00e9tica","og_description":"En la ceremonia de la Cuenta Anual 2012, el rector de la UDD, Federico Vald\u00e9s reconoci\u00f3 a los docentes que destacaron durante ese a\u00f1o.","og_url":"https:\/\/medicina.udd.cl\/centro-genetica-genomica\/noticias\/2013\/10\/08\/doctora-repetto-recibe-premio-de-excelencia-academica\/","og_site_name":"Centro de Gen\u00e9tica y Gen\u00f3mica","article_published_time":"2013-10-08T15:05:21+00:00","article_modified_time":"2013-10-08T15:15:00+00:00","og_image":[{"width":3164,"height":2304,"url":"https:\/\/medicina.udd.cl\/centro-genetica-genomica\/files\/2013\/10\/Imagen-017.jpg","type":"image\/jpeg"}],"twitter_misc":{"Escrito por":""},"schema":{"@context":"https:\/\/schema.org","@graph":[{"@type":"Article","@id":"https:\/\/medicina.udd.cl\/centro-genetica-genomica\/noticias\/2013\/10\/08\/doctora-repetto-recibe-premio-de-excelencia-academica\/#article","isPartOf":{"@id":"https:\/\/medicina.udd.cl\/centro-genetica-genomica\/noticias\/2013\/10\/08\/doctora-repetto-recibe-premio-de-excelencia-academica\/"},"author":{"name":"","@id":""},"headline":"Doctora Repetto recibe premio de excelencia acad\u00e9mica","datePublished":"2013-10-08T15:05:21+00:00","dateModified":"2013-10-08T15:15:00+00:00","mainEntityOfPage":{"@id":"https:\/\/medicina.udd.cl\/centro-genetica-genomica\/noticias\/2013\/10\/08\/doctora-repetto-recibe-premio-de-excelencia-academica\/"},"wordCount":103,"commentCount":0,"image":{"@id":"https:\/\/medicina.udd.cl\/centro-genetica-genomica\/noticias\/2013\/10\/08\/doctora-repetto-recibe-premio-de-excelencia-academica\/#primaryimage"},"thumbnailUrl":"https:\/\/medicina.udd.cl\/centro-genetica-genomica\/files\/2013\/10\/Imagen-017.jpg","articleSection":["Noticias"],"inLanguage":"es","potentialAction":[{"@type":"CommentAction","name":"Comment","target":["https:\/\/medicina.udd.cl\/centro-genetica-genomica\/noticias\/2013\/10\/08\/doctora-repetto-recibe-premio-de-excelencia-academica\/#respond"]}]},{"@type":"WebPage","@id":"https:\/\/medicina.udd.cl\/centro-genetica-genomica\/noticias\/2013\/10\/08\/doctora-repetto-recibe-premio-de-excelencia-academica\/","url":"https:\/\/medicina.udd.cl\/centro-genetica-genomica\/noticias\/2013\/10\/08\/doctora-repetto-recibe-premio-de-excelencia-academica\/","name":"Doctora Repetto recibe premio de excelencia acad\u00e9mica - Centro Gen\u00e9tica","isPartOf":{"@id":"https:\/\/medicina.udd.cl\/centro-genetica-genomica\/#website"},"primaryImageOfPage":{"@id":"https:\/\/medicina.udd.cl\/centro-genetica-genomica\/noticias\/2013\/10\/08\/doctora-repetto-recibe-premio-de-excelencia-academica\/#primaryimage"},"image":{"@id":"https:\/\/medicina.udd.cl\/centro-genetica-genomica\/noticias\/2013\/10\/08\/doctora-repetto-recibe-premio-de-excelencia-academica\/#primaryimage"},"thumbnailUrl":"https:\/\/medicina.udd.cl\/centro-genetica-genomica\/files\/2013\/10\/Imagen-017.jpg","datePublished":"2013-10-08T15:05:21+00:00","dateModified":"2013-10-08T15:15:00+00:00","author":{"@id":""},"description":"En la ceremonia de la Cuenta Anual 2012, el rector de la UDD, Federico Vald\u00e9s reconoci\u00f3 a los docentes que destacaron durante ese a\u00f1o.","breadcrumb":{"@id":"https:\/\/medicina.udd.cl\/centro-genetica-genomica\/noticias\/2013\/10\/08\/doctora-repetto-recibe-premio-de-excelencia-academica\/#breadcrumb"},"inLanguage":"es","potentialAction":[{"@type":"ReadAction","target":["https:\/\/medicina.udd.cl\/centro-genetica-genomica\/noticias\/2013\/10\/08\/doctora-repetto-recibe-premio-de-excelencia-academica\/"]}]},{"@type":"ImageObject","inLanguage":"es","@id":"https:\/\/medicina.udd.cl\/centro-genetica-genomica\/noticias\/2013\/10\/08\/doctora-repetto-recibe-premio-de-excelencia-academica\/#primaryimage","url":"https:\/\/medicina.udd.cl\/centro-genetica-genomica\/files\/2013\/10\/Imagen-017.jpg","contentUrl":"https:\/\/medicina.udd.cl\/centro-genetica-genomica\/files\/2013\/10\/Imagen-017.jpg","width":3164,"height":2304},{"@type":"BreadcrumbList","@id":"https:\/\/medicina.udd.cl\/centro-genetica-genomica\/noticias\/2013\/10\/08\/doctora-repetto-recibe-premio-de-excelencia-academica\/#breadcrumb","itemListElement":[{"@type":"ListItem","position":1,"name":"Inicio","item":"https:\/\/medicina.udd.cl\/centro-genetica-genomica\/"},{"@type":"ListItem","position":2,"name":"Doctora Repetto recibe premio de excelencia acad\u00e9mica"}]},{"@type":"WebSite","@id":"https:\/\/medicina.udd.cl\/centro-genetica-genomica\/#website","url":"https:\/\/medicina.udd.cl\/centro-genetica-genomica\/","name":"Centro de Gen\u00e9tica y Gen\u00f3mica","description":"","inLanguage":"es"},{"@type":"Person","@id":"","url":"https:\/\/medicina.udd.cl\/centro-genetica-genomica\/noticias\/author\/"}]}},"featured_image_url":"https:\/\/medicina.udd.cl\/centro-genetica-genomica\/files\/2013\/10\/Imagen-017.jpg","_links":{"self":[{"href":"https:\/\/medicina.udd.cl\/centro-genetica-genomica\/wp-json\/wp\/v2\/posts\/1045","targetHints":{"allow":["GET"]}}],"collection":[{"href":"https:\/\/medicina.udd.cl\/centro-genetica-genomica\/wp-json\/wp\/v2\/posts"}],"about":[{"href":"https:\/\/medicina.udd.cl\/centro-genetica-genomica\/wp-json\/wp\/v2\/types\/post"}],"author":[{"embeddable":true,"href":"https:\/\/medicina.udd.cl\/centro-genetica-genomica\/wp-json\/wp\/v2\/users\/42"}],"replies":[{"embeddable":true,"href":"https:\/\/medicina.udd.cl\/centro-genetica-genomica\/wp-json\/wp\/v2\/comments?post=1045"}],"version-history":[{"count":5,"href":"https:\/\/medicina.udd.cl\/centro-genetica-genomica\/wp-json\/wp\/v2\/posts\/1045\/revisions"}],"predecessor-version":[{"id":1049,"href":"https:\/\/medicina.udd.cl\/centro-genetica-genomica\/wp-json\/wp\/v2\/posts\/1045\/revisions\/1049"}],"wp:featuredmedia":[{"embeddable":true,"href":"https:\/\/medicina.udd.cl\/centro-genetica-genomica\/wp-json\/wp\/v2\/media\/1046"}],"wp:attachment":[{"href":"https:\/\/medicina.udd.cl\/centro-genetica-genomica\/wp-json\/wp\/v2\/media?parent=1045"}],"wp:term":[{"taxonomy":"category","embeddable":true,"href":"https:\/\/medicina.udd.cl\/centro-genetica-genomica\/wp-json\/wp\/v2\/categories?post=1045"},{"taxonomy":"post_tag","embeddable":true,"href":"https:\/\/medicina.udd.cl\/centro-genetica-genomica\/wp-json\/wp\/v2\/tags?post=1045"}],"curies":[{"name":"wp","href":"https:\/\/api.w.org\/{rel}","templated":true}]}}