{"id":1061,"date":"2013-11-04T17:18:20","date_gmt":"2013-11-04T20:18:20","guid":{"rendered":"http:\/\/medicina.udd.cl\/centro-genetica-humana\/?p=1061"},"modified":"2014-05-07T13:16:05","modified_gmt":"2014-05-07T17:16:05","slug":"investigadores-de-la-facultad-de-medicina-se-adjudican-proyectos-fonis","status":"publish","type":"post","link":"https:\/\/medicina.udd.cl\/centro-genetica-genomica\/noticias\/2013\/11\/04\/investigadores-de-la-facultad-de-medicina-se-adjudican-proyectos-fonis\/","title":{"rendered":"Investigadores de la Facultad de Medicina se adjudican proyectos FONIS"},"content":{"rendered":"<p><a href=\"http:\/\/medicina.udd.cl\/centro-genetica-genomica\/files\/2013\/07\/Guillermo-Layson-para-cv.jpg\"><img loading=\"lazy\" decoding=\"async\" class=\" wp-image-904 alignright\" alt=\"Guillermo-Layson-para-cv\" src=\"http:\/\/medicina.udd.cl\/centro-genetica-genomica\/files\/2013\/07\/Guillermo-Layson-para-cv-264x300.jpg\" width=\"211\" height=\"240\" \/><\/a>Investigadores de la\u00a0<b>Facultad de Medicina CAS-UDD<\/b>\u00a0se adjudicaron proyectos del \u00faltimo concurso del\u00a0<b>Fondo Nacional de Investigaci\u00f3n y Desarrollo en Salud (Fonis) de Conicyt<\/b>, iniciativa que busca generar conocimiento cient\u00edfico y tecnol\u00f3gico para mejorar la salud de la poblaci\u00f3n en Chile.<\/p>\n<p>Se trata de los docentes\u00a0<b>Guillermo Lay-Son<\/b>, del Centro de Gen\u00e9tica y Gen\u00f3mica Humana, y de\u00a0<b>Macarena Hirmas<\/b>, del Centro de Epidemiolog\u00eda y Pol\u00edticas de Salud P\u00fablica, quienes desarrollar\u00e1n estudios en sus respectivas \u00e1reas de investigaci\u00f3n.<\/p>\n<p><b>Anomal\u00edas cong\u00e9nitas y trastornos del desarrollo: Evaluaci\u00f3n de costo-efectividad de las nuevas herramientas diagn\u00f3sticas<\/b>, es el nombre del proyecto del doctor Lay-Son.<\/p>\n<p>Mediante una comparaci\u00f3n con las t\u00e9cnicas que se utilizan actualmente, est\u00e1 orientado a definir la factibilidad de aplicar en Chile nuevos m\u00e9todos de estudio en ni\u00f1os con anomal\u00edas cong\u00e9nitas y verificar si es posible \u201cgeneralizarlas y a un costo acorde a la realidad chilena\u201d.<\/p>\n<p>Uno de estos m\u00e9todos es la tecnolog\u00eda\u00a0<b><i>microarrayse cromos\u00f3mico\u00a0<\/i><\/b>-en cuya aplicaci\u00f3n el Centro de Gen\u00e9tica es pionero- que ya se encuentra establecida en otros pa\u00edses. Se trata de \u201cun estudio gen\u00e9tico que eval\u00faa si un paciente tiene un desbalance en su informaci\u00f3n gen\u00e9tica y que es mucho m\u00e1s sensible que un cariotipo normal, que es el examen b\u00e1sico que se hace en estos casos\u201d, explica Lay-Son.<\/p>\n<p>Tendr\u00e1 una duraci\u00f3n de dos a\u00f1os y se realizar\u00e1 con pacientes del Hospital Padre Hurtado. La parte de laboratorio se llevar\u00e1 a cabo en la Facultad de Medicina y el modelamiento se har\u00e1 con la colaboraci\u00f3n del Centro de Epidemiolog\u00eda y Pol\u00edticas de Salud P\u00fablica y la investigadora de la carrera de Enfermer\u00eda, B\u00e1ltica Cabieses.<\/p>\n<p>Por otro lado, el proyecto de la docente del\u00a0<b>Centro de Epidemiolog\u00eda y Pol\u00edticas de Salud de la Facultad de Medicina CAS-UDD, Macarena Hirmas,<\/b>\u00a0se denomina\u00a0<b>Discapacidad y Envejecimiento: Impacto del GES \u00d3rtesis en la capacidad funcional de las personas de 65 a\u00f1os y m\u00e1s, estudio prospectivo.<\/b><\/p>\n<p>Este programa \u2013implementado en Chile desde el a\u00f1o 2006\u2013 consiste en la entrega de ayuda t\u00e9cnica a personas de 65 a\u00f1os o m\u00e1s que presenten limitaciones para desplazarse o para realizar actividades de la vida diaria contribuyendo a mantener o mejorar su funcionalidad.<\/p>\n<p>De este modo, el estudio de la investigadora Macarena Hirmas tiene como objetivo evaluar el impacto de esta intervenci\u00f3n en la capacidad funcional de estas personas y conocer sus percepciones y de los informantes clave respecto del proceso e impacto que ha tenido esta entrega.<\/p>\n<p>\u201cNo se sabe mucho que ocurre una vez que se entrega la \u00f3rtesis, qu\u00e9 pasa con esta persona en su casa, si la sabe usar, si la puede utilizar, si se adapta o no a la condiciones de la vivienda, qu\u00e9 pasa si se le pierde. Adem\u00e1s, queremos ver si realmente se mejora la capacidad funcional de la gente y pueden mantener su grado de autonom\u00eda\u201d, explica la investigadora.<\/p>\n<p>Es una iniciativa que se realizar\u00e1 por primera vez, puesto que hasta ahora no se ha evaluado el funcionamiento del programa GES \u00d3rtesis, y se llevar\u00e1 a cabo en conjunto con el Servicio Nacional del Adulto Mayor y el Servicio Nacional de la Discapacidad.<\/p>\n<p>En esta versi\u00f3n del concurso\u00a0<strong>Fonis de Conicyt<\/strong>, la Universidad del Desarrollo se adjudic\u00f3 cuatro proyectos en total, convirti\u00e9ndose en la universidad privada con m\u00e1s estudios aprobados este 2013.<\/p>\n","protected":false},"excerpt":{"rendered":"<p>Guillermo Lay-Son del Centro de Gen\u00e9tica realizar\u00e1 una evaluaci\u00f3n de costo-efectividad de nuevas herramientas diagn\u00f3sticas para anomal\u00edas cong\u00e9nitas y trastornos del desarrollo.<\/p>\n","protected":false},"author":42,"featured_media":0,"comment_status":"open","ping_status":"open","sticky":false,"template":"","format":"standard","meta":{"footnotes":""},"categories":[4],"tags":[],"class_list":["post-1061","post","type-post","status-publish","format-standard","hentry","category-noticias"],"yoast_head":"<!-- This site is optimized with the Yoast SEO plugin v26.9 - https:\/\/yoast.com\/product\/yoast-seo-wordpress\/ -->\n<title>Investigadores de la Facultad de Medicina se adjudican proyectos FONIS<\/title>\n<meta name=\"description\" content=\"Uno de ellos es Guillermo Lay-Son, quien realizar\u00e1 una evaluaci\u00f3n de costo-efectividad de nuevas herramientas diagn\u00f3sticas para anomal\u00edas cong\u00e9nitas y trastornos del desarrollo.\" \/>\n<meta name=\"robots\" content=\"index, follow, max-snippet:-1, max-image-preview:large, max-video-preview:-1\" \/>\n<link rel=\"canonical\" href=\"https:\/\/medicina.udd.cl\/centro-genetica-genomica\/noticias\/2013\/11\/04\/investigadores-de-la-facultad-de-medicina-se-adjudican-proyectos-fonis\/\" \/>\n<meta property=\"og:locale\" content=\"es_ES\" \/>\n<meta property=\"og:type\" content=\"article\" \/>\n<meta property=\"og:title\" content=\"Investigadores de la Facultad de Medicina se adjudican proyectos FONIS\" \/>\n<meta property=\"og:description\" content=\"Uno de ellos es Guillermo Lay-Son, quien realizar\u00e1 una evaluaci\u00f3n de costo-efectividad de nuevas herramientas diagn\u00f3sticas para anomal\u00edas cong\u00e9nitas y trastornos del desarrollo.\" \/>\n<meta property=\"og:url\" content=\"https:\/\/medicina.udd.cl\/centro-genetica-genomica\/noticias\/2013\/11\/04\/investigadores-de-la-facultad-de-medicina-se-adjudican-proyectos-fonis\/\" \/>\n<meta property=\"og:site_name\" content=\"Centro de Gen\u00e9tica y Gen\u00f3mica\" \/>\n<meta property=\"article:published_time\" content=\"2013-11-04T20:18:20+00:00\" \/>\n<meta property=\"article:modified_time\" content=\"2014-05-07T17:16:05+00:00\" \/>\n<meta property=\"og:image\" content=\"http:\/\/medicina.udd.cl\/centro-genetica-genomica\/files\/2013\/07\/Guillermo-Layson-para-cv-264x300.jpg\" \/>\n<meta name=\"twitter:label1\" content=\"Escrito por\" \/>\n\t<meta name=\"twitter:data1\" content=\"\" \/>\n\t<meta name=\"twitter:label2\" content=\"Tiempo de lectura\" \/>\n\t<meta name=\"twitter:data2\" content=\"3 minutos\" \/>\n<script type=\"application\/ld+json\" class=\"yoast-schema-graph\">{\"@context\":\"https:\/\/schema.org\",\"@graph\":[{\"@type\":\"Article\",\"@id\":\"https:\/\/medicina.udd.cl\/centro-genetica-genomica\/noticias\/2013\/11\/04\/investigadores-de-la-facultad-de-medicina-se-adjudican-proyectos-fonis\/#article\",\"isPartOf\":{\"@id\":\"https:\/\/medicina.udd.cl\/centro-genetica-genomica\/noticias\/2013\/11\/04\/investigadores-de-la-facultad-de-medicina-se-adjudican-proyectos-fonis\/\"},\"author\":{\"name\":\"\",\"@id\":\"\"},\"headline\":\"Investigadores de la Facultad de Medicina se adjudican proyectos FONIS\",\"datePublished\":\"2013-11-04T20:18:20+00:00\",\"dateModified\":\"2014-05-07T17:16:05+00:00\",\"mainEntityOfPage\":{\"@id\":\"https:\/\/medicina.udd.cl\/centro-genetica-genomica\/noticias\/2013\/11\/04\/investigadores-de-la-facultad-de-medicina-se-adjudican-proyectos-fonis\/\"},\"wordCount\":604,\"commentCount\":0,\"image\":{\"@id\":\"https:\/\/medicina.udd.cl\/centro-genetica-genomica\/noticias\/2013\/11\/04\/investigadores-de-la-facultad-de-medicina-se-adjudican-proyectos-fonis\/#primaryimage\"},\"thumbnailUrl\":\"http:\/\/medicina.udd.cl\/centro-genetica-genomica\/files\/2013\/07\/Guillermo-Layson-para-cv-264x300.jpg\",\"articleSection\":[\"Noticias\"],\"inLanguage\":\"es\",\"potentialAction\":[{\"@type\":\"CommentAction\",\"name\":\"Comment\",\"target\":[\"https:\/\/medicina.udd.cl\/centro-genetica-genomica\/noticias\/2013\/11\/04\/investigadores-de-la-facultad-de-medicina-se-adjudican-proyectos-fonis\/#respond\"]}]},{\"@type\":\"WebPage\",\"@id\":\"https:\/\/medicina.udd.cl\/centro-genetica-genomica\/noticias\/2013\/11\/04\/investigadores-de-la-facultad-de-medicina-se-adjudican-proyectos-fonis\/\",\"url\":\"https:\/\/medicina.udd.cl\/centro-genetica-genomica\/noticias\/2013\/11\/04\/investigadores-de-la-facultad-de-medicina-se-adjudican-proyectos-fonis\/\",\"name\":\"Investigadores de la Facultad de Medicina se adjudican proyectos FONIS\",\"isPartOf\":{\"@id\":\"https:\/\/medicina.udd.cl\/centro-genetica-genomica\/#website\"},\"primaryImageOfPage\":{\"@id\":\"https:\/\/medicina.udd.cl\/centro-genetica-genomica\/noticias\/2013\/11\/04\/investigadores-de-la-facultad-de-medicina-se-adjudican-proyectos-fonis\/#primaryimage\"},\"image\":{\"@id\":\"https:\/\/medicina.udd.cl\/centro-genetica-genomica\/noticias\/2013\/11\/04\/investigadores-de-la-facultad-de-medicina-se-adjudican-proyectos-fonis\/#primaryimage\"},\"thumbnailUrl\":\"http:\/\/medicina.udd.cl\/centro-genetica-genomica\/files\/2013\/07\/Guillermo-Layson-para-cv-264x300.jpg\",\"datePublished\":\"2013-11-04T20:18:20+00:00\",\"dateModified\":\"2014-05-07T17:16:05+00:00\",\"author\":{\"@id\":\"\"},\"description\":\"Uno de ellos es Guillermo Lay-Son, quien realizar\u00e1 una evaluaci\u00f3n de costo-efectividad de nuevas herramientas diagn\u00f3sticas para anomal\u00edas cong\u00e9nitas y trastornos del desarrollo.\",\"breadcrumb\":{\"@id\":\"https:\/\/medicina.udd.cl\/centro-genetica-genomica\/noticias\/2013\/11\/04\/investigadores-de-la-facultad-de-medicina-se-adjudican-proyectos-fonis\/#breadcrumb\"},\"inLanguage\":\"es\",\"potentialAction\":[{\"@type\":\"ReadAction\",\"target\":[\"https:\/\/medicina.udd.cl\/centro-genetica-genomica\/noticias\/2013\/11\/04\/investigadores-de-la-facultad-de-medicina-se-adjudican-proyectos-fonis\/\"]}]},{\"@type\":\"ImageObject\",\"inLanguage\":\"es\",\"@id\":\"https:\/\/medicina.udd.cl\/centro-genetica-genomica\/noticias\/2013\/11\/04\/investigadores-de-la-facultad-de-medicina-se-adjudican-proyectos-fonis\/#primaryimage\",\"url\":\"http:\/\/medicina.udd.cl\/centro-genetica-genomica\/files\/2013\/07\/Guillermo-Layson-para-cv-264x300.jpg\",\"contentUrl\":\"http:\/\/medicina.udd.cl\/centro-genetica-genomica\/files\/2013\/07\/Guillermo-Layson-para-cv-264x300.jpg\"},{\"@type\":\"BreadcrumbList\",\"@id\":\"https:\/\/medicina.udd.cl\/centro-genetica-genomica\/noticias\/2013\/11\/04\/investigadores-de-la-facultad-de-medicina-se-adjudican-proyectos-fonis\/#breadcrumb\",\"itemListElement\":[{\"@type\":\"ListItem\",\"position\":1,\"name\":\"Inicio\",\"item\":\"https:\/\/medicina.udd.cl\/centro-genetica-genomica\/\"},{\"@type\":\"ListItem\",\"position\":2,\"name\":\"Investigadores de la Facultad de Medicina se adjudican proyectos FONIS\"}]},{\"@type\":\"WebSite\",\"@id\":\"https:\/\/medicina.udd.cl\/centro-genetica-genomica\/#website\",\"url\":\"https:\/\/medicina.udd.cl\/centro-genetica-genomica\/\",\"name\":\"Centro de Gen\u00e9tica y Gen\u00f3mica\",\"description\":\"\",\"inLanguage\":\"es\"},{\"@type\":\"Person\",\"@id\":\"\",\"url\":\"https:\/\/medicina.udd.cl\/centro-genetica-genomica\/noticias\/author\/\"}]}<\/script>\n<!-- \/ Yoast SEO plugin. -->","yoast_head_json":{"title":"Investigadores de la Facultad de Medicina se adjudican proyectos FONIS","description":"Uno de ellos es Guillermo Lay-Son, quien realizar\u00e1 una evaluaci\u00f3n de costo-efectividad de nuevas herramientas diagn\u00f3sticas para anomal\u00edas cong\u00e9nitas y trastornos del desarrollo.","robots":{"index":"index","follow":"follow","max-snippet":"max-snippet:-1","max-image-preview":"max-image-preview:large","max-video-preview":"max-video-preview:-1"},"canonical":"https:\/\/medicina.udd.cl\/centro-genetica-genomica\/noticias\/2013\/11\/04\/investigadores-de-la-facultad-de-medicina-se-adjudican-proyectos-fonis\/","og_locale":"es_ES","og_type":"article","og_title":"Investigadores de la Facultad de Medicina se adjudican proyectos FONIS","og_description":"Uno de ellos es Guillermo Lay-Son, quien realizar\u00e1 una evaluaci\u00f3n de costo-efectividad de nuevas herramientas diagn\u00f3sticas para anomal\u00edas cong\u00e9nitas y trastornos del desarrollo.","og_url":"https:\/\/medicina.udd.cl\/centro-genetica-genomica\/noticias\/2013\/11\/04\/investigadores-de-la-facultad-de-medicina-se-adjudican-proyectos-fonis\/","og_site_name":"Centro de Gen\u00e9tica y Gen\u00f3mica","article_published_time":"2013-11-04T20:18:20+00:00","article_modified_time":"2014-05-07T17:16:05+00:00","og_image":[{"url":"http:\/\/medicina.udd.cl\/centro-genetica-genomica\/files\/2013\/07\/Guillermo-Layson-para-cv-264x300.jpg","type":"","width":"","height":""}],"twitter_misc":{"Escrito por":"","Tiempo de lectura":"3 minutos"},"schema":{"@context":"https:\/\/schema.org","@graph":[{"@type":"Article","@id":"https:\/\/medicina.udd.cl\/centro-genetica-genomica\/noticias\/2013\/11\/04\/investigadores-de-la-facultad-de-medicina-se-adjudican-proyectos-fonis\/#article","isPartOf":{"@id":"https:\/\/medicina.udd.cl\/centro-genetica-genomica\/noticias\/2013\/11\/04\/investigadores-de-la-facultad-de-medicina-se-adjudican-proyectos-fonis\/"},"author":{"name":"","@id":""},"headline":"Investigadores de la Facultad de Medicina se adjudican proyectos FONIS","datePublished":"2013-11-04T20:18:20+00:00","dateModified":"2014-05-07T17:16:05+00:00","mainEntityOfPage":{"@id":"https:\/\/medicina.udd.cl\/centro-genetica-genomica\/noticias\/2013\/11\/04\/investigadores-de-la-facultad-de-medicina-se-adjudican-proyectos-fonis\/"},"wordCount":604,"commentCount":0,"image":{"@id":"https:\/\/medicina.udd.cl\/centro-genetica-genomica\/noticias\/2013\/11\/04\/investigadores-de-la-facultad-de-medicina-se-adjudican-proyectos-fonis\/#primaryimage"},"thumbnailUrl":"http:\/\/medicina.udd.cl\/centro-genetica-genomica\/files\/2013\/07\/Guillermo-Layson-para-cv-264x300.jpg","articleSection":["Noticias"],"inLanguage":"es","potentialAction":[{"@type":"CommentAction","name":"Comment","target":["https:\/\/medicina.udd.cl\/centro-genetica-genomica\/noticias\/2013\/11\/04\/investigadores-de-la-facultad-de-medicina-se-adjudican-proyectos-fonis\/#respond"]}]},{"@type":"WebPage","@id":"https:\/\/medicina.udd.cl\/centro-genetica-genomica\/noticias\/2013\/11\/04\/investigadores-de-la-facultad-de-medicina-se-adjudican-proyectos-fonis\/","url":"https:\/\/medicina.udd.cl\/centro-genetica-genomica\/noticias\/2013\/11\/04\/investigadores-de-la-facultad-de-medicina-se-adjudican-proyectos-fonis\/","name":"Investigadores de la Facultad de Medicina se adjudican proyectos FONIS","isPartOf":{"@id":"https:\/\/medicina.udd.cl\/centro-genetica-genomica\/#website"},"primaryImageOfPage":{"@id":"https:\/\/medicina.udd.cl\/centro-genetica-genomica\/noticias\/2013\/11\/04\/investigadores-de-la-facultad-de-medicina-se-adjudican-proyectos-fonis\/#primaryimage"},"image":{"@id":"https:\/\/medicina.udd.cl\/centro-genetica-genomica\/noticias\/2013\/11\/04\/investigadores-de-la-facultad-de-medicina-se-adjudican-proyectos-fonis\/#primaryimage"},"thumbnailUrl":"http:\/\/medicina.udd.cl\/centro-genetica-genomica\/files\/2013\/07\/Guillermo-Layson-para-cv-264x300.jpg","datePublished":"2013-11-04T20:18:20+00:00","dateModified":"2014-05-07T17:16:05+00:00","author":{"@id":""},"description":"Uno de ellos es Guillermo Lay-Son, quien realizar\u00e1 una evaluaci\u00f3n de costo-efectividad de nuevas herramientas diagn\u00f3sticas para anomal\u00edas cong\u00e9nitas y trastornos del desarrollo.","breadcrumb":{"@id":"https:\/\/medicina.udd.cl\/centro-genetica-genomica\/noticias\/2013\/11\/04\/investigadores-de-la-facultad-de-medicina-se-adjudican-proyectos-fonis\/#breadcrumb"},"inLanguage":"es","potentialAction":[{"@type":"ReadAction","target":["https:\/\/medicina.udd.cl\/centro-genetica-genomica\/noticias\/2013\/11\/04\/investigadores-de-la-facultad-de-medicina-se-adjudican-proyectos-fonis\/"]}]},{"@type":"ImageObject","inLanguage":"es","@id":"https:\/\/medicina.udd.cl\/centro-genetica-genomica\/noticias\/2013\/11\/04\/investigadores-de-la-facultad-de-medicina-se-adjudican-proyectos-fonis\/#primaryimage","url":"http:\/\/medicina.udd.cl\/centro-genetica-genomica\/files\/2013\/07\/Guillermo-Layson-para-cv-264x300.jpg","contentUrl":"http:\/\/medicina.udd.cl\/centro-genetica-genomica\/files\/2013\/07\/Guillermo-Layson-para-cv-264x300.jpg"},{"@type":"BreadcrumbList","@id":"https:\/\/medicina.udd.cl\/centro-genetica-genomica\/noticias\/2013\/11\/04\/investigadores-de-la-facultad-de-medicina-se-adjudican-proyectos-fonis\/#breadcrumb","itemListElement":[{"@type":"ListItem","position":1,"name":"Inicio","item":"https:\/\/medicina.udd.cl\/centro-genetica-genomica\/"},{"@type":"ListItem","position":2,"name":"Investigadores de la Facultad de Medicina se adjudican proyectos FONIS"}]},{"@type":"WebSite","@id":"https:\/\/medicina.udd.cl\/centro-genetica-genomica\/#website","url":"https:\/\/medicina.udd.cl\/centro-genetica-genomica\/","name":"Centro de Gen\u00e9tica y Gen\u00f3mica","description":"","inLanguage":"es"},{"@type":"Person","@id":"","url":"https:\/\/medicina.udd.cl\/centro-genetica-genomica\/noticias\/author\/"}]}},"featured_image_url":null,"_links":{"self":[{"href":"https:\/\/medicina.udd.cl\/centro-genetica-genomica\/wp-json\/wp\/v2\/posts\/1061","targetHints":{"allow":["GET"]}}],"collection":[{"href":"https:\/\/medicina.udd.cl\/centro-genetica-genomica\/wp-json\/wp\/v2\/posts"}],"about":[{"href":"https:\/\/medicina.udd.cl\/centro-genetica-genomica\/wp-json\/wp\/v2\/types\/post"}],"author":[{"embeddable":true,"href":"https:\/\/medicina.udd.cl\/centro-genetica-genomica\/wp-json\/wp\/v2\/users\/42"}],"replies":[{"embeddable":true,"href":"https:\/\/medicina.udd.cl\/centro-genetica-genomica\/wp-json\/wp\/v2\/comments?post=1061"}],"version-history":[{"count":4,"href":"https:\/\/medicina.udd.cl\/centro-genetica-genomica\/wp-json\/wp\/v2\/posts\/1061\/revisions"}],"predecessor-version":[{"id":1200,"href":"https:\/\/medicina.udd.cl\/centro-genetica-genomica\/wp-json\/wp\/v2\/posts\/1061\/revisions\/1200"}],"wp:attachment":[{"href":"https:\/\/medicina.udd.cl\/centro-genetica-genomica\/wp-json\/wp\/v2\/media?parent=1061"}],"wp:term":[{"taxonomy":"category","embeddable":true,"href":"https:\/\/medicina.udd.cl\/centro-genetica-genomica\/wp-json\/wp\/v2\/categories?post=1061"},{"taxonomy":"post_tag","embeddable":true,"href":"https:\/\/medicina.udd.cl\/centro-genetica-genomica\/wp-json\/wp\/v2\/tags?post=1061"}],"curies":[{"name":"wp","href":"https:\/\/api.w.org\/{rel}","templated":true}]}}