{"id":1065,"date":"2013-11-06T16:34:48","date_gmt":"2013-11-06T19:34:48","guid":{"rendered":"http:\/\/medicina.udd.cl\/centro-genetica-humana\/?p=1065"},"modified":"2014-05-07T11:55:59","modified_gmt":"2014-05-07T15:55:59","slug":"gran-convocatoria-en-curso-de-genomica-en-medicina","status":"publish","type":"post","link":"https:\/\/medicina.udd.cl\/centro-genetica-genomica\/noticias\/2013\/11\/06\/gran-convocatoria-en-curso-de-genomica-en-medicina\/","title":{"rendered":"Gran convocatoria en curso de Gen\u00f3mica en Medicina"},"content":{"rendered":"<div id=\"gallery-1\" class=\"carousel slide carousel-gallery\" data-ride=\"false\" data-interval=\"false\"><div class=\"carousel-inner\" role=\"listbox\"><figure class=\"carousel-item active\"><img loading=\"lazy\" decoding=\"async\" width=\"675\" height=\"450\" src=\"https:\/\/medicina.udd.cl\/centro-genetica-genomica\/files\/2013\/11\/Imagen-004.jpg\" class=\"attachment-landscape_952 size-landscape_952\" alt=\"\" srcset=\"https:\/\/medicina.udd.cl\/centro-genetica-genomica\/files\/2013\/11\/Imagen-004.jpg 675w, https:\/\/medicina.udd.cl\/centro-genetica-genomica\/files\/2013\/11\/Imagen-004-300x200.jpg 300w\" sizes=\"auto, (max-width: 675px) 100vw, 675px\" \/><\/figure><figure class=\"carousel-item\"><img loading=\"lazy\" decoding=\"async\" width=\"675\" height=\"450\" src=\"https:\/\/medicina.udd.cl\/centro-genetica-genomica\/files\/2013\/11\/Imagen-008.jpg\" class=\"attachment-landscape_952 size-landscape_952\" alt=\"\" srcset=\"https:\/\/medicina.udd.cl\/centro-genetica-genomica\/files\/2013\/11\/Imagen-008.jpg 675w, https:\/\/medicina.udd.cl\/centro-genetica-genomica\/files\/2013\/11\/Imagen-008-300x200.jpg 300w\" sizes=\"auto, (max-width: 675px) 100vw, 675px\" \/><\/figure><figure class=\"carousel-item\"><img loading=\"lazy\" decoding=\"async\" width=\"675\" height=\"450\" src=\"https:\/\/medicina.udd.cl\/centro-genetica-genomica\/files\/2013\/11\/Imagen-014.jpg\" class=\"attachment-landscape_952 size-landscape_952\" alt=\"\" srcset=\"https:\/\/medicina.udd.cl\/centro-genetica-genomica\/files\/2013\/11\/Imagen-014.jpg 675w, https:\/\/medicina.udd.cl\/centro-genetica-genomica\/files\/2013\/11\/Imagen-014-300x200.jpg 300w\" sizes=\"auto, (max-width: 675px) 100vw, 675px\" \/><\/figure><figure class=\"carousel-item\"><img loading=\"lazy\" decoding=\"async\" width=\"675\" height=\"450\" src=\"https:\/\/medicina.udd.cl\/centro-genetica-genomica\/files\/2013\/11\/Imagen-016.jpg\" class=\"attachment-landscape_952 size-landscape_952\" alt=\"\" srcset=\"https:\/\/medicina.udd.cl\/centro-genetica-genomica\/files\/2013\/11\/Imagen-016.jpg 675w, https:\/\/medicina.udd.cl\/centro-genetica-genomica\/files\/2013\/11\/Imagen-016-300x200.jpg 300w\" sizes=\"auto, (max-width: 675px) 100vw, 675px\" \/><\/figure><figure class=\"carousel-item\"><img loading=\"lazy\" decoding=\"async\" width=\"675\" height=\"450\" src=\"https:\/\/medicina.udd.cl\/centro-genetica-genomica\/files\/2013\/11\/Imagen-021.jpg\" class=\"attachment-landscape_952 size-landscape_952\" alt=\"\" srcset=\"https:\/\/medicina.udd.cl\/centro-genetica-genomica\/files\/2013\/11\/Imagen-021.jpg 675w, https:\/\/medicina.udd.cl\/centro-genetica-genomica\/files\/2013\/11\/Imagen-021-300x200.jpg 300w\" sizes=\"auto, (max-width: 675px) 100vw, 675px\" \/><\/figure><figure class=\"carousel-item\"><img loading=\"lazy\" decoding=\"async\" width=\"675\" height=\"450\" src=\"https:\/\/medicina.udd.cl\/centro-genetica-genomica\/files\/2013\/11\/Imagen-024.jpg\" class=\"attachment-landscape_952 size-landscape_952\" alt=\"\" srcset=\"https:\/\/medicina.udd.cl\/centro-genetica-genomica\/files\/2013\/11\/Imagen-024.jpg 675w, https:\/\/medicina.udd.cl\/centro-genetica-genomica\/files\/2013\/11\/Imagen-024-300x200.jpg 300w\" sizes=\"auto, (max-width: 675px) 100vw, 675px\" \/><\/figure><figure class=\"carousel-item\"><img loading=\"lazy\" decoding=\"async\" width=\"675\" height=\"450\" src=\"https:\/\/medicina.udd.cl\/centro-genetica-genomica\/files\/2013\/11\/Imagen-027.jpg\" class=\"attachment-landscape_952 size-landscape_952\" alt=\"\" srcset=\"https:\/\/medicina.udd.cl\/centro-genetica-genomica\/files\/2013\/11\/Imagen-027.jpg 675w, https:\/\/medicina.udd.cl\/centro-genetica-genomica\/files\/2013\/11\/Imagen-027-300x200.jpg 300w\" sizes=\"auto, (max-width: 675px) 100vw, 675px\" \/><\/figure><figure class=\"carousel-item\"><img loading=\"lazy\" decoding=\"async\" width=\"675\" height=\"450\" src=\"https:\/\/medicina.udd.cl\/centro-genetica-genomica\/files\/2013\/11\/Imagen-035.jpg\" class=\"attachment-landscape_952 size-landscape_952\" alt=\"\" srcset=\"https:\/\/medicina.udd.cl\/centro-genetica-genomica\/files\/2013\/11\/Imagen-035.jpg 675w, https:\/\/medicina.udd.cl\/centro-genetica-genomica\/files\/2013\/11\/Imagen-035-300x200.jpg 300w\" sizes=\"auto, (max-width: 675px) 100vw, 675px\" \/><\/figure><\/div><footer class=\"carousel-footer\"><div class=\"carousel-counter\"><span class=\"carousel-counter-current\"><\/span> \/ <span class=\"carousel-counter-total\"><\/span><\/div><a class=\"carousel-control-prev\" href=\"#gallery-1\" role=\"button\" data-slide=\"prev\"><svg aria-hidden=\"true\" class=\"svg-chevron-left-dims\"><use xlink:href='https:\/\/medicina.udd.cl\/centro-genetica-genomica\/wp-content\/themes\/facultades-2018\/assets\/img\/svg\/dist\/main.svg?version=1695853099#chevron-left'><\/use><\/svg><span class=\"sr-only\">Anterior<\/span><\/a><a class=\"carousel-control-next\" href=\"#gallery-1\" role=\"button\" data-slide=\"next\"><svg aria-hidden=\"true\" class=\"svg-chevron-right-dims\"><use xlink:href='https:\/\/medicina.udd.cl\/centro-genetica-genomica\/wp-content\/themes\/facultades-2018\/assets\/img\/svg\/dist\/main.svg?version=1695853099#chevron-right'><\/use><\/svg><span class=\"sr-only\">Siguiente<\/span><\/a><\/footer><\/div>\n<p>C\u00e1ncer, anomal\u00edas cong\u00e9nitas y microbioma humano, fueron las tem\u00e1ticas del\u00a0<strong>Curso de Gen\u00f3mica<\/strong>\u00a0organizado por el\u00a0<strong>Centro de Gen\u00e9tica de la Facultad de Medicina CAS-UDD<\/strong>\u00a0en conjunto con el\u00a0<strong>Departamento Cient\u00edfico Docente de la Cl\u00ednica Alemana<\/strong>.<\/p>\n<p>La actividad se realiz\u00f3 el pasado 5 de noviembre y tuvo una gran convocatoria, entre ellos investigadores, m\u00e9dicos, y alumnos de pre y postgrado de carreras del \u00e1rea de la salud.<\/p>\n<p>A su vez, cont\u00f3 con la participaci\u00f3n de destacados invitados internacionales, quienes expusieron en torno sus avances e investigaciones en el \u00e1rea de la gen\u00f3mica en medicina.<\/p>\n<p>Es el caso de\u00a0<strong>George Weinstock<\/strong>, director asociado del\u00a0<strong>Instituto del Genoma de la Universidad de Washingto<\/strong>n, quien actualmente lidera el proyecto microbioma humano, que plantea que las bacterias en el cuerpo de los seres humanos son 10 veces m\u00e1s abundantes que las c\u00e9lulas humanas y busca determinar c\u00f3mo \u00e9stas se relacionan con las personas en estados de salud y enfermedad.<\/p>\n<p>Por su parte,\u00a0<strong>Xifeng Wu del MD Anderson Cancer Center de la Universidad de Texas<\/strong>, expuso en torno a la interrogante de si los marcadores gen\u00e9ticos pueden ayudar en la predicci\u00f3n del riesgo y progresi\u00f3n del c\u00e1ncer.<\/p>\n<p>Adem\u00e1s, durante la jornada algunos docentes del\u00a0<strong>Centro de Gen\u00e9tica de la Facultad de Medicina<\/strong>\u00a0<strong>CAS-UDD<\/strong>\u00a0presentaron algunos de sus trabajos y avances en investigaciones.<\/p>\n<p>Es el caso de\u00a0<strong>Mario Fern\u00e1ndez<\/strong>, quien abord\u00f3 las susceptibilidades gen\u00e9ticas y factores externos en el c\u00e1ncer de vejiga, Cecilia Vial, que expuso el tema \u201cinteracci\u00f3n hu\u00e9sped-agente en infecci\u00f3n por Hantavirus\u201d, y Annemarie Ziegler, que habl\u00f3 sobre los nuevos biomarcadores para c\u00e1ncer de ovario.<\/p>\n<p>Tambi\u00e9n asistieron a la actividad los investigadores\u00a0<strong>Manfred Schwab<\/strong>, PhD y Jefe de la Divisi\u00f3n Gen\u00e9tica del Tumor del Centro Alem\u00e1n de Investigaci\u00f3n del C\u00e1ncer;\u00a0<strong>Cesar Arias<\/strong>, PhD y miembro de la Divisi\u00f3n de Enfermedades Infeccionas de la Universidad de Texas; y\u00a0<strong>Bernice Morrow<\/strong>, directora de la Divisi\u00f3n de Gen\u00e9tica Traslacional del Colegio de Medicina Albert Einstein de la Universidad de Yeshiva.<\/p>\n","protected":false},"excerpt":{"rendered":"<p>Organizado por el Centro de Gen\u00e9tica y Gen\u00f3mica, y realizado el 5 de noviembre de 2013, cont\u00f3 con la presencia de destacados invitados internacionales que abordaron tem\u00e1ticas de c\u00e1ncer, anomal\u00edas cong\u00e9nitas y microbioma humano.<\/p>\n","protected":false},"author":42,"featured_media":1070,"comment_status":"open","ping_status":"open","sticky":false,"template":"","format":"standard","meta":{"footnotes":""},"categories":[4],"tags":[],"class_list":["post-1065","post","type-post","status-publish","format-standard","has-post-thumbnail","hentry","category-noticias"],"yoast_head":"<!-- This site is optimized with the Yoast SEO plugin v26.9 - https:\/\/yoast.com\/product\/yoast-seo-wordpress\/ -->\n<title>Gran convocatoria en curso de Gen\u00f3mica en Medicina<\/title>\n<meta name=\"description\" content=\"Fue organizado por el Centro de Gen\u00e9tica y cont\u00f3 con la presencia de destacados invitados internacionales que abordaron tem\u00e1ticas de c\u00e1ncer, anomal\u00edas cong\u00e9nitas y microbioma humano.\" \/>\n<meta name=\"robots\" content=\"index, follow, max-snippet:-1, max-image-preview:large, max-video-preview:-1\" \/>\n<link rel=\"canonical\" href=\"https:\/\/medicina.udd.cl\/centro-genetica-genomica\/noticias\/2013\/11\/06\/gran-convocatoria-en-curso-de-genomica-en-medicina\/\" \/>\n<meta property=\"og:locale\" content=\"es_ES\" \/>\n<meta property=\"og:type\" content=\"article\" \/>\n<meta property=\"og:title\" content=\"Gran convocatoria en curso de Gen\u00f3mica en Medicina\" \/>\n<meta property=\"og:description\" content=\"Fue organizado por el Centro de Gen\u00e9tica y cont\u00f3 con la presencia de destacados invitados internacionales que abordaron tem\u00e1ticas de c\u00e1ncer, anomal\u00edas cong\u00e9nitas y microbioma humano.\" \/>\n<meta property=\"og:url\" content=\"https:\/\/medicina.udd.cl\/centro-genetica-genomica\/noticias\/2013\/11\/06\/gran-convocatoria-en-curso-de-genomica-en-medicina\/\" \/>\n<meta property=\"og:site_name\" content=\"Centro de Gen\u00e9tica y Gen\u00f3mica\" \/>\n<meta property=\"article:published_time\" content=\"2013-11-06T19:34:48+00:00\" \/>\n<meta property=\"article:modified_time\" content=\"2014-05-07T15:55:59+00:00\" \/>\n<meta property=\"og:image\" content=\"https:\/\/medicina.udd.cl\/centro-genetica-genomica\/files\/2013\/11\/Imagen-021.jpg\" \/>\n\t<meta property=\"og:image:width\" content=\"675\" \/>\n\t<meta property=\"og:image:height\" content=\"450\" \/>\n\t<meta property=\"og:image:type\" content=\"image\/jpeg\" \/>\n<meta name=\"twitter:label1\" content=\"Escrito por\" \/>\n\t<meta name=\"twitter:data1\" content=\"\" \/>\n\t<meta name=\"twitter:label2\" content=\"Tiempo de lectura\" \/>\n\t<meta name=\"twitter:data2\" content=\"2 minutos\" \/>\n<script type=\"application\/ld+json\" class=\"yoast-schema-graph\">{\"@context\":\"https:\/\/schema.org\",\"@graph\":[{\"@type\":\"Article\",\"@id\":\"https:\/\/medicina.udd.cl\/centro-genetica-genomica\/noticias\/2013\/11\/06\/gran-convocatoria-en-curso-de-genomica-en-medicina\/#article\",\"isPartOf\":{\"@id\":\"https:\/\/medicina.udd.cl\/centro-genetica-genomica\/noticias\/2013\/11\/06\/gran-convocatoria-en-curso-de-genomica-en-medicina\/\"},\"author\":{\"name\":\"\",\"@id\":\"\"},\"headline\":\"Gran convocatoria en curso de Gen\u00f3mica en Medicina\",\"datePublished\":\"2013-11-06T19:34:48+00:00\",\"dateModified\":\"2014-05-07T15:55:59+00:00\",\"mainEntityOfPage\":{\"@id\":\"https:\/\/medicina.udd.cl\/centro-genetica-genomica\/noticias\/2013\/11\/06\/gran-convocatoria-en-curso-de-genomica-en-medicina\/\"},\"wordCount\":368,\"commentCount\":0,\"image\":{\"@id\":\"https:\/\/medicina.udd.cl\/centro-genetica-genomica\/noticias\/2013\/11\/06\/gran-convocatoria-en-curso-de-genomica-en-medicina\/#primaryimage\"},\"thumbnailUrl\":\"https:\/\/medicina.udd.cl\/centro-genetica-genomica\/files\/2013\/11\/Imagen-021.jpg\",\"articleSection\":[\"Noticias\"],\"inLanguage\":\"es\",\"potentialAction\":[{\"@type\":\"CommentAction\",\"name\":\"Comment\",\"target\":[\"https:\/\/medicina.udd.cl\/centro-genetica-genomica\/noticias\/2013\/11\/06\/gran-convocatoria-en-curso-de-genomica-en-medicina\/#respond\"]}]},{\"@type\":\"WebPage\",\"@id\":\"https:\/\/medicina.udd.cl\/centro-genetica-genomica\/noticias\/2013\/11\/06\/gran-convocatoria-en-curso-de-genomica-en-medicina\/\",\"url\":\"https:\/\/medicina.udd.cl\/centro-genetica-genomica\/noticias\/2013\/11\/06\/gran-convocatoria-en-curso-de-genomica-en-medicina\/\",\"name\":\"Gran convocatoria en curso de Gen\u00f3mica en Medicina\",\"isPartOf\":{\"@id\":\"https:\/\/medicina.udd.cl\/centro-genetica-genomica\/#website\"},\"primaryImageOfPage\":{\"@id\":\"https:\/\/medicina.udd.cl\/centro-genetica-genomica\/noticias\/2013\/11\/06\/gran-convocatoria-en-curso-de-genomica-en-medicina\/#primaryimage\"},\"image\":{\"@id\":\"https:\/\/medicina.udd.cl\/centro-genetica-genomica\/noticias\/2013\/11\/06\/gran-convocatoria-en-curso-de-genomica-en-medicina\/#primaryimage\"},\"thumbnailUrl\":\"https:\/\/medicina.udd.cl\/centro-genetica-genomica\/files\/2013\/11\/Imagen-021.jpg\",\"datePublished\":\"2013-11-06T19:34:48+00:00\",\"dateModified\":\"2014-05-07T15:55:59+00:00\",\"author\":{\"@id\":\"\"},\"description\":\"Fue organizado por el Centro de Gen\u00e9tica y cont\u00f3 con la presencia de destacados invitados internacionales que abordaron tem\u00e1ticas de c\u00e1ncer, anomal\u00edas cong\u00e9nitas y microbioma humano.\",\"breadcrumb\":{\"@id\":\"https:\/\/medicina.udd.cl\/centro-genetica-genomica\/noticias\/2013\/11\/06\/gran-convocatoria-en-curso-de-genomica-en-medicina\/#breadcrumb\"},\"inLanguage\":\"es\",\"potentialAction\":[{\"@type\":\"ReadAction\",\"target\":[\"https:\/\/medicina.udd.cl\/centro-genetica-genomica\/noticias\/2013\/11\/06\/gran-convocatoria-en-curso-de-genomica-en-medicina\/\"]}]},{\"@type\":\"ImageObject\",\"inLanguage\":\"es\",\"@id\":\"https:\/\/medicina.udd.cl\/centro-genetica-genomica\/noticias\/2013\/11\/06\/gran-convocatoria-en-curso-de-genomica-en-medicina\/#primaryimage\",\"url\":\"https:\/\/medicina.udd.cl\/centro-genetica-genomica\/files\/2013\/11\/Imagen-021.jpg\",\"contentUrl\":\"https:\/\/medicina.udd.cl\/centro-genetica-genomica\/files\/2013\/11\/Imagen-021.jpg\",\"width\":675,\"height\":450},{\"@type\":\"BreadcrumbList\",\"@id\":\"https:\/\/medicina.udd.cl\/centro-genetica-genomica\/noticias\/2013\/11\/06\/gran-convocatoria-en-curso-de-genomica-en-medicina\/#breadcrumb\",\"itemListElement\":[{\"@type\":\"ListItem\",\"position\":1,\"name\":\"Inicio\",\"item\":\"https:\/\/medicina.udd.cl\/centro-genetica-genomica\/\"},{\"@type\":\"ListItem\",\"position\":2,\"name\":\"Gran convocatoria en curso de Gen\u00f3mica en Medicina\"}]},{\"@type\":\"WebSite\",\"@id\":\"https:\/\/medicina.udd.cl\/centro-genetica-genomica\/#website\",\"url\":\"https:\/\/medicina.udd.cl\/centro-genetica-genomica\/\",\"name\":\"Centro de Gen\u00e9tica y Gen\u00f3mica\",\"description\":\"\",\"inLanguage\":\"es\"},{\"@type\":\"Person\",\"@id\":\"\",\"url\":\"https:\/\/medicina.udd.cl\/centro-genetica-genomica\/noticias\/author\/\"}]}<\/script>\n<!-- \/ Yoast SEO plugin. -->","yoast_head_json":{"title":"Gran convocatoria en curso de Gen\u00f3mica en Medicina","description":"Fue organizado por el Centro de Gen\u00e9tica y cont\u00f3 con la presencia de destacados invitados internacionales que abordaron tem\u00e1ticas de c\u00e1ncer, anomal\u00edas cong\u00e9nitas y microbioma humano.","robots":{"index":"index","follow":"follow","max-snippet":"max-snippet:-1","max-image-preview":"max-image-preview:large","max-video-preview":"max-video-preview:-1"},"canonical":"https:\/\/medicina.udd.cl\/centro-genetica-genomica\/noticias\/2013\/11\/06\/gran-convocatoria-en-curso-de-genomica-en-medicina\/","og_locale":"es_ES","og_type":"article","og_title":"Gran convocatoria en curso de Gen\u00f3mica en Medicina","og_description":"Fue organizado por el Centro de Gen\u00e9tica y cont\u00f3 con la presencia de destacados invitados internacionales que abordaron tem\u00e1ticas de c\u00e1ncer, anomal\u00edas cong\u00e9nitas y microbioma humano.","og_url":"https:\/\/medicina.udd.cl\/centro-genetica-genomica\/noticias\/2013\/11\/06\/gran-convocatoria-en-curso-de-genomica-en-medicina\/","og_site_name":"Centro de Gen\u00e9tica y Gen\u00f3mica","article_published_time":"2013-11-06T19:34:48+00:00","article_modified_time":"2014-05-07T15:55:59+00:00","og_image":[{"width":675,"height":450,"url":"https:\/\/medicina.udd.cl\/centro-genetica-genomica\/files\/2013\/11\/Imagen-021.jpg","type":"image\/jpeg"}],"twitter_misc":{"Escrito por":"","Tiempo de lectura":"2 minutos"},"schema":{"@context":"https:\/\/schema.org","@graph":[{"@type":"Article","@id":"https:\/\/medicina.udd.cl\/centro-genetica-genomica\/noticias\/2013\/11\/06\/gran-convocatoria-en-curso-de-genomica-en-medicina\/#article","isPartOf":{"@id":"https:\/\/medicina.udd.cl\/centro-genetica-genomica\/noticias\/2013\/11\/06\/gran-convocatoria-en-curso-de-genomica-en-medicina\/"},"author":{"name":"","@id":""},"headline":"Gran convocatoria en curso de Gen\u00f3mica en Medicina","datePublished":"2013-11-06T19:34:48+00:00","dateModified":"2014-05-07T15:55:59+00:00","mainEntityOfPage":{"@id":"https:\/\/medicina.udd.cl\/centro-genetica-genomica\/noticias\/2013\/11\/06\/gran-convocatoria-en-curso-de-genomica-en-medicina\/"},"wordCount":368,"commentCount":0,"image":{"@id":"https:\/\/medicina.udd.cl\/centro-genetica-genomica\/noticias\/2013\/11\/06\/gran-convocatoria-en-curso-de-genomica-en-medicina\/#primaryimage"},"thumbnailUrl":"https:\/\/medicina.udd.cl\/centro-genetica-genomica\/files\/2013\/11\/Imagen-021.jpg","articleSection":["Noticias"],"inLanguage":"es","potentialAction":[{"@type":"CommentAction","name":"Comment","target":["https:\/\/medicina.udd.cl\/centro-genetica-genomica\/noticias\/2013\/11\/06\/gran-convocatoria-en-curso-de-genomica-en-medicina\/#respond"]}]},{"@type":"WebPage","@id":"https:\/\/medicina.udd.cl\/centro-genetica-genomica\/noticias\/2013\/11\/06\/gran-convocatoria-en-curso-de-genomica-en-medicina\/","url":"https:\/\/medicina.udd.cl\/centro-genetica-genomica\/noticias\/2013\/11\/06\/gran-convocatoria-en-curso-de-genomica-en-medicina\/","name":"Gran convocatoria en curso de Gen\u00f3mica en Medicina","isPartOf":{"@id":"https:\/\/medicina.udd.cl\/centro-genetica-genomica\/#website"},"primaryImageOfPage":{"@id":"https:\/\/medicina.udd.cl\/centro-genetica-genomica\/noticias\/2013\/11\/06\/gran-convocatoria-en-curso-de-genomica-en-medicina\/#primaryimage"},"image":{"@id":"https:\/\/medicina.udd.cl\/centro-genetica-genomica\/noticias\/2013\/11\/06\/gran-convocatoria-en-curso-de-genomica-en-medicina\/#primaryimage"},"thumbnailUrl":"https:\/\/medicina.udd.cl\/centro-genetica-genomica\/files\/2013\/11\/Imagen-021.jpg","datePublished":"2013-11-06T19:34:48+00:00","dateModified":"2014-05-07T15:55:59+00:00","author":{"@id":""},"description":"Fue organizado por el Centro de Gen\u00e9tica y cont\u00f3 con la presencia de destacados invitados internacionales que abordaron tem\u00e1ticas de c\u00e1ncer, anomal\u00edas cong\u00e9nitas y microbioma humano.","breadcrumb":{"@id":"https:\/\/medicina.udd.cl\/centro-genetica-genomica\/noticias\/2013\/11\/06\/gran-convocatoria-en-curso-de-genomica-en-medicina\/#breadcrumb"},"inLanguage":"es","potentialAction":[{"@type":"ReadAction","target":["https:\/\/medicina.udd.cl\/centro-genetica-genomica\/noticias\/2013\/11\/06\/gran-convocatoria-en-curso-de-genomica-en-medicina\/"]}]},{"@type":"ImageObject","inLanguage":"es","@id":"https:\/\/medicina.udd.cl\/centro-genetica-genomica\/noticias\/2013\/11\/06\/gran-convocatoria-en-curso-de-genomica-en-medicina\/#primaryimage","url":"https:\/\/medicina.udd.cl\/centro-genetica-genomica\/files\/2013\/11\/Imagen-021.jpg","contentUrl":"https:\/\/medicina.udd.cl\/centro-genetica-genomica\/files\/2013\/11\/Imagen-021.jpg","width":675,"height":450},{"@type":"BreadcrumbList","@id":"https:\/\/medicina.udd.cl\/centro-genetica-genomica\/noticias\/2013\/11\/06\/gran-convocatoria-en-curso-de-genomica-en-medicina\/#breadcrumb","itemListElement":[{"@type":"ListItem","position":1,"name":"Inicio","item":"https:\/\/medicina.udd.cl\/centro-genetica-genomica\/"},{"@type":"ListItem","position":2,"name":"Gran convocatoria en curso de Gen\u00f3mica en Medicina"}]},{"@type":"WebSite","@id":"https:\/\/medicina.udd.cl\/centro-genetica-genomica\/#website","url":"https:\/\/medicina.udd.cl\/centro-genetica-genomica\/","name":"Centro de Gen\u00e9tica y Gen\u00f3mica","description":"","inLanguage":"es"},{"@type":"Person","@id":"","url":"https:\/\/medicina.udd.cl\/centro-genetica-genomica\/noticias\/author\/"}]}},"featured_image_url":"https:\/\/medicina.udd.cl\/centro-genetica-genomica\/files\/2013\/11\/Imagen-021.jpg","_links":{"self":[{"href":"https:\/\/medicina.udd.cl\/centro-genetica-genomica\/wp-json\/wp\/v2\/posts\/1065","targetHints":{"allow":["GET"]}}],"collection":[{"href":"https:\/\/medicina.udd.cl\/centro-genetica-genomica\/wp-json\/wp\/v2\/posts"}],"about":[{"href":"https:\/\/medicina.udd.cl\/centro-genetica-genomica\/wp-json\/wp\/v2\/types\/post"}],"author":[{"embeddable":true,"href":"https:\/\/medicina.udd.cl\/centro-genetica-genomica\/wp-json\/wp\/v2\/users\/42"}],"replies":[{"embeddable":true,"href":"https:\/\/medicina.udd.cl\/centro-genetica-genomica\/wp-json\/wp\/v2\/comments?post=1065"}],"version-history":[{"count":4,"href":"https:\/\/medicina.udd.cl\/centro-genetica-genomica\/wp-json\/wp\/v2\/posts\/1065\/revisions"}],"predecessor-version":[{"id":1182,"href":"https:\/\/medicina.udd.cl\/centro-genetica-genomica\/wp-json\/wp\/v2\/posts\/1065\/revisions\/1182"}],"wp:featuredmedia":[{"embeddable":true,"href":"https:\/\/medicina.udd.cl\/centro-genetica-genomica\/wp-json\/wp\/v2\/media\/1070"}],"wp:attachment":[{"href":"https:\/\/medicina.udd.cl\/centro-genetica-genomica\/wp-json\/wp\/v2\/media?parent=1065"}],"wp:term":[{"taxonomy":"category","embeddable":true,"href":"https:\/\/medicina.udd.cl\/centro-genetica-genomica\/wp-json\/wp\/v2\/categories?post=1065"},{"taxonomy":"post_tag","embeddable":true,"href":"https:\/\/medicina.udd.cl\/centro-genetica-genomica\/wp-json\/wp\/v2\/tags?post=1065"}],"curies":[{"name":"wp","href":"https:\/\/api.w.org\/{rel}","templated":true}]}}