{"id":1095,"date":"2013-12-26T11:22:20","date_gmt":"2013-12-26T14:22:20","guid":{"rendered":"http:\/\/medicina.udd.cl\/centro-genetica-humana\/?p=1095"},"modified":"2014-04-03T08:40:27","modified_gmt":"2014-04-03T12:40:27","slug":"genomas-y-particulas-cosmicas-marcaran-la-ciencia-en-2014","status":"publish","type":"post","link":"https:\/\/medicina.udd.cl\/centro-genetica-genomica\/noticias\/2013\/12\/26\/genomas-y-particulas-cosmicas-marcaran-la-ciencia-en-2014\/","title":{"rendered":"Genomas y part\u00edculas c\u00f3smicas marcar\u00e1n la ciencia en 2014"},"content":{"rendered":"<p>La revista Science seleccion\u00f3 a los genomas cl\u00ednicos -utilizados en medicina- como una de las cuatro \u00e1reas que no hay que perder de vista en 2014.<\/p>\n<p>La publicaci\u00f3n se\u00f1ala que cada vez son m\u00e1s los investigadores que requerir\u00e1n de genomas para diagnosticar enfermedades extra\u00f1as y tratamientos para el c\u00e1ncer.<\/p>\n<p>La <strong>doctora Gabriela Repetto del Centro de Gen\u00e9tica de la Facultad de Medicina Cl\u00ednica Alemana Universidad del Desarroll<\/strong>o afirma que esto ya est\u00e1 sucediendo en Chile.<\/p>\n<p>Para m\u00e1s detalles, ingresar a al <a href=\"http:\/\/medicina.udd.cl\/centro-genetica-genomica\/files\/2013\/12\/Genomas-y-part\u00edculas-c\u00f3smicas-marcar\u00e1n-la-ciencia-en-2014-El-Mercurio-25-dic-2013.pdf\"><strong>art\u00edculo<\/strong><\/a> publicado el 25 de diciembre en <strong>El Mercurio<\/strong>, en donde la doctora Repetto entreg\u00f3 sus apreciaciones sobre el tema.<\/p>\n","protected":false},"excerpt":{"rendered":"<p>Seg\u00fan la revista Science, los genomas cl\u00ednicos son un \u00e1rea que no hay que perder de vista. La doctora Gabriela Repetto del Centro de Gen\u00e9tica habl\u00f3 del tema con El Mercurio.<\/p>\n","protected":false},"author":42,"featured_media":1096,"comment_status":"open","ping_status":"open","sticky":false,"template":"","format":"standard","meta":{"footnotes":""},"categories":[4],"tags":[],"class_list":["post-1095","post","type-post","status-publish","format-standard","has-post-thumbnail","hentry","category-noticias"],"yoast_head":"<!-- This site is optimized with the Yoast SEO plugin v26.9 - https:\/\/yoast.com\/product\/yoast-seo-wordpress\/ -->\n<title>Genomas y part\u00edculas c\u00f3smicas marcar\u00e1n la ciencia en 2014<\/title>\n<meta name=\"description\" content=\"Seg\u00fan la revista Science, los genomas cl\u00ednicos son un \u00e1rea que no hay que perder de vista. Gabriela Repetto de la Facultad de Medicina CAS-UDD lo confirma.\" \/>\n<meta name=\"robots\" content=\"index, follow, max-snippet:-1, max-image-preview:large, max-video-preview:-1\" \/>\n<link rel=\"canonical\" href=\"https:\/\/medicina.udd.cl\/centro-genetica-genomica\/noticias\/2013\/12\/26\/genomas-y-particulas-cosmicas-marcaran-la-ciencia-en-2014\/\" \/>\n<meta property=\"og:locale\" content=\"es_ES\" \/>\n<meta property=\"og:type\" content=\"article\" \/>\n<meta property=\"og:title\" content=\"Genomas y part\u00edculas c\u00f3smicas marcar\u00e1n la ciencia en 2014\" \/>\n<meta property=\"og:description\" content=\"Seg\u00fan la revista Science, los genomas cl\u00ednicos son un \u00e1rea que no hay que perder de vista. Gabriela Repetto de la Facultad de Medicina CAS-UDD lo confirma.\" \/>\n<meta property=\"og:url\" content=\"https:\/\/medicina.udd.cl\/centro-genetica-genomica\/noticias\/2013\/12\/26\/genomas-y-particulas-cosmicas-marcaran-la-ciencia-en-2014\/\" \/>\n<meta property=\"og:site_name\" content=\"Centro de Gen\u00e9tica y Gen\u00f3mica\" \/>\n<meta property=\"article:published_time\" content=\"2013-12-26T14:22:20+00:00\" \/>\n<meta property=\"article:modified_time\" content=\"2014-04-03T12:40:27+00:00\" \/>\n<meta property=\"og:image\" content=\"https:\/\/medicina.udd.cl\/centro-genetica-genomica\/files\/2013\/12\/73.-Gabriela-Repetto-769x1024.jpg\" \/>\n\t<meta property=\"og:image:width\" content=\"769\" \/>\n\t<meta property=\"og:image:height\" content=\"1024\" \/>\n\t<meta property=\"og:image:type\" content=\"image\/jpeg\" \/>\n<meta name=\"twitter:label1\" content=\"Escrito por\" \/>\n\t<meta name=\"twitter:data1\" content=\"\" \/>\n\t<meta name=\"twitter:label2\" content=\"Tiempo de lectura\" \/>\n\t<meta name=\"twitter:data2\" content=\"1 minuto\" \/>\n<script type=\"application\/ld+json\" class=\"yoast-schema-graph\">{\"@context\":\"https:\/\/schema.org\",\"@graph\":[{\"@type\":\"Article\",\"@id\":\"https:\/\/medicina.udd.cl\/centro-genetica-genomica\/noticias\/2013\/12\/26\/genomas-y-particulas-cosmicas-marcaran-la-ciencia-en-2014\/#article\",\"isPartOf\":{\"@id\":\"https:\/\/medicina.udd.cl\/centro-genetica-genomica\/noticias\/2013\/12\/26\/genomas-y-particulas-cosmicas-marcaran-la-ciencia-en-2014\/\"},\"author\":{\"name\":\"\",\"@id\":\"\"},\"headline\":\"Genomas y part\u00edculas c\u00f3smicas marcar\u00e1n la ciencia en 2014\",\"datePublished\":\"2013-12-26T14:22:20+00:00\",\"dateModified\":\"2014-04-03T12:40:27+00:00\",\"mainEntityOfPage\":{\"@id\":\"https:\/\/medicina.udd.cl\/centro-genetica-genomica\/noticias\/2013\/12\/26\/genomas-y-particulas-cosmicas-marcaran-la-ciencia-en-2014\/\"},\"wordCount\":121,\"commentCount\":0,\"image\":{\"@id\":\"https:\/\/medicina.udd.cl\/centro-genetica-genomica\/noticias\/2013\/12\/26\/genomas-y-particulas-cosmicas-marcaran-la-ciencia-en-2014\/#primaryimage\"},\"thumbnailUrl\":\"https:\/\/medicina.udd.cl\/centro-genetica-genomica\/files\/2013\/12\/73.-Gabriela-Repetto.jpg\",\"articleSection\":[\"Noticias\"],\"inLanguage\":\"es\",\"potentialAction\":[{\"@type\":\"CommentAction\",\"name\":\"Comment\",\"target\":[\"https:\/\/medicina.udd.cl\/centro-genetica-genomica\/noticias\/2013\/12\/26\/genomas-y-particulas-cosmicas-marcaran-la-ciencia-en-2014\/#respond\"]}]},{\"@type\":\"WebPage\",\"@id\":\"https:\/\/medicina.udd.cl\/centro-genetica-genomica\/noticias\/2013\/12\/26\/genomas-y-particulas-cosmicas-marcaran-la-ciencia-en-2014\/\",\"url\":\"https:\/\/medicina.udd.cl\/centro-genetica-genomica\/noticias\/2013\/12\/26\/genomas-y-particulas-cosmicas-marcaran-la-ciencia-en-2014\/\",\"name\":\"Genomas y part\u00edculas c\u00f3smicas marcar\u00e1n la ciencia en 2014\",\"isPartOf\":{\"@id\":\"https:\/\/medicina.udd.cl\/centro-genetica-genomica\/#website\"},\"primaryImageOfPage\":{\"@id\":\"https:\/\/medicina.udd.cl\/centro-genetica-genomica\/noticias\/2013\/12\/26\/genomas-y-particulas-cosmicas-marcaran-la-ciencia-en-2014\/#primaryimage\"},\"image\":{\"@id\":\"https:\/\/medicina.udd.cl\/centro-genetica-genomica\/noticias\/2013\/12\/26\/genomas-y-particulas-cosmicas-marcaran-la-ciencia-en-2014\/#primaryimage\"},\"thumbnailUrl\":\"https:\/\/medicina.udd.cl\/centro-genetica-genomica\/files\/2013\/12\/73.-Gabriela-Repetto.jpg\",\"datePublished\":\"2013-12-26T14:22:20+00:00\",\"dateModified\":\"2014-04-03T12:40:27+00:00\",\"author\":{\"@id\":\"\"},\"description\":\"Seg\u00fan la revista Science, los genomas cl\u00ednicos son un \u00e1rea que no hay que perder de vista. Gabriela Repetto de la Facultad de Medicina CAS-UDD lo confirma.\",\"breadcrumb\":{\"@id\":\"https:\/\/medicina.udd.cl\/centro-genetica-genomica\/noticias\/2013\/12\/26\/genomas-y-particulas-cosmicas-marcaran-la-ciencia-en-2014\/#breadcrumb\"},\"inLanguage\":\"es\",\"potentialAction\":[{\"@type\":\"ReadAction\",\"target\":[\"https:\/\/medicina.udd.cl\/centro-genetica-genomica\/noticias\/2013\/12\/26\/genomas-y-particulas-cosmicas-marcaran-la-ciencia-en-2014\/\"]}]},{\"@type\":\"ImageObject\",\"inLanguage\":\"es\",\"@id\":\"https:\/\/medicina.udd.cl\/centro-genetica-genomica\/noticias\/2013\/12\/26\/genomas-y-particulas-cosmicas-marcaran-la-ciencia-en-2014\/#primaryimage\",\"url\":\"https:\/\/medicina.udd.cl\/centro-genetica-genomica\/files\/2013\/12\/73.-Gabriela-Repetto.jpg\",\"contentUrl\":\"https:\/\/medicina.udd.cl\/centro-genetica-genomica\/files\/2013\/12\/73.-Gabriela-Repetto.jpg\",\"width\":2096,\"height\":2792},{\"@type\":\"BreadcrumbList\",\"@id\":\"https:\/\/medicina.udd.cl\/centro-genetica-genomica\/noticias\/2013\/12\/26\/genomas-y-particulas-cosmicas-marcaran-la-ciencia-en-2014\/#breadcrumb\",\"itemListElement\":[{\"@type\":\"ListItem\",\"position\":1,\"name\":\"Inicio\",\"item\":\"https:\/\/medicina.udd.cl\/centro-genetica-genomica\/\"},{\"@type\":\"ListItem\",\"position\":2,\"name\":\"Genomas y part\u00edculas c\u00f3smicas marcar\u00e1n la ciencia en 2014\"}]},{\"@type\":\"WebSite\",\"@id\":\"https:\/\/medicina.udd.cl\/centro-genetica-genomica\/#website\",\"url\":\"https:\/\/medicina.udd.cl\/centro-genetica-genomica\/\",\"name\":\"Centro de Gen\u00e9tica y Gen\u00f3mica\",\"description\":\"\",\"inLanguage\":\"es\"},{\"@type\":\"Person\",\"@id\":\"\",\"url\":\"https:\/\/medicina.udd.cl\/centro-genetica-genomica\/noticias\/author\/\"}]}<\/script>\n<!-- \/ Yoast SEO plugin. -->","yoast_head_json":{"title":"Genomas y part\u00edculas c\u00f3smicas marcar\u00e1n la ciencia en 2014","description":"Seg\u00fan la revista Science, los genomas cl\u00ednicos son un \u00e1rea que no hay que perder de vista. Gabriela Repetto de la Facultad de Medicina CAS-UDD lo confirma.","robots":{"index":"index","follow":"follow","max-snippet":"max-snippet:-1","max-image-preview":"max-image-preview:large","max-video-preview":"max-video-preview:-1"},"canonical":"https:\/\/medicina.udd.cl\/centro-genetica-genomica\/noticias\/2013\/12\/26\/genomas-y-particulas-cosmicas-marcaran-la-ciencia-en-2014\/","og_locale":"es_ES","og_type":"article","og_title":"Genomas y part\u00edculas c\u00f3smicas marcar\u00e1n la ciencia en 2014","og_description":"Seg\u00fan la revista Science, los genomas cl\u00ednicos son un \u00e1rea que no hay que perder de vista. Gabriela Repetto de la Facultad de Medicina CAS-UDD lo confirma.","og_url":"https:\/\/medicina.udd.cl\/centro-genetica-genomica\/noticias\/2013\/12\/26\/genomas-y-particulas-cosmicas-marcaran-la-ciencia-en-2014\/","og_site_name":"Centro de Gen\u00e9tica y Gen\u00f3mica","article_published_time":"2013-12-26T14:22:20+00:00","article_modified_time":"2014-04-03T12:40:27+00:00","og_image":[{"width":769,"height":1024,"url":"https:\/\/medicina.udd.cl\/centro-genetica-genomica\/files\/2013\/12\/73.-Gabriela-Repetto-769x1024.jpg","type":"image\/jpeg"}],"twitter_misc":{"Escrito por":"","Tiempo de lectura":"1 minuto"},"schema":{"@context":"https:\/\/schema.org","@graph":[{"@type":"Article","@id":"https:\/\/medicina.udd.cl\/centro-genetica-genomica\/noticias\/2013\/12\/26\/genomas-y-particulas-cosmicas-marcaran-la-ciencia-en-2014\/#article","isPartOf":{"@id":"https:\/\/medicina.udd.cl\/centro-genetica-genomica\/noticias\/2013\/12\/26\/genomas-y-particulas-cosmicas-marcaran-la-ciencia-en-2014\/"},"author":{"name":"","@id":""},"headline":"Genomas y part\u00edculas c\u00f3smicas marcar\u00e1n la ciencia en 2014","datePublished":"2013-12-26T14:22:20+00:00","dateModified":"2014-04-03T12:40:27+00:00","mainEntityOfPage":{"@id":"https:\/\/medicina.udd.cl\/centro-genetica-genomica\/noticias\/2013\/12\/26\/genomas-y-particulas-cosmicas-marcaran-la-ciencia-en-2014\/"},"wordCount":121,"commentCount":0,"image":{"@id":"https:\/\/medicina.udd.cl\/centro-genetica-genomica\/noticias\/2013\/12\/26\/genomas-y-particulas-cosmicas-marcaran-la-ciencia-en-2014\/#primaryimage"},"thumbnailUrl":"https:\/\/medicina.udd.cl\/centro-genetica-genomica\/files\/2013\/12\/73.-Gabriela-Repetto.jpg","articleSection":["Noticias"],"inLanguage":"es","potentialAction":[{"@type":"CommentAction","name":"Comment","target":["https:\/\/medicina.udd.cl\/centro-genetica-genomica\/noticias\/2013\/12\/26\/genomas-y-particulas-cosmicas-marcaran-la-ciencia-en-2014\/#respond"]}]},{"@type":"WebPage","@id":"https:\/\/medicina.udd.cl\/centro-genetica-genomica\/noticias\/2013\/12\/26\/genomas-y-particulas-cosmicas-marcaran-la-ciencia-en-2014\/","url":"https:\/\/medicina.udd.cl\/centro-genetica-genomica\/noticias\/2013\/12\/26\/genomas-y-particulas-cosmicas-marcaran-la-ciencia-en-2014\/","name":"Genomas y part\u00edculas c\u00f3smicas marcar\u00e1n la ciencia en 2014","isPartOf":{"@id":"https:\/\/medicina.udd.cl\/centro-genetica-genomica\/#website"},"primaryImageOfPage":{"@id":"https:\/\/medicina.udd.cl\/centro-genetica-genomica\/noticias\/2013\/12\/26\/genomas-y-particulas-cosmicas-marcaran-la-ciencia-en-2014\/#primaryimage"},"image":{"@id":"https:\/\/medicina.udd.cl\/centro-genetica-genomica\/noticias\/2013\/12\/26\/genomas-y-particulas-cosmicas-marcaran-la-ciencia-en-2014\/#primaryimage"},"thumbnailUrl":"https:\/\/medicina.udd.cl\/centro-genetica-genomica\/files\/2013\/12\/73.-Gabriela-Repetto.jpg","datePublished":"2013-12-26T14:22:20+00:00","dateModified":"2014-04-03T12:40:27+00:00","author":{"@id":""},"description":"Seg\u00fan la revista Science, los genomas cl\u00ednicos son un \u00e1rea que no hay que perder de vista. Gabriela Repetto de la Facultad de Medicina CAS-UDD lo confirma.","breadcrumb":{"@id":"https:\/\/medicina.udd.cl\/centro-genetica-genomica\/noticias\/2013\/12\/26\/genomas-y-particulas-cosmicas-marcaran-la-ciencia-en-2014\/#breadcrumb"},"inLanguage":"es","potentialAction":[{"@type":"ReadAction","target":["https:\/\/medicina.udd.cl\/centro-genetica-genomica\/noticias\/2013\/12\/26\/genomas-y-particulas-cosmicas-marcaran-la-ciencia-en-2014\/"]}]},{"@type":"ImageObject","inLanguage":"es","@id":"https:\/\/medicina.udd.cl\/centro-genetica-genomica\/noticias\/2013\/12\/26\/genomas-y-particulas-cosmicas-marcaran-la-ciencia-en-2014\/#primaryimage","url":"https:\/\/medicina.udd.cl\/centro-genetica-genomica\/files\/2013\/12\/73.-Gabriela-Repetto.jpg","contentUrl":"https:\/\/medicina.udd.cl\/centro-genetica-genomica\/files\/2013\/12\/73.-Gabriela-Repetto.jpg","width":2096,"height":2792},{"@type":"BreadcrumbList","@id":"https:\/\/medicina.udd.cl\/centro-genetica-genomica\/noticias\/2013\/12\/26\/genomas-y-particulas-cosmicas-marcaran-la-ciencia-en-2014\/#breadcrumb","itemListElement":[{"@type":"ListItem","position":1,"name":"Inicio","item":"https:\/\/medicina.udd.cl\/centro-genetica-genomica\/"},{"@type":"ListItem","position":2,"name":"Genomas y part\u00edculas c\u00f3smicas marcar\u00e1n la ciencia en 2014"}]},{"@type":"WebSite","@id":"https:\/\/medicina.udd.cl\/centro-genetica-genomica\/#website","url":"https:\/\/medicina.udd.cl\/centro-genetica-genomica\/","name":"Centro de Gen\u00e9tica y Gen\u00f3mica","description":"","inLanguage":"es"},{"@type":"Person","@id":"","url":"https:\/\/medicina.udd.cl\/centro-genetica-genomica\/noticias\/author\/"}]}},"featured_image_url":"https:\/\/medicina.udd.cl\/centro-genetica-genomica\/files\/2013\/12\/73.-Gabriela-Repetto.jpg","_links":{"self":[{"href":"https:\/\/medicina.udd.cl\/centro-genetica-genomica\/wp-json\/wp\/v2\/posts\/1095","targetHints":{"allow":["GET"]}}],"collection":[{"href":"https:\/\/medicina.udd.cl\/centro-genetica-genomica\/wp-json\/wp\/v2\/posts"}],"about":[{"href":"https:\/\/medicina.udd.cl\/centro-genetica-genomica\/wp-json\/wp\/v2\/types\/post"}],"author":[{"embeddable":true,"href":"https:\/\/medicina.udd.cl\/centro-genetica-genomica\/wp-json\/wp\/v2\/users\/42"}],"replies":[{"embeddable":true,"href":"https:\/\/medicina.udd.cl\/centro-genetica-genomica\/wp-json\/wp\/v2\/comments?post=1095"}],"version-history":[{"count":5,"href":"https:\/\/medicina.udd.cl\/centro-genetica-genomica\/wp-json\/wp\/v2\/posts\/1095\/revisions"}],"predecessor-version":[{"id":1099,"href":"https:\/\/medicina.udd.cl\/centro-genetica-genomica\/wp-json\/wp\/v2\/posts\/1095\/revisions\/1099"}],"wp:featuredmedia":[{"embeddable":true,"href":"https:\/\/medicina.udd.cl\/centro-genetica-genomica\/wp-json\/wp\/v2\/media\/1096"}],"wp:attachment":[{"href":"https:\/\/medicina.udd.cl\/centro-genetica-genomica\/wp-json\/wp\/v2\/media?parent=1095"}],"wp:term":[{"taxonomy":"category","embeddable":true,"href":"https:\/\/medicina.udd.cl\/centro-genetica-genomica\/wp-json\/wp\/v2\/categories?post=1095"},{"taxonomy":"post_tag","embeddable":true,"href":"https:\/\/medicina.udd.cl\/centro-genetica-genomica\/wp-json\/wp\/v2\/tags?post=1095"}],"curies":[{"name":"wp","href":"https:\/\/api.w.org\/{rel}","templated":true}]}}