{"id":1240,"date":"2014-05-26T16:27:43","date_gmt":"2014-05-26T20:27:43","guid":{"rendered":"http:\/\/medicina.udd.cl\/centro-genetica-genomica\/?p=1240"},"modified":"2014-05-26T17:45:05","modified_gmt":"2014-05-26T21:45:05","slug":"investigadora-udd-elegida-vicepresidenta-de-la-sociedad-de-genetica-de-chile","status":"publish","type":"post","link":"https:\/\/medicina.udd.cl\/centro-genetica-genomica\/noticias\/2014\/05\/26\/investigadora-udd-elegida-vicepresidenta-de-la-sociedad-de-genetica-de-chile\/","title":{"rendered":"Investigadora UDD elegida vicepresidenta de la Sociedad de Gen\u00e9tica de Chile"},"content":{"rendered":"<p><a href=\"http:\/\/medicina.udd.cl\/centro-genetica-genomica\/files\/2013\/04\/Dra-Repetto-.jpg\"><img loading=\"lazy\" decoding=\"async\" class=\"size-full wp-image-952 alignright\" alt=\"Dra-Repetto-\" src=\"http:\/\/medicina.udd.cl\/centro-genetica-genomica\/files\/2013\/04\/Dra-Repetto-.jpg\" width=\"300\" height=\"200\" \/><\/a>La directora del Centro de Gen\u00e9tica y Gen\u00f3mica de la <strong><a href=\"http:\/\/medicina.udd.cl\/\">Facultad de Medicina Cl\u00ednica Alemana Universidad del Desarrollo<\/a>, doctora Gabriela Repetto,<\/strong>\u00a0fue elegida vicepresidenta de la <a href=\"http:\/\/www.sochigen.cl\/\"><strong>Sociedad de Gen\u00e9tica de Chile<\/strong><\/a> (<strong>Sochigen<\/strong>).<\/p>\n<p>La elecci\u00f3n de la nueva directiva para el per\u00edodo 2014-2015 se realiz\u00f3 en la Asamblea General de Socios de la Sociedad en marzo de este a\u00f1o.<\/p>\n<p>Previamente, la doctora Repetto ocup\u00f3 el cargo de directora (2012-2013).<\/p>\n<p>Ella es M\u00e9dico Cirujano, Pediatra y\u00a0Subespecialista en Gen\u00e9tica y Enfermedades Metab\u00f3licas, y su l\u00ednea de investigaci\u00f3n principal es el estudio del S\u00edndrome de Deleci\u00f3n 22q11, m\u00e1s conocido como S\u00edndrome Velocardiofacial.<\/p>\n<p>&nbsp;<\/p>\n","protected":false},"excerpt":{"rendered":"<p>Se trata de la doctora Gabriela Repetto, directora del Centro de Gen\u00e9tica y Gen\u00f3mica de la Facultad de Medicina Cl\u00ednica Alemana Universidad del Desarrollo.<\/p>\n","protected":false},"author":42,"featured_media":952,"comment_status":"open","ping_status":"open","sticky":false,"template":"","format":"standard","meta":{"footnotes":""},"categories":[4],"tags":[],"class_list":["post-1240","post","type-post","status-publish","format-standard","has-post-thumbnail","hentry","category-noticias"],"yoast_head":"<!-- This site is optimized with the Yoast SEO plugin v26.9 - https:\/\/yoast.com\/product\/yoast-seo-wordpress\/ -->\n<title>Investigadora UDD: vicepresidenta de la Sociedad de Gen\u00e9tica de Chile<\/title>\n<meta name=\"description\" content=\"Se trata de la doctora Gabriela Repetto, directora del Centro de Gen\u00e9tica y Gen\u00f3mica de la Facultad de Medicina Cl\u00ednica Alemana Universidad del Desarrollo.\" \/>\n<meta name=\"robots\" content=\"index, follow, max-snippet:-1, max-image-preview:large, max-video-preview:-1\" \/>\n<link rel=\"canonical\" href=\"https:\/\/medicina.udd.cl\/centro-genetica-genomica\/noticias\/2014\/05\/26\/investigadora-udd-elegida-vicepresidenta-de-la-sociedad-de-genetica-de-chile\/\" \/>\n<meta property=\"og:locale\" content=\"es_ES\" \/>\n<meta property=\"og:type\" content=\"article\" \/>\n<meta property=\"og:title\" content=\"Investigadora UDD: vicepresidenta de la Sociedad de Gen\u00e9tica de Chile\" \/>\n<meta property=\"og:description\" content=\"Se trata de la doctora Gabriela Repetto, directora del Centro de Gen\u00e9tica y Gen\u00f3mica de la Facultad de Medicina Cl\u00ednica Alemana Universidad del Desarrollo.\" \/>\n<meta property=\"og:url\" content=\"https:\/\/medicina.udd.cl\/centro-genetica-genomica\/noticias\/2014\/05\/26\/investigadora-udd-elegida-vicepresidenta-de-la-sociedad-de-genetica-de-chile\/\" \/>\n<meta property=\"og:site_name\" content=\"Centro de Gen\u00e9tica y Gen\u00f3mica\" \/>\n<meta property=\"article:published_time\" content=\"2014-05-26T20:27:43+00:00\" \/>\n<meta property=\"article:modified_time\" content=\"2014-05-26T21:45:05+00:00\" \/>\n<meta property=\"og:image\" content=\"https:\/\/medicina.udd.cl\/centro-genetica-genomica\/files\/2013\/04\/Dra-Repetto-.jpg\" \/>\n\t<meta property=\"og:image:width\" content=\"300\" \/>\n\t<meta property=\"og:image:height\" content=\"200\" \/>\n\t<meta property=\"og:image:type\" content=\"image\/jpeg\" \/>\n<meta name=\"twitter:label1\" content=\"Escrito por\" \/>\n\t<meta name=\"twitter:data1\" content=\"\" \/>\n\t<meta name=\"twitter:label2\" content=\"Tiempo de lectura\" \/>\n\t<meta name=\"twitter:data2\" content=\"1 minuto\" \/>\n<script type=\"application\/ld+json\" class=\"yoast-schema-graph\">{\"@context\":\"https:\/\/schema.org\",\"@graph\":[{\"@type\":\"Article\",\"@id\":\"https:\/\/medicina.udd.cl\/centro-genetica-genomica\/noticias\/2014\/05\/26\/investigadora-udd-elegida-vicepresidenta-de-la-sociedad-de-genetica-de-chile\/#article\",\"isPartOf\":{\"@id\":\"https:\/\/medicina.udd.cl\/centro-genetica-genomica\/noticias\/2014\/05\/26\/investigadora-udd-elegida-vicepresidenta-de-la-sociedad-de-genetica-de-chile\/\"},\"author\":{\"name\":\"\",\"@id\":\"\"},\"headline\":\"Investigadora UDD elegida vicepresidenta de la Sociedad de Gen\u00e9tica de Chile\",\"datePublished\":\"2014-05-26T20:27:43+00:00\",\"dateModified\":\"2014-05-26T21:45:05+00:00\",\"mainEntityOfPage\":{\"@id\":\"https:\/\/medicina.udd.cl\/centro-genetica-genomica\/noticias\/2014\/05\/26\/investigadora-udd-elegida-vicepresidenta-de-la-sociedad-de-genetica-de-chile\/\"},\"wordCount\":128,\"commentCount\":0,\"image\":{\"@id\":\"https:\/\/medicina.udd.cl\/centro-genetica-genomica\/noticias\/2014\/05\/26\/investigadora-udd-elegida-vicepresidenta-de-la-sociedad-de-genetica-de-chile\/#primaryimage\"},\"thumbnailUrl\":\"https:\/\/medicina.udd.cl\/centro-genetica-genomica\/files\/2013\/04\/Dra-Repetto-.jpg\",\"articleSection\":[\"Noticias\"],\"inLanguage\":\"es\",\"potentialAction\":[{\"@type\":\"CommentAction\",\"name\":\"Comment\",\"target\":[\"https:\/\/medicina.udd.cl\/centro-genetica-genomica\/noticias\/2014\/05\/26\/investigadora-udd-elegida-vicepresidenta-de-la-sociedad-de-genetica-de-chile\/#respond\"]}]},{\"@type\":\"WebPage\",\"@id\":\"https:\/\/medicina.udd.cl\/centro-genetica-genomica\/noticias\/2014\/05\/26\/investigadora-udd-elegida-vicepresidenta-de-la-sociedad-de-genetica-de-chile\/\",\"url\":\"https:\/\/medicina.udd.cl\/centro-genetica-genomica\/noticias\/2014\/05\/26\/investigadora-udd-elegida-vicepresidenta-de-la-sociedad-de-genetica-de-chile\/\",\"name\":\"Investigadora UDD: vicepresidenta de la Sociedad de Gen\u00e9tica de Chile\",\"isPartOf\":{\"@id\":\"https:\/\/medicina.udd.cl\/centro-genetica-genomica\/#website\"},\"primaryImageOfPage\":{\"@id\":\"https:\/\/medicina.udd.cl\/centro-genetica-genomica\/noticias\/2014\/05\/26\/investigadora-udd-elegida-vicepresidenta-de-la-sociedad-de-genetica-de-chile\/#primaryimage\"},\"image\":{\"@id\":\"https:\/\/medicina.udd.cl\/centro-genetica-genomica\/noticias\/2014\/05\/26\/investigadora-udd-elegida-vicepresidenta-de-la-sociedad-de-genetica-de-chile\/#primaryimage\"},\"thumbnailUrl\":\"https:\/\/medicina.udd.cl\/centro-genetica-genomica\/files\/2013\/04\/Dra-Repetto-.jpg\",\"datePublished\":\"2014-05-26T20:27:43+00:00\",\"dateModified\":\"2014-05-26T21:45:05+00:00\",\"author\":{\"@id\":\"\"},\"description\":\"Se trata de la doctora Gabriela Repetto, directora del Centro de Gen\u00e9tica y Gen\u00f3mica de la Facultad de Medicina Cl\u00ednica Alemana Universidad del Desarrollo.\",\"breadcrumb\":{\"@id\":\"https:\/\/medicina.udd.cl\/centro-genetica-genomica\/noticias\/2014\/05\/26\/investigadora-udd-elegida-vicepresidenta-de-la-sociedad-de-genetica-de-chile\/#breadcrumb\"},\"inLanguage\":\"es\",\"potentialAction\":[{\"@type\":\"ReadAction\",\"target\":[\"https:\/\/medicina.udd.cl\/centro-genetica-genomica\/noticias\/2014\/05\/26\/investigadora-udd-elegida-vicepresidenta-de-la-sociedad-de-genetica-de-chile\/\"]}]},{\"@type\":\"ImageObject\",\"inLanguage\":\"es\",\"@id\":\"https:\/\/medicina.udd.cl\/centro-genetica-genomica\/noticias\/2014\/05\/26\/investigadora-udd-elegida-vicepresidenta-de-la-sociedad-de-genetica-de-chile\/#primaryimage\",\"url\":\"https:\/\/medicina.udd.cl\/centro-genetica-genomica\/files\/2013\/04\/Dra-Repetto-.jpg\",\"contentUrl\":\"https:\/\/medicina.udd.cl\/centro-genetica-genomica\/files\/2013\/04\/Dra-Repetto-.jpg\",\"width\":300,\"height\":200},{\"@type\":\"BreadcrumbList\",\"@id\":\"https:\/\/medicina.udd.cl\/centro-genetica-genomica\/noticias\/2014\/05\/26\/investigadora-udd-elegida-vicepresidenta-de-la-sociedad-de-genetica-de-chile\/#breadcrumb\",\"itemListElement\":[{\"@type\":\"ListItem\",\"position\":1,\"name\":\"Inicio\",\"item\":\"https:\/\/medicina.udd.cl\/centro-genetica-genomica\/\"},{\"@type\":\"ListItem\",\"position\":2,\"name\":\"Investigadora UDD elegida vicepresidenta de la Sociedad de Gen\u00e9tica de Chile\"}]},{\"@type\":\"WebSite\",\"@id\":\"https:\/\/medicina.udd.cl\/centro-genetica-genomica\/#website\",\"url\":\"https:\/\/medicina.udd.cl\/centro-genetica-genomica\/\",\"name\":\"Centro de Gen\u00e9tica y Gen\u00f3mica\",\"description\":\"\",\"inLanguage\":\"es\"},{\"@type\":\"Person\",\"@id\":\"\",\"url\":\"https:\/\/medicina.udd.cl\/centro-genetica-genomica\/noticias\/author\/\"}]}<\/script>\n<!-- \/ Yoast SEO plugin. -->","yoast_head_json":{"title":"Investigadora UDD: vicepresidenta de la Sociedad de Gen\u00e9tica de Chile","description":"Se trata de la doctora Gabriela Repetto, directora del Centro de Gen\u00e9tica y Gen\u00f3mica de la Facultad de Medicina Cl\u00ednica Alemana Universidad del Desarrollo.","robots":{"index":"index","follow":"follow","max-snippet":"max-snippet:-1","max-image-preview":"max-image-preview:large","max-video-preview":"max-video-preview:-1"},"canonical":"https:\/\/medicina.udd.cl\/centro-genetica-genomica\/noticias\/2014\/05\/26\/investigadora-udd-elegida-vicepresidenta-de-la-sociedad-de-genetica-de-chile\/","og_locale":"es_ES","og_type":"article","og_title":"Investigadora UDD: vicepresidenta de la Sociedad de Gen\u00e9tica de Chile","og_description":"Se trata de la doctora Gabriela Repetto, directora del Centro de Gen\u00e9tica y Gen\u00f3mica de la Facultad de Medicina Cl\u00ednica Alemana Universidad del Desarrollo.","og_url":"https:\/\/medicina.udd.cl\/centro-genetica-genomica\/noticias\/2014\/05\/26\/investigadora-udd-elegida-vicepresidenta-de-la-sociedad-de-genetica-de-chile\/","og_site_name":"Centro de Gen\u00e9tica y Gen\u00f3mica","article_published_time":"2014-05-26T20:27:43+00:00","article_modified_time":"2014-05-26T21:45:05+00:00","og_image":[{"width":300,"height":200,"url":"https:\/\/medicina.udd.cl\/centro-genetica-genomica\/files\/2013\/04\/Dra-Repetto-.jpg","type":"image\/jpeg"}],"twitter_misc":{"Escrito por":"","Tiempo de lectura":"1 minuto"},"schema":{"@context":"https:\/\/schema.org","@graph":[{"@type":"Article","@id":"https:\/\/medicina.udd.cl\/centro-genetica-genomica\/noticias\/2014\/05\/26\/investigadora-udd-elegida-vicepresidenta-de-la-sociedad-de-genetica-de-chile\/#article","isPartOf":{"@id":"https:\/\/medicina.udd.cl\/centro-genetica-genomica\/noticias\/2014\/05\/26\/investigadora-udd-elegida-vicepresidenta-de-la-sociedad-de-genetica-de-chile\/"},"author":{"name":"","@id":""},"headline":"Investigadora UDD elegida vicepresidenta de la Sociedad de Gen\u00e9tica de Chile","datePublished":"2014-05-26T20:27:43+00:00","dateModified":"2014-05-26T21:45:05+00:00","mainEntityOfPage":{"@id":"https:\/\/medicina.udd.cl\/centro-genetica-genomica\/noticias\/2014\/05\/26\/investigadora-udd-elegida-vicepresidenta-de-la-sociedad-de-genetica-de-chile\/"},"wordCount":128,"commentCount":0,"image":{"@id":"https:\/\/medicina.udd.cl\/centro-genetica-genomica\/noticias\/2014\/05\/26\/investigadora-udd-elegida-vicepresidenta-de-la-sociedad-de-genetica-de-chile\/#primaryimage"},"thumbnailUrl":"https:\/\/medicina.udd.cl\/centro-genetica-genomica\/files\/2013\/04\/Dra-Repetto-.jpg","articleSection":["Noticias"],"inLanguage":"es","potentialAction":[{"@type":"CommentAction","name":"Comment","target":["https:\/\/medicina.udd.cl\/centro-genetica-genomica\/noticias\/2014\/05\/26\/investigadora-udd-elegida-vicepresidenta-de-la-sociedad-de-genetica-de-chile\/#respond"]}]},{"@type":"WebPage","@id":"https:\/\/medicina.udd.cl\/centro-genetica-genomica\/noticias\/2014\/05\/26\/investigadora-udd-elegida-vicepresidenta-de-la-sociedad-de-genetica-de-chile\/","url":"https:\/\/medicina.udd.cl\/centro-genetica-genomica\/noticias\/2014\/05\/26\/investigadora-udd-elegida-vicepresidenta-de-la-sociedad-de-genetica-de-chile\/","name":"Investigadora UDD: vicepresidenta de la Sociedad de Gen\u00e9tica de Chile","isPartOf":{"@id":"https:\/\/medicina.udd.cl\/centro-genetica-genomica\/#website"},"primaryImageOfPage":{"@id":"https:\/\/medicina.udd.cl\/centro-genetica-genomica\/noticias\/2014\/05\/26\/investigadora-udd-elegida-vicepresidenta-de-la-sociedad-de-genetica-de-chile\/#primaryimage"},"image":{"@id":"https:\/\/medicina.udd.cl\/centro-genetica-genomica\/noticias\/2014\/05\/26\/investigadora-udd-elegida-vicepresidenta-de-la-sociedad-de-genetica-de-chile\/#primaryimage"},"thumbnailUrl":"https:\/\/medicina.udd.cl\/centro-genetica-genomica\/files\/2013\/04\/Dra-Repetto-.jpg","datePublished":"2014-05-26T20:27:43+00:00","dateModified":"2014-05-26T21:45:05+00:00","author":{"@id":""},"description":"Se trata de la doctora Gabriela Repetto, directora del Centro de Gen\u00e9tica y Gen\u00f3mica de la Facultad de Medicina Cl\u00ednica Alemana Universidad del Desarrollo.","breadcrumb":{"@id":"https:\/\/medicina.udd.cl\/centro-genetica-genomica\/noticias\/2014\/05\/26\/investigadora-udd-elegida-vicepresidenta-de-la-sociedad-de-genetica-de-chile\/#breadcrumb"},"inLanguage":"es","potentialAction":[{"@type":"ReadAction","target":["https:\/\/medicina.udd.cl\/centro-genetica-genomica\/noticias\/2014\/05\/26\/investigadora-udd-elegida-vicepresidenta-de-la-sociedad-de-genetica-de-chile\/"]}]},{"@type":"ImageObject","inLanguage":"es","@id":"https:\/\/medicina.udd.cl\/centro-genetica-genomica\/noticias\/2014\/05\/26\/investigadora-udd-elegida-vicepresidenta-de-la-sociedad-de-genetica-de-chile\/#primaryimage","url":"https:\/\/medicina.udd.cl\/centro-genetica-genomica\/files\/2013\/04\/Dra-Repetto-.jpg","contentUrl":"https:\/\/medicina.udd.cl\/centro-genetica-genomica\/files\/2013\/04\/Dra-Repetto-.jpg","width":300,"height":200},{"@type":"BreadcrumbList","@id":"https:\/\/medicina.udd.cl\/centro-genetica-genomica\/noticias\/2014\/05\/26\/investigadora-udd-elegida-vicepresidenta-de-la-sociedad-de-genetica-de-chile\/#breadcrumb","itemListElement":[{"@type":"ListItem","position":1,"name":"Inicio","item":"https:\/\/medicina.udd.cl\/centro-genetica-genomica\/"},{"@type":"ListItem","position":2,"name":"Investigadora UDD elegida vicepresidenta de la Sociedad de Gen\u00e9tica de Chile"}]},{"@type":"WebSite","@id":"https:\/\/medicina.udd.cl\/centro-genetica-genomica\/#website","url":"https:\/\/medicina.udd.cl\/centro-genetica-genomica\/","name":"Centro de Gen\u00e9tica y Gen\u00f3mica","description":"","inLanguage":"es"},{"@type":"Person","@id":"","url":"https:\/\/medicina.udd.cl\/centro-genetica-genomica\/noticias\/author\/"}]}},"featured_image_url":"https:\/\/medicina.udd.cl\/centro-genetica-genomica\/files\/2013\/04\/Dra-Repetto-.jpg","_links":{"self":[{"href":"https:\/\/medicina.udd.cl\/centro-genetica-genomica\/wp-json\/wp\/v2\/posts\/1240","targetHints":{"allow":["GET"]}}],"collection":[{"href":"https:\/\/medicina.udd.cl\/centro-genetica-genomica\/wp-json\/wp\/v2\/posts"}],"about":[{"href":"https:\/\/medicina.udd.cl\/centro-genetica-genomica\/wp-json\/wp\/v2\/types\/post"}],"author":[{"embeddable":true,"href":"https:\/\/medicina.udd.cl\/centro-genetica-genomica\/wp-json\/wp\/v2\/users\/42"}],"replies":[{"embeddable":true,"href":"https:\/\/medicina.udd.cl\/centro-genetica-genomica\/wp-json\/wp\/v2\/comments?post=1240"}],"version-history":[{"count":7,"href":"https:\/\/medicina.udd.cl\/centro-genetica-genomica\/wp-json\/wp\/v2\/posts\/1240\/revisions"}],"predecessor-version":[{"id":1247,"href":"https:\/\/medicina.udd.cl\/centro-genetica-genomica\/wp-json\/wp\/v2\/posts\/1240\/revisions\/1247"}],"wp:featuredmedia":[{"embeddable":true,"href":"https:\/\/medicina.udd.cl\/centro-genetica-genomica\/wp-json\/wp\/v2\/media\/952"}],"wp:attachment":[{"href":"https:\/\/medicina.udd.cl\/centro-genetica-genomica\/wp-json\/wp\/v2\/media?parent=1240"}],"wp:term":[{"taxonomy":"category","embeddable":true,"href":"https:\/\/medicina.udd.cl\/centro-genetica-genomica\/wp-json\/wp\/v2\/categories?post=1240"},{"taxonomy":"post_tag","embeddable":true,"href":"https:\/\/medicina.udd.cl\/centro-genetica-genomica\/wp-json\/wp\/v2\/tags?post=1240"}],"curies":[{"name":"wp","href":"https:\/\/api.w.org\/{rel}","templated":true}]}}