{"id":1560,"date":"2015-05-26T10:45:58","date_gmt":"2015-05-26T13:45:58","guid":{"rendered":"http:\/\/medicina.udd.cl\/centro-genetica-genomica\/?p=1560"},"modified":"2015-05-26T10:45:58","modified_gmt":"2015-05-26T13:45:58","slug":"fin-de-semana-mundial-de-la-delecion-22q11-en-la-facultad-de-medicina","status":"publish","type":"post","link":"https:\/\/medicina.udd.cl\/centro-genetica-genomica\/noticias\/2015\/05\/26\/fin-de-semana-mundial-de-la-delecion-22q11-en-la-facultad-de-medicina\/","title":{"rendered":"Fin de semana Mundial de la Deleci\u00f3n 22q11 en la Facultad de Medicina"},"content":{"rendered":"<div id=\"gallery-1\" class=\"carousel slide carousel-gallery\" data-ride=\"false\" data-interval=\"false\"><div class=\"carousel-inner\" role=\"listbox\"><figure class=\"carousel-item active\"><img loading=\"lazy\" decoding=\"async\" width=\"600\" height=\"450\" src=\"https:\/\/medicina.udd.cl\/centro-genetica-genomica\/files\/2015\/05\/D\u00eda-Mundial-Deleci\u00f3n-22q11-1.jpg\" class=\"attachment-landscape_952 size-landscape_952\" alt=\"\" srcset=\"https:\/\/medicina.udd.cl\/centro-genetica-genomica\/files\/2015\/05\/D\u00eda-Mundial-Deleci\u00f3n-22q11-1.jpg 600w, https:\/\/medicina.udd.cl\/centro-genetica-genomica\/files\/2015\/05\/D\u00eda-Mundial-Deleci\u00f3n-22q11-1-300x225.jpg 300w\" sizes=\"auto, (max-width: 600px) 100vw, 600px\" \/><\/figure><figure class=\"carousel-item\"><img loading=\"lazy\" decoding=\"async\" width=\"600\" height=\"450\" src=\"https:\/\/medicina.udd.cl\/centro-genetica-genomica\/files\/2015\/05\/D\u00eda-Mundial-Deleci\u00f3n-22q11-2.jpg\" class=\"attachment-landscape_952 size-landscape_952\" alt=\"\" srcset=\"https:\/\/medicina.udd.cl\/centro-genetica-genomica\/files\/2015\/05\/D\u00eda-Mundial-Deleci\u00f3n-22q11-2.jpg 600w, https:\/\/medicina.udd.cl\/centro-genetica-genomica\/files\/2015\/05\/D\u00eda-Mundial-Deleci\u00f3n-22q11-2-300x225.jpg 300w\" sizes=\"auto, (max-width: 600px) 100vw, 600px\" \/><\/figure><figure class=\"carousel-item\"><img loading=\"lazy\" decoding=\"async\" width=\"600\" height=\"450\" src=\"https:\/\/medicina.udd.cl\/centro-genetica-genomica\/files\/2015\/05\/D\u00eda-Mundial-Deleci\u00f3n-22q11-3.jpg\" class=\"attachment-landscape_952 size-landscape_952\" alt=\"\" srcset=\"https:\/\/medicina.udd.cl\/centro-genetica-genomica\/files\/2015\/05\/D\u00eda-Mundial-Deleci\u00f3n-22q11-3.jpg 600w, https:\/\/medicina.udd.cl\/centro-genetica-genomica\/files\/2015\/05\/D\u00eda-Mundial-Deleci\u00f3n-22q11-3-300x225.jpg 300w\" sizes=\"auto, (max-width: 600px) 100vw, 600px\" \/><\/figure><figure class=\"carousel-item\"><img loading=\"lazy\" decoding=\"async\" width=\"600\" height=\"450\" src=\"https:\/\/medicina.udd.cl\/centro-genetica-genomica\/files\/2015\/05\/D\u00eda-Mundial-Deleci\u00f3n-22q11-4.jpg\" class=\"attachment-landscape_952 size-landscape_952\" alt=\"\" srcset=\"https:\/\/medicina.udd.cl\/centro-genetica-genomica\/files\/2015\/05\/D\u00eda-Mundial-Deleci\u00f3n-22q11-4.jpg 600w, https:\/\/medicina.udd.cl\/centro-genetica-genomica\/files\/2015\/05\/D\u00eda-Mundial-Deleci\u00f3n-22q11-4-300x225.jpg 300w\" sizes=\"auto, (max-width: 600px) 100vw, 600px\" \/><\/figure><\/div><footer class=\"carousel-footer\"><div class=\"carousel-counter\"><span class=\"carousel-counter-current\"><\/span> \/ <span class=\"carousel-counter-total\"><\/span><\/div><a class=\"carousel-control-prev\" href=\"#gallery-1\" role=\"button\" data-slide=\"prev\"><svg aria-hidden=\"true\" class=\"svg-chevron-left-dims\"><use xlink:href='https:\/\/medicina.udd.cl\/centro-genetica-genomica\/wp-content\/themes\/facultades-2018\/assets\/img\/svg\/dist\/main.svg?version=1695853099#chevron-left'><\/use><\/svg><span class=\"sr-only\">Anterior<\/span><\/a><a class=\"carousel-control-next\" href=\"#gallery-1\" role=\"button\" data-slide=\"next\"><svg aria-hidden=\"true\" class=\"svg-chevron-right-dims\"><use xlink:href='https:\/\/medicina.udd.cl\/centro-genetica-genomica\/wp-content\/themes\/facultades-2018\/assets\/img\/svg\/dist\/main.svg?version=1695853099#chevron-right'><\/use><\/svg><span class=\"sr-only\">Siguiente<\/span><\/a><\/footer><\/div>\n<p>M\u00e1s de 70 personas asistieron a la celebraci\u00f3n en Chile del Fin de Semana Mundial de personas con Deleci\u00f3n de Cromosoma 22q11, realizada el 16 de mayo en la Facultad de Medicina Cl\u00ednica Alemana Universidad del Desarrollo.<\/p>\n<p>Se trata de una conmemoraci\u00f3n que se realiza en 100 ciudades de 17 pa\u00edses, con el objetivo de aumentar el conocimiento p\u00fablico sobre el S\u00edndrome Velocardiofacial, segunda alteraci\u00f3n gen\u00e9tica m\u00e1s frecuente luego del S\u00edndrome de Down.<\/p>\n<p>Adem\u00e1s, busca generar una asociaci\u00f3n entre las familias afectadas, proveedores de salud, educadores y profesionales especialistas en el tema.<\/p>\n<p>De este modo, familiares, pacientes, profesionales de la salud, estudiantes de la carrera de Medicina UDD, vivieron una entretenida jornada con testimonios, n\u00fameros musicales y de magia, que finaliz\u00f3 con un almuerzo de camarader\u00eda.<\/p>\n<p>En relaci\u00f3n al S\u00edndrome de Deleci\u00f3n 22q11, la doctora Gabriela Repetto, directora del Centro de Gen\u00e9tica y Gen\u00f3mica de la Universidad del Desarrollo y una de las impulsoras de esta actividad en Chile, se\u00f1al\u00f3 que \u201cel n\u00famero de personas sin diagnosticar es muy grande. Sabemos de unas 400 personas en Chile, pero estimamos que debieran haber varios miles\u201d.<\/p>\n<p>Este es un S\u00edndrome que puede generar una gran variedad de problemas m\u00e9dicos, entre ellos, defectos card\u00edacos, problemas de la inmunidad, alteraciones en el paladar (el techo de la boca), retrasos en el desarrollo o autismo.<\/p>\n","protected":false},"excerpt":{"rendered":"<p>Se conmemor\u00f3 simult\u00e1neamente en 100 ciudades de 17 pa\u00edses, con el objetivo de aumentar el conocimiento p\u00fablico sobre el S\u00edndrome Velocardiofacial. En Chile, m\u00e1s de 70 personas asistieron al encuentro realizado en la UDD.<\/p>\n","protected":false},"author":42,"featured_media":1561,"comment_status":"open","ping_status":"open","sticky":false,"template":"","format":"standard","meta":{"footnotes":""},"categories":[4],"tags":[],"class_list":["post-1560","post","type-post","status-publish","format-standard","has-post-thumbnail","hentry","category-noticias"],"yoast_head":"<!-- This site is optimized with the Yoast SEO plugin v26.9 - https:\/\/yoast.com\/product\/yoast-seo-wordpress\/ -->\n<title>Fin de semana Mundial de la Deleci\u00f3n 22q11 en la Facultad de Medicina - Centro de Gen\u00e9tica y Gen\u00f3mica<\/title>\n<meta name=\"robots\" content=\"index, follow, max-snippet:-1, max-image-preview:large, max-video-preview:-1\" \/>\n<link rel=\"canonical\" href=\"https:\/\/medicina.udd.cl\/centro-genetica-genomica\/noticias\/2015\/05\/26\/fin-de-semana-mundial-de-la-delecion-22q11-en-la-facultad-de-medicina\/\" \/>\n<meta property=\"og:locale\" content=\"es_ES\" \/>\n<meta property=\"og:type\" content=\"article\" \/>\n<meta property=\"og:title\" content=\"Fin de semana Mundial de la Deleci\u00f3n 22q11 en la Facultad de Medicina - Centro de Gen\u00e9tica y Gen\u00f3mica\" \/>\n<meta property=\"og:description\" content=\"Se conmemor\u00f3 simult\u00e1neamente en 100 ciudades de 17 pa\u00edses, con el objetivo de aumentar el conocimiento p\u00fablico sobre el S\u00edndrome Velocardiofacial. En Chile, m\u00e1s de 70 personas asistieron al encuentro realizado en la UDD.\" \/>\n<meta property=\"og:url\" content=\"https:\/\/medicina.udd.cl\/centro-genetica-genomica\/noticias\/2015\/05\/26\/fin-de-semana-mundial-de-la-delecion-22q11-en-la-facultad-de-medicina\/\" \/>\n<meta property=\"og:site_name\" content=\"Centro de Gen\u00e9tica y Gen\u00f3mica\" \/>\n<meta property=\"article:published_time\" content=\"2015-05-26T13:45:58+00:00\" \/>\n<meta property=\"og:image\" content=\"https:\/\/medicina.udd.cl\/centro-genetica-genomica\/files\/2015\/05\/D\u00eda-Mundial-Deleci\u00f3n-22q11-1.jpg\" \/>\n\t<meta property=\"og:image:width\" content=\"600\" \/>\n\t<meta property=\"og:image:height\" content=\"450\" \/>\n\t<meta property=\"og:image:type\" content=\"image\/jpeg\" \/>\n<meta name=\"twitter:label1\" content=\"Escrito por\" \/>\n\t<meta name=\"twitter:data1\" content=\"\" \/>\n\t<meta name=\"twitter:label2\" content=\"Tiempo de lectura\" \/>\n\t<meta name=\"twitter:data2\" content=\"1 minuto\" \/>\n<script type=\"application\/ld+json\" class=\"yoast-schema-graph\">{\"@context\":\"https:\/\/schema.org\",\"@graph\":[{\"@type\":\"Article\",\"@id\":\"https:\/\/medicina.udd.cl\/centro-genetica-genomica\/noticias\/2015\/05\/26\/fin-de-semana-mundial-de-la-delecion-22q11-en-la-facultad-de-medicina\/#article\",\"isPartOf\":{\"@id\":\"https:\/\/medicina.udd.cl\/centro-genetica-genomica\/noticias\/2015\/05\/26\/fin-de-semana-mundial-de-la-delecion-22q11-en-la-facultad-de-medicina\/\"},\"author\":{\"name\":\"\",\"@id\":\"\"},\"headline\":\"Fin de semana Mundial de la Deleci\u00f3n 22q11 en la Facultad de Medicina\",\"datePublished\":\"2015-05-26T13:45:58+00:00\",\"mainEntityOfPage\":{\"@id\":\"https:\/\/medicina.udd.cl\/centro-genetica-genomica\/noticias\/2015\/05\/26\/fin-de-semana-mundial-de-la-delecion-22q11-en-la-facultad-de-medicina\/\"},\"wordCount\":257,\"commentCount\":0,\"image\":{\"@id\":\"https:\/\/medicina.udd.cl\/centro-genetica-genomica\/noticias\/2015\/05\/26\/fin-de-semana-mundial-de-la-delecion-22q11-en-la-facultad-de-medicina\/#primaryimage\"},\"thumbnailUrl\":\"https:\/\/medicina.udd.cl\/centro-genetica-genomica\/files\/2015\/05\/D\u00eda-Mundial-Deleci\u00f3n-22q11-1.jpg\",\"articleSection\":[\"Noticias\"],\"inLanguage\":\"es\",\"potentialAction\":[{\"@type\":\"CommentAction\",\"name\":\"Comment\",\"target\":[\"https:\/\/medicina.udd.cl\/centro-genetica-genomica\/noticias\/2015\/05\/26\/fin-de-semana-mundial-de-la-delecion-22q11-en-la-facultad-de-medicina\/#respond\"]}]},{\"@type\":\"WebPage\",\"@id\":\"https:\/\/medicina.udd.cl\/centro-genetica-genomica\/noticias\/2015\/05\/26\/fin-de-semana-mundial-de-la-delecion-22q11-en-la-facultad-de-medicina\/\",\"url\":\"https:\/\/medicina.udd.cl\/centro-genetica-genomica\/noticias\/2015\/05\/26\/fin-de-semana-mundial-de-la-delecion-22q11-en-la-facultad-de-medicina\/\",\"name\":\"Fin de semana Mundial de la Deleci\u00f3n 22q11 en la Facultad de Medicina - Centro de Gen\u00e9tica y Gen\u00f3mica\",\"isPartOf\":{\"@id\":\"https:\/\/medicina.udd.cl\/centro-genetica-genomica\/#website\"},\"primaryImageOfPage\":{\"@id\":\"https:\/\/medicina.udd.cl\/centro-genetica-genomica\/noticias\/2015\/05\/26\/fin-de-semana-mundial-de-la-delecion-22q11-en-la-facultad-de-medicina\/#primaryimage\"},\"image\":{\"@id\":\"https:\/\/medicina.udd.cl\/centro-genetica-genomica\/noticias\/2015\/05\/26\/fin-de-semana-mundial-de-la-delecion-22q11-en-la-facultad-de-medicina\/#primaryimage\"},\"thumbnailUrl\":\"https:\/\/medicina.udd.cl\/centro-genetica-genomica\/files\/2015\/05\/D\u00eda-Mundial-Deleci\u00f3n-22q11-1.jpg\",\"datePublished\":\"2015-05-26T13:45:58+00:00\",\"author\":{\"@id\":\"\"},\"breadcrumb\":{\"@id\":\"https:\/\/medicina.udd.cl\/centro-genetica-genomica\/noticias\/2015\/05\/26\/fin-de-semana-mundial-de-la-delecion-22q11-en-la-facultad-de-medicina\/#breadcrumb\"},\"inLanguage\":\"es\",\"potentialAction\":[{\"@type\":\"ReadAction\",\"target\":[\"https:\/\/medicina.udd.cl\/centro-genetica-genomica\/noticias\/2015\/05\/26\/fin-de-semana-mundial-de-la-delecion-22q11-en-la-facultad-de-medicina\/\"]}]},{\"@type\":\"ImageObject\",\"inLanguage\":\"es\",\"@id\":\"https:\/\/medicina.udd.cl\/centro-genetica-genomica\/noticias\/2015\/05\/26\/fin-de-semana-mundial-de-la-delecion-22q11-en-la-facultad-de-medicina\/#primaryimage\",\"url\":\"https:\/\/medicina.udd.cl\/centro-genetica-genomica\/files\/2015\/05\/D\u00eda-Mundial-Deleci\u00f3n-22q11-1.jpg\",\"contentUrl\":\"https:\/\/medicina.udd.cl\/centro-genetica-genomica\/files\/2015\/05\/D\u00eda-Mundial-Deleci\u00f3n-22q11-1.jpg\",\"width\":600,\"height\":450},{\"@type\":\"BreadcrumbList\",\"@id\":\"https:\/\/medicina.udd.cl\/centro-genetica-genomica\/noticias\/2015\/05\/26\/fin-de-semana-mundial-de-la-delecion-22q11-en-la-facultad-de-medicina\/#breadcrumb\",\"itemListElement\":[{\"@type\":\"ListItem\",\"position\":1,\"name\":\"Inicio\",\"item\":\"https:\/\/medicina.udd.cl\/centro-genetica-genomica\/\"},{\"@type\":\"ListItem\",\"position\":2,\"name\":\"Fin de semana Mundial de la Deleci\u00f3n 22q11 en la Facultad de Medicina\"}]},{\"@type\":\"WebSite\",\"@id\":\"https:\/\/medicina.udd.cl\/centro-genetica-genomica\/#website\",\"url\":\"https:\/\/medicina.udd.cl\/centro-genetica-genomica\/\",\"name\":\"Centro de Gen\u00e9tica y Gen\u00f3mica\",\"description\":\"\",\"inLanguage\":\"es\"},{\"@type\":\"Person\",\"@id\":\"\",\"url\":\"https:\/\/medicina.udd.cl\/centro-genetica-genomica\/noticias\/author\/\"}]}<\/script>\n<!-- \/ Yoast SEO plugin. -->","yoast_head_json":{"title":"Fin de semana Mundial de la Deleci\u00f3n 22q11 en la Facultad de Medicina - Centro de Gen\u00e9tica y Gen\u00f3mica","robots":{"index":"index","follow":"follow","max-snippet":"max-snippet:-1","max-image-preview":"max-image-preview:large","max-video-preview":"max-video-preview:-1"},"canonical":"https:\/\/medicina.udd.cl\/centro-genetica-genomica\/noticias\/2015\/05\/26\/fin-de-semana-mundial-de-la-delecion-22q11-en-la-facultad-de-medicina\/","og_locale":"es_ES","og_type":"article","og_title":"Fin de semana Mundial de la Deleci\u00f3n 22q11 en la Facultad de Medicina - Centro de Gen\u00e9tica y Gen\u00f3mica","og_description":"Se conmemor\u00f3 simult\u00e1neamente en 100 ciudades de 17 pa\u00edses, con el objetivo de aumentar el conocimiento p\u00fablico sobre el S\u00edndrome Velocardiofacial. En Chile, m\u00e1s de 70 personas asistieron al encuentro realizado en la UDD.","og_url":"https:\/\/medicina.udd.cl\/centro-genetica-genomica\/noticias\/2015\/05\/26\/fin-de-semana-mundial-de-la-delecion-22q11-en-la-facultad-de-medicina\/","og_site_name":"Centro de Gen\u00e9tica y Gen\u00f3mica","article_published_time":"2015-05-26T13:45:58+00:00","og_image":[{"width":600,"height":450,"url":"https:\/\/medicina.udd.cl\/centro-genetica-genomica\/files\/2015\/05\/D\u00eda-Mundial-Deleci\u00f3n-22q11-1.jpg","type":"image\/jpeg"}],"twitter_misc":{"Escrito por":"","Tiempo de lectura":"1 minuto"},"schema":{"@context":"https:\/\/schema.org","@graph":[{"@type":"Article","@id":"https:\/\/medicina.udd.cl\/centro-genetica-genomica\/noticias\/2015\/05\/26\/fin-de-semana-mundial-de-la-delecion-22q11-en-la-facultad-de-medicina\/#article","isPartOf":{"@id":"https:\/\/medicina.udd.cl\/centro-genetica-genomica\/noticias\/2015\/05\/26\/fin-de-semana-mundial-de-la-delecion-22q11-en-la-facultad-de-medicina\/"},"author":{"name":"","@id":""},"headline":"Fin de semana Mundial de la Deleci\u00f3n 22q11 en la Facultad de Medicina","datePublished":"2015-05-26T13:45:58+00:00","mainEntityOfPage":{"@id":"https:\/\/medicina.udd.cl\/centro-genetica-genomica\/noticias\/2015\/05\/26\/fin-de-semana-mundial-de-la-delecion-22q11-en-la-facultad-de-medicina\/"},"wordCount":257,"commentCount":0,"image":{"@id":"https:\/\/medicina.udd.cl\/centro-genetica-genomica\/noticias\/2015\/05\/26\/fin-de-semana-mundial-de-la-delecion-22q11-en-la-facultad-de-medicina\/#primaryimage"},"thumbnailUrl":"https:\/\/medicina.udd.cl\/centro-genetica-genomica\/files\/2015\/05\/D\u00eda-Mundial-Deleci\u00f3n-22q11-1.jpg","articleSection":["Noticias"],"inLanguage":"es","potentialAction":[{"@type":"CommentAction","name":"Comment","target":["https:\/\/medicina.udd.cl\/centro-genetica-genomica\/noticias\/2015\/05\/26\/fin-de-semana-mundial-de-la-delecion-22q11-en-la-facultad-de-medicina\/#respond"]}]},{"@type":"WebPage","@id":"https:\/\/medicina.udd.cl\/centro-genetica-genomica\/noticias\/2015\/05\/26\/fin-de-semana-mundial-de-la-delecion-22q11-en-la-facultad-de-medicina\/","url":"https:\/\/medicina.udd.cl\/centro-genetica-genomica\/noticias\/2015\/05\/26\/fin-de-semana-mundial-de-la-delecion-22q11-en-la-facultad-de-medicina\/","name":"Fin de semana Mundial de la Deleci\u00f3n 22q11 en la Facultad de Medicina - Centro de Gen\u00e9tica y Gen\u00f3mica","isPartOf":{"@id":"https:\/\/medicina.udd.cl\/centro-genetica-genomica\/#website"},"primaryImageOfPage":{"@id":"https:\/\/medicina.udd.cl\/centro-genetica-genomica\/noticias\/2015\/05\/26\/fin-de-semana-mundial-de-la-delecion-22q11-en-la-facultad-de-medicina\/#primaryimage"},"image":{"@id":"https:\/\/medicina.udd.cl\/centro-genetica-genomica\/noticias\/2015\/05\/26\/fin-de-semana-mundial-de-la-delecion-22q11-en-la-facultad-de-medicina\/#primaryimage"},"thumbnailUrl":"https:\/\/medicina.udd.cl\/centro-genetica-genomica\/files\/2015\/05\/D\u00eda-Mundial-Deleci\u00f3n-22q11-1.jpg","datePublished":"2015-05-26T13:45:58+00:00","author":{"@id":""},"breadcrumb":{"@id":"https:\/\/medicina.udd.cl\/centro-genetica-genomica\/noticias\/2015\/05\/26\/fin-de-semana-mundial-de-la-delecion-22q11-en-la-facultad-de-medicina\/#breadcrumb"},"inLanguage":"es","potentialAction":[{"@type":"ReadAction","target":["https:\/\/medicina.udd.cl\/centro-genetica-genomica\/noticias\/2015\/05\/26\/fin-de-semana-mundial-de-la-delecion-22q11-en-la-facultad-de-medicina\/"]}]},{"@type":"ImageObject","inLanguage":"es","@id":"https:\/\/medicina.udd.cl\/centro-genetica-genomica\/noticias\/2015\/05\/26\/fin-de-semana-mundial-de-la-delecion-22q11-en-la-facultad-de-medicina\/#primaryimage","url":"https:\/\/medicina.udd.cl\/centro-genetica-genomica\/files\/2015\/05\/D\u00eda-Mundial-Deleci\u00f3n-22q11-1.jpg","contentUrl":"https:\/\/medicina.udd.cl\/centro-genetica-genomica\/files\/2015\/05\/D\u00eda-Mundial-Deleci\u00f3n-22q11-1.jpg","width":600,"height":450},{"@type":"BreadcrumbList","@id":"https:\/\/medicina.udd.cl\/centro-genetica-genomica\/noticias\/2015\/05\/26\/fin-de-semana-mundial-de-la-delecion-22q11-en-la-facultad-de-medicina\/#breadcrumb","itemListElement":[{"@type":"ListItem","position":1,"name":"Inicio","item":"https:\/\/medicina.udd.cl\/centro-genetica-genomica\/"},{"@type":"ListItem","position":2,"name":"Fin de semana Mundial de la Deleci\u00f3n 22q11 en la Facultad de Medicina"}]},{"@type":"WebSite","@id":"https:\/\/medicina.udd.cl\/centro-genetica-genomica\/#website","url":"https:\/\/medicina.udd.cl\/centro-genetica-genomica\/","name":"Centro de Gen\u00e9tica y Gen\u00f3mica","description":"","inLanguage":"es"},{"@type":"Person","@id":"","url":"https:\/\/medicina.udd.cl\/centro-genetica-genomica\/noticias\/author\/"}]}},"featured_image_url":"https:\/\/medicina.udd.cl\/centro-genetica-genomica\/files\/2015\/05\/D\u00eda-Mundial-Deleci\u00f3n-22q11-1.jpg","_links":{"self":[{"href":"https:\/\/medicina.udd.cl\/centro-genetica-genomica\/wp-json\/wp\/v2\/posts\/1560","targetHints":{"allow":["GET"]}}],"collection":[{"href":"https:\/\/medicina.udd.cl\/centro-genetica-genomica\/wp-json\/wp\/v2\/posts"}],"about":[{"href":"https:\/\/medicina.udd.cl\/centro-genetica-genomica\/wp-json\/wp\/v2\/types\/post"}],"author":[{"embeddable":true,"href":"https:\/\/medicina.udd.cl\/centro-genetica-genomica\/wp-json\/wp\/v2\/users\/42"}],"replies":[{"embeddable":true,"href":"https:\/\/medicina.udd.cl\/centro-genetica-genomica\/wp-json\/wp\/v2\/comments?post=1560"}],"version-history":[{"count":2,"href":"https:\/\/medicina.udd.cl\/centro-genetica-genomica\/wp-json\/wp\/v2\/posts\/1560\/revisions"}],"predecessor-version":[{"id":1566,"href":"https:\/\/medicina.udd.cl\/centro-genetica-genomica\/wp-json\/wp\/v2\/posts\/1560\/revisions\/1566"}],"wp:featuredmedia":[{"embeddable":true,"href":"https:\/\/medicina.udd.cl\/centro-genetica-genomica\/wp-json\/wp\/v2\/media\/1561"}],"wp:attachment":[{"href":"https:\/\/medicina.udd.cl\/centro-genetica-genomica\/wp-json\/wp\/v2\/media?parent=1560"}],"wp:term":[{"taxonomy":"category","embeddable":true,"href":"https:\/\/medicina.udd.cl\/centro-genetica-genomica\/wp-json\/wp\/v2\/categories?post=1560"},{"taxonomy":"post_tag","embeddable":true,"href":"https:\/\/medicina.udd.cl\/centro-genetica-genomica\/wp-json\/wp\/v2\/tags?post=1560"}],"curies":[{"name":"wp","href":"https:\/\/api.w.org\/{rel}","templated":true}]}}