{"id":1610,"date":"2015-10-26T12:12:24","date_gmt":"2015-10-26T15:12:24","guid":{"rendered":"http:\/\/medicina.udd.cl\/centro-genetica-genomica\/?p=1610"},"modified":"2015-10-26T12:12:24","modified_gmt":"2015-10-26T15:12:24","slug":"investigador-udd-realiza-estadia-clinica-en-hospital-de-francia","status":"publish","type":"post","link":"https:\/\/medicina.udd.cl\/centro-genetica-genomica\/noticias\/2015\/10\/26\/investigador-udd-realiza-estadia-clinica-en-hospital-de-francia\/","title":{"rendered":"Investigador UDD realiza estad\u00eda cl\u00ednica en hospital de Francia"},"content":{"rendered":"<p style=\"text-align: justify;\"><a href=\"http:\/\/medicina.udd.cl\/centro-genetica-genomica\/files\/2015\/10\/Guillermo-Lay-Son-Francia.jpg\"><img loading=\"lazy\" decoding=\"async\" class=\" wp-image-1611 alignleft\" alt=\"Guillermo Lay-Son Francia\" src=\"http:\/\/medicina.udd.cl\/centro-genetica-genomica\/files\/2015\/10\/Guillermo-Lay-Son-Francia-300x254.jpg\" width=\"270\" height=\"229\" \/><\/a>El doctor Guillermo Lay-Son, investigador del Centro de Gen\u00e9tica y Gen\u00f3mica de la Facultad de Medicina Cl\u00ednica Alemana Universidad del Desarrollo, realiz\u00f3 una estad\u00eda cl\u00ednica en displasias \u00f3seas en el Hospital Universitario Necker Enfants Malades de Par\u00eds, Francia.<\/p>\n<p style=\"text-align: justify;\">Durante un a\u00f1o, el acad\u00e9mico se perfeccion\u00f3 en el tratamiento y diagn\u00f3stico de este trastorno gen\u00e9tico, per\u00edodo en el que adem\u00e1s realiz\u00f3 un diplomado sobre el tema.<\/p>\n<p style=\"text-align: justify;\">Seg\u00fan cuenta el doctor Lay-Son en su regreso a Chile, su idea es \u201caportar con esa experiencia adquirida en el desarrollo de equipos multidisciplinarios y t\u00e9cnicas de diagn\u00f3stico para el manejo de estas patolog\u00edas que, si bien son habituales en otras parte del mundo, no han sido muy exploradas en nuestro pa\u00eds\u201d.<\/p>\n<p style=\"text-align: justify;\">Lay-Son cuenta que en Chile los pacientes pasan por muchos especialistas dificultando una revisi\u00f3n integral de su enfermedad. \u201cEstas personas necesitan una evaluaci\u00f3n coordinada y mayor interacci\u00f3n entre los distintos especialistas involucrados\u201d, afirma.<\/p>\n<p style=\"text-align: justify;\">De este modo, el investigador busca traspasar esta experiencia a la Universidad del Desarrollo, el Hospital Padre Hurtado y la Cl\u00ednica Alemana, recinto cl\u00ednico en el que ya ha iniciado conversaciones con distintos especialistas para avanzar en el trabajo con pacientes que poseen esta afecci\u00f3n gen\u00e9tica.<\/p>\n<p style=\"text-align: justify;\">\n<p>&nbsp;<\/p>\n","protected":false},"excerpt":{"rendered":"<p>El doctor Guillermo Lay-Son estuvo un a\u00f1o en el Hospital Universitario Necker Enfants Malades de Par\u00eds, perfeccion\u00e1ndose en el trastorno gen\u00e9tico de las displasias \u00f3seas.<\/p>\n","protected":false},"author":42,"featured_media":1612,"comment_status":"open","ping_status":"open","sticky":false,"template":"","format":"standard","meta":{"footnotes":""},"categories":[4],"tags":[],"class_list":["post-1610","post","type-post","status-publish","format-standard","has-post-thumbnail","hentry","category-noticias"],"yoast_head":"<!-- This site is optimized with the Yoast SEO plugin v26.9 - https:\/\/yoast.com\/product\/yoast-seo-wordpress\/ -->\n<title>Investigador UDD realiza estad\u00eda cl\u00ednica en hospital de Francia - Centro de Gen\u00e9tica y Gen\u00f3mica<\/title>\n<meta name=\"robots\" content=\"index, follow, max-snippet:-1, max-image-preview:large, max-video-preview:-1\" \/>\n<link rel=\"canonical\" href=\"https:\/\/medicina.udd.cl\/centro-genetica-genomica\/noticias\/2015\/10\/26\/investigador-udd-realiza-estadia-clinica-en-hospital-de-francia\/\" \/>\n<meta property=\"og:locale\" content=\"es_ES\" \/>\n<meta property=\"og:type\" content=\"article\" \/>\n<meta property=\"og:title\" content=\"Investigador UDD realiza estad\u00eda cl\u00ednica en hospital de Francia - Centro de Gen\u00e9tica y Gen\u00f3mica\" \/>\n<meta property=\"og:description\" content=\"El doctor Guillermo Lay-Son estuvo un a\u00f1o en el Hospital Universitario Necker Enfants Malades de Par\u00eds, perfeccion\u00e1ndose en el trastorno gen\u00e9tico de las displasias \u00f3seas.\" \/>\n<meta property=\"og:url\" content=\"https:\/\/medicina.udd.cl\/centro-genetica-genomica\/noticias\/2015\/10\/26\/investigador-udd-realiza-estadia-clinica-en-hospital-de-francia\/\" \/>\n<meta property=\"og:site_name\" content=\"Centro de Gen\u00e9tica y Gen\u00f3mica\" \/>\n<meta property=\"article:published_time\" content=\"2015-10-26T15:12:24+00:00\" \/>\n<meta property=\"og:image\" content=\"https:\/\/medicina.udd.cl\/centro-genetica-genomica\/files\/2015\/10\/Guillermo-Lay-Son-Francia-2.jpg\" \/>\n\t<meta property=\"og:image:width\" content=\"751\" \/>\n\t<meta property=\"og:image:height\" content=\"497\" \/>\n\t<meta property=\"og:image:type\" content=\"image\/jpeg\" \/>\n<meta name=\"twitter:label1\" content=\"Escrito por\" \/>\n\t<meta name=\"twitter:data1\" content=\"\" \/>\n\t<meta name=\"twitter:label2\" content=\"Tiempo de lectura\" \/>\n\t<meta name=\"twitter:data2\" content=\"1 minuto\" \/>\n<script type=\"application\/ld+json\" class=\"yoast-schema-graph\">{\"@context\":\"https:\/\/schema.org\",\"@graph\":[{\"@type\":\"Article\",\"@id\":\"https:\/\/medicina.udd.cl\/centro-genetica-genomica\/noticias\/2015\/10\/26\/investigador-udd-realiza-estadia-clinica-en-hospital-de-francia\/#article\",\"isPartOf\":{\"@id\":\"https:\/\/medicina.udd.cl\/centro-genetica-genomica\/noticias\/2015\/10\/26\/investigador-udd-realiza-estadia-clinica-en-hospital-de-francia\/\"},\"author\":{\"name\":\"\",\"@id\":\"\"},\"headline\":\"Investigador UDD realiza estad\u00eda cl\u00ednica en hospital de Francia\",\"datePublished\":\"2015-10-26T15:12:24+00:00\",\"mainEntityOfPage\":{\"@id\":\"https:\/\/medicina.udd.cl\/centro-genetica-genomica\/noticias\/2015\/10\/26\/investigador-udd-realiza-estadia-clinica-en-hospital-de-francia\/\"},\"wordCount\":232,\"commentCount\":0,\"image\":{\"@id\":\"https:\/\/medicina.udd.cl\/centro-genetica-genomica\/noticias\/2015\/10\/26\/investigador-udd-realiza-estadia-clinica-en-hospital-de-francia\/#primaryimage\"},\"thumbnailUrl\":\"https:\/\/medicina.udd.cl\/centro-genetica-genomica\/files\/2015\/10\/Guillermo-Lay-Son-Francia-2.jpg\",\"articleSection\":[\"Noticias\"],\"inLanguage\":\"es\",\"potentialAction\":[{\"@type\":\"CommentAction\",\"name\":\"Comment\",\"target\":[\"https:\/\/medicina.udd.cl\/centro-genetica-genomica\/noticias\/2015\/10\/26\/investigador-udd-realiza-estadia-clinica-en-hospital-de-francia\/#respond\"]}]},{\"@type\":\"WebPage\",\"@id\":\"https:\/\/medicina.udd.cl\/centro-genetica-genomica\/noticias\/2015\/10\/26\/investigador-udd-realiza-estadia-clinica-en-hospital-de-francia\/\",\"url\":\"https:\/\/medicina.udd.cl\/centro-genetica-genomica\/noticias\/2015\/10\/26\/investigador-udd-realiza-estadia-clinica-en-hospital-de-francia\/\",\"name\":\"Investigador UDD realiza estad\u00eda cl\u00ednica en hospital de Francia - Centro de Gen\u00e9tica y Gen\u00f3mica\",\"isPartOf\":{\"@id\":\"https:\/\/medicina.udd.cl\/centro-genetica-genomica\/#website\"},\"primaryImageOfPage\":{\"@id\":\"https:\/\/medicina.udd.cl\/centro-genetica-genomica\/noticias\/2015\/10\/26\/investigador-udd-realiza-estadia-clinica-en-hospital-de-francia\/#primaryimage\"},\"image\":{\"@id\":\"https:\/\/medicina.udd.cl\/centro-genetica-genomica\/noticias\/2015\/10\/26\/investigador-udd-realiza-estadia-clinica-en-hospital-de-francia\/#primaryimage\"},\"thumbnailUrl\":\"https:\/\/medicina.udd.cl\/centro-genetica-genomica\/files\/2015\/10\/Guillermo-Lay-Son-Francia-2.jpg\",\"datePublished\":\"2015-10-26T15:12:24+00:00\",\"author\":{\"@id\":\"\"},\"breadcrumb\":{\"@id\":\"https:\/\/medicina.udd.cl\/centro-genetica-genomica\/noticias\/2015\/10\/26\/investigador-udd-realiza-estadia-clinica-en-hospital-de-francia\/#breadcrumb\"},\"inLanguage\":\"es\",\"potentialAction\":[{\"@type\":\"ReadAction\",\"target\":[\"https:\/\/medicina.udd.cl\/centro-genetica-genomica\/noticias\/2015\/10\/26\/investigador-udd-realiza-estadia-clinica-en-hospital-de-francia\/\"]}]},{\"@type\":\"ImageObject\",\"inLanguage\":\"es\",\"@id\":\"https:\/\/medicina.udd.cl\/centro-genetica-genomica\/noticias\/2015\/10\/26\/investigador-udd-realiza-estadia-clinica-en-hospital-de-francia\/#primaryimage\",\"url\":\"https:\/\/medicina.udd.cl\/centro-genetica-genomica\/files\/2015\/10\/Guillermo-Lay-Son-Francia-2.jpg\",\"contentUrl\":\"https:\/\/medicina.udd.cl\/centro-genetica-genomica\/files\/2015\/10\/Guillermo-Lay-Son-Francia-2.jpg\",\"width\":751,\"height\":497},{\"@type\":\"BreadcrumbList\",\"@id\":\"https:\/\/medicina.udd.cl\/centro-genetica-genomica\/noticias\/2015\/10\/26\/investigador-udd-realiza-estadia-clinica-en-hospital-de-francia\/#breadcrumb\",\"itemListElement\":[{\"@type\":\"ListItem\",\"position\":1,\"name\":\"Inicio\",\"item\":\"https:\/\/medicina.udd.cl\/centro-genetica-genomica\/\"},{\"@type\":\"ListItem\",\"position\":2,\"name\":\"Investigador UDD realiza estad\u00eda cl\u00ednica en hospital de Francia\"}]},{\"@type\":\"WebSite\",\"@id\":\"https:\/\/medicina.udd.cl\/centro-genetica-genomica\/#website\",\"url\":\"https:\/\/medicina.udd.cl\/centro-genetica-genomica\/\",\"name\":\"Centro de Gen\u00e9tica y Gen\u00f3mica\",\"description\":\"\",\"inLanguage\":\"es\"},{\"@type\":\"Person\",\"@id\":\"\",\"url\":\"https:\/\/medicina.udd.cl\/centro-genetica-genomica\/noticias\/author\/\"}]}<\/script>\n<!-- \/ Yoast SEO plugin. -->","yoast_head_json":{"title":"Investigador UDD realiza estad\u00eda cl\u00ednica en hospital de Francia - Centro de Gen\u00e9tica y Gen\u00f3mica","robots":{"index":"index","follow":"follow","max-snippet":"max-snippet:-1","max-image-preview":"max-image-preview:large","max-video-preview":"max-video-preview:-1"},"canonical":"https:\/\/medicina.udd.cl\/centro-genetica-genomica\/noticias\/2015\/10\/26\/investigador-udd-realiza-estadia-clinica-en-hospital-de-francia\/","og_locale":"es_ES","og_type":"article","og_title":"Investigador UDD realiza estad\u00eda cl\u00ednica en hospital de Francia - Centro de Gen\u00e9tica y Gen\u00f3mica","og_description":"El doctor Guillermo Lay-Son estuvo un a\u00f1o en el Hospital Universitario Necker Enfants Malades de Par\u00eds, perfeccion\u00e1ndose en el trastorno gen\u00e9tico de las displasias \u00f3seas.","og_url":"https:\/\/medicina.udd.cl\/centro-genetica-genomica\/noticias\/2015\/10\/26\/investigador-udd-realiza-estadia-clinica-en-hospital-de-francia\/","og_site_name":"Centro de Gen\u00e9tica y Gen\u00f3mica","article_published_time":"2015-10-26T15:12:24+00:00","og_image":[{"width":751,"height":497,"url":"https:\/\/medicina.udd.cl\/centro-genetica-genomica\/files\/2015\/10\/Guillermo-Lay-Son-Francia-2.jpg","type":"image\/jpeg"}],"twitter_misc":{"Escrito por":"","Tiempo de lectura":"1 minuto"},"schema":{"@context":"https:\/\/schema.org","@graph":[{"@type":"Article","@id":"https:\/\/medicina.udd.cl\/centro-genetica-genomica\/noticias\/2015\/10\/26\/investigador-udd-realiza-estadia-clinica-en-hospital-de-francia\/#article","isPartOf":{"@id":"https:\/\/medicina.udd.cl\/centro-genetica-genomica\/noticias\/2015\/10\/26\/investigador-udd-realiza-estadia-clinica-en-hospital-de-francia\/"},"author":{"name":"","@id":""},"headline":"Investigador UDD realiza estad\u00eda cl\u00ednica en hospital de Francia","datePublished":"2015-10-26T15:12:24+00:00","mainEntityOfPage":{"@id":"https:\/\/medicina.udd.cl\/centro-genetica-genomica\/noticias\/2015\/10\/26\/investigador-udd-realiza-estadia-clinica-en-hospital-de-francia\/"},"wordCount":232,"commentCount":0,"image":{"@id":"https:\/\/medicina.udd.cl\/centro-genetica-genomica\/noticias\/2015\/10\/26\/investigador-udd-realiza-estadia-clinica-en-hospital-de-francia\/#primaryimage"},"thumbnailUrl":"https:\/\/medicina.udd.cl\/centro-genetica-genomica\/files\/2015\/10\/Guillermo-Lay-Son-Francia-2.jpg","articleSection":["Noticias"],"inLanguage":"es","potentialAction":[{"@type":"CommentAction","name":"Comment","target":["https:\/\/medicina.udd.cl\/centro-genetica-genomica\/noticias\/2015\/10\/26\/investigador-udd-realiza-estadia-clinica-en-hospital-de-francia\/#respond"]}]},{"@type":"WebPage","@id":"https:\/\/medicina.udd.cl\/centro-genetica-genomica\/noticias\/2015\/10\/26\/investigador-udd-realiza-estadia-clinica-en-hospital-de-francia\/","url":"https:\/\/medicina.udd.cl\/centro-genetica-genomica\/noticias\/2015\/10\/26\/investigador-udd-realiza-estadia-clinica-en-hospital-de-francia\/","name":"Investigador UDD realiza estad\u00eda cl\u00ednica en hospital de Francia - Centro de Gen\u00e9tica y Gen\u00f3mica","isPartOf":{"@id":"https:\/\/medicina.udd.cl\/centro-genetica-genomica\/#website"},"primaryImageOfPage":{"@id":"https:\/\/medicina.udd.cl\/centro-genetica-genomica\/noticias\/2015\/10\/26\/investigador-udd-realiza-estadia-clinica-en-hospital-de-francia\/#primaryimage"},"image":{"@id":"https:\/\/medicina.udd.cl\/centro-genetica-genomica\/noticias\/2015\/10\/26\/investigador-udd-realiza-estadia-clinica-en-hospital-de-francia\/#primaryimage"},"thumbnailUrl":"https:\/\/medicina.udd.cl\/centro-genetica-genomica\/files\/2015\/10\/Guillermo-Lay-Son-Francia-2.jpg","datePublished":"2015-10-26T15:12:24+00:00","author":{"@id":""},"breadcrumb":{"@id":"https:\/\/medicina.udd.cl\/centro-genetica-genomica\/noticias\/2015\/10\/26\/investigador-udd-realiza-estadia-clinica-en-hospital-de-francia\/#breadcrumb"},"inLanguage":"es","potentialAction":[{"@type":"ReadAction","target":["https:\/\/medicina.udd.cl\/centro-genetica-genomica\/noticias\/2015\/10\/26\/investigador-udd-realiza-estadia-clinica-en-hospital-de-francia\/"]}]},{"@type":"ImageObject","inLanguage":"es","@id":"https:\/\/medicina.udd.cl\/centro-genetica-genomica\/noticias\/2015\/10\/26\/investigador-udd-realiza-estadia-clinica-en-hospital-de-francia\/#primaryimage","url":"https:\/\/medicina.udd.cl\/centro-genetica-genomica\/files\/2015\/10\/Guillermo-Lay-Son-Francia-2.jpg","contentUrl":"https:\/\/medicina.udd.cl\/centro-genetica-genomica\/files\/2015\/10\/Guillermo-Lay-Son-Francia-2.jpg","width":751,"height":497},{"@type":"BreadcrumbList","@id":"https:\/\/medicina.udd.cl\/centro-genetica-genomica\/noticias\/2015\/10\/26\/investigador-udd-realiza-estadia-clinica-en-hospital-de-francia\/#breadcrumb","itemListElement":[{"@type":"ListItem","position":1,"name":"Inicio","item":"https:\/\/medicina.udd.cl\/centro-genetica-genomica\/"},{"@type":"ListItem","position":2,"name":"Investigador UDD realiza estad\u00eda cl\u00ednica en hospital de Francia"}]},{"@type":"WebSite","@id":"https:\/\/medicina.udd.cl\/centro-genetica-genomica\/#website","url":"https:\/\/medicina.udd.cl\/centro-genetica-genomica\/","name":"Centro de Gen\u00e9tica y Gen\u00f3mica","description":"","inLanguage":"es"},{"@type":"Person","@id":"","url":"https:\/\/medicina.udd.cl\/centro-genetica-genomica\/noticias\/author\/"}]}},"featured_image_url":"https:\/\/medicina.udd.cl\/centro-genetica-genomica\/files\/2015\/10\/Guillermo-Lay-Son-Francia-2.jpg","_links":{"self":[{"href":"https:\/\/medicina.udd.cl\/centro-genetica-genomica\/wp-json\/wp\/v2\/posts\/1610","targetHints":{"allow":["GET"]}}],"collection":[{"href":"https:\/\/medicina.udd.cl\/centro-genetica-genomica\/wp-json\/wp\/v2\/posts"}],"about":[{"href":"https:\/\/medicina.udd.cl\/centro-genetica-genomica\/wp-json\/wp\/v2\/types\/post"}],"author":[{"embeddable":true,"href":"https:\/\/medicina.udd.cl\/centro-genetica-genomica\/wp-json\/wp\/v2\/users\/42"}],"replies":[{"embeddable":true,"href":"https:\/\/medicina.udd.cl\/centro-genetica-genomica\/wp-json\/wp\/v2\/comments?post=1610"}],"version-history":[{"count":1,"href":"https:\/\/medicina.udd.cl\/centro-genetica-genomica\/wp-json\/wp\/v2\/posts\/1610\/revisions"}],"predecessor-version":[{"id":1613,"href":"https:\/\/medicina.udd.cl\/centro-genetica-genomica\/wp-json\/wp\/v2\/posts\/1610\/revisions\/1613"}],"wp:featuredmedia":[{"embeddable":true,"href":"https:\/\/medicina.udd.cl\/centro-genetica-genomica\/wp-json\/wp\/v2\/media\/1612"}],"wp:attachment":[{"href":"https:\/\/medicina.udd.cl\/centro-genetica-genomica\/wp-json\/wp\/v2\/media?parent=1610"}],"wp:term":[{"taxonomy":"category","embeddable":true,"href":"https:\/\/medicina.udd.cl\/centro-genetica-genomica\/wp-json\/wp\/v2\/categories?post=1610"},{"taxonomy":"post_tag","embeddable":true,"href":"https:\/\/medicina.udd.cl\/centro-genetica-genomica\/wp-json\/wp\/v2\/tags?post=1610"}],"curies":[{"name":"wp","href":"https:\/\/api.w.org\/{rel}","templated":true}]}}