{"id":1912,"date":"2017-06-02T12:37:34","date_gmt":"2017-06-02T16:37:34","guid":{"rendered":"http:\/\/medicina.udd.cl\/centro-genetica-genomica\/?p=1912"},"modified":"2017-06-02T12:37:34","modified_gmt":"2017-06-02T16:37:34","slug":"1912","status":"publish","type":"post","link":"https:\/\/medicina.udd.cl\/centro-genetica-genomica\/noticias\/2017\/06\/02\/1912\/","title":{"rendered":"Dictan exitoso seminario sobre asesoramiento gen\u00e9tico"},"content":{"rendered":"<div id=\"gallery-1\" class=\"carousel slide carousel-gallery\" data-ride=\"false\" data-interval=\"false\"><div class=\"carousel-inner\" role=\"listbox\"><figure class=\"carousel-item active\"><img loading=\"lazy\" decoding=\"async\" width=\"800\" height=\"534\" src=\"https:\/\/medicina.udd.cl\/centro-genetica-genomica\/files\/2017\/06\/Seminario-Asesoramiento-Gen\u00e9tico-6.jpg\" class=\"attachment-landscape_952 size-landscape_952\" alt=\"\" srcset=\"https:\/\/medicina.udd.cl\/centro-genetica-genomica\/files\/2017\/06\/Seminario-Asesoramiento-Gen\u00e9tico-6.jpg 3130w, https:\/\/medicina.udd.cl\/centro-genetica-genomica\/files\/2017\/06\/Seminario-Asesoramiento-Gen\u00e9tico-6-300x200.jpg 300w, https:\/\/medicina.udd.cl\/centro-genetica-genomica\/files\/2017\/06\/Seminario-Asesoramiento-Gen\u00e9tico-6-768x512.jpg 768w, https:\/\/medicina.udd.cl\/centro-genetica-genomica\/files\/2017\/06\/Seminario-Asesoramiento-Gen\u00e9tico-6-1024x683.jpg 1024w, https:\/\/medicina.udd.cl\/centro-genetica-genomica\/files\/2017\/06\/Seminario-Asesoramiento-Gen\u00e9tico-6-960x640.jpg 960w\" sizes=\"auto, (max-width: 800px) 100vw, 800px\" \/><\/figure><figure class=\"carousel-item\"><img loading=\"lazy\" decoding=\"async\" width=\"800\" height=\"534\" src=\"https:\/\/medicina.udd.cl\/centro-genetica-genomica\/files\/2017\/06\/Seminario-Asesoramiento-Gen\u00e9tico-7-1.jpg\" class=\"attachment-landscape_952 size-landscape_952\" alt=\"\" srcset=\"https:\/\/medicina.udd.cl\/centro-genetica-genomica\/files\/2017\/06\/Seminario-Asesoramiento-Gen\u00e9tico-7-1.jpg 2789w, https:\/\/medicina.udd.cl\/centro-genetica-genomica\/files\/2017\/06\/Seminario-Asesoramiento-Gen\u00e9tico-7-1-300x200.jpg 300w, https:\/\/medicina.udd.cl\/centro-genetica-genomica\/files\/2017\/06\/Seminario-Asesoramiento-Gen\u00e9tico-7-1-768x513.jpg 768w, https:\/\/medicina.udd.cl\/centro-genetica-genomica\/files\/2017\/06\/Seminario-Asesoramiento-Gen\u00e9tico-7-1-1024x684.jpg 1024w, https:\/\/medicina.udd.cl\/centro-genetica-genomica\/files\/2017\/06\/Seminario-Asesoramiento-Gen\u00e9tico-7-1-960x641.jpg 960w\" sizes=\"auto, (max-width: 800px) 100vw, 800px\" \/><\/figure><figure class=\"carousel-item\"><img loading=\"lazy\" decoding=\"async\" width=\"800\" height=\"534\" src=\"https:\/\/medicina.udd.cl\/centro-genetica-genomica\/files\/2017\/06\/Seminario-Asesoramiento-Gen\u00e9tico-7.jpg\" class=\"attachment-landscape_952 size-landscape_952\" alt=\"\" srcset=\"https:\/\/medicina.udd.cl\/centro-genetica-genomica\/files\/2017\/06\/Seminario-Asesoramiento-Gen\u00e9tico-7.jpg 2789w, https:\/\/medicina.udd.cl\/centro-genetica-genomica\/files\/2017\/06\/Seminario-Asesoramiento-Gen\u00e9tico-7-300x200.jpg 300w, https:\/\/medicina.udd.cl\/centro-genetica-genomica\/files\/2017\/06\/Seminario-Asesoramiento-Gen\u00e9tico-7-768x513.jpg 768w, https:\/\/medicina.udd.cl\/centro-genetica-genomica\/files\/2017\/06\/Seminario-Asesoramiento-Gen\u00e9tico-7-1024x684.jpg 1024w, https:\/\/medicina.udd.cl\/centro-genetica-genomica\/files\/2017\/06\/Seminario-Asesoramiento-Gen\u00e9tico-7-960x641.jpg 960w\" sizes=\"auto, (max-width: 800px) 100vw, 800px\" \/><\/figure><figure class=\"carousel-item\"><img loading=\"lazy\" decoding=\"async\" width=\"798\" height=\"534\" src=\"https:\/\/medicina.udd.cl\/centro-genetica-genomica\/files\/2017\/06\/Seminario-Asesoramiento-Gen\u00e9tico-9.jpg\" class=\"attachment-landscape_952 size-landscape_952\" alt=\"\" srcset=\"https:\/\/medicina.udd.cl\/centro-genetica-genomica\/files\/2017\/06\/Seminario-Asesoramiento-Gen\u00e9tico-9.jpg 2689w, https:\/\/medicina.udd.cl\/centro-genetica-genomica\/files\/2017\/06\/Seminario-Asesoramiento-Gen\u00e9tico-9-300x201.jpg 300w, https:\/\/medicina.udd.cl\/centro-genetica-genomica\/files\/2017\/06\/Seminario-Asesoramiento-Gen\u00e9tico-9-768x514.jpg 768w, https:\/\/medicina.udd.cl\/centro-genetica-genomica\/files\/2017\/06\/Seminario-Asesoramiento-Gen\u00e9tico-9-1024x685.jpg 1024w, https:\/\/medicina.udd.cl\/centro-genetica-genomica\/files\/2017\/06\/Seminario-Asesoramiento-Gen\u00e9tico-9-960x643.jpg 960w\" sizes=\"auto, (max-width: 798px) 100vw, 798px\" \/><\/figure><figure class=\"carousel-item\"><img loading=\"lazy\" decoding=\"async\" width=\"800\" height=\"534\" src=\"https:\/\/medicina.udd.cl\/centro-genetica-genomica\/files\/2017\/06\/Seminario-Asesoramiento-Gen\u00e9tico-10.jpg\" class=\"attachment-landscape_952 size-landscape_952\" alt=\"\" srcset=\"https:\/\/medicina.udd.cl\/centro-genetica-genomica\/files\/2017\/06\/Seminario-Asesoramiento-Gen\u00e9tico-10.jpg 1040w, https:\/\/medicina.udd.cl\/centro-genetica-genomica\/files\/2017\/06\/Seminario-Asesoramiento-Gen\u00e9tico-10-300x200.jpg 300w, https:\/\/medicina.udd.cl\/centro-genetica-genomica\/files\/2017\/06\/Seminario-Asesoramiento-Gen\u00e9tico-10-768x512.jpg 768w, https:\/\/medicina.udd.cl\/centro-genetica-genomica\/files\/2017\/06\/Seminario-Asesoramiento-Gen\u00e9tico-10-1024x683.jpg 1024w, https:\/\/medicina.udd.cl\/centro-genetica-genomica\/files\/2017\/06\/Seminario-Asesoramiento-Gen\u00e9tico-10-960x641.jpg 960w\" sizes=\"auto, (max-width: 800px) 100vw, 800px\" \/><\/figure><\/div><footer class=\"carousel-footer\"><div class=\"carousel-counter\"><span class=\"carousel-counter-current\"><\/span> \/ <span class=\"carousel-counter-total\"><\/span><\/div><a class=\"carousel-control-prev\" href=\"#gallery-1\" role=\"button\" data-slide=\"prev\"><svg aria-hidden=\"true\" class=\"svg-chevron-left-dims\"><use xlink:href='https:\/\/medicina.udd.cl\/centro-genetica-genomica\/wp-content\/themes\/facultades-2018\/assets\/img\/svg\/dist\/main.svg?version=1695853099#chevron-left'><\/use><\/svg><span class=\"sr-only\">Anterior<\/span><\/a><a class=\"carousel-control-next\" href=\"#gallery-1\" role=\"button\" data-slide=\"next\"><svg aria-hidden=\"true\" class=\"svg-chevron-right-dims\"><use xlink:href='https:\/\/medicina.udd.cl\/centro-genetica-genomica\/wp-content\/themes\/facultades-2018\/assets\/img\/svg\/dist\/main.svg?version=1695853099#chevron-right'><\/use><\/svg><span class=\"sr-only\">Siguiente<\/span><\/a><\/footer><\/div>\n<p style=\"text-align: justify;\">En el marco del curso <strong><a href=\"http:\/\/medicina.udd.cl\/ver-curso\/curso-introduccion-al-asesoramiento-genetico-3\/\">\u201cIntroducci\u00f3n al asesoramiento gen\u00e9tico\u201d<\/a><\/strong>, que se impartir\u00e1 en julio, la carrera de Enfermer\u00eda y el Centro de Gen\u00f3mica y Gen\u00e9tica de la Facultad de Medicina Cl\u00ednica Alemana Universidad del Desarrollo realizaron el Seminario \u201cAplicaci\u00f3n de nuevos conocimientos de Gen\u00e9tica y Gen\u00f3mica mediante el asesoramiento gen\u00e9tico para profesionales de la salud\u201d.<\/p>\n<p style=\"text-align: justify;\">La actividad, que se llev\u00f3 a cabo en el Aula Magna de la Cl\u00ednica Alemana, cont\u00f3 con la participaci\u00f3n de <strong>Sonia Margarit<\/strong>, investigadora del<strong> Instituto de Ciencias e Innovaci\u00f3n en Medicina de la UDD<\/strong>, quien se refiri\u00f3 al desaf\u00edo del asesoramiento gen\u00e9tico en la era de la Gen\u00f3mica, las herramientas de pesquisa perinatal y la capacitaci\u00f3n de profesionales de la salud en Latinoam\u00e9rica.<\/p>\n<p style=\"text-align: justify;\">Del mismo modo, las doctoras <strong>Sof\u00eda Salas<\/strong>, presidenta del Comit\u00e9 de \u00c9tica en Investigaci\u00f3n de la Universidad Diego Portales, y <strong>Gabriela Repetto<\/strong>, directora del Centro de Gen\u00e9tica y Gen\u00f3mica de la Facultad de Medicina CAS-UDD, presentaron los temas \u201cEstado actual del Proyecto de Ley de Aborto en Chile\u201d y \u201cActualizaci\u00f3n de las prestaciones de cobertura de salud para estudios gen\u00e9ticos\u201d, respectivamente.<\/p>\n<p style=\"text-align: justify;\">Finalmente, <strong>Claudia P\u00e9rez<\/strong>, directora de Enfermer\u00eda UDD, moder\u00f3 la mesa de redonda en que se reflexion\u00f3 sobre c\u00f3mo el asesoramiento gen\u00e9tico representa una oportunidad de formaci\u00f3n para profesionales de la salud que contribuye a fortalecer la atenci\u00f3n de personas con trastornos.<\/p>\n","protected":false},"excerpt":{"rendered":"<p>El encuentro tuvo por objetivo profundizar en el asesoramiento gen\u00e9tico, valorando la importancia de la capacitaci\u00f3n e identificando los desaf\u00edos de su aplicaci\u00f3n cl\u00ednica en estudios.<\/p>\n","protected":false},"author":42,"featured_media":1917,"comment_status":"open","ping_status":"open","sticky":false,"template":"","format":"standard","meta":{"footnotes":""},"categories":[4],"tags":[],"class_list":["post-1912","post","type-post","status-publish","format-standard","has-post-thumbnail","hentry","category-noticias"],"yoast_head":"<!-- This site is optimized with the Yoast SEO plugin v26.9 - https:\/\/yoast.com\/product\/yoast-seo-wordpress\/ -->\n<title>Dictan exitoso seminario sobre asesoramiento gen\u00e9tico - Centro de Gen\u00e9tica y Gen\u00f3mica<\/title>\n<meta name=\"robots\" content=\"index, follow, max-snippet:-1, max-image-preview:large, max-video-preview:-1\" \/>\n<link rel=\"canonical\" href=\"https:\/\/medicina.udd.cl\/centro-genetica-genomica\/noticias\/2017\/06\/02\/1912\/\" \/>\n<meta property=\"og:locale\" content=\"es_ES\" \/>\n<meta property=\"og:type\" content=\"article\" \/>\n<meta property=\"og:title\" content=\"Dictan exitoso seminario sobre asesoramiento gen\u00e9tico - Centro de Gen\u00e9tica y Gen\u00f3mica\" \/>\n<meta property=\"og:description\" content=\"El encuentro tuvo por objetivo profundizar en el asesoramiento gen\u00e9tico, valorando la importancia de la capacitaci\u00f3n e identificando los desaf\u00edos de su aplicaci\u00f3n cl\u00ednica en estudios.\" \/>\n<meta property=\"og:url\" content=\"https:\/\/medicina.udd.cl\/centro-genetica-genomica\/noticias\/2017\/06\/02\/1912\/\" \/>\n<meta property=\"og:site_name\" content=\"Centro de Gen\u00e9tica y Gen\u00f3mica\" \/>\n<meta property=\"article:published_time\" content=\"2017-06-02T16:37:34+00:00\" \/>\n<meta property=\"og:image\" content=\"https:\/\/medicina.udd.cl\/centro-genetica-genomica\/files\/2017\/06\/Seminario-Asesoramiento-Gen\u00e9tico-10.jpg\" \/>\n\t<meta property=\"og:image:width\" content=\"1040\" \/>\n\t<meta property=\"og:image:height\" content=\"694\" \/>\n\t<meta property=\"og:image:type\" content=\"image\/jpeg\" \/>\n<meta name=\"twitter:label1\" content=\"Escrito por\" \/>\n\t<meta name=\"twitter:data1\" content=\"\" \/>\n\t<meta name=\"twitter:label2\" content=\"Tiempo de lectura\" \/>\n\t<meta name=\"twitter:data2\" content=\"1 minuto\" \/>\n<script type=\"application\/ld+json\" class=\"yoast-schema-graph\">{\"@context\":\"https:\/\/schema.org\",\"@graph\":[{\"@type\":\"Article\",\"@id\":\"https:\/\/medicina.udd.cl\/centro-genetica-genomica\/noticias\/2017\/06\/02\/1912\/#article\",\"isPartOf\":{\"@id\":\"https:\/\/medicina.udd.cl\/centro-genetica-genomica\/noticias\/2017\/06\/02\/1912\/\"},\"author\":{\"name\":\"\",\"@id\":\"\"},\"headline\":\"Dictan exitoso seminario sobre asesoramiento gen\u00e9tico\",\"datePublished\":\"2017-06-02T16:37:34+00:00\",\"mainEntityOfPage\":{\"@id\":\"https:\/\/medicina.udd.cl\/centro-genetica-genomica\/noticias\/2017\/06\/02\/1912\/\"},\"wordCount\":259,\"commentCount\":0,\"image\":{\"@id\":\"https:\/\/medicina.udd.cl\/centro-genetica-genomica\/noticias\/2017\/06\/02\/1912\/#primaryimage\"},\"thumbnailUrl\":\"https:\/\/medicina.udd.cl\/centro-genetica-genomica\/files\/2017\/06\/Seminario-Asesoramiento-Gen\u00e9tico-10.jpg\",\"articleSection\":[\"Noticias\"],\"inLanguage\":\"es\",\"potentialAction\":[{\"@type\":\"CommentAction\",\"name\":\"Comment\",\"target\":[\"https:\/\/medicina.udd.cl\/centro-genetica-genomica\/noticias\/2017\/06\/02\/1912\/#respond\"]}]},{\"@type\":\"WebPage\",\"@id\":\"https:\/\/medicina.udd.cl\/centro-genetica-genomica\/noticias\/2017\/06\/02\/1912\/\",\"url\":\"https:\/\/medicina.udd.cl\/centro-genetica-genomica\/noticias\/2017\/06\/02\/1912\/\",\"name\":\"Dictan exitoso seminario sobre asesoramiento gen\u00e9tico - Centro de Gen\u00e9tica y Gen\u00f3mica\",\"isPartOf\":{\"@id\":\"https:\/\/medicina.udd.cl\/centro-genetica-genomica\/#website\"},\"primaryImageOfPage\":{\"@id\":\"https:\/\/medicina.udd.cl\/centro-genetica-genomica\/noticias\/2017\/06\/02\/1912\/#primaryimage\"},\"image\":{\"@id\":\"https:\/\/medicina.udd.cl\/centro-genetica-genomica\/noticias\/2017\/06\/02\/1912\/#primaryimage\"},\"thumbnailUrl\":\"https:\/\/medicina.udd.cl\/centro-genetica-genomica\/files\/2017\/06\/Seminario-Asesoramiento-Gen\u00e9tico-10.jpg\",\"datePublished\":\"2017-06-02T16:37:34+00:00\",\"author\":{\"@id\":\"\"},\"breadcrumb\":{\"@id\":\"https:\/\/medicina.udd.cl\/centro-genetica-genomica\/noticias\/2017\/06\/02\/1912\/#breadcrumb\"},\"inLanguage\":\"es\",\"potentialAction\":[{\"@type\":\"ReadAction\",\"target\":[\"https:\/\/medicina.udd.cl\/centro-genetica-genomica\/noticias\/2017\/06\/02\/1912\/\"]}]},{\"@type\":\"ImageObject\",\"inLanguage\":\"es\",\"@id\":\"https:\/\/medicina.udd.cl\/centro-genetica-genomica\/noticias\/2017\/06\/02\/1912\/#primaryimage\",\"url\":\"https:\/\/medicina.udd.cl\/centro-genetica-genomica\/files\/2017\/06\/Seminario-Asesoramiento-Gen\u00e9tico-10.jpg\",\"contentUrl\":\"https:\/\/medicina.udd.cl\/centro-genetica-genomica\/files\/2017\/06\/Seminario-Asesoramiento-Gen\u00e9tico-10.jpg\",\"width\":1040,\"height\":694},{\"@type\":\"BreadcrumbList\",\"@id\":\"https:\/\/medicina.udd.cl\/centro-genetica-genomica\/noticias\/2017\/06\/02\/1912\/#breadcrumb\",\"itemListElement\":[{\"@type\":\"ListItem\",\"position\":1,\"name\":\"Inicio\",\"item\":\"https:\/\/medicina.udd.cl\/centro-genetica-genomica\/\"},{\"@type\":\"ListItem\",\"position\":2,\"name\":\"Dictan exitoso seminario sobre asesoramiento gen\u00e9tico\"}]},{\"@type\":\"WebSite\",\"@id\":\"https:\/\/medicina.udd.cl\/centro-genetica-genomica\/#website\",\"url\":\"https:\/\/medicina.udd.cl\/centro-genetica-genomica\/\",\"name\":\"Centro de Gen\u00e9tica y Gen\u00f3mica\",\"description\":\"\",\"inLanguage\":\"es\"},{\"@type\":\"Person\",\"@id\":\"\",\"url\":\"https:\/\/medicina.udd.cl\/centro-genetica-genomica\/noticias\/author\/\"}]}<\/script>\n<!-- \/ Yoast SEO plugin. -->","yoast_head_json":{"title":"Dictan exitoso seminario sobre asesoramiento gen\u00e9tico - Centro de Gen\u00e9tica y Gen\u00f3mica","robots":{"index":"index","follow":"follow","max-snippet":"max-snippet:-1","max-image-preview":"max-image-preview:large","max-video-preview":"max-video-preview:-1"},"canonical":"https:\/\/medicina.udd.cl\/centro-genetica-genomica\/noticias\/2017\/06\/02\/1912\/","og_locale":"es_ES","og_type":"article","og_title":"Dictan exitoso seminario sobre asesoramiento gen\u00e9tico - Centro de Gen\u00e9tica y Gen\u00f3mica","og_description":"El encuentro tuvo por objetivo profundizar en el asesoramiento gen\u00e9tico, valorando la importancia de la capacitaci\u00f3n e identificando los desaf\u00edos de su aplicaci\u00f3n cl\u00ednica en estudios.","og_url":"https:\/\/medicina.udd.cl\/centro-genetica-genomica\/noticias\/2017\/06\/02\/1912\/","og_site_name":"Centro de Gen\u00e9tica y Gen\u00f3mica","article_published_time":"2017-06-02T16:37:34+00:00","og_image":[{"width":1040,"height":694,"url":"https:\/\/medicina.udd.cl\/centro-genetica-genomica\/files\/2017\/06\/Seminario-Asesoramiento-Gen\u00e9tico-10.jpg","type":"image\/jpeg"}],"twitter_misc":{"Escrito por":"","Tiempo de lectura":"1 minuto"},"schema":{"@context":"https:\/\/schema.org","@graph":[{"@type":"Article","@id":"https:\/\/medicina.udd.cl\/centro-genetica-genomica\/noticias\/2017\/06\/02\/1912\/#article","isPartOf":{"@id":"https:\/\/medicina.udd.cl\/centro-genetica-genomica\/noticias\/2017\/06\/02\/1912\/"},"author":{"name":"","@id":""},"headline":"Dictan exitoso seminario sobre asesoramiento gen\u00e9tico","datePublished":"2017-06-02T16:37:34+00:00","mainEntityOfPage":{"@id":"https:\/\/medicina.udd.cl\/centro-genetica-genomica\/noticias\/2017\/06\/02\/1912\/"},"wordCount":259,"commentCount":0,"image":{"@id":"https:\/\/medicina.udd.cl\/centro-genetica-genomica\/noticias\/2017\/06\/02\/1912\/#primaryimage"},"thumbnailUrl":"https:\/\/medicina.udd.cl\/centro-genetica-genomica\/files\/2017\/06\/Seminario-Asesoramiento-Gen\u00e9tico-10.jpg","articleSection":["Noticias"],"inLanguage":"es","potentialAction":[{"@type":"CommentAction","name":"Comment","target":["https:\/\/medicina.udd.cl\/centro-genetica-genomica\/noticias\/2017\/06\/02\/1912\/#respond"]}]},{"@type":"WebPage","@id":"https:\/\/medicina.udd.cl\/centro-genetica-genomica\/noticias\/2017\/06\/02\/1912\/","url":"https:\/\/medicina.udd.cl\/centro-genetica-genomica\/noticias\/2017\/06\/02\/1912\/","name":"Dictan exitoso seminario sobre asesoramiento gen\u00e9tico - Centro de Gen\u00e9tica y Gen\u00f3mica","isPartOf":{"@id":"https:\/\/medicina.udd.cl\/centro-genetica-genomica\/#website"},"primaryImageOfPage":{"@id":"https:\/\/medicina.udd.cl\/centro-genetica-genomica\/noticias\/2017\/06\/02\/1912\/#primaryimage"},"image":{"@id":"https:\/\/medicina.udd.cl\/centro-genetica-genomica\/noticias\/2017\/06\/02\/1912\/#primaryimage"},"thumbnailUrl":"https:\/\/medicina.udd.cl\/centro-genetica-genomica\/files\/2017\/06\/Seminario-Asesoramiento-Gen\u00e9tico-10.jpg","datePublished":"2017-06-02T16:37:34+00:00","author":{"@id":""},"breadcrumb":{"@id":"https:\/\/medicina.udd.cl\/centro-genetica-genomica\/noticias\/2017\/06\/02\/1912\/#breadcrumb"},"inLanguage":"es","potentialAction":[{"@type":"ReadAction","target":["https:\/\/medicina.udd.cl\/centro-genetica-genomica\/noticias\/2017\/06\/02\/1912\/"]}]},{"@type":"ImageObject","inLanguage":"es","@id":"https:\/\/medicina.udd.cl\/centro-genetica-genomica\/noticias\/2017\/06\/02\/1912\/#primaryimage","url":"https:\/\/medicina.udd.cl\/centro-genetica-genomica\/files\/2017\/06\/Seminario-Asesoramiento-Gen\u00e9tico-10.jpg","contentUrl":"https:\/\/medicina.udd.cl\/centro-genetica-genomica\/files\/2017\/06\/Seminario-Asesoramiento-Gen\u00e9tico-10.jpg","width":1040,"height":694},{"@type":"BreadcrumbList","@id":"https:\/\/medicina.udd.cl\/centro-genetica-genomica\/noticias\/2017\/06\/02\/1912\/#breadcrumb","itemListElement":[{"@type":"ListItem","position":1,"name":"Inicio","item":"https:\/\/medicina.udd.cl\/centro-genetica-genomica\/"},{"@type":"ListItem","position":2,"name":"Dictan exitoso seminario sobre asesoramiento gen\u00e9tico"}]},{"@type":"WebSite","@id":"https:\/\/medicina.udd.cl\/centro-genetica-genomica\/#website","url":"https:\/\/medicina.udd.cl\/centro-genetica-genomica\/","name":"Centro de Gen\u00e9tica y Gen\u00f3mica","description":"","inLanguage":"es"},{"@type":"Person","@id":"","url":"https:\/\/medicina.udd.cl\/centro-genetica-genomica\/noticias\/author\/"}]}},"featured_image_url":"https:\/\/medicina.udd.cl\/centro-genetica-genomica\/files\/2017\/06\/Seminario-Asesoramiento-Gen\u00e9tico-10.jpg","_links":{"self":[{"href":"https:\/\/medicina.udd.cl\/centro-genetica-genomica\/wp-json\/wp\/v2\/posts\/1912","targetHints":{"allow":["GET"]}}],"collection":[{"href":"https:\/\/medicina.udd.cl\/centro-genetica-genomica\/wp-json\/wp\/v2\/posts"}],"about":[{"href":"https:\/\/medicina.udd.cl\/centro-genetica-genomica\/wp-json\/wp\/v2\/types\/post"}],"author":[{"embeddable":true,"href":"https:\/\/medicina.udd.cl\/centro-genetica-genomica\/wp-json\/wp\/v2\/users\/42"}],"replies":[{"embeddable":true,"href":"https:\/\/medicina.udd.cl\/centro-genetica-genomica\/wp-json\/wp\/v2\/comments?post=1912"}],"version-history":[{"count":1,"href":"https:\/\/medicina.udd.cl\/centro-genetica-genomica\/wp-json\/wp\/v2\/posts\/1912\/revisions"}],"predecessor-version":[{"id":1918,"href":"https:\/\/medicina.udd.cl\/centro-genetica-genomica\/wp-json\/wp\/v2\/posts\/1912\/revisions\/1918"}],"wp:featuredmedia":[{"embeddable":true,"href":"https:\/\/medicina.udd.cl\/centro-genetica-genomica\/wp-json\/wp\/v2\/media\/1917"}],"wp:attachment":[{"href":"https:\/\/medicina.udd.cl\/centro-genetica-genomica\/wp-json\/wp\/v2\/media?parent=1912"}],"wp:term":[{"taxonomy":"category","embeddable":true,"href":"https:\/\/medicina.udd.cl\/centro-genetica-genomica\/wp-json\/wp\/v2\/categories?post=1912"},{"taxonomy":"post_tag","embeddable":true,"href":"https:\/\/medicina.udd.cl\/centro-genetica-genomica\/wp-json\/wp\/v2\/tags?post=1912"}],"curies":[{"name":"wp","href":"https:\/\/api.w.org\/{rel}","templated":true}]}}