{"id":2117,"date":"2017-08-08T15:44:43","date_gmt":"2017-08-08T19:44:43","guid":{"rendered":"http:\/\/medicina.udd.cl\/centro-genetica-genomica\/?p=2117"},"modified":"2017-08-08T15:48:29","modified_gmt":"2017-08-08T19:48:29","slug":"directora-del-centro-de-genetica-y-genomica-expuso-en-curso-internacional-de-neurologia-pediatrica","status":"publish","type":"post","link":"https:\/\/medicina.udd.cl\/centro-genetica-genomica\/noticias\/2017\/08\/08\/directora-del-centro-de-genetica-y-genomica-expuso-en-curso-internacional-de-neurologia-pediatrica\/","title":{"rendered":"Directora del Centro de Gen\u00e9tica y Gen\u00f3mica expuso en curso internacional de Neurolog\u00eda Pedi\u00e1trica"},"content":{"rendered":"<p style=\"text-align: left;\"><a href=\"http:\/\/medicina.udd.cl\/centro-genetica-genomica\/files\/2017\/08\/curso-neurolog\u00eda-pedi\u00e1trica-cl\u00ednica-alemana.jpg\" rel=\"attachment wp-att-2119\"><img loading=\"lazy\" decoding=\"async\" class=\"size-medium wp-image-2119 alignright\" src=\"http:\/\/medicina.udd.cl\/centro-genetica-genomica\/files\/2017\/08\/curso-neurolog\u00eda-pedi\u00e1trica-cl\u00ednica-alemana-300x133.jpg\" alt=\"curso neurolog\u00eda pedi\u00e1trica cl\u00ednica alemana\" width=\"300\" height=\"133\" srcset=\"https:\/\/medicina.udd.cl\/centro-genetica-genomica\/files\/2017\/08\/curso-neurolog\u00eda-pedi\u00e1trica-cl\u00ednica-alemana-300x133.jpg 300w, https:\/\/medicina.udd.cl\/centro-genetica-genomica\/files\/2017\/08\/curso-neurolog\u00eda-pedi\u00e1trica-cl\u00ednica-alemana.jpg 403w\" sizes=\"auto, (max-width: 300px) 100vw, 300px\" \/><\/a>Organizado por el Departamento Cient\u00edfico Docente de Cl\u00ednica Alemana y con 250 asistentes, se llev\u00f3 a cabo en Cl\u00ednica Alemana el <strong>VII Curso Internacional de Neurolog\u00eda Pedi\u00e1trica \u201cNuevos Horizontes en Diagn\u00f3stico y Tratamiento de Enfermedades Neurocong\u00e9nitas Pedi\u00e1tricas\u201d.<\/strong><\/p>\n<p style=\"text-align: justify;\">En la jornada, temas como el diagn\u00f3stico y terapias de epilepsias gen\u00e9ticas, la discapacidad intelectual, el autismo, las enfermedades metab\u00f3licas, neurodegenerativas y neuromusculares, fueron abordados por destacados invitados internacionales: la Dra. Helen Cross, neur\u00f3loga del Great Ormond Street Hospital for Children de Londres; la Dra. \u00c1ngeles P\u00e9rez Jim\u00e9nez, neurofisi\u00f3loga pedi\u00e1trica del Hospital Ni\u00f1o de Jes\u00fas de Madrid; el Dr. Jonathan Picker, neurogenetista del Boston Children\u2019s Hospital; y la Dra. Grace Yoon, neurogenetista de The Hospital for Sick Children de Toronto.<\/p>\n<p style=\"text-align: justify;\">La actividad tambi\u00e9n cont\u00f3 con la participaci\u00f3n de connnotados m\u00e9dicos nacionales, entre ellos la Dra. Gabriela Repetto, directora del Centro de Gen\u00e9tica y Gen\u00f3mica del Instituto de Ciencias e Innovaci\u00f3n en Medicina de la Facultad de Medicina Cl\u00ednica Alemana-Universidad del Desarrollo, quien profundiz\u00f3 en los diagn\u00f3sticos y tratamientos a enfermedades neurogen\u00e9ticas pedi\u00e1tricas.<\/p>\n<p style=\"text-align: justify;\">La actividad se realiz\u00f3 los d\u00edas 4 y 5 de agosto en el Aula Magna de Cl\u00ednica Alemana de Santiago y fue dirigida por las doctoras Viviana Venegas, \u00e1ngela Pugin y Tatiana Mu\u00f1oz de la Unidad de Neurolog\u00eda Pedi\u00e1trica del Departamento de Pediatr\u00eda.<\/p>\n","protected":false},"excerpt":{"rendered":"<p>Durante el encuentro, que cont\u00f3 con la participaci\u00f3n de destacados expositores nacionales e internacionales, la doctora Gabriela Repetto profundiz\u00f3 en los diagn\u00f3sticos y tratamientos de enfermedades neurogen\u00e9ticas pedi\u00e1tricas<\/p>\n","protected":false},"author":42,"featured_media":2121,"comment_status":"open","ping_status":"open","sticky":false,"template":"","format":"standard","meta":{"footnotes":""},"categories":[4],"tags":[],"class_list":["post-2117","post","type-post","status-publish","format-standard","has-post-thumbnail","hentry","category-noticias"],"yoast_head":"<!-- This site is optimized with the Yoast SEO plugin v26.9 - https:\/\/yoast.com\/product\/yoast-seo-wordpress\/ -->\n<title>Directora del Centro de Gen\u00e9tica y Gen\u00f3mica expuso en curso internacional de Neurolog\u00eda Pedi\u00e1trica - Centro de Gen\u00e9tica y Gen\u00f3mica<\/title>\n<meta name=\"robots\" content=\"index, follow, max-snippet:-1, max-image-preview:large, max-video-preview:-1\" \/>\n<link rel=\"canonical\" href=\"https:\/\/medicina.udd.cl\/centro-genetica-genomica\/noticias\/2017\/08\/08\/directora-del-centro-de-genetica-y-genomica-expuso-en-curso-internacional-de-neurologia-pediatrica\/\" \/>\n<meta property=\"og:locale\" content=\"es_ES\" \/>\n<meta property=\"og:type\" content=\"article\" \/>\n<meta property=\"og:title\" content=\"Directora del Centro de Gen\u00e9tica y Gen\u00f3mica expuso en curso internacional de Neurolog\u00eda Pedi\u00e1trica - Centro de Gen\u00e9tica y Gen\u00f3mica\" \/>\n<meta property=\"og:description\" content=\"Durante el encuentro, que cont\u00f3 con la participaci\u00f3n de destacados expositores nacionales e internacionales, la doctora Gabriela Repetto profundiz\u00f3 en los diagn\u00f3sticos y tratamientos de enfermedades neurogen\u00e9ticas pedi\u00e1tricas\" \/>\n<meta property=\"og:url\" content=\"https:\/\/medicina.udd.cl\/centro-genetica-genomica\/noticias\/2017\/08\/08\/directora-del-centro-de-genetica-y-genomica-expuso-en-curso-internacional-de-neurologia-pediatrica\/\" \/>\n<meta property=\"og:site_name\" content=\"Centro de Gen\u00e9tica y Gen\u00f3mica\" \/>\n<meta property=\"article:published_time\" content=\"2017-08-08T19:44:43+00:00\" \/>\n<meta property=\"article:modified_time\" content=\"2017-08-08T19:48:29+00:00\" \/>\n<meta property=\"og:image\" content=\"https:\/\/medicina.udd.cl\/centro-genetica-genomica\/files\/2017\/08\/curso-neurolog\u00eda-pedi\u00e1trica-cl\u00ednica-alemana-2.jpg\" \/>\n\t<meta property=\"og:image:width\" content=\"403\" \/>\n\t<meta property=\"og:image:height\" content=\"299\" \/>\n\t<meta property=\"og:image:type\" content=\"image\/jpeg\" \/>\n<meta name=\"twitter:label1\" content=\"Escrito por\" \/>\n\t<meta name=\"twitter:data1\" content=\"\" \/>\n\t<meta name=\"twitter:label2\" content=\"Tiempo de lectura\" \/>\n\t<meta name=\"twitter:data2\" content=\"1 minuto\" \/>\n<script type=\"application\/ld+json\" class=\"yoast-schema-graph\">{\"@context\":\"https:\/\/schema.org\",\"@graph\":[{\"@type\":\"Article\",\"@id\":\"https:\/\/medicina.udd.cl\/centro-genetica-genomica\/noticias\/2017\/08\/08\/directora-del-centro-de-genetica-y-genomica-expuso-en-curso-internacional-de-neurologia-pediatrica\/#article\",\"isPartOf\":{\"@id\":\"https:\/\/medicina.udd.cl\/centro-genetica-genomica\/noticias\/2017\/08\/08\/directora-del-centro-de-genetica-y-genomica-expuso-en-curso-internacional-de-neurologia-pediatrica\/\"},\"author\":{\"name\":\"\",\"@id\":\"\"},\"headline\":\"Directora del Centro de Gen\u00e9tica y Gen\u00f3mica expuso en curso internacional de Neurolog\u00eda Pedi\u00e1trica\",\"datePublished\":\"2017-08-08T19:44:43+00:00\",\"dateModified\":\"2017-08-08T19:48:29+00:00\",\"mainEntityOfPage\":{\"@id\":\"https:\/\/medicina.udd.cl\/centro-genetica-genomica\/noticias\/2017\/08\/08\/directora-del-centro-de-genetica-y-genomica-expuso-en-curso-internacional-de-neurologia-pediatrica\/\"},\"wordCount\":262,\"commentCount\":0,\"image\":{\"@id\":\"https:\/\/medicina.udd.cl\/centro-genetica-genomica\/noticias\/2017\/08\/08\/directora-del-centro-de-genetica-y-genomica-expuso-en-curso-internacional-de-neurologia-pediatrica\/#primaryimage\"},\"thumbnailUrl\":\"https:\/\/medicina.udd.cl\/centro-genetica-genomica\/files\/2017\/08\/curso-neurolog\u00eda-pedi\u00e1trica-cl\u00ednica-alemana-2.jpg\",\"articleSection\":[\"Noticias\"],\"inLanguage\":\"es\",\"potentialAction\":[{\"@type\":\"CommentAction\",\"name\":\"Comment\",\"target\":[\"https:\/\/medicina.udd.cl\/centro-genetica-genomica\/noticias\/2017\/08\/08\/directora-del-centro-de-genetica-y-genomica-expuso-en-curso-internacional-de-neurologia-pediatrica\/#respond\"]}]},{\"@type\":\"WebPage\",\"@id\":\"https:\/\/medicina.udd.cl\/centro-genetica-genomica\/noticias\/2017\/08\/08\/directora-del-centro-de-genetica-y-genomica-expuso-en-curso-internacional-de-neurologia-pediatrica\/\",\"url\":\"https:\/\/medicina.udd.cl\/centro-genetica-genomica\/noticias\/2017\/08\/08\/directora-del-centro-de-genetica-y-genomica-expuso-en-curso-internacional-de-neurologia-pediatrica\/\",\"name\":\"Directora del Centro de Gen\u00e9tica y Gen\u00f3mica expuso en curso internacional de Neurolog\u00eda Pedi\u00e1trica - Centro de Gen\u00e9tica y Gen\u00f3mica\",\"isPartOf\":{\"@id\":\"https:\/\/medicina.udd.cl\/centro-genetica-genomica\/#website\"},\"primaryImageOfPage\":{\"@id\":\"https:\/\/medicina.udd.cl\/centro-genetica-genomica\/noticias\/2017\/08\/08\/directora-del-centro-de-genetica-y-genomica-expuso-en-curso-internacional-de-neurologia-pediatrica\/#primaryimage\"},\"image\":{\"@id\":\"https:\/\/medicina.udd.cl\/centro-genetica-genomica\/noticias\/2017\/08\/08\/directora-del-centro-de-genetica-y-genomica-expuso-en-curso-internacional-de-neurologia-pediatrica\/#primaryimage\"},\"thumbnailUrl\":\"https:\/\/medicina.udd.cl\/centro-genetica-genomica\/files\/2017\/08\/curso-neurolog\u00eda-pedi\u00e1trica-cl\u00ednica-alemana-2.jpg\",\"datePublished\":\"2017-08-08T19:44:43+00:00\",\"dateModified\":\"2017-08-08T19:48:29+00:00\",\"author\":{\"@id\":\"\"},\"breadcrumb\":{\"@id\":\"https:\/\/medicina.udd.cl\/centro-genetica-genomica\/noticias\/2017\/08\/08\/directora-del-centro-de-genetica-y-genomica-expuso-en-curso-internacional-de-neurologia-pediatrica\/#breadcrumb\"},\"inLanguage\":\"es\",\"potentialAction\":[{\"@type\":\"ReadAction\",\"target\":[\"https:\/\/medicina.udd.cl\/centro-genetica-genomica\/noticias\/2017\/08\/08\/directora-del-centro-de-genetica-y-genomica-expuso-en-curso-internacional-de-neurologia-pediatrica\/\"]}]},{\"@type\":\"ImageObject\",\"inLanguage\":\"es\",\"@id\":\"https:\/\/medicina.udd.cl\/centro-genetica-genomica\/noticias\/2017\/08\/08\/directora-del-centro-de-genetica-y-genomica-expuso-en-curso-internacional-de-neurologia-pediatrica\/#primaryimage\",\"url\":\"https:\/\/medicina.udd.cl\/centro-genetica-genomica\/files\/2017\/08\/curso-neurolog\u00eda-pedi\u00e1trica-cl\u00ednica-alemana-2.jpg\",\"contentUrl\":\"https:\/\/medicina.udd.cl\/centro-genetica-genomica\/files\/2017\/08\/curso-neurolog\u00eda-pedi\u00e1trica-cl\u00ednica-alemana-2.jpg\",\"width\":403,\"height\":299},{\"@type\":\"BreadcrumbList\",\"@id\":\"https:\/\/medicina.udd.cl\/centro-genetica-genomica\/noticias\/2017\/08\/08\/directora-del-centro-de-genetica-y-genomica-expuso-en-curso-internacional-de-neurologia-pediatrica\/#breadcrumb\",\"itemListElement\":[{\"@type\":\"ListItem\",\"position\":1,\"name\":\"Inicio\",\"item\":\"https:\/\/medicina.udd.cl\/centro-genetica-genomica\/\"},{\"@type\":\"ListItem\",\"position\":2,\"name\":\"Directora del Centro de Gen\u00e9tica y Gen\u00f3mica expuso en curso internacional de Neurolog\u00eda Pedi\u00e1trica\"}]},{\"@type\":\"WebSite\",\"@id\":\"https:\/\/medicina.udd.cl\/centro-genetica-genomica\/#website\",\"url\":\"https:\/\/medicina.udd.cl\/centro-genetica-genomica\/\",\"name\":\"Centro de Gen\u00e9tica y Gen\u00f3mica\",\"description\":\"\",\"inLanguage\":\"es\"},{\"@type\":\"Person\",\"@id\":\"\",\"url\":\"https:\/\/medicina.udd.cl\/centro-genetica-genomica\/noticias\/author\/\"}]}<\/script>\n<!-- \/ Yoast SEO plugin. -->","yoast_head_json":{"title":"Directora del Centro de Gen\u00e9tica y Gen\u00f3mica expuso en curso internacional de Neurolog\u00eda Pedi\u00e1trica - Centro de Gen\u00e9tica y Gen\u00f3mica","robots":{"index":"index","follow":"follow","max-snippet":"max-snippet:-1","max-image-preview":"max-image-preview:large","max-video-preview":"max-video-preview:-1"},"canonical":"https:\/\/medicina.udd.cl\/centro-genetica-genomica\/noticias\/2017\/08\/08\/directora-del-centro-de-genetica-y-genomica-expuso-en-curso-internacional-de-neurologia-pediatrica\/","og_locale":"es_ES","og_type":"article","og_title":"Directora del Centro de Gen\u00e9tica y Gen\u00f3mica expuso en curso internacional de Neurolog\u00eda Pedi\u00e1trica - Centro de Gen\u00e9tica y Gen\u00f3mica","og_description":"Durante el encuentro, que cont\u00f3 con la participaci\u00f3n de destacados expositores nacionales e internacionales, la doctora Gabriela Repetto profundiz\u00f3 en los diagn\u00f3sticos y tratamientos de enfermedades neurogen\u00e9ticas pedi\u00e1tricas","og_url":"https:\/\/medicina.udd.cl\/centro-genetica-genomica\/noticias\/2017\/08\/08\/directora-del-centro-de-genetica-y-genomica-expuso-en-curso-internacional-de-neurologia-pediatrica\/","og_site_name":"Centro de Gen\u00e9tica y Gen\u00f3mica","article_published_time":"2017-08-08T19:44:43+00:00","article_modified_time":"2017-08-08T19:48:29+00:00","og_image":[{"width":403,"height":299,"url":"https:\/\/medicina.udd.cl\/centro-genetica-genomica\/files\/2017\/08\/curso-neurolog\u00eda-pedi\u00e1trica-cl\u00ednica-alemana-2.jpg","type":"image\/jpeg"}],"twitter_misc":{"Escrito por":"","Tiempo de lectura":"1 minuto"},"schema":{"@context":"https:\/\/schema.org","@graph":[{"@type":"Article","@id":"https:\/\/medicina.udd.cl\/centro-genetica-genomica\/noticias\/2017\/08\/08\/directora-del-centro-de-genetica-y-genomica-expuso-en-curso-internacional-de-neurologia-pediatrica\/#article","isPartOf":{"@id":"https:\/\/medicina.udd.cl\/centro-genetica-genomica\/noticias\/2017\/08\/08\/directora-del-centro-de-genetica-y-genomica-expuso-en-curso-internacional-de-neurologia-pediatrica\/"},"author":{"name":"","@id":""},"headline":"Directora del Centro de Gen\u00e9tica y Gen\u00f3mica expuso en curso internacional de Neurolog\u00eda Pedi\u00e1trica","datePublished":"2017-08-08T19:44:43+00:00","dateModified":"2017-08-08T19:48:29+00:00","mainEntityOfPage":{"@id":"https:\/\/medicina.udd.cl\/centro-genetica-genomica\/noticias\/2017\/08\/08\/directora-del-centro-de-genetica-y-genomica-expuso-en-curso-internacional-de-neurologia-pediatrica\/"},"wordCount":262,"commentCount":0,"image":{"@id":"https:\/\/medicina.udd.cl\/centro-genetica-genomica\/noticias\/2017\/08\/08\/directora-del-centro-de-genetica-y-genomica-expuso-en-curso-internacional-de-neurologia-pediatrica\/#primaryimage"},"thumbnailUrl":"https:\/\/medicina.udd.cl\/centro-genetica-genomica\/files\/2017\/08\/curso-neurolog\u00eda-pedi\u00e1trica-cl\u00ednica-alemana-2.jpg","articleSection":["Noticias"],"inLanguage":"es","potentialAction":[{"@type":"CommentAction","name":"Comment","target":["https:\/\/medicina.udd.cl\/centro-genetica-genomica\/noticias\/2017\/08\/08\/directora-del-centro-de-genetica-y-genomica-expuso-en-curso-internacional-de-neurologia-pediatrica\/#respond"]}]},{"@type":"WebPage","@id":"https:\/\/medicina.udd.cl\/centro-genetica-genomica\/noticias\/2017\/08\/08\/directora-del-centro-de-genetica-y-genomica-expuso-en-curso-internacional-de-neurologia-pediatrica\/","url":"https:\/\/medicina.udd.cl\/centro-genetica-genomica\/noticias\/2017\/08\/08\/directora-del-centro-de-genetica-y-genomica-expuso-en-curso-internacional-de-neurologia-pediatrica\/","name":"Directora del Centro de Gen\u00e9tica y Gen\u00f3mica expuso en curso internacional de Neurolog\u00eda Pedi\u00e1trica - Centro de Gen\u00e9tica y Gen\u00f3mica","isPartOf":{"@id":"https:\/\/medicina.udd.cl\/centro-genetica-genomica\/#website"},"primaryImageOfPage":{"@id":"https:\/\/medicina.udd.cl\/centro-genetica-genomica\/noticias\/2017\/08\/08\/directora-del-centro-de-genetica-y-genomica-expuso-en-curso-internacional-de-neurologia-pediatrica\/#primaryimage"},"image":{"@id":"https:\/\/medicina.udd.cl\/centro-genetica-genomica\/noticias\/2017\/08\/08\/directora-del-centro-de-genetica-y-genomica-expuso-en-curso-internacional-de-neurologia-pediatrica\/#primaryimage"},"thumbnailUrl":"https:\/\/medicina.udd.cl\/centro-genetica-genomica\/files\/2017\/08\/curso-neurolog\u00eda-pedi\u00e1trica-cl\u00ednica-alemana-2.jpg","datePublished":"2017-08-08T19:44:43+00:00","dateModified":"2017-08-08T19:48:29+00:00","author":{"@id":""},"breadcrumb":{"@id":"https:\/\/medicina.udd.cl\/centro-genetica-genomica\/noticias\/2017\/08\/08\/directora-del-centro-de-genetica-y-genomica-expuso-en-curso-internacional-de-neurologia-pediatrica\/#breadcrumb"},"inLanguage":"es","potentialAction":[{"@type":"ReadAction","target":["https:\/\/medicina.udd.cl\/centro-genetica-genomica\/noticias\/2017\/08\/08\/directora-del-centro-de-genetica-y-genomica-expuso-en-curso-internacional-de-neurologia-pediatrica\/"]}]},{"@type":"ImageObject","inLanguage":"es","@id":"https:\/\/medicina.udd.cl\/centro-genetica-genomica\/noticias\/2017\/08\/08\/directora-del-centro-de-genetica-y-genomica-expuso-en-curso-internacional-de-neurologia-pediatrica\/#primaryimage","url":"https:\/\/medicina.udd.cl\/centro-genetica-genomica\/files\/2017\/08\/curso-neurolog\u00eda-pedi\u00e1trica-cl\u00ednica-alemana-2.jpg","contentUrl":"https:\/\/medicina.udd.cl\/centro-genetica-genomica\/files\/2017\/08\/curso-neurolog\u00eda-pedi\u00e1trica-cl\u00ednica-alemana-2.jpg","width":403,"height":299},{"@type":"BreadcrumbList","@id":"https:\/\/medicina.udd.cl\/centro-genetica-genomica\/noticias\/2017\/08\/08\/directora-del-centro-de-genetica-y-genomica-expuso-en-curso-internacional-de-neurologia-pediatrica\/#breadcrumb","itemListElement":[{"@type":"ListItem","position":1,"name":"Inicio","item":"https:\/\/medicina.udd.cl\/centro-genetica-genomica\/"},{"@type":"ListItem","position":2,"name":"Directora del Centro de Gen\u00e9tica y Gen\u00f3mica expuso en curso internacional de Neurolog\u00eda Pedi\u00e1trica"}]},{"@type":"WebSite","@id":"https:\/\/medicina.udd.cl\/centro-genetica-genomica\/#website","url":"https:\/\/medicina.udd.cl\/centro-genetica-genomica\/","name":"Centro de Gen\u00e9tica y Gen\u00f3mica","description":"","inLanguage":"es"},{"@type":"Person","@id":"","url":"https:\/\/medicina.udd.cl\/centro-genetica-genomica\/noticias\/author\/"}]}},"featured_image_url":"https:\/\/medicina.udd.cl\/centro-genetica-genomica\/files\/2017\/08\/curso-neurolog\u00eda-pedi\u00e1trica-cl\u00ednica-alemana-2.jpg","_links":{"self":[{"href":"https:\/\/medicina.udd.cl\/centro-genetica-genomica\/wp-json\/wp\/v2\/posts\/2117","targetHints":{"allow":["GET"]}}],"collection":[{"href":"https:\/\/medicina.udd.cl\/centro-genetica-genomica\/wp-json\/wp\/v2\/posts"}],"about":[{"href":"https:\/\/medicina.udd.cl\/centro-genetica-genomica\/wp-json\/wp\/v2\/types\/post"}],"author":[{"embeddable":true,"href":"https:\/\/medicina.udd.cl\/centro-genetica-genomica\/wp-json\/wp\/v2\/users\/42"}],"replies":[{"embeddable":true,"href":"https:\/\/medicina.udd.cl\/centro-genetica-genomica\/wp-json\/wp\/v2\/comments?post=2117"}],"version-history":[{"count":1,"href":"https:\/\/medicina.udd.cl\/centro-genetica-genomica\/wp-json\/wp\/v2\/posts\/2117\/revisions"}],"predecessor-version":[{"id":2120,"href":"https:\/\/medicina.udd.cl\/centro-genetica-genomica\/wp-json\/wp\/v2\/posts\/2117\/revisions\/2120"}],"wp:featuredmedia":[{"embeddable":true,"href":"https:\/\/medicina.udd.cl\/centro-genetica-genomica\/wp-json\/wp\/v2\/media\/2121"}],"wp:attachment":[{"href":"https:\/\/medicina.udd.cl\/centro-genetica-genomica\/wp-json\/wp\/v2\/media?parent=2117"}],"wp:term":[{"taxonomy":"category","embeddable":true,"href":"https:\/\/medicina.udd.cl\/centro-genetica-genomica\/wp-json\/wp\/v2\/categories?post=2117"},{"taxonomy":"post_tag","embeddable":true,"href":"https:\/\/medicina.udd.cl\/centro-genetica-genomica\/wp-json\/wp\/v2\/tags?post=2117"}],"curies":[{"name":"wp","href":"https:\/\/api.w.org\/{rel}","templated":true}]}}