{"id":2169,"date":"2017-11-06T12:29:27","date_gmt":"2017-11-06T15:29:27","guid":{"rendered":"http:\/\/medicina.udd.cl\/centro-genetica-genomica\/?p=2169"},"modified":"2017-11-06T12:29:27","modified_gmt":"2017-11-06T15:29:27","slug":"icim-presento-su-servicio-de-analisis-bioinformatico","status":"publish","type":"post","link":"https:\/\/medicina.udd.cl\/centro-genetica-genomica\/noticias\/2017\/11\/06\/icim-presento-su-servicio-de-analisis-bioinformatico\/","title":{"rendered":"ICIM present\u00f3 su Servicio de An\u00e1lisis Bioinform\u00e1tico"},"content":{"rendered":"<div id=\"gallery-1\" class=\"carousel slide carousel-gallery\" data-ride=\"false\" data-interval=\"false\"><div class=\"carousel-inner\" role=\"listbox\"><figure class=\"carousel-item active\"><img loading=\"lazy\" decoding=\"async\" width=\"675\" height=\"450\" src=\"https:\/\/medicina.udd.cl\/centro-genetica-genomica\/files\/2017\/11\/Presentan-cl\u00faster-6.jpg\" class=\"attachment-landscape_952 size-landscape_952\" alt=\"\" srcset=\"https:\/\/medicina.udd.cl\/centro-genetica-genomica\/files\/2017\/11\/Presentan-cl\u00faster-6.jpg 675w, https:\/\/medicina.udd.cl\/centro-genetica-genomica\/files\/2017\/11\/Presentan-cl\u00faster-6-300x200.jpg 300w\" sizes=\"auto, (max-width: 675px) 100vw, 675px\" \/><\/figure><figure class=\"carousel-item\"><img loading=\"lazy\" decoding=\"async\" width=\"675\" height=\"450\" src=\"https:\/\/medicina.udd.cl\/centro-genetica-genomica\/files\/2017\/11\/Presentan-cluster-2.jpg\" class=\"attachment-landscape_952 size-landscape_952\" alt=\"\" srcset=\"https:\/\/medicina.udd.cl\/centro-genetica-genomica\/files\/2017\/11\/Presentan-cluster-2.jpg 675w, https:\/\/medicina.udd.cl\/centro-genetica-genomica\/files\/2017\/11\/Presentan-cluster-2-300x200.jpg 300w\" sizes=\"auto, (max-width: 675px) 100vw, 675px\" \/><\/figure><figure class=\"carousel-item\"><img loading=\"lazy\" decoding=\"async\" width=\"675\" height=\"450\" src=\"https:\/\/medicina.udd.cl\/centro-genetica-genomica\/files\/2017\/11\/Presentan-cl\u00faster-7.jpg\" class=\"attachment-landscape_952 size-landscape_952\" alt=\"\" srcset=\"https:\/\/medicina.udd.cl\/centro-genetica-genomica\/files\/2017\/11\/Presentan-cl\u00faster-7.jpg 675w, https:\/\/medicina.udd.cl\/centro-genetica-genomica\/files\/2017\/11\/Presentan-cl\u00faster-7-300x200.jpg 300w\" sizes=\"auto, (max-width: 675px) 100vw, 675px\" \/><\/figure><figure class=\"carousel-item\"><img loading=\"lazy\" decoding=\"async\" width=\"675\" height=\"450\" src=\"https:\/\/medicina.udd.cl\/centro-genetica-genomica\/files\/2017\/11\/Presentan-cluster-1.jpg\" class=\"attachment-landscape_952 size-landscape_952\" alt=\"\" srcset=\"https:\/\/medicina.udd.cl\/centro-genetica-genomica\/files\/2017\/11\/Presentan-cluster-1.jpg 675w, https:\/\/medicina.udd.cl\/centro-genetica-genomica\/files\/2017\/11\/Presentan-cluster-1-300x200.jpg 300w\" sizes=\"auto, (max-width: 675px) 100vw, 675px\" \/><\/figure><figure class=\"carousel-item\"><img loading=\"lazy\" decoding=\"async\" width=\"675\" height=\"450\" src=\"https:\/\/medicina.udd.cl\/centro-genetica-genomica\/files\/2017\/11\/Presentan-cl\u00faster-2.jpg\" class=\"attachment-landscape_952 size-landscape_952\" alt=\"\" srcset=\"https:\/\/medicina.udd.cl\/centro-genetica-genomica\/files\/2017\/11\/Presentan-cl\u00faster-2.jpg 675w, https:\/\/medicina.udd.cl\/centro-genetica-genomica\/files\/2017\/11\/Presentan-cl\u00faster-2-300x200.jpg 300w\" sizes=\"auto, (max-width: 675px) 100vw, 675px\" \/><\/figure><figure class=\"carousel-item\"><img loading=\"lazy\" decoding=\"async\" width=\"675\" height=\"450\" src=\"https:\/\/medicina.udd.cl\/centro-genetica-genomica\/files\/2017\/11\/Presentan-cl\u00faster-3.jpg\" class=\"attachment-landscape_952 size-landscape_952\" alt=\"\" srcset=\"https:\/\/medicina.udd.cl\/centro-genetica-genomica\/files\/2017\/11\/Presentan-cl\u00faster-3.jpg 675w, https:\/\/medicina.udd.cl\/centro-genetica-genomica\/files\/2017\/11\/Presentan-cl\u00faster-3-300x200.jpg 300w\" sizes=\"auto, (max-width: 675px) 100vw, 675px\" \/><\/figure><figure class=\"carousel-item\"><img loading=\"lazy\" decoding=\"async\" width=\"675\" height=\"450\" src=\"https:\/\/medicina.udd.cl\/centro-genetica-genomica\/files\/2017\/11\/Presentan-cl\u00faster-4.jpg\" class=\"attachment-landscape_952 size-landscape_952\" alt=\"\" srcset=\"https:\/\/medicina.udd.cl\/centro-genetica-genomica\/files\/2017\/11\/Presentan-cl\u00faster-4.jpg 675w, https:\/\/medicina.udd.cl\/centro-genetica-genomica\/files\/2017\/11\/Presentan-cl\u00faster-4-300x200.jpg 300w\" sizes=\"auto, (max-width: 675px) 100vw, 675px\" \/><\/figure><figure class=\"carousel-item\"><img loading=\"lazy\" decoding=\"async\" width=\"675\" height=\"450\" src=\"https:\/\/medicina.udd.cl\/centro-genetica-genomica\/files\/2017\/11\/Presentan-cl\u00faster-5.jpg\" class=\"attachment-landscape_952 size-landscape_952\" alt=\"\" srcset=\"https:\/\/medicina.udd.cl\/centro-genetica-genomica\/files\/2017\/11\/Presentan-cl\u00faster-5.jpg 675w, https:\/\/medicina.udd.cl\/centro-genetica-genomica\/files\/2017\/11\/Presentan-cl\u00faster-5-300x200.jpg 300w\" sizes=\"auto, (max-width: 675px) 100vw, 675px\" \/><\/figure><\/div><footer class=\"carousel-footer\"><div class=\"carousel-counter\"><span class=\"carousel-counter-current\"><\/span> \/ <span class=\"carousel-counter-total\"><\/span><\/div><a class=\"carousel-control-prev\" href=\"#gallery-1\" role=\"button\" data-slide=\"prev\"><svg aria-hidden=\"true\" class=\"svg-chevron-left-dims\"><use xlink:href='https:\/\/medicina.udd.cl\/centro-genetica-genomica\/wp-content\/themes\/facultades-2018\/assets\/img\/svg\/dist\/main.svg?version=1695853099#chevron-left'><\/use><\/svg><span class=\"sr-only\">Anterior<\/span><\/a><a class=\"carousel-control-next\" href=\"#gallery-1\" role=\"button\" data-slide=\"next\"><svg aria-hidden=\"true\" class=\"svg-chevron-right-dims\"><use xlink:href='https:\/\/medicina.udd.cl\/centro-genetica-genomica\/wp-content\/themes\/facultades-2018\/assets\/img\/svg\/dist\/main.svg?version=1695853099#chevron-right'><\/use><\/svg><span class=\"sr-only\">Siguiente<\/span><\/a><\/footer><\/div>\n<p style=\"text-align: justify;\">Dada la creciente necesidad de capacidades bioinform\u00e1ticas que se requieren para la investigaci\u00f3n que realiza el Instituto de Ciencias e Innovaci\u00f3n en Medicina de la\u00a0Facultad de Medicina Cl\u00ednica Alemana Universidad del Desarrollo, y gracias a la adquisici\u00f3n de un cl\u00faster computacional de alto rendimiento (FONDEQUIP EQM150093), se present\u00f3 el <a href=\"http:\/\/medicina.udd.cl\/centro-genetica-genomica\/investigacion\/servicio-de-analisis-bioinformatico-sabio\/\"><strong>Servicio de An\u00e1lisis Bioinform\u00e1tico (SABio).<\/strong><\/a><\/p>\n<p style=\"text-align: justify;\"><strong>SABio<\/strong> se ha constituido a partir del quehacer del Centro de Gen\u00e9tica y Gen\u00f3mica como un servicio a la comunidad de investigadores de la UDD y su misi\u00f3n es participar activamente del desarrollo de los aspectos bioinform\u00e1ticos de los proyectos de los investigadores del ICIM, desde el dise\u00f1o experimental hasta la ejecuci\u00f3n de rutinas de an\u00e1lisis.<\/p>\n<p style=\"text-align: justify;\">En este contexto, el jueves 2 de noviembre se realiz\u00f3 una jornada orientada a presentar este servicio, que incluy\u00f3 la charla de investigadores de la Facultad de Medicina y un workshop de instrucci\u00f3n sobre c\u00f3mo acceder al cl\u00faster computacional y las ventajas de usar la l\u00ednea de comandos en un sistema Linux para llevar a cabo an\u00e1lisis complejos.<\/p>\n<p style=\"text-align: justify;\">A su vez, cont\u00f3 con la participaci\u00f3n de la doctora en Fisiopatolog\u00eda M\u00e9dica de la Universidad Estadual de Campinas, Brasil, Cristiane Rocha, quien adem\u00e1s administra la parte bioinform\u00e1tica del proyecto BIPMed (Brasilian Initiative on Precision Medicine), una iniciativa enmarcada dentro de las gu\u00edas internacionales de la Global Alliance for Genomics and Health.<\/p>\n<p style=\"text-align: justify;\">Para obtener m\u00e1s informaci\u00f3n sobre SABio e inscribirse para utilizar el cl\u00faster, deben ingresar <strong><a href=\"http:\/\/medicina.udd.cl\/centro-genetica-genomica\/investigacion\/servicio-de-analisis-bioinformatico-sabio\/\">aqu\u00ed.<\/a><\/strong><\/p>\n","protected":false},"excerpt":{"rendered":"<p>\u201cSABio\u201d nace luego de la adquisici\u00f3n de un cl\u00faster computacional de alto rendimiento y se ha constituido a partir del quehacer del Centro de Gen\u00e9tica y Gen\u00f3mica como un servicio a la comunidad de investigadores de la UDD.<\/p>\n","protected":false},"author":42,"featured_media":2174,"comment_status":"open","ping_status":"open","sticky":false,"template":"","format":"standard","meta":{"footnotes":""},"categories":[4],"tags":[],"class_list":["post-2169","post","type-post","status-publish","format-standard","has-post-thumbnail","hentry","category-noticias"],"yoast_head":"<!-- This site is optimized with the Yoast SEO plugin v26.9 - https:\/\/yoast.com\/product\/yoast-seo-wordpress\/ -->\n<title>ICIM present\u00f3 su Servicio de An\u00e1lisis Bioinform\u00e1tico - Centro de Gen\u00e9tica y Gen\u00f3mica<\/title>\n<meta name=\"robots\" content=\"index, follow, max-snippet:-1, max-image-preview:large, max-video-preview:-1\" \/>\n<link rel=\"canonical\" href=\"https:\/\/medicina.udd.cl\/centro-genetica-genomica\/noticias\/2017\/11\/06\/icim-presento-su-servicio-de-analisis-bioinformatico\/\" \/>\n<meta property=\"og:locale\" content=\"es_ES\" \/>\n<meta property=\"og:type\" content=\"article\" \/>\n<meta property=\"og:title\" content=\"ICIM present\u00f3 su Servicio de An\u00e1lisis Bioinform\u00e1tico - Centro de Gen\u00e9tica y Gen\u00f3mica\" \/>\n<meta property=\"og:description\" content=\"\u201cSABio\u201d nace luego de la adquisici\u00f3n de un cl\u00faster computacional de alto rendimiento y se ha constituido a partir del quehacer del Centro de Gen\u00e9tica y Gen\u00f3mica como un servicio a la comunidad de investigadores de la UDD.\" \/>\n<meta property=\"og:url\" content=\"https:\/\/medicina.udd.cl\/centro-genetica-genomica\/noticias\/2017\/11\/06\/icim-presento-su-servicio-de-analisis-bioinformatico\/\" \/>\n<meta property=\"og:site_name\" content=\"Centro de Gen\u00e9tica y Gen\u00f3mica\" \/>\n<meta property=\"article:published_time\" content=\"2017-11-06T15:29:27+00:00\" \/>\n<meta property=\"og:image\" content=\"https:\/\/medicina.udd.cl\/centro-genetica-genomica\/files\/2017\/11\/Presentan-cl\u00faster-4.jpg\" \/>\n\t<meta property=\"og:image:width\" content=\"675\" \/>\n\t<meta property=\"og:image:height\" content=\"450\" \/>\n\t<meta property=\"og:image:type\" content=\"image\/jpeg\" \/>\n<meta name=\"twitter:label1\" content=\"Escrito por\" \/>\n\t<meta name=\"twitter:data1\" content=\"\" \/>\n\t<meta name=\"twitter:label2\" content=\"Tiempo de lectura\" \/>\n\t<meta name=\"twitter:data2\" content=\"1 minuto\" \/>\n<script type=\"application\/ld+json\" class=\"yoast-schema-graph\">{\"@context\":\"https:\/\/schema.org\",\"@graph\":[{\"@type\":\"Article\",\"@id\":\"https:\/\/medicina.udd.cl\/centro-genetica-genomica\/noticias\/2017\/11\/06\/icim-presento-su-servicio-de-analisis-bioinformatico\/#article\",\"isPartOf\":{\"@id\":\"https:\/\/medicina.udd.cl\/centro-genetica-genomica\/noticias\/2017\/11\/06\/icim-presento-su-servicio-de-analisis-bioinformatico\/\"},\"author\":{\"name\":\"\",\"@id\":\"\"},\"headline\":\"ICIM present\u00f3 su Servicio de An\u00e1lisis Bioinform\u00e1tico\",\"datePublished\":\"2017-11-06T15:29:27+00:00\",\"mainEntityOfPage\":{\"@id\":\"https:\/\/medicina.udd.cl\/centro-genetica-genomica\/noticias\/2017\/11\/06\/icim-presento-su-servicio-de-analisis-bioinformatico\/\"},\"wordCount\":275,\"commentCount\":0,\"image\":{\"@id\":\"https:\/\/medicina.udd.cl\/centro-genetica-genomica\/noticias\/2017\/11\/06\/icim-presento-su-servicio-de-analisis-bioinformatico\/#primaryimage\"},\"thumbnailUrl\":\"https:\/\/medicina.udd.cl\/centro-genetica-genomica\/files\/2017\/11\/Presentan-cl\u00faster-4.jpg\",\"articleSection\":[\"Noticias\"],\"inLanguage\":\"es\",\"potentialAction\":[{\"@type\":\"CommentAction\",\"name\":\"Comment\",\"target\":[\"https:\/\/medicina.udd.cl\/centro-genetica-genomica\/noticias\/2017\/11\/06\/icim-presento-su-servicio-de-analisis-bioinformatico\/#respond\"]}]},{\"@type\":\"WebPage\",\"@id\":\"https:\/\/medicina.udd.cl\/centro-genetica-genomica\/noticias\/2017\/11\/06\/icim-presento-su-servicio-de-analisis-bioinformatico\/\",\"url\":\"https:\/\/medicina.udd.cl\/centro-genetica-genomica\/noticias\/2017\/11\/06\/icim-presento-su-servicio-de-analisis-bioinformatico\/\",\"name\":\"ICIM present\u00f3 su Servicio de An\u00e1lisis Bioinform\u00e1tico - Centro de Gen\u00e9tica y Gen\u00f3mica\",\"isPartOf\":{\"@id\":\"https:\/\/medicina.udd.cl\/centro-genetica-genomica\/#website\"},\"primaryImageOfPage\":{\"@id\":\"https:\/\/medicina.udd.cl\/centro-genetica-genomica\/noticias\/2017\/11\/06\/icim-presento-su-servicio-de-analisis-bioinformatico\/#primaryimage\"},\"image\":{\"@id\":\"https:\/\/medicina.udd.cl\/centro-genetica-genomica\/noticias\/2017\/11\/06\/icim-presento-su-servicio-de-analisis-bioinformatico\/#primaryimage\"},\"thumbnailUrl\":\"https:\/\/medicina.udd.cl\/centro-genetica-genomica\/files\/2017\/11\/Presentan-cl\u00faster-4.jpg\",\"datePublished\":\"2017-11-06T15:29:27+00:00\",\"author\":{\"@id\":\"\"},\"breadcrumb\":{\"@id\":\"https:\/\/medicina.udd.cl\/centro-genetica-genomica\/noticias\/2017\/11\/06\/icim-presento-su-servicio-de-analisis-bioinformatico\/#breadcrumb\"},\"inLanguage\":\"es\",\"potentialAction\":[{\"@type\":\"ReadAction\",\"target\":[\"https:\/\/medicina.udd.cl\/centro-genetica-genomica\/noticias\/2017\/11\/06\/icim-presento-su-servicio-de-analisis-bioinformatico\/\"]}]},{\"@type\":\"ImageObject\",\"inLanguage\":\"es\",\"@id\":\"https:\/\/medicina.udd.cl\/centro-genetica-genomica\/noticias\/2017\/11\/06\/icim-presento-su-servicio-de-analisis-bioinformatico\/#primaryimage\",\"url\":\"https:\/\/medicina.udd.cl\/centro-genetica-genomica\/files\/2017\/11\/Presentan-cl\u00faster-4.jpg\",\"contentUrl\":\"https:\/\/medicina.udd.cl\/centro-genetica-genomica\/files\/2017\/11\/Presentan-cl\u00faster-4.jpg\",\"width\":675,\"height\":450},{\"@type\":\"BreadcrumbList\",\"@id\":\"https:\/\/medicina.udd.cl\/centro-genetica-genomica\/noticias\/2017\/11\/06\/icim-presento-su-servicio-de-analisis-bioinformatico\/#breadcrumb\",\"itemListElement\":[{\"@type\":\"ListItem\",\"position\":1,\"name\":\"Inicio\",\"item\":\"https:\/\/medicina.udd.cl\/centro-genetica-genomica\/\"},{\"@type\":\"ListItem\",\"position\":2,\"name\":\"ICIM present\u00f3 su Servicio de An\u00e1lisis Bioinform\u00e1tico\"}]},{\"@type\":\"WebSite\",\"@id\":\"https:\/\/medicina.udd.cl\/centro-genetica-genomica\/#website\",\"url\":\"https:\/\/medicina.udd.cl\/centro-genetica-genomica\/\",\"name\":\"Centro de Gen\u00e9tica y Gen\u00f3mica\",\"description\":\"\",\"inLanguage\":\"es\"},{\"@type\":\"Person\",\"@id\":\"\",\"url\":\"https:\/\/medicina.udd.cl\/centro-genetica-genomica\/noticias\/author\/\"}]}<\/script>\n<!-- \/ Yoast SEO plugin. -->","yoast_head_json":{"title":"ICIM present\u00f3 su Servicio de An\u00e1lisis Bioinform\u00e1tico - Centro de Gen\u00e9tica y Gen\u00f3mica","robots":{"index":"index","follow":"follow","max-snippet":"max-snippet:-1","max-image-preview":"max-image-preview:large","max-video-preview":"max-video-preview:-1"},"canonical":"https:\/\/medicina.udd.cl\/centro-genetica-genomica\/noticias\/2017\/11\/06\/icim-presento-su-servicio-de-analisis-bioinformatico\/","og_locale":"es_ES","og_type":"article","og_title":"ICIM present\u00f3 su Servicio de An\u00e1lisis Bioinform\u00e1tico - Centro de Gen\u00e9tica y Gen\u00f3mica","og_description":"\u201cSABio\u201d nace luego de la adquisici\u00f3n de un cl\u00faster computacional de alto rendimiento y se ha constituido a partir del quehacer del Centro de Gen\u00e9tica y Gen\u00f3mica como un servicio a la comunidad de investigadores de la UDD.","og_url":"https:\/\/medicina.udd.cl\/centro-genetica-genomica\/noticias\/2017\/11\/06\/icim-presento-su-servicio-de-analisis-bioinformatico\/","og_site_name":"Centro de Gen\u00e9tica y Gen\u00f3mica","article_published_time":"2017-11-06T15:29:27+00:00","og_image":[{"width":675,"height":450,"url":"https:\/\/medicina.udd.cl\/centro-genetica-genomica\/files\/2017\/11\/Presentan-cl\u00faster-4.jpg","type":"image\/jpeg"}],"twitter_misc":{"Escrito por":"","Tiempo de lectura":"1 minuto"},"schema":{"@context":"https:\/\/schema.org","@graph":[{"@type":"Article","@id":"https:\/\/medicina.udd.cl\/centro-genetica-genomica\/noticias\/2017\/11\/06\/icim-presento-su-servicio-de-analisis-bioinformatico\/#article","isPartOf":{"@id":"https:\/\/medicina.udd.cl\/centro-genetica-genomica\/noticias\/2017\/11\/06\/icim-presento-su-servicio-de-analisis-bioinformatico\/"},"author":{"name":"","@id":""},"headline":"ICIM present\u00f3 su Servicio de An\u00e1lisis Bioinform\u00e1tico","datePublished":"2017-11-06T15:29:27+00:00","mainEntityOfPage":{"@id":"https:\/\/medicina.udd.cl\/centro-genetica-genomica\/noticias\/2017\/11\/06\/icim-presento-su-servicio-de-analisis-bioinformatico\/"},"wordCount":275,"commentCount":0,"image":{"@id":"https:\/\/medicina.udd.cl\/centro-genetica-genomica\/noticias\/2017\/11\/06\/icim-presento-su-servicio-de-analisis-bioinformatico\/#primaryimage"},"thumbnailUrl":"https:\/\/medicina.udd.cl\/centro-genetica-genomica\/files\/2017\/11\/Presentan-cl\u00faster-4.jpg","articleSection":["Noticias"],"inLanguage":"es","potentialAction":[{"@type":"CommentAction","name":"Comment","target":["https:\/\/medicina.udd.cl\/centro-genetica-genomica\/noticias\/2017\/11\/06\/icim-presento-su-servicio-de-analisis-bioinformatico\/#respond"]}]},{"@type":"WebPage","@id":"https:\/\/medicina.udd.cl\/centro-genetica-genomica\/noticias\/2017\/11\/06\/icim-presento-su-servicio-de-analisis-bioinformatico\/","url":"https:\/\/medicina.udd.cl\/centro-genetica-genomica\/noticias\/2017\/11\/06\/icim-presento-su-servicio-de-analisis-bioinformatico\/","name":"ICIM present\u00f3 su Servicio de An\u00e1lisis Bioinform\u00e1tico - Centro de Gen\u00e9tica y Gen\u00f3mica","isPartOf":{"@id":"https:\/\/medicina.udd.cl\/centro-genetica-genomica\/#website"},"primaryImageOfPage":{"@id":"https:\/\/medicina.udd.cl\/centro-genetica-genomica\/noticias\/2017\/11\/06\/icim-presento-su-servicio-de-analisis-bioinformatico\/#primaryimage"},"image":{"@id":"https:\/\/medicina.udd.cl\/centro-genetica-genomica\/noticias\/2017\/11\/06\/icim-presento-su-servicio-de-analisis-bioinformatico\/#primaryimage"},"thumbnailUrl":"https:\/\/medicina.udd.cl\/centro-genetica-genomica\/files\/2017\/11\/Presentan-cl\u00faster-4.jpg","datePublished":"2017-11-06T15:29:27+00:00","author":{"@id":""},"breadcrumb":{"@id":"https:\/\/medicina.udd.cl\/centro-genetica-genomica\/noticias\/2017\/11\/06\/icim-presento-su-servicio-de-analisis-bioinformatico\/#breadcrumb"},"inLanguage":"es","potentialAction":[{"@type":"ReadAction","target":["https:\/\/medicina.udd.cl\/centro-genetica-genomica\/noticias\/2017\/11\/06\/icim-presento-su-servicio-de-analisis-bioinformatico\/"]}]},{"@type":"ImageObject","inLanguage":"es","@id":"https:\/\/medicina.udd.cl\/centro-genetica-genomica\/noticias\/2017\/11\/06\/icim-presento-su-servicio-de-analisis-bioinformatico\/#primaryimage","url":"https:\/\/medicina.udd.cl\/centro-genetica-genomica\/files\/2017\/11\/Presentan-cl\u00faster-4.jpg","contentUrl":"https:\/\/medicina.udd.cl\/centro-genetica-genomica\/files\/2017\/11\/Presentan-cl\u00faster-4.jpg","width":675,"height":450},{"@type":"BreadcrumbList","@id":"https:\/\/medicina.udd.cl\/centro-genetica-genomica\/noticias\/2017\/11\/06\/icim-presento-su-servicio-de-analisis-bioinformatico\/#breadcrumb","itemListElement":[{"@type":"ListItem","position":1,"name":"Inicio","item":"https:\/\/medicina.udd.cl\/centro-genetica-genomica\/"},{"@type":"ListItem","position":2,"name":"ICIM present\u00f3 su Servicio de An\u00e1lisis Bioinform\u00e1tico"}]},{"@type":"WebSite","@id":"https:\/\/medicina.udd.cl\/centro-genetica-genomica\/#website","url":"https:\/\/medicina.udd.cl\/centro-genetica-genomica\/","name":"Centro de Gen\u00e9tica y Gen\u00f3mica","description":"","inLanguage":"es"},{"@type":"Person","@id":"","url":"https:\/\/medicina.udd.cl\/centro-genetica-genomica\/noticias\/author\/"}]}},"featured_image_url":"https:\/\/medicina.udd.cl\/centro-genetica-genomica\/files\/2017\/11\/Presentan-cl\u00faster-4.jpg","_links":{"self":[{"href":"https:\/\/medicina.udd.cl\/centro-genetica-genomica\/wp-json\/wp\/v2\/posts\/2169","targetHints":{"allow":["GET"]}}],"collection":[{"href":"https:\/\/medicina.udd.cl\/centro-genetica-genomica\/wp-json\/wp\/v2\/posts"}],"about":[{"href":"https:\/\/medicina.udd.cl\/centro-genetica-genomica\/wp-json\/wp\/v2\/types\/post"}],"author":[{"embeddable":true,"href":"https:\/\/medicina.udd.cl\/centro-genetica-genomica\/wp-json\/wp\/v2\/users\/42"}],"replies":[{"embeddable":true,"href":"https:\/\/medicina.udd.cl\/centro-genetica-genomica\/wp-json\/wp\/v2\/comments?post=2169"}],"version-history":[{"count":1,"href":"https:\/\/medicina.udd.cl\/centro-genetica-genomica\/wp-json\/wp\/v2\/posts\/2169\/revisions"}],"predecessor-version":[{"id":2178,"href":"https:\/\/medicina.udd.cl\/centro-genetica-genomica\/wp-json\/wp\/v2\/posts\/2169\/revisions\/2178"}],"wp:featuredmedia":[{"embeddable":true,"href":"https:\/\/medicina.udd.cl\/centro-genetica-genomica\/wp-json\/wp\/v2\/media\/2174"}],"wp:attachment":[{"href":"https:\/\/medicina.udd.cl\/centro-genetica-genomica\/wp-json\/wp\/v2\/media?parent=2169"}],"wp:term":[{"taxonomy":"category","embeddable":true,"href":"https:\/\/medicina.udd.cl\/centro-genetica-genomica\/wp-json\/wp\/v2\/categories?post=2169"},{"taxonomy":"post_tag","embeddable":true,"href":"https:\/\/medicina.udd.cl\/centro-genetica-genomica\/wp-json\/wp\/v2\/tags?post=2169"}],"curies":[{"name":"wp","href":"https:\/\/api.w.org\/{rel}","templated":true}]}}