{"id":2198,"date":"2018-01-09T09:42:28","date_gmt":"2018-01-09T12:42:28","guid":{"rendered":"http:\/\/medicina.udd.cl\/centro-genetica-genomica\/?p=2198"},"modified":"2018-01-09T12:08:51","modified_gmt":"2018-01-09T15:08:51","slug":"2198","status":"publish","type":"post","link":"https:\/\/medicina.udd.cl\/centro-genetica-genomica\/noticias\/2018\/01\/09\/2198\/","title":{"rendered":"Investigadores del ICIM se adjudicaron proyectos Fondecyt"},"content":{"rendered":"<p style=\"text-align: justify;\">La Facultad de Medicina Cl\u00ednica Alemana Universidad del Desarrollo se adjudic\u00f3 un total de cuatro fondos provenientes del Concurso Nacional de Proyectos FONDECYT Regular 2018, cuyos recursos est\u00e1n destinados a financiar proyectos de investigaci\u00f3n cient\u00edfica o tecnol\u00f3gica.<\/p>\n<p style=\"text-align: justify;\">Los ganadores de los fondos fueron Mar\u00eda Ignacia Fuentes y Andr\u00e9s Klein, ambos investigadores del Centro de Gen\u00e9tica y Gen\u00f3mica (CGG) del ICIM; y Paula Mu\u00f1oz \u2013en colaboraci\u00f3n con Juan Francisco Calder\u00f3n, tambi\u00e9n del CGG-, junto a Ver\u00f3nica Olavarr\u00eda, pertenecientes a la Cl\u00ednica Alemana de Santiago.<\/p>\n<p style=\"text-align: justify;\">\u201cInvestigando el papel del microbioma de la piel, la inmunidad del paciente e infecciones en la cicatrizaci\u00f3n en la piel de cristal\u00bb, es el t\u00edtulo del proyecto de Mar\u00eda Ignacia, el cual tiene como objetivo entender la relaci\u00f3n entre las c\u00e9lulas de los pacientes y el microbioma colonizador en relaci\u00f3n al desarrollo y mantenimiento de las heridas de la Epiderm\u00f3lisis Bullosa.<\/p>\n<p style=\"text-align: justify;\">Andr\u00e9s Klein, puso su foco de estudio en descubrir genes modificadores de la biolog\u00eda lisosomal en la salud y enfermedad, mediante el estudio de las variaciones gen\u00e9ticas naturales de los\u00a0diversos componentes de distintas cepas de ratones sanos. Los lisosomas son el centro de degradaci\u00f3n y reciclaje celular, fundamentales para distintos procesos biol\u00f3gicos. Desbalances en estas v\u00edas pueden generar\u00a0patolog\u00edas que han sido asociadas con enfermedades comunes como el Alzheimer, Parkinson y enfermedades de almacenamiento lisosomal.<\/p>\n<p style=\"text-align: justify;\">En cuanto al proyecto de Paula Mu\u00f1oz, en conjunto con Juan Francisco Calder\u00f3n del Centro de Gen\u00e9tica y Gen\u00f3mica del ICIM, \u00e9ste sigui\u00f3 la l\u00ednea de la gen\u00f3mica para encontrar factores de riesgo que predispongan a la disecci\u00f3n de las arterias cervicales. Ver\u00f3nica Olavarr\u00eda, por su parte, se enfoc\u00f3 en el efecto de la palta en los l\u00edpidos de la sangre, como prevenci\u00f3n de un segundo infarto despu\u00e9s de un infarto isqu\u00e9mico.<\/p>\n<p style=\"text-align: justify;\">Cabe destacar que los integrantes del ICIM B\u00e1ltica Cabieses, directora del Programa de Estudios Sociales en Salud y Fernando Ezquer, subdirector del Centro de Medicina Regenerativa del ICIM, participar\u00e1n como colaboradores en proyectos ganadores de la Universidad de la Frontera y la Universidad de Chile, respectivamente.<\/p>\n<p style=\"text-align: justify;\">Mientras que la doctora Cabieses cooperar\u00e1 para el proyecto \u201cEfectos de la percepci\u00f3n de discriminaci\u00f3n y trato injusto en obesidad y s\u00edndrome metab\u00f3lico: Mecanismos psicol\u00f3gicos y fisiol\u00f3gicos en un estudio longitudinal\u201d, Fernando aportar\u00e1 para el desarrollo de \u201cSinergia entre estr\u00e9s oxidativo y neuroinflamaci\u00f3n: Rol en la perpetuaci\u00f3n del consumo de alcohol y en sus alternativas terap\u00e9uticas\u201d.<\/p>\n<p>&nbsp;<\/p>\n","protected":false},"excerpt":{"rendered":"<p>Andr\u00e9s Klein e Ignacia Fuentes, del Centro de Gen\u00e9tica y Gen\u00f3mica, recibir\u00e1n fondos para el desarrollo de sus investigaciones cient\u00edficas. En tanto, Juan Francisco Calder\u00f3n ser\u00e1 colaborador en el proyecto de la Dra. Paula Mu\u00f1oz de Cl\u00ednica Alemana.<\/p>\n","protected":false},"author":42,"featured_media":2199,"comment_status":"open","ping_status":"open","sticky":false,"template":"","format":"standard","meta":{"footnotes":""},"categories":[4],"tags":[],"class_list":["post-2198","post","type-post","status-publish","format-standard","has-post-thumbnail","hentry","category-noticias"],"yoast_head":"<!-- This site is optimized with the Yoast SEO plugin v26.9 - https:\/\/yoast.com\/product\/yoast-seo-wordpress\/ -->\n<title>Investigadores del ICIM se adjudicaron proyectos Fondecyt - Centro de Gen\u00e9tica y Gen\u00f3mica<\/title>\n<meta name=\"robots\" content=\"index, follow, max-snippet:-1, max-image-preview:large, max-video-preview:-1\" \/>\n<link rel=\"canonical\" href=\"https:\/\/medicina.udd.cl\/centro-genetica-genomica\/noticias\/2018\/01\/09\/2198\/\" \/>\n<meta property=\"og:locale\" content=\"es_ES\" \/>\n<meta property=\"og:type\" content=\"article\" \/>\n<meta property=\"og:title\" content=\"Investigadores del ICIM se adjudicaron proyectos Fondecyt - Centro de Gen\u00e9tica y Gen\u00f3mica\" \/>\n<meta property=\"og:description\" content=\"Andr\u00e9s Klein e Ignacia Fuentes, del Centro de Gen\u00e9tica y Gen\u00f3mica, recibir\u00e1n fondos para el desarrollo de sus investigaciones cient\u00edficas. En tanto, Juan Francisco Calder\u00f3n ser\u00e1 colaborador en el proyecto de la Dra. Paula Mu\u00f1oz de Cl\u00ednica Alemana.\" \/>\n<meta property=\"og:url\" content=\"https:\/\/medicina.udd.cl\/centro-genetica-genomica\/noticias\/2018\/01\/09\/2198\/\" \/>\n<meta property=\"og:site_name\" content=\"Centro de Gen\u00e9tica y Gen\u00f3mica\" \/>\n<meta property=\"article:published_time\" content=\"2018-01-09T12:42:28+00:00\" \/>\n<meta property=\"article:modified_time\" content=\"2018-01-09T15:08:51+00:00\" \/>\n<meta property=\"og:image\" content=\"https:\/\/medicina.udd.cl\/centro-genetica-genomica\/files\/2018\/01\/IMG_3224-1024x683.jpg\" \/>\n\t<meta property=\"og:image:width\" content=\"1024\" \/>\n\t<meta property=\"og:image:height\" content=\"683\" \/>\n\t<meta property=\"og:image:type\" content=\"image\/jpeg\" \/>\n<meta name=\"twitter:label1\" content=\"Escrito por\" \/>\n\t<meta name=\"twitter:data1\" content=\"\" \/>\n\t<meta name=\"twitter:label2\" content=\"Tiempo de lectura\" \/>\n\t<meta name=\"twitter:data2\" content=\"2 minutos\" \/>\n<script type=\"application\/ld+json\" class=\"yoast-schema-graph\">{\"@context\":\"https:\/\/schema.org\",\"@graph\":[{\"@type\":\"Article\",\"@id\":\"https:\/\/medicina.udd.cl\/centro-genetica-genomica\/noticias\/2018\/01\/09\/2198\/#article\",\"isPartOf\":{\"@id\":\"https:\/\/medicina.udd.cl\/centro-genetica-genomica\/noticias\/2018\/01\/09\/2198\/\"},\"author\":{\"name\":\"\",\"@id\":\"\"},\"headline\":\"Investigadores del ICIM se adjudicaron proyectos Fondecyt\",\"datePublished\":\"2018-01-09T12:42:28+00:00\",\"dateModified\":\"2018-01-09T15:08:51+00:00\",\"mainEntityOfPage\":{\"@id\":\"https:\/\/medicina.udd.cl\/centro-genetica-genomica\/noticias\/2018\/01\/09\/2198\/\"},\"wordCount\":456,\"commentCount\":0,\"image\":{\"@id\":\"https:\/\/medicina.udd.cl\/centro-genetica-genomica\/noticias\/2018\/01\/09\/2198\/#primaryimage\"},\"thumbnailUrl\":\"https:\/\/medicina.udd.cl\/centro-genetica-genomica\/files\/2018\/01\/IMG_3224.jpg\",\"articleSection\":[\"Noticias\"],\"inLanguage\":\"es\",\"potentialAction\":[{\"@type\":\"CommentAction\",\"name\":\"Comment\",\"target\":[\"https:\/\/medicina.udd.cl\/centro-genetica-genomica\/noticias\/2018\/01\/09\/2198\/#respond\"]}]},{\"@type\":\"WebPage\",\"@id\":\"https:\/\/medicina.udd.cl\/centro-genetica-genomica\/noticias\/2018\/01\/09\/2198\/\",\"url\":\"https:\/\/medicina.udd.cl\/centro-genetica-genomica\/noticias\/2018\/01\/09\/2198\/\",\"name\":\"Investigadores del ICIM se adjudicaron proyectos Fondecyt - Centro de Gen\u00e9tica y Gen\u00f3mica\",\"isPartOf\":{\"@id\":\"https:\/\/medicina.udd.cl\/centro-genetica-genomica\/#website\"},\"primaryImageOfPage\":{\"@id\":\"https:\/\/medicina.udd.cl\/centro-genetica-genomica\/noticias\/2018\/01\/09\/2198\/#primaryimage\"},\"image\":{\"@id\":\"https:\/\/medicina.udd.cl\/centro-genetica-genomica\/noticias\/2018\/01\/09\/2198\/#primaryimage\"},\"thumbnailUrl\":\"https:\/\/medicina.udd.cl\/centro-genetica-genomica\/files\/2018\/01\/IMG_3224.jpg\",\"datePublished\":\"2018-01-09T12:42:28+00:00\",\"dateModified\":\"2018-01-09T15:08:51+00:00\",\"author\":{\"@id\":\"\"},\"breadcrumb\":{\"@id\":\"https:\/\/medicina.udd.cl\/centro-genetica-genomica\/noticias\/2018\/01\/09\/2198\/#breadcrumb\"},\"inLanguage\":\"es\",\"potentialAction\":[{\"@type\":\"ReadAction\",\"target\":[\"https:\/\/medicina.udd.cl\/centro-genetica-genomica\/noticias\/2018\/01\/09\/2198\/\"]}]},{\"@type\":\"ImageObject\",\"inLanguage\":\"es\",\"@id\":\"https:\/\/medicina.udd.cl\/centro-genetica-genomica\/noticias\/2018\/01\/09\/2198\/#primaryimage\",\"url\":\"https:\/\/medicina.udd.cl\/centro-genetica-genomica\/files\/2018\/01\/IMG_3224.jpg\",\"contentUrl\":\"https:\/\/medicina.udd.cl\/centro-genetica-genomica\/files\/2018\/01\/IMG_3224.jpg\",\"width\":4096,\"height\":2731},{\"@type\":\"BreadcrumbList\",\"@id\":\"https:\/\/medicina.udd.cl\/centro-genetica-genomica\/noticias\/2018\/01\/09\/2198\/#breadcrumb\",\"itemListElement\":[{\"@type\":\"ListItem\",\"position\":1,\"name\":\"Inicio\",\"item\":\"https:\/\/medicina.udd.cl\/centro-genetica-genomica\/\"},{\"@type\":\"ListItem\",\"position\":2,\"name\":\"Investigadores del ICIM se adjudicaron proyectos Fondecyt\"}]},{\"@type\":\"WebSite\",\"@id\":\"https:\/\/medicina.udd.cl\/centro-genetica-genomica\/#website\",\"url\":\"https:\/\/medicina.udd.cl\/centro-genetica-genomica\/\",\"name\":\"Centro de Gen\u00e9tica y Gen\u00f3mica\",\"description\":\"\",\"inLanguage\":\"es\"},{\"@type\":\"Person\",\"@id\":\"\",\"url\":\"https:\/\/medicina.udd.cl\/centro-genetica-genomica\/noticias\/author\/\"}]}<\/script>\n<!-- \/ Yoast SEO plugin. -->","yoast_head_json":{"title":"Investigadores del ICIM se adjudicaron proyectos Fondecyt - Centro de Gen\u00e9tica y Gen\u00f3mica","robots":{"index":"index","follow":"follow","max-snippet":"max-snippet:-1","max-image-preview":"max-image-preview:large","max-video-preview":"max-video-preview:-1"},"canonical":"https:\/\/medicina.udd.cl\/centro-genetica-genomica\/noticias\/2018\/01\/09\/2198\/","og_locale":"es_ES","og_type":"article","og_title":"Investigadores del ICIM se adjudicaron proyectos Fondecyt - Centro de Gen\u00e9tica y Gen\u00f3mica","og_description":"Andr\u00e9s Klein e Ignacia Fuentes, del Centro de Gen\u00e9tica y Gen\u00f3mica, recibir\u00e1n fondos para el desarrollo de sus investigaciones cient\u00edficas. En tanto, Juan Francisco Calder\u00f3n ser\u00e1 colaborador en el proyecto de la Dra. Paula Mu\u00f1oz de Cl\u00ednica Alemana.","og_url":"https:\/\/medicina.udd.cl\/centro-genetica-genomica\/noticias\/2018\/01\/09\/2198\/","og_site_name":"Centro de Gen\u00e9tica y Gen\u00f3mica","article_published_time":"2018-01-09T12:42:28+00:00","article_modified_time":"2018-01-09T15:08:51+00:00","og_image":[{"width":1024,"height":683,"url":"https:\/\/medicina.udd.cl\/centro-genetica-genomica\/files\/2018\/01\/IMG_3224-1024x683.jpg","type":"image\/jpeg"}],"twitter_misc":{"Escrito por":"","Tiempo de lectura":"2 minutos"},"schema":{"@context":"https:\/\/schema.org","@graph":[{"@type":"Article","@id":"https:\/\/medicina.udd.cl\/centro-genetica-genomica\/noticias\/2018\/01\/09\/2198\/#article","isPartOf":{"@id":"https:\/\/medicina.udd.cl\/centro-genetica-genomica\/noticias\/2018\/01\/09\/2198\/"},"author":{"name":"","@id":""},"headline":"Investigadores del ICIM se adjudicaron proyectos Fondecyt","datePublished":"2018-01-09T12:42:28+00:00","dateModified":"2018-01-09T15:08:51+00:00","mainEntityOfPage":{"@id":"https:\/\/medicina.udd.cl\/centro-genetica-genomica\/noticias\/2018\/01\/09\/2198\/"},"wordCount":456,"commentCount":0,"image":{"@id":"https:\/\/medicina.udd.cl\/centro-genetica-genomica\/noticias\/2018\/01\/09\/2198\/#primaryimage"},"thumbnailUrl":"https:\/\/medicina.udd.cl\/centro-genetica-genomica\/files\/2018\/01\/IMG_3224.jpg","articleSection":["Noticias"],"inLanguage":"es","potentialAction":[{"@type":"CommentAction","name":"Comment","target":["https:\/\/medicina.udd.cl\/centro-genetica-genomica\/noticias\/2018\/01\/09\/2198\/#respond"]}]},{"@type":"WebPage","@id":"https:\/\/medicina.udd.cl\/centro-genetica-genomica\/noticias\/2018\/01\/09\/2198\/","url":"https:\/\/medicina.udd.cl\/centro-genetica-genomica\/noticias\/2018\/01\/09\/2198\/","name":"Investigadores del ICIM se adjudicaron proyectos Fondecyt - Centro de Gen\u00e9tica y Gen\u00f3mica","isPartOf":{"@id":"https:\/\/medicina.udd.cl\/centro-genetica-genomica\/#website"},"primaryImageOfPage":{"@id":"https:\/\/medicina.udd.cl\/centro-genetica-genomica\/noticias\/2018\/01\/09\/2198\/#primaryimage"},"image":{"@id":"https:\/\/medicina.udd.cl\/centro-genetica-genomica\/noticias\/2018\/01\/09\/2198\/#primaryimage"},"thumbnailUrl":"https:\/\/medicina.udd.cl\/centro-genetica-genomica\/files\/2018\/01\/IMG_3224.jpg","datePublished":"2018-01-09T12:42:28+00:00","dateModified":"2018-01-09T15:08:51+00:00","author":{"@id":""},"breadcrumb":{"@id":"https:\/\/medicina.udd.cl\/centro-genetica-genomica\/noticias\/2018\/01\/09\/2198\/#breadcrumb"},"inLanguage":"es","potentialAction":[{"@type":"ReadAction","target":["https:\/\/medicina.udd.cl\/centro-genetica-genomica\/noticias\/2018\/01\/09\/2198\/"]}]},{"@type":"ImageObject","inLanguage":"es","@id":"https:\/\/medicina.udd.cl\/centro-genetica-genomica\/noticias\/2018\/01\/09\/2198\/#primaryimage","url":"https:\/\/medicina.udd.cl\/centro-genetica-genomica\/files\/2018\/01\/IMG_3224.jpg","contentUrl":"https:\/\/medicina.udd.cl\/centro-genetica-genomica\/files\/2018\/01\/IMG_3224.jpg","width":4096,"height":2731},{"@type":"BreadcrumbList","@id":"https:\/\/medicina.udd.cl\/centro-genetica-genomica\/noticias\/2018\/01\/09\/2198\/#breadcrumb","itemListElement":[{"@type":"ListItem","position":1,"name":"Inicio","item":"https:\/\/medicina.udd.cl\/centro-genetica-genomica\/"},{"@type":"ListItem","position":2,"name":"Investigadores del ICIM se adjudicaron proyectos Fondecyt"}]},{"@type":"WebSite","@id":"https:\/\/medicina.udd.cl\/centro-genetica-genomica\/#website","url":"https:\/\/medicina.udd.cl\/centro-genetica-genomica\/","name":"Centro de Gen\u00e9tica y Gen\u00f3mica","description":"","inLanguage":"es"},{"@type":"Person","@id":"","url":"https:\/\/medicina.udd.cl\/centro-genetica-genomica\/noticias\/author\/"}]}},"featured_image_url":"https:\/\/medicina.udd.cl\/centro-genetica-genomica\/files\/2018\/01\/IMG_3224.jpg","_links":{"self":[{"href":"https:\/\/medicina.udd.cl\/centro-genetica-genomica\/wp-json\/wp\/v2\/posts\/2198","targetHints":{"allow":["GET"]}}],"collection":[{"href":"https:\/\/medicina.udd.cl\/centro-genetica-genomica\/wp-json\/wp\/v2\/posts"}],"about":[{"href":"https:\/\/medicina.udd.cl\/centro-genetica-genomica\/wp-json\/wp\/v2\/types\/post"}],"author":[{"embeddable":true,"href":"https:\/\/medicina.udd.cl\/centro-genetica-genomica\/wp-json\/wp\/v2\/users\/42"}],"replies":[{"embeddable":true,"href":"https:\/\/medicina.udd.cl\/centro-genetica-genomica\/wp-json\/wp\/v2\/comments?post=2198"}],"version-history":[{"count":2,"href":"https:\/\/medicina.udd.cl\/centro-genetica-genomica\/wp-json\/wp\/v2\/posts\/2198\/revisions"}],"predecessor-version":[{"id":2201,"href":"https:\/\/medicina.udd.cl\/centro-genetica-genomica\/wp-json\/wp\/v2\/posts\/2198\/revisions\/2201"}],"wp:featuredmedia":[{"embeddable":true,"href":"https:\/\/medicina.udd.cl\/centro-genetica-genomica\/wp-json\/wp\/v2\/media\/2199"}],"wp:attachment":[{"href":"https:\/\/medicina.udd.cl\/centro-genetica-genomica\/wp-json\/wp\/v2\/media?parent=2198"}],"wp:term":[{"taxonomy":"category","embeddable":true,"href":"https:\/\/medicina.udd.cl\/centro-genetica-genomica\/wp-json\/wp\/v2\/categories?post=2198"},{"taxonomy":"post_tag","embeddable":true,"href":"https:\/\/medicina.udd.cl\/centro-genetica-genomica\/wp-json\/wp\/v2\/tags?post=2198"}],"curies":[{"name":"wp","href":"https:\/\/api.w.org\/{rel}","templated":true}]}}