{"id":2227,"date":"2018-01-25T13:04:48","date_gmt":"2018-01-25T16:04:48","guid":{"rendered":"http:\/\/medicina.udd.cl\/centro-genetica-genomica\/?p=2227"},"modified":"2018-03-15T09:05:38","modified_gmt":"2018-03-15T12:05:38","slug":"gabriela-repetto-fue-nombrada-miembro-del-global-genomic-medicine-collaborative","status":"publish","type":"post","link":"https:\/\/medicina.udd.cl\/centro-genetica-genomica\/noticias\/2018\/01\/25\/gabriela-repetto-fue-nombrada-miembro-del-global-genomic-medicine-collaborative\/","title":{"rendered":"Gabriela Repetto fue nombrada miembro del Global Genomic Medicine Collaborative"},"content":{"rendered":"<p style=\"text-align: justify;\">La Dra. Gabriela Repetto, directora del Centro de Gen\u00e9tica y Gen\u00f3mica del Instituto de Ciencias e Innovaci\u00f3n en Medicina (ICIM) de la Facultad de Medicina Cl\u00ednica Alemana Universidad del Desarrollo, fue nombrada miembro del comit\u00e9 directivo y representante para Am\u00e9rica Latina del <a href=\"https:\/\/g2mc.org\/\"><strong>Global Genomic Medicine Collaborative<\/strong><\/a>.<\/p>\n<p style=\"text-align: justify;\">Se trata de una iniciativa que busca promover la inserci\u00f3n de la Gen\u00f3mica en Salud, generando informaci\u00f3n sobre las distintas iniciativas gen\u00f3micas desarrolladas a nivel global, de manera de construir est\u00e1ndares que ayuden a todos los pa\u00edses en esta \u00e1rea, adem\u00e1s de generar redes de colaboraci\u00f3n que permitan la realizaci\u00f3n de proyectos internacionales conjuntos.<\/p>\n<p style=\"text-align: justify;\">Seg\u00fan cuenta la Dra. Repetto, \u201cla relevancia de esta agrupaci\u00f3n es favorecer la implementaci\u00f3n de la Medicina Gen\u00f3mica en el mundo entero, por lo que es importante que no haya s\u00f3lo iniciativas locales, sino que se comparta lo que est\u00e1n llevando a cabo los distintos pa\u00edses\u201d, dada la relevancia de este tipo de Medicina en el \u00e1mbito cl\u00ednico, en la aplicaci\u00f3n de datos y en el uso de herramientas moleculares para la atenci\u00f3n.<\/p>\n<p style=\"text-align: justify;\">Hoy, esta agrupaci\u00f3n est\u00e1 organizando un congreso en Sud\u00e1frica, que se realizar\u00e1 en noviembre de 2018, cuyo objetivo ser\u00e1 revisar las iniciativas gen\u00f3micas en pa\u00edses desarrollados, en v\u00edas de desarrollo y aquellos con menos recursos, con el fin de ir adaptando las capacidades disponibles a la realidad de cada pa\u00eds.<\/p>\n","protected":false},"excerpt":{"rendered":"<p>Ser\u00e1 parte del comit\u00e9 directivo y representante de Latinoam\u00e9rica en esta iniciativa, cuyo objetivo es promover, a nivel mundial, la inserci\u00f3n de la Gen\u00f3mica en Salud, adem\u00e1s de generar redes de colaboraci\u00f3n para la realizaci\u00f3n de proyectos internacionales conjuntos.<\/p>\n","protected":false},"author":42,"featured_media":2228,"comment_status":"open","ping_status":"open","sticky":false,"template":"","format":"standard","meta":{"footnotes":""},"categories":[4],"tags":[],"class_list":["post-2227","post","type-post","status-publish","format-standard","has-post-thumbnail","hentry","category-noticias"],"yoast_head":"<!-- This site is optimized with the Yoast SEO plugin v26.9 - https:\/\/yoast.com\/product\/yoast-seo-wordpress\/ -->\n<title>Gabriela Repetto fue nombrada miembro del Global Genomic Medicine Collaborative - Centro de Gen\u00e9tica y Gen\u00f3mica<\/title>\n<meta name=\"robots\" content=\"index, follow, max-snippet:-1, max-image-preview:large, max-video-preview:-1\" \/>\n<link rel=\"canonical\" href=\"https:\/\/medicina.udd.cl\/centro-genetica-genomica\/noticias\/2018\/01\/25\/gabriela-repetto-fue-nombrada-miembro-del-global-genomic-medicine-collaborative\/\" \/>\n<meta property=\"og:locale\" content=\"es_ES\" \/>\n<meta property=\"og:type\" content=\"article\" \/>\n<meta property=\"og:title\" content=\"Gabriela Repetto fue nombrada miembro del Global Genomic Medicine Collaborative - Centro de Gen\u00e9tica y Gen\u00f3mica\" \/>\n<meta property=\"og:description\" content=\"Ser\u00e1 parte del comit\u00e9 directivo y representante de Latinoam\u00e9rica en esta iniciativa, cuyo objetivo es promover, a nivel mundial, la inserci\u00f3n de la Gen\u00f3mica en Salud, adem\u00e1s de generar redes de colaboraci\u00f3n para la realizaci\u00f3n de proyectos internacionales conjuntos.\" \/>\n<meta property=\"og:url\" content=\"https:\/\/medicina.udd.cl\/centro-genetica-genomica\/noticias\/2018\/01\/25\/gabriela-repetto-fue-nombrada-miembro-del-global-genomic-medicine-collaborative\/\" \/>\n<meta property=\"og:site_name\" content=\"Centro de Gen\u00e9tica y Gen\u00f3mica\" \/>\n<meta property=\"article:published_time\" content=\"2018-01-25T16:04:48+00:00\" \/>\n<meta property=\"article:modified_time\" content=\"2018-03-15T12:05:38+00:00\" \/>\n<meta property=\"og:image\" content=\"https:\/\/medicina.udd.cl\/centro-genetica-genomica\/files\/2018\/01\/Dra.-Repetto.jpg\" \/>\n\t<meta property=\"og:image:width\" content=\"333\" \/>\n\t<meta property=\"og:image:height\" content=\"224\" \/>\n\t<meta property=\"og:image:type\" content=\"image\/jpeg\" \/>\n<meta name=\"twitter:label1\" content=\"Escrito por\" \/>\n\t<meta name=\"twitter:data1\" content=\"\" \/>\n\t<meta name=\"twitter:label2\" content=\"Tiempo de lectura\" \/>\n\t<meta name=\"twitter:data2\" content=\"1 minuto\" \/>\n<script type=\"application\/ld+json\" class=\"yoast-schema-graph\">{\"@context\":\"https:\/\/schema.org\",\"@graph\":[{\"@type\":\"Article\",\"@id\":\"https:\/\/medicina.udd.cl\/centro-genetica-genomica\/noticias\/2018\/01\/25\/gabriela-repetto-fue-nombrada-miembro-del-global-genomic-medicine-collaborative\/#article\",\"isPartOf\":{\"@id\":\"https:\/\/medicina.udd.cl\/centro-genetica-genomica\/noticias\/2018\/01\/25\/gabriela-repetto-fue-nombrada-miembro-del-global-genomic-medicine-collaborative\/\"},\"author\":{\"name\":\"\",\"@id\":\"\"},\"headline\":\"Gabriela Repetto fue nombrada miembro del Global Genomic Medicine Collaborative\",\"datePublished\":\"2018-01-25T16:04:48+00:00\",\"dateModified\":\"2018-03-15T12:05:38+00:00\",\"mainEntityOfPage\":{\"@id\":\"https:\/\/medicina.udd.cl\/centro-genetica-genomica\/noticias\/2018\/01\/25\/gabriela-repetto-fue-nombrada-miembro-del-global-genomic-medicine-collaborative\/\"},\"wordCount\":262,\"commentCount\":0,\"image\":{\"@id\":\"https:\/\/medicina.udd.cl\/centro-genetica-genomica\/noticias\/2018\/01\/25\/gabriela-repetto-fue-nombrada-miembro-del-global-genomic-medicine-collaborative\/#primaryimage\"},\"thumbnailUrl\":\"https:\/\/medicina.udd.cl\/centro-genetica-genomica\/files\/2018\/01\/Dra.-Repetto.jpg\",\"articleSection\":[\"Noticias\"],\"inLanguage\":\"es\",\"potentialAction\":[{\"@type\":\"CommentAction\",\"name\":\"Comment\",\"target\":[\"https:\/\/medicina.udd.cl\/centro-genetica-genomica\/noticias\/2018\/01\/25\/gabriela-repetto-fue-nombrada-miembro-del-global-genomic-medicine-collaborative\/#respond\"]}]},{\"@type\":\"WebPage\",\"@id\":\"https:\/\/medicina.udd.cl\/centro-genetica-genomica\/noticias\/2018\/01\/25\/gabriela-repetto-fue-nombrada-miembro-del-global-genomic-medicine-collaborative\/\",\"url\":\"https:\/\/medicina.udd.cl\/centro-genetica-genomica\/noticias\/2018\/01\/25\/gabriela-repetto-fue-nombrada-miembro-del-global-genomic-medicine-collaborative\/\",\"name\":\"Gabriela Repetto fue nombrada miembro del Global Genomic Medicine Collaborative - Centro de Gen\u00e9tica y Gen\u00f3mica\",\"isPartOf\":{\"@id\":\"https:\/\/medicina.udd.cl\/centro-genetica-genomica\/#website\"},\"primaryImageOfPage\":{\"@id\":\"https:\/\/medicina.udd.cl\/centro-genetica-genomica\/noticias\/2018\/01\/25\/gabriela-repetto-fue-nombrada-miembro-del-global-genomic-medicine-collaborative\/#primaryimage\"},\"image\":{\"@id\":\"https:\/\/medicina.udd.cl\/centro-genetica-genomica\/noticias\/2018\/01\/25\/gabriela-repetto-fue-nombrada-miembro-del-global-genomic-medicine-collaborative\/#primaryimage\"},\"thumbnailUrl\":\"https:\/\/medicina.udd.cl\/centro-genetica-genomica\/files\/2018\/01\/Dra.-Repetto.jpg\",\"datePublished\":\"2018-01-25T16:04:48+00:00\",\"dateModified\":\"2018-03-15T12:05:38+00:00\",\"author\":{\"@id\":\"\"},\"breadcrumb\":{\"@id\":\"https:\/\/medicina.udd.cl\/centro-genetica-genomica\/noticias\/2018\/01\/25\/gabriela-repetto-fue-nombrada-miembro-del-global-genomic-medicine-collaborative\/#breadcrumb\"},\"inLanguage\":\"es\",\"potentialAction\":[{\"@type\":\"ReadAction\",\"target\":[\"https:\/\/medicina.udd.cl\/centro-genetica-genomica\/noticias\/2018\/01\/25\/gabriela-repetto-fue-nombrada-miembro-del-global-genomic-medicine-collaborative\/\"]}]},{\"@type\":\"ImageObject\",\"inLanguage\":\"es\",\"@id\":\"https:\/\/medicina.udd.cl\/centro-genetica-genomica\/noticias\/2018\/01\/25\/gabriela-repetto-fue-nombrada-miembro-del-global-genomic-medicine-collaborative\/#primaryimage\",\"url\":\"https:\/\/medicina.udd.cl\/centro-genetica-genomica\/files\/2018\/01\/Dra.-Repetto.jpg\",\"contentUrl\":\"https:\/\/medicina.udd.cl\/centro-genetica-genomica\/files\/2018\/01\/Dra.-Repetto.jpg\",\"width\":333,\"height\":224},{\"@type\":\"BreadcrumbList\",\"@id\":\"https:\/\/medicina.udd.cl\/centro-genetica-genomica\/noticias\/2018\/01\/25\/gabriela-repetto-fue-nombrada-miembro-del-global-genomic-medicine-collaborative\/#breadcrumb\",\"itemListElement\":[{\"@type\":\"ListItem\",\"position\":1,\"name\":\"Inicio\",\"item\":\"https:\/\/medicina.udd.cl\/centro-genetica-genomica\/\"},{\"@type\":\"ListItem\",\"position\":2,\"name\":\"Gabriela Repetto fue nombrada miembro del Global Genomic Medicine Collaborative\"}]},{\"@type\":\"WebSite\",\"@id\":\"https:\/\/medicina.udd.cl\/centro-genetica-genomica\/#website\",\"url\":\"https:\/\/medicina.udd.cl\/centro-genetica-genomica\/\",\"name\":\"Centro de Gen\u00e9tica y Gen\u00f3mica\",\"description\":\"\",\"inLanguage\":\"es\"},{\"@type\":\"Person\",\"@id\":\"\",\"url\":\"https:\/\/medicina.udd.cl\/centro-genetica-genomica\/noticias\/author\/\"}]}<\/script>\n<!-- \/ Yoast SEO plugin. -->","yoast_head_json":{"title":"Gabriela Repetto fue nombrada miembro del Global Genomic Medicine Collaborative - Centro de Gen\u00e9tica y Gen\u00f3mica","robots":{"index":"index","follow":"follow","max-snippet":"max-snippet:-1","max-image-preview":"max-image-preview:large","max-video-preview":"max-video-preview:-1"},"canonical":"https:\/\/medicina.udd.cl\/centro-genetica-genomica\/noticias\/2018\/01\/25\/gabriela-repetto-fue-nombrada-miembro-del-global-genomic-medicine-collaborative\/","og_locale":"es_ES","og_type":"article","og_title":"Gabriela Repetto fue nombrada miembro del Global Genomic Medicine Collaborative - Centro de Gen\u00e9tica y Gen\u00f3mica","og_description":"Ser\u00e1 parte del comit\u00e9 directivo y representante de Latinoam\u00e9rica en esta iniciativa, cuyo objetivo es promover, a nivel mundial, la inserci\u00f3n de la Gen\u00f3mica en Salud, adem\u00e1s de generar redes de colaboraci\u00f3n para la realizaci\u00f3n de proyectos internacionales conjuntos.","og_url":"https:\/\/medicina.udd.cl\/centro-genetica-genomica\/noticias\/2018\/01\/25\/gabriela-repetto-fue-nombrada-miembro-del-global-genomic-medicine-collaborative\/","og_site_name":"Centro de Gen\u00e9tica y Gen\u00f3mica","article_published_time":"2018-01-25T16:04:48+00:00","article_modified_time":"2018-03-15T12:05:38+00:00","og_image":[{"width":333,"height":224,"url":"https:\/\/medicina.udd.cl\/centro-genetica-genomica\/files\/2018\/01\/Dra.-Repetto.jpg","type":"image\/jpeg"}],"twitter_misc":{"Escrito por":"","Tiempo de lectura":"1 minuto"},"schema":{"@context":"https:\/\/schema.org","@graph":[{"@type":"Article","@id":"https:\/\/medicina.udd.cl\/centro-genetica-genomica\/noticias\/2018\/01\/25\/gabriela-repetto-fue-nombrada-miembro-del-global-genomic-medicine-collaborative\/#article","isPartOf":{"@id":"https:\/\/medicina.udd.cl\/centro-genetica-genomica\/noticias\/2018\/01\/25\/gabriela-repetto-fue-nombrada-miembro-del-global-genomic-medicine-collaborative\/"},"author":{"name":"","@id":""},"headline":"Gabriela Repetto fue nombrada miembro del Global Genomic Medicine Collaborative","datePublished":"2018-01-25T16:04:48+00:00","dateModified":"2018-03-15T12:05:38+00:00","mainEntityOfPage":{"@id":"https:\/\/medicina.udd.cl\/centro-genetica-genomica\/noticias\/2018\/01\/25\/gabriela-repetto-fue-nombrada-miembro-del-global-genomic-medicine-collaborative\/"},"wordCount":262,"commentCount":0,"image":{"@id":"https:\/\/medicina.udd.cl\/centro-genetica-genomica\/noticias\/2018\/01\/25\/gabriela-repetto-fue-nombrada-miembro-del-global-genomic-medicine-collaborative\/#primaryimage"},"thumbnailUrl":"https:\/\/medicina.udd.cl\/centro-genetica-genomica\/files\/2018\/01\/Dra.-Repetto.jpg","articleSection":["Noticias"],"inLanguage":"es","potentialAction":[{"@type":"CommentAction","name":"Comment","target":["https:\/\/medicina.udd.cl\/centro-genetica-genomica\/noticias\/2018\/01\/25\/gabriela-repetto-fue-nombrada-miembro-del-global-genomic-medicine-collaborative\/#respond"]}]},{"@type":"WebPage","@id":"https:\/\/medicina.udd.cl\/centro-genetica-genomica\/noticias\/2018\/01\/25\/gabriela-repetto-fue-nombrada-miembro-del-global-genomic-medicine-collaborative\/","url":"https:\/\/medicina.udd.cl\/centro-genetica-genomica\/noticias\/2018\/01\/25\/gabriela-repetto-fue-nombrada-miembro-del-global-genomic-medicine-collaborative\/","name":"Gabriela Repetto fue nombrada miembro del Global Genomic Medicine Collaborative - Centro de Gen\u00e9tica y Gen\u00f3mica","isPartOf":{"@id":"https:\/\/medicina.udd.cl\/centro-genetica-genomica\/#website"},"primaryImageOfPage":{"@id":"https:\/\/medicina.udd.cl\/centro-genetica-genomica\/noticias\/2018\/01\/25\/gabriela-repetto-fue-nombrada-miembro-del-global-genomic-medicine-collaborative\/#primaryimage"},"image":{"@id":"https:\/\/medicina.udd.cl\/centro-genetica-genomica\/noticias\/2018\/01\/25\/gabriela-repetto-fue-nombrada-miembro-del-global-genomic-medicine-collaborative\/#primaryimage"},"thumbnailUrl":"https:\/\/medicina.udd.cl\/centro-genetica-genomica\/files\/2018\/01\/Dra.-Repetto.jpg","datePublished":"2018-01-25T16:04:48+00:00","dateModified":"2018-03-15T12:05:38+00:00","author":{"@id":""},"breadcrumb":{"@id":"https:\/\/medicina.udd.cl\/centro-genetica-genomica\/noticias\/2018\/01\/25\/gabriela-repetto-fue-nombrada-miembro-del-global-genomic-medicine-collaborative\/#breadcrumb"},"inLanguage":"es","potentialAction":[{"@type":"ReadAction","target":["https:\/\/medicina.udd.cl\/centro-genetica-genomica\/noticias\/2018\/01\/25\/gabriela-repetto-fue-nombrada-miembro-del-global-genomic-medicine-collaborative\/"]}]},{"@type":"ImageObject","inLanguage":"es","@id":"https:\/\/medicina.udd.cl\/centro-genetica-genomica\/noticias\/2018\/01\/25\/gabriela-repetto-fue-nombrada-miembro-del-global-genomic-medicine-collaborative\/#primaryimage","url":"https:\/\/medicina.udd.cl\/centro-genetica-genomica\/files\/2018\/01\/Dra.-Repetto.jpg","contentUrl":"https:\/\/medicina.udd.cl\/centro-genetica-genomica\/files\/2018\/01\/Dra.-Repetto.jpg","width":333,"height":224},{"@type":"BreadcrumbList","@id":"https:\/\/medicina.udd.cl\/centro-genetica-genomica\/noticias\/2018\/01\/25\/gabriela-repetto-fue-nombrada-miembro-del-global-genomic-medicine-collaborative\/#breadcrumb","itemListElement":[{"@type":"ListItem","position":1,"name":"Inicio","item":"https:\/\/medicina.udd.cl\/centro-genetica-genomica\/"},{"@type":"ListItem","position":2,"name":"Gabriela Repetto fue nombrada miembro del Global Genomic Medicine Collaborative"}]},{"@type":"WebSite","@id":"https:\/\/medicina.udd.cl\/centro-genetica-genomica\/#website","url":"https:\/\/medicina.udd.cl\/centro-genetica-genomica\/","name":"Centro de Gen\u00e9tica y Gen\u00f3mica","description":"","inLanguage":"es"},{"@type":"Person","@id":"","url":"https:\/\/medicina.udd.cl\/centro-genetica-genomica\/noticias\/author\/"}]}},"featured_image_url":"https:\/\/medicina.udd.cl\/centro-genetica-genomica\/files\/2018\/01\/Dra.-Repetto.jpg","_links":{"self":[{"href":"https:\/\/medicina.udd.cl\/centro-genetica-genomica\/wp-json\/wp\/v2\/posts\/2227","targetHints":{"allow":["GET"]}}],"collection":[{"href":"https:\/\/medicina.udd.cl\/centro-genetica-genomica\/wp-json\/wp\/v2\/posts"}],"about":[{"href":"https:\/\/medicina.udd.cl\/centro-genetica-genomica\/wp-json\/wp\/v2\/types\/post"}],"author":[{"embeddable":true,"href":"https:\/\/medicina.udd.cl\/centro-genetica-genomica\/wp-json\/wp\/v2\/users\/42"}],"replies":[{"embeddable":true,"href":"https:\/\/medicina.udd.cl\/centro-genetica-genomica\/wp-json\/wp\/v2\/comments?post=2227"}],"version-history":[{"count":2,"href":"https:\/\/medicina.udd.cl\/centro-genetica-genomica\/wp-json\/wp\/v2\/posts\/2227\/revisions"}],"predecessor-version":[{"id":2258,"href":"https:\/\/medicina.udd.cl\/centro-genetica-genomica\/wp-json\/wp\/v2\/posts\/2227\/revisions\/2258"}],"wp:featuredmedia":[{"embeddable":true,"href":"https:\/\/medicina.udd.cl\/centro-genetica-genomica\/wp-json\/wp\/v2\/media\/2228"}],"wp:attachment":[{"href":"https:\/\/medicina.udd.cl\/centro-genetica-genomica\/wp-json\/wp\/v2\/media?parent=2227"}],"wp:term":[{"taxonomy":"category","embeddable":true,"href":"https:\/\/medicina.udd.cl\/centro-genetica-genomica\/wp-json\/wp\/v2\/categories?post=2227"},{"taxonomy":"post_tag","embeddable":true,"href":"https:\/\/medicina.udd.cl\/centro-genetica-genomica\/wp-json\/wp\/v2\/tags?post=2227"}],"curies":[{"name":"wp","href":"https:\/\/api.w.org\/{rel}","templated":true}]}}