{"id":2230,"date":"2018-01-24T16:07:11","date_gmt":"2018-01-24T19:07:11","guid":{"rendered":"http:\/\/medicina.udd.cl\/centro-genetica-genomica\/?p=2230"},"modified":"2018-03-14T16:41:34","modified_gmt":"2018-03-14T19:41:34","slug":"investigador-del-centro-de-genetica-y-genomica-recibe-premio-a-la-mejor-reunion-clinica-del-2017","status":"publish","type":"post","link":"https:\/\/medicina.udd.cl\/centro-genetica-genomica\/noticias\/2018\/01\/24\/investigador-del-centro-de-genetica-y-genomica-recibe-premio-a-la-mejor-reunion-clinica-del-2017\/","title":{"rendered":"Investigador del Centro de Gen\u00e9tica y Gen\u00f3mica es premiado en Cl\u00ednica Alemana"},"content":{"rendered":"<p style=\"text-align: justify;\"><a href=\"http:\/\/medicina.udd.cl\/centro-genetica-genomica\/files\/2018\/01\/Premiaci\u00f3n-Juan-Francisco-Calder\u00f3n.jpg\" rel=\"attachment wp-att-2231\"><img loading=\"lazy\" decoding=\"async\" class=\"wp-image-2231 aligncenter\" src=\"http:\/\/medicina.udd.cl\/centro-genetica-genomica\/files\/2018\/01\/Premiaci\u00f3n-Juan-Francisco-Calder\u00f3n-297x300.jpg\" alt=\"Premiaci\u00f3n Juan Francisco Calder\u00f3n\" width=\"420\" height=\"424\" srcset=\"https:\/\/medicina.udd.cl\/centro-genetica-genomica\/files\/2018\/01\/Premiaci\u00f3n-Juan-Francisco-Calder\u00f3n-297x300.jpg 297w, https:\/\/medicina.udd.cl\/centro-genetica-genomica\/files\/2018\/01\/Premiaci\u00f3n-Juan-Francisco-Calder\u00f3n-150x150.jpg 150w, https:\/\/medicina.udd.cl\/centro-genetica-genomica\/files\/2018\/01\/Premiaci\u00f3n-Juan-Francisco-Calder\u00f3n-768x775.jpg 768w, https:\/\/medicina.udd.cl\/centro-genetica-genomica\/files\/2018\/01\/Premiaci\u00f3n-Juan-Francisco-Calder\u00f3n-1015x1024.jpg 1015w, https:\/\/medicina.udd.cl\/centro-genetica-genomica\/files\/2018\/01\/Premiaci\u00f3n-Juan-Francisco-Calder\u00f3n-62x62.jpg 62w, https:\/\/medicina.udd.cl\/centro-genetica-genomica\/files\/2018\/01\/Premiaci\u00f3n-Juan-Francisco-Calder\u00f3n-952x960.jpg 952w, https:\/\/medicina.udd.cl\/centro-genetica-genomica\/files\/2018\/01\/Premiaci\u00f3n-Juan-Francisco-Calder\u00f3n-126x126.jpg 126w\" sizes=\"auto, (max-width: 420px) 100vw, 420px\" \/><\/a>Juan Francisco Calder\u00f3n, investigador del Centro de Gen\u00e9tica y Gen\u00f3mica del Instituto de Ciencias e Innovaci\u00f3n en Medicina (ICIM) Facultad de Medicina Cl\u00ednica Alemana Universidad del Desarrollo, recibi\u00f3 el premio a la mejor Reuni\u00f3n Cl\u00ednica del a\u00f1o 2017.<\/p>\n<p style=\"text-align: justify;\">Las Reuniones Cl\u00ednicas \u2013 que se realizan los d\u00edas mi\u00e9rcoles- son organizadas por el Departamento Cient\u00edfico Docente de Cl\u00ednica Alemana, cuyo objetivo es \u201cponer al d\u00eda\u201d a m\u00e9dicos sobre diversos temas de inter\u00e9s, entre ellos, avances, nuevas t\u00e9cnicas y dar a conocer la experiencia en la cl\u00ednica.<\/p>\n<p style=\"text-align: justify;\">En este contexto, Calder\u00f3n realiz\u00f3 la presentaci\u00f3n \u201cEdici\u00f3n g\u00e9nica en humanos: mitos, realidades y proyecciones\u201d, la cual fue premiada en el contexto de la Clausura del A\u00f1o del Departamento Cient\u00edfico Docente y que, adem\u00e1s, resumi\u00f3 su principal l\u00ednea de investigaci\u00f3n en la actualidad, en el ICIM.<\/p>\n<p style=\"text-align: justify;\">El investigador UDD, adem\u00e1s de agradecer el premio recibido por su presentaci\u00f3n, destaca la importancia de este tipo de instancias, pues se relacionan con uno de los objetivos estrat\u00e9gicos del ICIM, que es hacer ciencia traslacional, \u201cinvolucr\u00e1ndonos de manera significativa y real con los profesionales de la Cl\u00ednica Alemana\u201d, agregando que \u201clograr un trabajo colaborativo entre ambas instituciones, permitir\u00e1 la realizaci\u00f3n de proyectos cada vez m\u00e1s integrales\u201d.<\/p>\n<p style=\"text-align: justify;\">\n","protected":false},"excerpt":{"rendered":"<p>Juan Francisco Calder\u00f3n particip\u00f3 en las tradicionales \u201cReuniones Cl\u00ednicas\u201d, recibiendo el premio a la mejor del 2017, por su presentaci\u00f3n \u201cEdici\u00f3n g\u00e9nica en humanos: mitos, realidades y proyecciones\u201d.<\/p>\n","protected":false},"author":42,"featured_media":2233,"comment_status":"open","ping_status":"open","sticky":false,"template":"","format":"standard","meta":{"footnotes":""},"categories":[4],"tags":[],"class_list":["post-2230","post","type-post","status-publish","format-standard","has-post-thumbnail","hentry","category-noticias"],"yoast_head":"<!-- This site is optimized with the Yoast SEO plugin v26.9 - https:\/\/yoast.com\/product\/yoast-seo-wordpress\/ -->\n<title>Investigador del Centro de Gen\u00e9tica y Gen\u00f3mica es premiado en Cl\u00ednica Alemana - Centro de Gen\u00e9tica y Gen\u00f3mica<\/title>\n<meta name=\"robots\" content=\"index, follow, max-snippet:-1, max-image-preview:large, max-video-preview:-1\" \/>\n<link rel=\"canonical\" href=\"https:\/\/medicina.udd.cl\/centro-genetica-genomica\/noticias\/2018\/01\/24\/investigador-del-centro-de-genetica-y-genomica-recibe-premio-a-la-mejor-reunion-clinica-del-2017\/\" \/>\n<meta property=\"og:locale\" content=\"es_ES\" \/>\n<meta property=\"og:type\" content=\"article\" \/>\n<meta property=\"og:title\" content=\"Investigador del Centro de Gen\u00e9tica y Gen\u00f3mica es premiado en Cl\u00ednica Alemana - Centro de Gen\u00e9tica y Gen\u00f3mica\" \/>\n<meta property=\"og:description\" content=\"Juan Francisco Calder\u00f3n particip\u00f3 en las tradicionales \u201cReuniones Cl\u00ednicas\u201d, recibiendo el premio a la mejor del 2017, por su presentaci\u00f3n \u201cEdici\u00f3n g\u00e9nica en humanos: mitos, realidades y proyecciones\u201d.\" \/>\n<meta property=\"og:url\" content=\"https:\/\/medicina.udd.cl\/centro-genetica-genomica\/noticias\/2018\/01\/24\/investigador-del-centro-de-genetica-y-genomica-recibe-premio-a-la-mejor-reunion-clinica-del-2017\/\" \/>\n<meta property=\"og:site_name\" content=\"Centro de Gen\u00e9tica y Gen\u00f3mica\" \/>\n<meta property=\"article:published_time\" content=\"2018-01-24T19:07:11+00:00\" \/>\n<meta property=\"article:modified_time\" content=\"2018-03-14T19:41:34+00:00\" \/>\n<meta property=\"og:image\" content=\"https:\/\/medicina.udd.cl\/centro-genetica-genomica\/files\/2018\/01\/Premiaci\u00f3n-Juan-Francisco-Calder\u00f3n-copia.jpg\" \/>\n\t<meta property=\"og:image:width\" content=\"2968\" \/>\n\t<meta property=\"og:image:height\" content=\"2112\" \/>\n\t<meta property=\"og:image:type\" content=\"image\/jpeg\" \/>\n<meta name=\"twitter:label1\" content=\"Escrito por\" \/>\n\t<meta name=\"twitter:data1\" content=\"\" \/>\n\t<meta name=\"twitter:label2\" content=\"Tiempo de lectura\" \/>\n\t<meta name=\"twitter:data2\" content=\"1 minuto\" \/>\n<script type=\"application\/ld+json\" class=\"yoast-schema-graph\">{\"@context\":\"https:\/\/schema.org\",\"@graph\":[{\"@type\":\"Article\",\"@id\":\"https:\/\/medicina.udd.cl\/centro-genetica-genomica\/noticias\/2018\/01\/24\/investigador-del-centro-de-genetica-y-genomica-recibe-premio-a-la-mejor-reunion-clinica-del-2017\/#article\",\"isPartOf\":{\"@id\":\"https:\/\/medicina.udd.cl\/centro-genetica-genomica\/noticias\/2018\/01\/24\/investigador-del-centro-de-genetica-y-genomica-recibe-premio-a-la-mejor-reunion-clinica-del-2017\/\"},\"author\":{\"name\":\"\",\"@id\":\"\"},\"headline\":\"Investigador del Centro de Gen\u00e9tica y Gen\u00f3mica es premiado en Cl\u00ednica Alemana\",\"datePublished\":\"2018-01-24T19:07:11+00:00\",\"dateModified\":\"2018-03-14T19:41:34+00:00\",\"mainEntityOfPage\":{\"@id\":\"https:\/\/medicina.udd.cl\/centro-genetica-genomica\/noticias\/2018\/01\/24\/investigador-del-centro-de-genetica-y-genomica-recibe-premio-a-la-mejor-reunion-clinica-del-2017\/\"},\"wordCount\":245,\"commentCount\":0,\"image\":{\"@id\":\"https:\/\/medicina.udd.cl\/centro-genetica-genomica\/noticias\/2018\/01\/24\/investigador-del-centro-de-genetica-y-genomica-recibe-premio-a-la-mejor-reunion-clinica-del-2017\/#primaryimage\"},\"thumbnailUrl\":\"https:\/\/medicina.udd.cl\/centro-genetica-genomica\/files\/2018\/01\/Premiaci\u00f3n-Juan-Francisco-Calder\u00f3n-copia.jpg\",\"articleSection\":[\"Noticias\"],\"inLanguage\":\"es\",\"potentialAction\":[{\"@type\":\"CommentAction\",\"name\":\"Comment\",\"target\":[\"https:\/\/medicina.udd.cl\/centro-genetica-genomica\/noticias\/2018\/01\/24\/investigador-del-centro-de-genetica-y-genomica-recibe-premio-a-la-mejor-reunion-clinica-del-2017\/#respond\"]}]},{\"@type\":\"WebPage\",\"@id\":\"https:\/\/medicina.udd.cl\/centro-genetica-genomica\/noticias\/2018\/01\/24\/investigador-del-centro-de-genetica-y-genomica-recibe-premio-a-la-mejor-reunion-clinica-del-2017\/\",\"url\":\"https:\/\/medicina.udd.cl\/centro-genetica-genomica\/noticias\/2018\/01\/24\/investigador-del-centro-de-genetica-y-genomica-recibe-premio-a-la-mejor-reunion-clinica-del-2017\/\",\"name\":\"Investigador del Centro de Gen\u00e9tica y Gen\u00f3mica es premiado en Cl\u00ednica Alemana - Centro de Gen\u00e9tica y Gen\u00f3mica\",\"isPartOf\":{\"@id\":\"https:\/\/medicina.udd.cl\/centro-genetica-genomica\/#website\"},\"primaryImageOfPage\":{\"@id\":\"https:\/\/medicina.udd.cl\/centro-genetica-genomica\/noticias\/2018\/01\/24\/investigador-del-centro-de-genetica-y-genomica-recibe-premio-a-la-mejor-reunion-clinica-del-2017\/#primaryimage\"},\"image\":{\"@id\":\"https:\/\/medicina.udd.cl\/centro-genetica-genomica\/noticias\/2018\/01\/24\/investigador-del-centro-de-genetica-y-genomica-recibe-premio-a-la-mejor-reunion-clinica-del-2017\/#primaryimage\"},\"thumbnailUrl\":\"https:\/\/medicina.udd.cl\/centro-genetica-genomica\/files\/2018\/01\/Premiaci\u00f3n-Juan-Francisco-Calder\u00f3n-copia.jpg\",\"datePublished\":\"2018-01-24T19:07:11+00:00\",\"dateModified\":\"2018-03-14T19:41:34+00:00\",\"author\":{\"@id\":\"\"},\"breadcrumb\":{\"@id\":\"https:\/\/medicina.udd.cl\/centro-genetica-genomica\/noticias\/2018\/01\/24\/investigador-del-centro-de-genetica-y-genomica-recibe-premio-a-la-mejor-reunion-clinica-del-2017\/#breadcrumb\"},\"inLanguage\":\"es\",\"potentialAction\":[{\"@type\":\"ReadAction\",\"target\":[\"https:\/\/medicina.udd.cl\/centro-genetica-genomica\/noticias\/2018\/01\/24\/investigador-del-centro-de-genetica-y-genomica-recibe-premio-a-la-mejor-reunion-clinica-del-2017\/\"]}]},{\"@type\":\"ImageObject\",\"inLanguage\":\"es\",\"@id\":\"https:\/\/medicina.udd.cl\/centro-genetica-genomica\/noticias\/2018\/01\/24\/investigador-del-centro-de-genetica-y-genomica-recibe-premio-a-la-mejor-reunion-clinica-del-2017\/#primaryimage\",\"url\":\"https:\/\/medicina.udd.cl\/centro-genetica-genomica\/files\/2018\/01\/Premiaci\u00f3n-Juan-Francisco-Calder\u00f3n-copia.jpg\",\"contentUrl\":\"https:\/\/medicina.udd.cl\/centro-genetica-genomica\/files\/2018\/01\/Premiaci\u00f3n-Juan-Francisco-Calder\u00f3n-copia.jpg\",\"width\":2968,\"height\":2112},{\"@type\":\"BreadcrumbList\",\"@id\":\"https:\/\/medicina.udd.cl\/centro-genetica-genomica\/noticias\/2018\/01\/24\/investigador-del-centro-de-genetica-y-genomica-recibe-premio-a-la-mejor-reunion-clinica-del-2017\/#breadcrumb\",\"itemListElement\":[{\"@type\":\"ListItem\",\"position\":1,\"name\":\"Inicio\",\"item\":\"https:\/\/medicina.udd.cl\/centro-genetica-genomica\/\"},{\"@type\":\"ListItem\",\"position\":2,\"name\":\"Investigador del Centro de Gen\u00e9tica y Gen\u00f3mica es premiado en Cl\u00ednica Alemana\"}]},{\"@type\":\"WebSite\",\"@id\":\"https:\/\/medicina.udd.cl\/centro-genetica-genomica\/#website\",\"url\":\"https:\/\/medicina.udd.cl\/centro-genetica-genomica\/\",\"name\":\"Centro de Gen\u00e9tica y Gen\u00f3mica\",\"description\":\"\",\"inLanguage\":\"es\"},{\"@type\":\"Person\",\"@id\":\"\",\"url\":\"https:\/\/medicina.udd.cl\/centro-genetica-genomica\/noticias\/author\/\"}]}<\/script>\n<!-- \/ Yoast SEO plugin. -->","yoast_head_json":{"title":"Investigador del Centro de Gen\u00e9tica y Gen\u00f3mica es premiado en Cl\u00ednica Alemana - Centro de Gen\u00e9tica y Gen\u00f3mica","robots":{"index":"index","follow":"follow","max-snippet":"max-snippet:-1","max-image-preview":"max-image-preview:large","max-video-preview":"max-video-preview:-1"},"canonical":"https:\/\/medicina.udd.cl\/centro-genetica-genomica\/noticias\/2018\/01\/24\/investigador-del-centro-de-genetica-y-genomica-recibe-premio-a-la-mejor-reunion-clinica-del-2017\/","og_locale":"es_ES","og_type":"article","og_title":"Investigador del Centro de Gen\u00e9tica y Gen\u00f3mica es premiado en Cl\u00ednica Alemana - Centro de Gen\u00e9tica y Gen\u00f3mica","og_description":"Juan Francisco Calder\u00f3n particip\u00f3 en las tradicionales \u201cReuniones Cl\u00ednicas\u201d, recibiendo el premio a la mejor del 2017, por su presentaci\u00f3n \u201cEdici\u00f3n g\u00e9nica en humanos: mitos, realidades y proyecciones\u201d.","og_url":"https:\/\/medicina.udd.cl\/centro-genetica-genomica\/noticias\/2018\/01\/24\/investigador-del-centro-de-genetica-y-genomica-recibe-premio-a-la-mejor-reunion-clinica-del-2017\/","og_site_name":"Centro de Gen\u00e9tica y Gen\u00f3mica","article_published_time":"2018-01-24T19:07:11+00:00","article_modified_time":"2018-03-14T19:41:34+00:00","og_image":[{"width":2968,"height":2112,"url":"https:\/\/medicina.udd.cl\/centro-genetica-genomica\/files\/2018\/01\/Premiaci\u00f3n-Juan-Francisco-Calder\u00f3n-copia.jpg","type":"image\/jpeg"}],"twitter_misc":{"Escrito por":"","Tiempo de lectura":"1 minuto"},"schema":{"@context":"https:\/\/schema.org","@graph":[{"@type":"Article","@id":"https:\/\/medicina.udd.cl\/centro-genetica-genomica\/noticias\/2018\/01\/24\/investigador-del-centro-de-genetica-y-genomica-recibe-premio-a-la-mejor-reunion-clinica-del-2017\/#article","isPartOf":{"@id":"https:\/\/medicina.udd.cl\/centro-genetica-genomica\/noticias\/2018\/01\/24\/investigador-del-centro-de-genetica-y-genomica-recibe-premio-a-la-mejor-reunion-clinica-del-2017\/"},"author":{"name":"","@id":""},"headline":"Investigador del Centro de Gen\u00e9tica y Gen\u00f3mica es premiado en Cl\u00ednica Alemana","datePublished":"2018-01-24T19:07:11+00:00","dateModified":"2018-03-14T19:41:34+00:00","mainEntityOfPage":{"@id":"https:\/\/medicina.udd.cl\/centro-genetica-genomica\/noticias\/2018\/01\/24\/investigador-del-centro-de-genetica-y-genomica-recibe-premio-a-la-mejor-reunion-clinica-del-2017\/"},"wordCount":245,"commentCount":0,"image":{"@id":"https:\/\/medicina.udd.cl\/centro-genetica-genomica\/noticias\/2018\/01\/24\/investigador-del-centro-de-genetica-y-genomica-recibe-premio-a-la-mejor-reunion-clinica-del-2017\/#primaryimage"},"thumbnailUrl":"https:\/\/medicina.udd.cl\/centro-genetica-genomica\/files\/2018\/01\/Premiaci\u00f3n-Juan-Francisco-Calder\u00f3n-copia.jpg","articleSection":["Noticias"],"inLanguage":"es","potentialAction":[{"@type":"CommentAction","name":"Comment","target":["https:\/\/medicina.udd.cl\/centro-genetica-genomica\/noticias\/2018\/01\/24\/investigador-del-centro-de-genetica-y-genomica-recibe-premio-a-la-mejor-reunion-clinica-del-2017\/#respond"]}]},{"@type":"WebPage","@id":"https:\/\/medicina.udd.cl\/centro-genetica-genomica\/noticias\/2018\/01\/24\/investigador-del-centro-de-genetica-y-genomica-recibe-premio-a-la-mejor-reunion-clinica-del-2017\/","url":"https:\/\/medicina.udd.cl\/centro-genetica-genomica\/noticias\/2018\/01\/24\/investigador-del-centro-de-genetica-y-genomica-recibe-premio-a-la-mejor-reunion-clinica-del-2017\/","name":"Investigador del Centro de Gen\u00e9tica y Gen\u00f3mica es premiado en Cl\u00ednica Alemana - Centro de Gen\u00e9tica y Gen\u00f3mica","isPartOf":{"@id":"https:\/\/medicina.udd.cl\/centro-genetica-genomica\/#website"},"primaryImageOfPage":{"@id":"https:\/\/medicina.udd.cl\/centro-genetica-genomica\/noticias\/2018\/01\/24\/investigador-del-centro-de-genetica-y-genomica-recibe-premio-a-la-mejor-reunion-clinica-del-2017\/#primaryimage"},"image":{"@id":"https:\/\/medicina.udd.cl\/centro-genetica-genomica\/noticias\/2018\/01\/24\/investigador-del-centro-de-genetica-y-genomica-recibe-premio-a-la-mejor-reunion-clinica-del-2017\/#primaryimage"},"thumbnailUrl":"https:\/\/medicina.udd.cl\/centro-genetica-genomica\/files\/2018\/01\/Premiaci\u00f3n-Juan-Francisco-Calder\u00f3n-copia.jpg","datePublished":"2018-01-24T19:07:11+00:00","dateModified":"2018-03-14T19:41:34+00:00","author":{"@id":""},"breadcrumb":{"@id":"https:\/\/medicina.udd.cl\/centro-genetica-genomica\/noticias\/2018\/01\/24\/investigador-del-centro-de-genetica-y-genomica-recibe-premio-a-la-mejor-reunion-clinica-del-2017\/#breadcrumb"},"inLanguage":"es","potentialAction":[{"@type":"ReadAction","target":["https:\/\/medicina.udd.cl\/centro-genetica-genomica\/noticias\/2018\/01\/24\/investigador-del-centro-de-genetica-y-genomica-recibe-premio-a-la-mejor-reunion-clinica-del-2017\/"]}]},{"@type":"ImageObject","inLanguage":"es","@id":"https:\/\/medicina.udd.cl\/centro-genetica-genomica\/noticias\/2018\/01\/24\/investigador-del-centro-de-genetica-y-genomica-recibe-premio-a-la-mejor-reunion-clinica-del-2017\/#primaryimage","url":"https:\/\/medicina.udd.cl\/centro-genetica-genomica\/files\/2018\/01\/Premiaci\u00f3n-Juan-Francisco-Calder\u00f3n-copia.jpg","contentUrl":"https:\/\/medicina.udd.cl\/centro-genetica-genomica\/files\/2018\/01\/Premiaci\u00f3n-Juan-Francisco-Calder\u00f3n-copia.jpg","width":2968,"height":2112},{"@type":"BreadcrumbList","@id":"https:\/\/medicina.udd.cl\/centro-genetica-genomica\/noticias\/2018\/01\/24\/investigador-del-centro-de-genetica-y-genomica-recibe-premio-a-la-mejor-reunion-clinica-del-2017\/#breadcrumb","itemListElement":[{"@type":"ListItem","position":1,"name":"Inicio","item":"https:\/\/medicina.udd.cl\/centro-genetica-genomica\/"},{"@type":"ListItem","position":2,"name":"Investigador del Centro de Gen\u00e9tica y Gen\u00f3mica es premiado en Cl\u00ednica Alemana"}]},{"@type":"WebSite","@id":"https:\/\/medicina.udd.cl\/centro-genetica-genomica\/#website","url":"https:\/\/medicina.udd.cl\/centro-genetica-genomica\/","name":"Centro de Gen\u00e9tica y Gen\u00f3mica","description":"","inLanguage":"es"},{"@type":"Person","@id":"","url":"https:\/\/medicina.udd.cl\/centro-genetica-genomica\/noticias\/author\/"}]}},"featured_image_url":"https:\/\/medicina.udd.cl\/centro-genetica-genomica\/files\/2018\/01\/Premiaci\u00f3n-Juan-Francisco-Calder\u00f3n-copia.jpg","_links":{"self":[{"href":"https:\/\/medicina.udd.cl\/centro-genetica-genomica\/wp-json\/wp\/v2\/posts\/2230","targetHints":{"allow":["GET"]}}],"collection":[{"href":"https:\/\/medicina.udd.cl\/centro-genetica-genomica\/wp-json\/wp\/v2\/posts"}],"about":[{"href":"https:\/\/medicina.udd.cl\/centro-genetica-genomica\/wp-json\/wp\/v2\/types\/post"}],"author":[{"embeddable":true,"href":"https:\/\/medicina.udd.cl\/centro-genetica-genomica\/wp-json\/wp\/v2\/users\/42"}],"replies":[{"embeddable":true,"href":"https:\/\/medicina.udd.cl\/centro-genetica-genomica\/wp-json\/wp\/v2\/comments?post=2230"}],"version-history":[{"count":6,"href":"https:\/\/medicina.udd.cl\/centro-genetica-genomica\/wp-json\/wp\/v2\/posts\/2230\/revisions"}],"predecessor-version":[{"id":2256,"href":"https:\/\/medicina.udd.cl\/centro-genetica-genomica\/wp-json\/wp\/v2\/posts\/2230\/revisions\/2256"}],"wp:featuredmedia":[{"embeddable":true,"href":"https:\/\/medicina.udd.cl\/centro-genetica-genomica\/wp-json\/wp\/v2\/media\/2233"}],"wp:attachment":[{"href":"https:\/\/medicina.udd.cl\/centro-genetica-genomica\/wp-json\/wp\/v2\/media?parent=2230"}],"wp:term":[{"taxonomy":"category","embeddable":true,"href":"https:\/\/medicina.udd.cl\/centro-genetica-genomica\/wp-json\/wp\/v2\/categories?post=2230"},{"taxonomy":"post_tag","embeddable":true,"href":"https:\/\/medicina.udd.cl\/centro-genetica-genomica\/wp-json\/wp\/v2\/tags?post=2230"}],"curies":[{"name":"wp","href":"https:\/\/api.w.org\/{rel}","templated":true}]}}