{"id":2297,"date":"2018-07-04T11:58:27","date_gmt":"2018-07-04T15:58:27","guid":{"rendered":"http:\/\/medicina.udd.cl\/centro-genetica-genomica\/?p=2297"},"modified":"2018-07-26T15:08:26","modified_gmt":"2018-07-26T19:08:26","slug":"cgg-recibe-en-sus-laboratorios-a-estudiantes-extranjeros","status":"publish","type":"post","link":"https:\/\/medicina.udd.cl\/centro-genetica-genomica\/noticias\/2018\/07\/04\/cgg-recibe-en-sus-laboratorios-a-estudiantes-extranjeros\/","title":{"rendered":"CGG recibe en sus laboratorios a estudiantes extranjeros"},"content":{"rendered":"<p style=\"text-align: justify;\">Cinco estudiantes extranjeros se encuentran realizando pasant\u00edas en los laboratorios del Instituto de Ciencias e Innovaci\u00f3n en Medicina de la Universidad del Desarrollo, con el objetivo de perfeccionarse en sus respectivas \u00e1reas de formaci\u00f3n, adem\u00e1s de mejorar su manejo del idioma espa\u00f1ol.<\/p>\n<p style=\"text-align: justify;\">Unitha Cherry, estudiante de segundo a\u00f1o de Biolog\u00eda de la Universidad de Richmond, Virginia, es una de las alumnas que realiza un intercambio de dos meses y que se ha incorporado a las actividades de laboratorio y de investigaci\u00f3n del Centro de Gen\u00e9tica y Gen\u00f3mica, bajo la supervisi\u00f3n del investigador Juan Francisco Calder\u00f3n.<\/p>\n<p style=\"text-align: justify;\">Este mismo centro recibi\u00f3 tambi\u00e9n a Ana Sarmiento, de Brandeis University, quien se encuentra realizando una pr\u00e1ctica de siete semanas junto a Sonia Margarit, en el marco de su programa de formaci\u00f3n en consejer\u00eda gen\u00e9tica. A su vez, le ha permitido perfeccionar su espa\u00f1ol, relevante para su futuro trabajo, dado el contexto actual en Estados Unidos, donde un 20% de la poblaci\u00f3n es de habla hispana, cifra que aumentar\u00eda a un 50% en los pr\u00f3ximos a\u00f1os.<\/p>\n<p style=\"text-align: justify;\">Estas alumnas se suman a otros tres estudiantes que realizan pasant\u00edas en el ICIM. Por un lado, el Centro de Qu\u00edmica M\u00e9dica recibi\u00f3 a Kevin Holland, bachelor en Ingenier\u00eda Qu\u00edmica del Stevens Institute of Technology de Estados Unidos; y Maxwell Maynard, bachelor en Ciencias de la Universidad Universidad de Carolina del Norte en Wilmington, quienes desarrollan trabajo de laboratorio bajo la supervisi\u00f3n de la Dra. Paola Campod\u00f3nico en reacciones org\u00e1nicas en solventes verdes, y con el Dr. Cristi\u00e1n Calder\u00f3n en solventes amigables con el entorno.<\/p>\n<p style=\"text-align: justify;\">En tanto, Michelle Shen, estudiante de Medicina de NYU, se encuentra realizando una pasant\u00eda de investigaci\u00f3n por ocho semanas en el Programa de Gen\u00f3mica Microbiana del ICIM, lo que le ha permitido incorporarse a las actividades de laboratorio de este equipo.<\/p>\n<figure id=\"attachment_2298\" aria-describedby=\"caption-attachment-2298\" style=\"width: 420px\" class=\"wp-caption aligncenter\"><a href=\"http:\/\/medicina.udd.cl\/centro-genetica-genomica\/files\/2018\/07\/Alumna-Juan-Francisco-Calder\u00f3n-1.jpg\" rel=\"attachment wp-att-2298\"><img loading=\"lazy\" decoding=\"async\" class=\"wp-image-2298\" src=\"http:\/\/medicina.udd.cl\/centro-genetica-genomica\/files\/2018\/07\/Alumna-Juan-Francisco-Calder\u00f3n-1-300x219.jpg\" alt=\"Alumna Juan Francisco Calder\u00f3n (1)\" width=\"420\" height=\"307\" srcset=\"https:\/\/medicina.udd.cl\/centro-genetica-genomica\/files\/2018\/07\/Alumna-Juan-Francisco-Calder\u00f3n-1-300x219.jpg 300w, https:\/\/medicina.udd.cl\/centro-genetica-genomica\/files\/2018\/07\/Alumna-Juan-Francisco-Calder\u00f3n-1-768x561.jpg 768w, https:\/\/medicina.udd.cl\/centro-genetica-genomica\/files\/2018\/07\/Alumna-Juan-Francisco-Calder\u00f3n-1-1024x748.jpg 1024w, https:\/\/medicina.udd.cl\/centro-genetica-genomica\/files\/2018\/07\/Alumna-Juan-Francisco-Calder\u00f3n-1-960x701.jpg 960w\" sizes=\"auto, (max-width: 420px) 100vw, 420px\" \/><\/a><figcaption id=\"caption-attachment-2298\" class=\"wp-caption-text\">Unitha Cherry, junto a Juan Francisco Calder\u00f3n y Leonor Cruz del CGG<\/figcaption><\/figure>\n<figure id=\"attachment_2299\" aria-describedby=\"caption-attachment-2299\" style=\"width: 420px\" class=\"wp-caption aligncenter\"><a href=\"http:\/\/medicina.udd.cl\/centro-genetica-genomica\/files\/2018\/07\/Gen\u00e9tica-y-Gen\u00f3mica.jpg\" rel=\"attachment wp-att-2299\"><img loading=\"lazy\" decoding=\"async\" class=\"wp-image-2299\" src=\"http:\/\/medicina.udd.cl\/centro-genetica-genomica\/files\/2018\/07\/Gen\u00e9tica-y-Gen\u00f3mica-300x219.jpg\" alt=\"Gen\u00e9tica y Gen\u00f3mica\" width=\"420\" height=\"306\" srcset=\"https:\/\/medicina.udd.cl\/centro-genetica-genomica\/files\/2018\/07\/Gen\u00e9tica-y-Gen\u00f3mica-300x219.jpg 300w, https:\/\/medicina.udd.cl\/centro-genetica-genomica\/files\/2018\/07\/Gen\u00e9tica-y-Gen\u00f3mica-768x559.jpg 768w, https:\/\/medicina.udd.cl\/centro-genetica-genomica\/files\/2018\/07\/Gen\u00e9tica-y-Gen\u00f3mica-1024x746.jpg 1024w, https:\/\/medicina.udd.cl\/centro-genetica-genomica\/files\/2018\/07\/Gen\u00e9tica-y-Gen\u00f3mica-87x62.jpg 87w, https:\/\/medicina.udd.cl\/centro-genetica-genomica\/files\/2018\/07\/Gen\u00e9tica-y-Gen\u00f3mica-960x699.jpg 960w\" sizes=\"auto, (max-width: 420px) 100vw, 420px\" \/><\/a><figcaption id=\"caption-attachment-2299\" class=\"wp-caption-text\">Ana Sarmiento, futura consejera gen\u00e9tica<\/figcaption><\/figure>\n","protected":false},"excerpt":{"rendered":"<p>Unitha Cherry, estudiante de Biolog\u00eda de la Universidad de Richmond, realiza actividades de laboratorio e investigaci\u00f3n bajo la supervisi\u00f3n de Juan Francisco Calder\u00f3n. En tanto, Ana Sarmiento, futura consejera gen\u00e9tica, se perfecciona junto a Sonia Margarit.<\/p>\n","protected":false},"author":42,"featured_media":2298,"comment_status":"open","ping_status":"open","sticky":false,"template":"","format":"standard","meta":{"footnotes":""},"categories":[4],"tags":[],"class_list":["post-2297","post","type-post","status-publish","format-standard","has-post-thumbnail","hentry","category-noticias"],"yoast_head":"<!-- This site is optimized with the Yoast SEO plugin v26.9 - https:\/\/yoast.com\/product\/yoast-seo-wordpress\/ -->\n<title>CGG recibe en sus laboratorios a estudiantes extranjeros - Centro de Gen\u00e9tica y Gen\u00f3mica<\/title>\n<meta name=\"robots\" content=\"index, follow, max-snippet:-1, max-image-preview:large, max-video-preview:-1\" \/>\n<link rel=\"canonical\" href=\"https:\/\/medicina.udd.cl\/centro-genetica-genomica\/noticias\/2018\/07\/04\/cgg-recibe-en-sus-laboratorios-a-estudiantes-extranjeros\/\" \/>\n<meta property=\"og:locale\" content=\"es_ES\" \/>\n<meta property=\"og:type\" content=\"article\" \/>\n<meta property=\"og:title\" content=\"CGG recibe en sus laboratorios a estudiantes extranjeros - Centro de Gen\u00e9tica y Gen\u00f3mica\" \/>\n<meta property=\"og:description\" content=\"Unitha Cherry, estudiante de Biolog\u00eda de la Universidad de Richmond, realiza actividades de laboratorio e investigaci\u00f3n bajo la supervisi\u00f3n de Juan Francisco Calder\u00f3n. En tanto, Ana Sarmiento, futura consejera gen\u00e9tica, se perfecciona junto a Sonia Margarit.\" \/>\n<meta property=\"og:url\" content=\"https:\/\/medicina.udd.cl\/centro-genetica-genomica\/noticias\/2018\/07\/04\/cgg-recibe-en-sus-laboratorios-a-estudiantes-extranjeros\/\" \/>\n<meta property=\"og:site_name\" content=\"Centro de Gen\u00e9tica y Gen\u00f3mica\" \/>\n<meta property=\"article:published_time\" content=\"2018-07-04T15:58:27+00:00\" \/>\n<meta property=\"article:modified_time\" content=\"2018-07-26T19:08:26+00:00\" \/>\n<meta property=\"og:image\" content=\"https:\/\/medicina.udd.cl\/centro-genetica-genomica\/files\/2018\/07\/Alumna-Juan-Francisco-Calder\u00f3n-1-1024x748.jpg\" \/>\n\t<meta property=\"og:image:width\" content=\"1024\" \/>\n\t<meta property=\"og:image:height\" content=\"748\" \/>\n\t<meta property=\"og:image:type\" content=\"image\/jpeg\" \/>\n<meta name=\"twitter:label1\" content=\"Escrito por\" \/>\n\t<meta name=\"twitter:data1\" content=\"\" \/>\n\t<meta name=\"twitter:label2\" content=\"Tiempo de lectura\" \/>\n\t<meta name=\"twitter:data2\" content=\"2 minutos\" \/>\n<script type=\"application\/ld+json\" class=\"yoast-schema-graph\">{\"@context\":\"https:\/\/schema.org\",\"@graph\":[{\"@type\":\"Article\",\"@id\":\"https:\/\/medicina.udd.cl\/centro-genetica-genomica\/noticias\/2018\/07\/04\/cgg-recibe-en-sus-laboratorios-a-estudiantes-extranjeros\/#article\",\"isPartOf\":{\"@id\":\"https:\/\/medicina.udd.cl\/centro-genetica-genomica\/noticias\/2018\/07\/04\/cgg-recibe-en-sus-laboratorios-a-estudiantes-extranjeros\/\"},\"author\":{\"name\":\"\",\"@id\":\"\"},\"headline\":\"CGG recibe en sus laboratorios a estudiantes extranjeros\",\"datePublished\":\"2018-07-04T15:58:27+00:00\",\"dateModified\":\"2018-07-26T19:08:26+00:00\",\"mainEntityOfPage\":{\"@id\":\"https:\/\/medicina.udd.cl\/centro-genetica-genomica\/noticias\/2018\/07\/04\/cgg-recibe-en-sus-laboratorios-a-estudiantes-extranjeros\/\"},\"wordCount\":371,\"commentCount\":0,\"image\":{\"@id\":\"https:\/\/medicina.udd.cl\/centro-genetica-genomica\/noticias\/2018\/07\/04\/cgg-recibe-en-sus-laboratorios-a-estudiantes-extranjeros\/#primaryimage\"},\"thumbnailUrl\":\"https:\/\/medicina.udd.cl\/centro-genetica-genomica\/files\/2018\/07\/Alumna-Juan-Francisco-Calder\u00f3n-1.jpg\",\"articleSection\":[\"Noticias\"],\"inLanguage\":\"es\",\"potentialAction\":[{\"@type\":\"CommentAction\",\"name\":\"Comment\",\"target\":[\"https:\/\/medicina.udd.cl\/centro-genetica-genomica\/noticias\/2018\/07\/04\/cgg-recibe-en-sus-laboratorios-a-estudiantes-extranjeros\/#respond\"]}]},{\"@type\":\"WebPage\",\"@id\":\"https:\/\/medicina.udd.cl\/centro-genetica-genomica\/noticias\/2018\/07\/04\/cgg-recibe-en-sus-laboratorios-a-estudiantes-extranjeros\/\",\"url\":\"https:\/\/medicina.udd.cl\/centro-genetica-genomica\/noticias\/2018\/07\/04\/cgg-recibe-en-sus-laboratorios-a-estudiantes-extranjeros\/\",\"name\":\"CGG recibe en sus laboratorios a estudiantes extranjeros - Centro de Gen\u00e9tica y Gen\u00f3mica\",\"isPartOf\":{\"@id\":\"https:\/\/medicina.udd.cl\/centro-genetica-genomica\/#website\"},\"primaryImageOfPage\":{\"@id\":\"https:\/\/medicina.udd.cl\/centro-genetica-genomica\/noticias\/2018\/07\/04\/cgg-recibe-en-sus-laboratorios-a-estudiantes-extranjeros\/#primaryimage\"},\"image\":{\"@id\":\"https:\/\/medicina.udd.cl\/centro-genetica-genomica\/noticias\/2018\/07\/04\/cgg-recibe-en-sus-laboratorios-a-estudiantes-extranjeros\/#primaryimage\"},\"thumbnailUrl\":\"https:\/\/medicina.udd.cl\/centro-genetica-genomica\/files\/2018\/07\/Alumna-Juan-Francisco-Calder\u00f3n-1.jpg\",\"datePublished\":\"2018-07-04T15:58:27+00:00\",\"dateModified\":\"2018-07-26T19:08:26+00:00\",\"author\":{\"@id\":\"\"},\"breadcrumb\":{\"@id\":\"https:\/\/medicina.udd.cl\/centro-genetica-genomica\/noticias\/2018\/07\/04\/cgg-recibe-en-sus-laboratorios-a-estudiantes-extranjeros\/#breadcrumb\"},\"inLanguage\":\"es\",\"potentialAction\":[{\"@type\":\"ReadAction\",\"target\":[\"https:\/\/medicina.udd.cl\/centro-genetica-genomica\/noticias\/2018\/07\/04\/cgg-recibe-en-sus-laboratorios-a-estudiantes-extranjeros\/\"]}]},{\"@type\":\"ImageObject\",\"inLanguage\":\"es\",\"@id\":\"https:\/\/medicina.udd.cl\/centro-genetica-genomica\/noticias\/2018\/07\/04\/cgg-recibe-en-sus-laboratorios-a-estudiantes-extranjeros\/#primaryimage\",\"url\":\"https:\/\/medicina.udd.cl\/centro-genetica-genomica\/files\/2018\/07\/Alumna-Juan-Francisco-Calder\u00f3n-1.jpg\",\"contentUrl\":\"https:\/\/medicina.udd.cl\/centro-genetica-genomica\/files\/2018\/07\/Alumna-Juan-Francisco-Calder\u00f3n-1.jpg\",\"width\":4734,\"height\":3456},{\"@type\":\"BreadcrumbList\",\"@id\":\"https:\/\/medicina.udd.cl\/centro-genetica-genomica\/noticias\/2018\/07\/04\/cgg-recibe-en-sus-laboratorios-a-estudiantes-extranjeros\/#breadcrumb\",\"itemListElement\":[{\"@type\":\"ListItem\",\"position\":1,\"name\":\"Inicio\",\"item\":\"https:\/\/medicina.udd.cl\/centro-genetica-genomica\/\"},{\"@type\":\"ListItem\",\"position\":2,\"name\":\"CGG recibe en sus laboratorios a estudiantes extranjeros\"}]},{\"@type\":\"WebSite\",\"@id\":\"https:\/\/medicina.udd.cl\/centro-genetica-genomica\/#website\",\"url\":\"https:\/\/medicina.udd.cl\/centro-genetica-genomica\/\",\"name\":\"Centro de Gen\u00e9tica y Gen\u00f3mica\",\"description\":\"\",\"inLanguage\":\"es\"},{\"@type\":\"Person\",\"@id\":\"\",\"url\":\"https:\/\/medicina.udd.cl\/centro-genetica-genomica\/noticias\/author\/\"}]}<\/script>\n<!-- \/ Yoast SEO plugin. -->","yoast_head_json":{"title":"CGG recibe en sus laboratorios a estudiantes extranjeros - Centro de Gen\u00e9tica y Gen\u00f3mica","robots":{"index":"index","follow":"follow","max-snippet":"max-snippet:-1","max-image-preview":"max-image-preview:large","max-video-preview":"max-video-preview:-1"},"canonical":"https:\/\/medicina.udd.cl\/centro-genetica-genomica\/noticias\/2018\/07\/04\/cgg-recibe-en-sus-laboratorios-a-estudiantes-extranjeros\/","og_locale":"es_ES","og_type":"article","og_title":"CGG recibe en sus laboratorios a estudiantes extranjeros - Centro de Gen\u00e9tica y Gen\u00f3mica","og_description":"Unitha Cherry, estudiante de Biolog\u00eda de la Universidad de Richmond, realiza actividades de laboratorio e investigaci\u00f3n bajo la supervisi\u00f3n de Juan Francisco Calder\u00f3n. En tanto, Ana Sarmiento, futura consejera gen\u00e9tica, se perfecciona junto a Sonia Margarit.","og_url":"https:\/\/medicina.udd.cl\/centro-genetica-genomica\/noticias\/2018\/07\/04\/cgg-recibe-en-sus-laboratorios-a-estudiantes-extranjeros\/","og_site_name":"Centro de Gen\u00e9tica y Gen\u00f3mica","article_published_time":"2018-07-04T15:58:27+00:00","article_modified_time":"2018-07-26T19:08:26+00:00","og_image":[{"width":1024,"height":748,"url":"https:\/\/medicina.udd.cl\/centro-genetica-genomica\/files\/2018\/07\/Alumna-Juan-Francisco-Calder\u00f3n-1-1024x748.jpg","type":"image\/jpeg"}],"twitter_misc":{"Escrito por":"","Tiempo de lectura":"2 minutos"},"schema":{"@context":"https:\/\/schema.org","@graph":[{"@type":"Article","@id":"https:\/\/medicina.udd.cl\/centro-genetica-genomica\/noticias\/2018\/07\/04\/cgg-recibe-en-sus-laboratorios-a-estudiantes-extranjeros\/#article","isPartOf":{"@id":"https:\/\/medicina.udd.cl\/centro-genetica-genomica\/noticias\/2018\/07\/04\/cgg-recibe-en-sus-laboratorios-a-estudiantes-extranjeros\/"},"author":{"name":"","@id":""},"headline":"CGG recibe en sus laboratorios a estudiantes extranjeros","datePublished":"2018-07-04T15:58:27+00:00","dateModified":"2018-07-26T19:08:26+00:00","mainEntityOfPage":{"@id":"https:\/\/medicina.udd.cl\/centro-genetica-genomica\/noticias\/2018\/07\/04\/cgg-recibe-en-sus-laboratorios-a-estudiantes-extranjeros\/"},"wordCount":371,"commentCount":0,"image":{"@id":"https:\/\/medicina.udd.cl\/centro-genetica-genomica\/noticias\/2018\/07\/04\/cgg-recibe-en-sus-laboratorios-a-estudiantes-extranjeros\/#primaryimage"},"thumbnailUrl":"https:\/\/medicina.udd.cl\/centro-genetica-genomica\/files\/2018\/07\/Alumna-Juan-Francisco-Calder\u00f3n-1.jpg","articleSection":["Noticias"],"inLanguage":"es","potentialAction":[{"@type":"CommentAction","name":"Comment","target":["https:\/\/medicina.udd.cl\/centro-genetica-genomica\/noticias\/2018\/07\/04\/cgg-recibe-en-sus-laboratorios-a-estudiantes-extranjeros\/#respond"]}]},{"@type":"WebPage","@id":"https:\/\/medicina.udd.cl\/centro-genetica-genomica\/noticias\/2018\/07\/04\/cgg-recibe-en-sus-laboratorios-a-estudiantes-extranjeros\/","url":"https:\/\/medicina.udd.cl\/centro-genetica-genomica\/noticias\/2018\/07\/04\/cgg-recibe-en-sus-laboratorios-a-estudiantes-extranjeros\/","name":"CGG recibe en sus laboratorios a estudiantes extranjeros - Centro de Gen\u00e9tica y Gen\u00f3mica","isPartOf":{"@id":"https:\/\/medicina.udd.cl\/centro-genetica-genomica\/#website"},"primaryImageOfPage":{"@id":"https:\/\/medicina.udd.cl\/centro-genetica-genomica\/noticias\/2018\/07\/04\/cgg-recibe-en-sus-laboratorios-a-estudiantes-extranjeros\/#primaryimage"},"image":{"@id":"https:\/\/medicina.udd.cl\/centro-genetica-genomica\/noticias\/2018\/07\/04\/cgg-recibe-en-sus-laboratorios-a-estudiantes-extranjeros\/#primaryimage"},"thumbnailUrl":"https:\/\/medicina.udd.cl\/centro-genetica-genomica\/files\/2018\/07\/Alumna-Juan-Francisco-Calder\u00f3n-1.jpg","datePublished":"2018-07-04T15:58:27+00:00","dateModified":"2018-07-26T19:08:26+00:00","author":{"@id":""},"breadcrumb":{"@id":"https:\/\/medicina.udd.cl\/centro-genetica-genomica\/noticias\/2018\/07\/04\/cgg-recibe-en-sus-laboratorios-a-estudiantes-extranjeros\/#breadcrumb"},"inLanguage":"es","potentialAction":[{"@type":"ReadAction","target":["https:\/\/medicina.udd.cl\/centro-genetica-genomica\/noticias\/2018\/07\/04\/cgg-recibe-en-sus-laboratorios-a-estudiantes-extranjeros\/"]}]},{"@type":"ImageObject","inLanguage":"es","@id":"https:\/\/medicina.udd.cl\/centro-genetica-genomica\/noticias\/2018\/07\/04\/cgg-recibe-en-sus-laboratorios-a-estudiantes-extranjeros\/#primaryimage","url":"https:\/\/medicina.udd.cl\/centro-genetica-genomica\/files\/2018\/07\/Alumna-Juan-Francisco-Calder\u00f3n-1.jpg","contentUrl":"https:\/\/medicina.udd.cl\/centro-genetica-genomica\/files\/2018\/07\/Alumna-Juan-Francisco-Calder\u00f3n-1.jpg","width":4734,"height":3456},{"@type":"BreadcrumbList","@id":"https:\/\/medicina.udd.cl\/centro-genetica-genomica\/noticias\/2018\/07\/04\/cgg-recibe-en-sus-laboratorios-a-estudiantes-extranjeros\/#breadcrumb","itemListElement":[{"@type":"ListItem","position":1,"name":"Inicio","item":"https:\/\/medicina.udd.cl\/centro-genetica-genomica\/"},{"@type":"ListItem","position":2,"name":"CGG recibe en sus laboratorios a estudiantes extranjeros"}]},{"@type":"WebSite","@id":"https:\/\/medicina.udd.cl\/centro-genetica-genomica\/#website","url":"https:\/\/medicina.udd.cl\/centro-genetica-genomica\/","name":"Centro de Gen\u00e9tica y Gen\u00f3mica","description":"","inLanguage":"es"},{"@type":"Person","@id":"","url":"https:\/\/medicina.udd.cl\/centro-genetica-genomica\/noticias\/author\/"}]}},"featured_image_url":"https:\/\/medicina.udd.cl\/centro-genetica-genomica\/files\/2018\/07\/Alumna-Juan-Francisco-Calder\u00f3n-1.jpg","_links":{"self":[{"href":"https:\/\/medicina.udd.cl\/centro-genetica-genomica\/wp-json\/wp\/v2\/posts\/2297","targetHints":{"allow":["GET"]}}],"collection":[{"href":"https:\/\/medicina.udd.cl\/centro-genetica-genomica\/wp-json\/wp\/v2\/posts"}],"about":[{"href":"https:\/\/medicina.udd.cl\/centro-genetica-genomica\/wp-json\/wp\/v2\/types\/post"}],"author":[{"embeddable":true,"href":"https:\/\/medicina.udd.cl\/centro-genetica-genomica\/wp-json\/wp\/v2\/users\/42"}],"replies":[{"embeddable":true,"href":"https:\/\/medicina.udd.cl\/centro-genetica-genomica\/wp-json\/wp\/v2\/comments?post=2297"}],"version-history":[{"count":8,"href":"https:\/\/medicina.udd.cl\/centro-genetica-genomica\/wp-json\/wp\/v2\/posts\/2297\/revisions"}],"predecessor-version":[{"id":2310,"href":"https:\/\/medicina.udd.cl\/centro-genetica-genomica\/wp-json\/wp\/v2\/posts\/2297\/revisions\/2310"}],"wp:featuredmedia":[{"embeddable":true,"href":"https:\/\/medicina.udd.cl\/centro-genetica-genomica\/wp-json\/wp\/v2\/media\/2298"}],"wp:attachment":[{"href":"https:\/\/medicina.udd.cl\/centro-genetica-genomica\/wp-json\/wp\/v2\/media?parent=2297"}],"wp:term":[{"taxonomy":"category","embeddable":true,"href":"https:\/\/medicina.udd.cl\/centro-genetica-genomica\/wp-json\/wp\/v2\/categories?post=2297"},{"taxonomy":"post_tag","embeddable":true,"href":"https:\/\/medicina.udd.cl\/centro-genetica-genomica\/wp-json\/wp\/v2\/tags?post=2297"}],"curies":[{"name":"wp","href":"https:\/\/api.w.org\/{rel}","templated":true}]}}