{"id":2341,"date":"2018-10-04T10:20:11","date_gmt":"2018-10-04T13:20:11","guid":{"rendered":"http:\/\/medicina.udd.cl\/centro-genetica-genomica\/?p=2341"},"modified":"2018-10-04T10:20:11","modified_gmt":"2018-10-04T13:20:11","slug":"expertos-internacionales-en-enfermedades-raras-y-desconocidas-dictaron-charla-en-la-udd","status":"publish","type":"post","link":"https:\/\/medicina.udd.cl\/centro-genetica-genomica\/noticias\/2018\/10\/04\/expertos-internacionales-en-enfermedades-raras-y-desconocidas-dictaron-charla-en-la-udd\/","title":{"rendered":"Expertos internacionales en enfermedades raras y desconocidas dictaron charla en la UDD"},"content":{"rendered":"<div id=\"gallery-1\" class=\"carousel slide carousel-gallery\" data-ride=\"false\" data-interval=\"false\"><div class=\"carousel-inner\" role=\"listbox\"><figure class=\"carousel-item active\"><img loading=\"lazy\" decoding=\"async\" width=\"712\" height=\"534\" src=\"https:\/\/medicina.udd.cl\/centro-genetica-genomica\/files\/2018\/10\/Charla-expertos-en-enfermedades-raras-1.jpg\" class=\"attachment-landscape_952 size-landscape_952\" alt=\"\" srcset=\"https:\/\/medicina.udd.cl\/centro-genetica-genomica\/files\/2018\/10\/Charla-expertos-en-enfermedades-raras-1.jpg 4608w, https:\/\/medicina.udd.cl\/centro-genetica-genomica\/files\/2018\/10\/Charla-expertos-en-enfermedades-raras-1-300x225.jpg 300w, https:\/\/medicina.udd.cl\/centro-genetica-genomica\/files\/2018\/10\/Charla-expertos-en-enfermedades-raras-1-768x576.jpg 768w, https:\/\/medicina.udd.cl\/centro-genetica-genomica\/files\/2018\/10\/Charla-expertos-en-enfermedades-raras-1-1024x768.jpg 1024w, https:\/\/medicina.udd.cl\/centro-genetica-genomica\/files\/2018\/10\/Charla-expertos-en-enfermedades-raras-1-960x720.jpg 960w\" sizes=\"auto, (max-width: 712px) 100vw, 712px\" \/><\/figure><figure class=\"carousel-item\"><img loading=\"lazy\" decoding=\"async\" width=\"712\" height=\"534\" src=\"https:\/\/medicina.udd.cl\/centro-genetica-genomica\/files\/2018\/10\/Charla-expertos-en-enfermedades-raras-4.jpg\" class=\"attachment-landscape_952 size-landscape_952\" alt=\"\" srcset=\"https:\/\/medicina.udd.cl\/centro-genetica-genomica\/files\/2018\/10\/Charla-expertos-en-enfermedades-raras-4.jpg 4608w, https:\/\/medicina.udd.cl\/centro-genetica-genomica\/files\/2018\/10\/Charla-expertos-en-enfermedades-raras-4-300x225.jpg 300w, https:\/\/medicina.udd.cl\/centro-genetica-genomica\/files\/2018\/10\/Charla-expertos-en-enfermedades-raras-4-768x576.jpg 768w, https:\/\/medicina.udd.cl\/centro-genetica-genomica\/files\/2018\/10\/Charla-expertos-en-enfermedades-raras-4-1024x768.jpg 1024w, https:\/\/medicina.udd.cl\/centro-genetica-genomica\/files\/2018\/10\/Charla-expertos-en-enfermedades-raras-4-960x720.jpg 960w\" sizes=\"auto, (max-width: 712px) 100vw, 712px\" \/><\/figure><figure class=\"carousel-item\"><img loading=\"lazy\" decoding=\"async\" width=\"712\" height=\"534\" src=\"https:\/\/medicina.udd.cl\/centro-genetica-genomica\/files\/2018\/10\/Charla-expertos-en-enfermedades-raras-3.jpg\" class=\"attachment-landscape_952 size-landscape_952\" alt=\"\" srcset=\"https:\/\/medicina.udd.cl\/centro-genetica-genomica\/files\/2018\/10\/Charla-expertos-en-enfermedades-raras-3.jpg 4608w, https:\/\/medicina.udd.cl\/centro-genetica-genomica\/files\/2018\/10\/Charla-expertos-en-enfermedades-raras-3-300x225.jpg 300w, https:\/\/medicina.udd.cl\/centro-genetica-genomica\/files\/2018\/10\/Charla-expertos-en-enfermedades-raras-3-768x576.jpg 768w, https:\/\/medicina.udd.cl\/centro-genetica-genomica\/files\/2018\/10\/Charla-expertos-en-enfermedades-raras-3-1024x768.jpg 1024w, https:\/\/medicina.udd.cl\/centro-genetica-genomica\/files\/2018\/10\/Charla-expertos-en-enfermedades-raras-3-960x720.jpg 960w\" sizes=\"auto, (max-width: 712px) 100vw, 712px\" \/><\/figure><figure class=\"carousel-item\"><img loading=\"lazy\" decoding=\"async\" width=\"712\" height=\"534\" src=\"https:\/\/medicina.udd.cl\/centro-genetica-genomica\/files\/2018\/10\/Charla-expertos-en-enfermedades-raras-5.jpg\" class=\"attachment-landscape_952 size-landscape_952\" alt=\"\" srcset=\"https:\/\/medicina.udd.cl\/centro-genetica-genomica\/files\/2018\/10\/Charla-expertos-en-enfermedades-raras-5.jpg 4608w, https:\/\/medicina.udd.cl\/centro-genetica-genomica\/files\/2018\/10\/Charla-expertos-en-enfermedades-raras-5-300x225.jpg 300w, https:\/\/medicina.udd.cl\/centro-genetica-genomica\/files\/2018\/10\/Charla-expertos-en-enfermedades-raras-5-768x576.jpg 768w, https:\/\/medicina.udd.cl\/centro-genetica-genomica\/files\/2018\/10\/Charla-expertos-en-enfermedades-raras-5-1024x768.jpg 1024w, https:\/\/medicina.udd.cl\/centro-genetica-genomica\/files\/2018\/10\/Charla-expertos-en-enfermedades-raras-5-960x720.jpg 960w\" sizes=\"auto, (max-width: 712px) 100vw, 712px\" \/><\/figure><figure class=\"carousel-item\"><img loading=\"lazy\" decoding=\"async\" width=\"712\" height=\"534\" src=\"https:\/\/medicina.udd.cl\/centro-genetica-genomica\/files\/2018\/10\/Charla-expertos-en-enfermedades-raras-6.jpg\" class=\"attachment-landscape_952 size-landscape_952\" alt=\"\" srcset=\"https:\/\/medicina.udd.cl\/centro-genetica-genomica\/files\/2018\/10\/Charla-expertos-en-enfermedades-raras-6.jpg 4608w, https:\/\/medicina.udd.cl\/centro-genetica-genomica\/files\/2018\/10\/Charla-expertos-en-enfermedades-raras-6-300x225.jpg 300w, https:\/\/medicina.udd.cl\/centro-genetica-genomica\/files\/2018\/10\/Charla-expertos-en-enfermedades-raras-6-768x576.jpg 768w, https:\/\/medicina.udd.cl\/centro-genetica-genomica\/files\/2018\/10\/Charla-expertos-en-enfermedades-raras-6-1024x768.jpg 1024w, https:\/\/medicina.udd.cl\/centro-genetica-genomica\/files\/2018\/10\/Charla-expertos-en-enfermedades-raras-6-960x720.jpg 960w\" sizes=\"auto, (max-width: 712px) 100vw, 712px\" \/><\/figure><\/div><footer class=\"carousel-footer\"><div class=\"carousel-counter\"><span class=\"carousel-counter-current\"><\/span> \/ <span class=\"carousel-counter-total\"><\/span><\/div><a class=\"carousel-control-prev\" href=\"#gallery-1\" role=\"button\" data-slide=\"prev\"><svg aria-hidden=\"true\" class=\"svg-chevron-left-dims\"><use xlink:href='https:\/\/medicina.udd.cl\/centro-genetica-genomica\/wp-content\/themes\/facultades-2018\/assets\/img\/svg\/dist\/main.svg?version=1695853099#chevron-left'><\/use><\/svg><span class=\"sr-only\">Anterior<\/span><\/a><a class=\"carousel-control-next\" href=\"#gallery-1\" role=\"button\" data-slide=\"next\"><svg aria-hidden=\"true\" class=\"svg-chevron-right-dims\"><use xlink:href='https:\/\/medicina.udd.cl\/centro-genetica-genomica\/wp-content\/themes\/facultades-2018\/assets\/img\/svg\/dist\/main.svg?version=1695853099#chevron-right'><\/use><\/svg><span class=\"sr-only\">Siguiente<\/span><\/a><\/footer><\/div>\n<p>En el marco de los Seminarios Acad\u00e9micos de la Facultad de Medicina Cl\u00ednica Alemana Universidad del Desarrollo, los doctores Wheeler y Liliana Fernandez, co-investigadores del Stanford Center for Undiagnosed Diseases, visitaron el Instituto de Ciencias e Innovaci\u00f3n en Medicina (ICIM).<\/p>\n<p>Invitados por la Dra. Gabriela Repetto, directora del Centro de Gen\u00e9tica y Gen\u00f3mica y del Programa de Enfermedades Poco Frecuentes del ICIM, los invitados son parte de este centro, uno de los l\u00edderes de la Undiagnosed Diseases Network, una iniciativa multic\u00e9ntrica del NIH en EEUU, destinada a acelerar los descubrimientos diagn\u00f3sticos y terap\u00e9uticos para personas con enfermedades raras y desconocidas.<\/p>\n<p>En este contexto, los especialistas dictaron la charla \u00abA Multiomics and Model Organisms Approach to Rare and Undiagnosed Diseases\u00bb frente a autoridades e investigadores de la Facultad de Medicina para, posteriormente, realizar una exposici\u00f3n en Cl\u00ednica Alemana, denominada \u201cA Multidisciplinary Multiomics Approach to Solving Rare and Undiagnosed Diseases\u201d, encuentro que cont\u00f3 con la participaci\u00f3n de acad\u00e9micos de la UDD, profesionales de Cl\u00ednica Alemana y miembros de la Sociedad Gen\u00e9tica de Chile (Sochigen).<\/p>\n<p>&nbsp;<\/p>\n<p>&nbsp;<\/p>\n<p>&nbsp;<\/p>\n","protected":false},"excerpt":{"rendered":"<p>Los doctores Matthew Wheeler y Liliana Fernandez, co-investigadores del Stanford Center for Undiagnosed Diseases, uno de los centros l\u00edderes de la Undiagnosed Diseases Network, realizaron la exposici\u00f3n \u00abA Multiomics and Model Organisms Approach to Rare and Undiagnosed Diseases\u00bb.<\/p>\n","protected":false},"author":42,"featured_media":2343,"comment_status":"open","ping_status":"open","sticky":false,"template":"","format":"standard","meta":{"footnotes":""},"categories":[4],"tags":[],"class_list":["post-2341","post","type-post","status-publish","format-standard","has-post-thumbnail","hentry","category-noticias"],"yoast_head":"<!-- This site is optimized with the Yoast SEO plugin v26.9 - https:\/\/yoast.com\/product\/yoast-seo-wordpress\/ -->\n<title>Expertos internacionales en enfermedades raras y desconocidas dictaron charla en la UDD - Centro de Gen\u00e9tica y Gen\u00f3mica<\/title>\n<meta name=\"robots\" content=\"index, follow, max-snippet:-1, max-image-preview:large, max-video-preview:-1\" \/>\n<link rel=\"canonical\" href=\"https:\/\/medicina.udd.cl\/centro-genetica-genomica\/noticias\/2018\/10\/04\/expertos-internacionales-en-enfermedades-raras-y-desconocidas-dictaron-charla-en-la-udd\/\" \/>\n<meta property=\"og:locale\" content=\"es_ES\" \/>\n<meta property=\"og:type\" content=\"article\" \/>\n<meta property=\"og:title\" content=\"Expertos internacionales en enfermedades raras y desconocidas dictaron charla en la UDD - Centro de Gen\u00e9tica y Gen\u00f3mica\" \/>\n<meta property=\"og:description\" content=\"Los doctores Matthew Wheeler y Liliana Fernandez, co-investigadores del Stanford Center for Undiagnosed Diseases, uno de los centros l\u00edderes de la Undiagnosed Diseases Network, realizaron la exposici\u00f3n &quot;A Multiomics and Model Organisms Approach to Rare and Undiagnosed Diseases&quot;.\" \/>\n<meta property=\"og:url\" content=\"https:\/\/medicina.udd.cl\/centro-genetica-genomica\/noticias\/2018\/10\/04\/expertos-internacionales-en-enfermedades-raras-y-desconocidas-dictaron-charla-en-la-udd\/\" \/>\n<meta property=\"og:site_name\" content=\"Centro de Gen\u00e9tica y Gen\u00f3mica\" \/>\n<meta property=\"article:published_time\" content=\"2018-10-04T13:20:11+00:00\" \/>\n<meta property=\"og:image\" content=\"https:\/\/medicina.udd.cl\/centro-genetica-genomica\/files\/2018\/10\/Charla-expertos-en-enfermedades-raras-2-1024x768.jpg\" \/>\n\t<meta property=\"og:image:width\" content=\"1024\" \/>\n\t<meta property=\"og:image:height\" content=\"768\" \/>\n\t<meta property=\"og:image:type\" content=\"image\/jpeg\" \/>\n<meta name=\"twitter:label1\" content=\"Escrito por\" \/>\n\t<meta name=\"twitter:data1\" content=\"\" \/>\n\t<meta name=\"twitter:label2\" content=\"Tiempo de lectura\" \/>\n\t<meta name=\"twitter:data2\" content=\"1 minuto\" \/>\n<script type=\"application\/ld+json\" class=\"yoast-schema-graph\">{\"@context\":\"https:\/\/schema.org\",\"@graph\":[{\"@type\":\"Article\",\"@id\":\"https:\/\/medicina.udd.cl\/centro-genetica-genomica\/noticias\/2018\/10\/04\/expertos-internacionales-en-enfermedades-raras-y-desconocidas-dictaron-charla-en-la-udd\/#article\",\"isPartOf\":{\"@id\":\"https:\/\/medicina.udd.cl\/centro-genetica-genomica\/noticias\/2018\/10\/04\/expertos-internacionales-en-enfermedades-raras-y-desconocidas-dictaron-charla-en-la-udd\/\"},\"author\":{\"name\":\"\",\"@id\":\"\"},\"headline\":\"Expertos internacionales en enfermedades raras y desconocidas dictaron charla en la UDD\",\"datePublished\":\"2018-10-04T13:20:11+00:00\",\"mainEntityOfPage\":{\"@id\":\"https:\/\/medicina.udd.cl\/centro-genetica-genomica\/noticias\/2018\/10\/04\/expertos-internacionales-en-enfermedades-raras-y-desconocidas-dictaron-charla-en-la-udd\/\"},\"wordCount\":204,\"commentCount\":0,\"image\":{\"@id\":\"https:\/\/medicina.udd.cl\/centro-genetica-genomica\/noticias\/2018\/10\/04\/expertos-internacionales-en-enfermedades-raras-y-desconocidas-dictaron-charla-en-la-udd\/#primaryimage\"},\"thumbnailUrl\":\"https:\/\/medicina.udd.cl\/centro-genetica-genomica\/files\/2018\/10\/Charla-expertos-en-enfermedades-raras-2.jpg\",\"articleSection\":[\"Noticias\"],\"inLanguage\":\"es\",\"potentialAction\":[{\"@type\":\"CommentAction\",\"name\":\"Comment\",\"target\":[\"https:\/\/medicina.udd.cl\/centro-genetica-genomica\/noticias\/2018\/10\/04\/expertos-internacionales-en-enfermedades-raras-y-desconocidas-dictaron-charla-en-la-udd\/#respond\"]}]},{\"@type\":\"WebPage\",\"@id\":\"https:\/\/medicina.udd.cl\/centro-genetica-genomica\/noticias\/2018\/10\/04\/expertos-internacionales-en-enfermedades-raras-y-desconocidas-dictaron-charla-en-la-udd\/\",\"url\":\"https:\/\/medicina.udd.cl\/centro-genetica-genomica\/noticias\/2018\/10\/04\/expertos-internacionales-en-enfermedades-raras-y-desconocidas-dictaron-charla-en-la-udd\/\",\"name\":\"Expertos internacionales en enfermedades raras y desconocidas dictaron charla en la UDD - Centro de Gen\u00e9tica y Gen\u00f3mica\",\"isPartOf\":{\"@id\":\"https:\/\/medicina.udd.cl\/centro-genetica-genomica\/#website\"},\"primaryImageOfPage\":{\"@id\":\"https:\/\/medicina.udd.cl\/centro-genetica-genomica\/noticias\/2018\/10\/04\/expertos-internacionales-en-enfermedades-raras-y-desconocidas-dictaron-charla-en-la-udd\/#primaryimage\"},\"image\":{\"@id\":\"https:\/\/medicina.udd.cl\/centro-genetica-genomica\/noticias\/2018\/10\/04\/expertos-internacionales-en-enfermedades-raras-y-desconocidas-dictaron-charla-en-la-udd\/#primaryimage\"},\"thumbnailUrl\":\"https:\/\/medicina.udd.cl\/centro-genetica-genomica\/files\/2018\/10\/Charla-expertos-en-enfermedades-raras-2.jpg\",\"datePublished\":\"2018-10-04T13:20:11+00:00\",\"author\":{\"@id\":\"\"},\"breadcrumb\":{\"@id\":\"https:\/\/medicina.udd.cl\/centro-genetica-genomica\/noticias\/2018\/10\/04\/expertos-internacionales-en-enfermedades-raras-y-desconocidas-dictaron-charla-en-la-udd\/#breadcrumb\"},\"inLanguage\":\"es\",\"potentialAction\":[{\"@type\":\"ReadAction\",\"target\":[\"https:\/\/medicina.udd.cl\/centro-genetica-genomica\/noticias\/2018\/10\/04\/expertos-internacionales-en-enfermedades-raras-y-desconocidas-dictaron-charla-en-la-udd\/\"]}]},{\"@type\":\"ImageObject\",\"inLanguage\":\"es\",\"@id\":\"https:\/\/medicina.udd.cl\/centro-genetica-genomica\/noticias\/2018\/10\/04\/expertos-internacionales-en-enfermedades-raras-y-desconocidas-dictaron-charla-en-la-udd\/#primaryimage\",\"url\":\"https:\/\/medicina.udd.cl\/centro-genetica-genomica\/files\/2018\/10\/Charla-expertos-en-enfermedades-raras-2.jpg\",\"contentUrl\":\"https:\/\/medicina.udd.cl\/centro-genetica-genomica\/files\/2018\/10\/Charla-expertos-en-enfermedades-raras-2.jpg\",\"width\":4608,\"height\":3456},{\"@type\":\"BreadcrumbList\",\"@id\":\"https:\/\/medicina.udd.cl\/centro-genetica-genomica\/noticias\/2018\/10\/04\/expertos-internacionales-en-enfermedades-raras-y-desconocidas-dictaron-charla-en-la-udd\/#breadcrumb\",\"itemListElement\":[{\"@type\":\"ListItem\",\"position\":1,\"name\":\"Inicio\",\"item\":\"https:\/\/medicina.udd.cl\/centro-genetica-genomica\/\"},{\"@type\":\"ListItem\",\"position\":2,\"name\":\"Expertos internacionales en enfermedades raras y desconocidas dictaron charla en la UDD\"}]},{\"@type\":\"WebSite\",\"@id\":\"https:\/\/medicina.udd.cl\/centro-genetica-genomica\/#website\",\"url\":\"https:\/\/medicina.udd.cl\/centro-genetica-genomica\/\",\"name\":\"Centro de Gen\u00e9tica y Gen\u00f3mica\",\"description\":\"\",\"inLanguage\":\"es\"},{\"@type\":\"Person\",\"@id\":\"\",\"url\":\"https:\/\/medicina.udd.cl\/centro-genetica-genomica\/noticias\/author\/\"}]}<\/script>\n<!-- \/ Yoast SEO plugin. -->","yoast_head_json":{"title":"Expertos internacionales en enfermedades raras y desconocidas dictaron charla en la UDD - Centro de Gen\u00e9tica y Gen\u00f3mica","robots":{"index":"index","follow":"follow","max-snippet":"max-snippet:-1","max-image-preview":"max-image-preview:large","max-video-preview":"max-video-preview:-1"},"canonical":"https:\/\/medicina.udd.cl\/centro-genetica-genomica\/noticias\/2018\/10\/04\/expertos-internacionales-en-enfermedades-raras-y-desconocidas-dictaron-charla-en-la-udd\/","og_locale":"es_ES","og_type":"article","og_title":"Expertos internacionales en enfermedades raras y desconocidas dictaron charla en la UDD - Centro de Gen\u00e9tica y Gen\u00f3mica","og_description":"Los doctores Matthew Wheeler y Liliana Fernandez, co-investigadores del Stanford Center for Undiagnosed Diseases, uno de los centros l\u00edderes de la Undiagnosed Diseases Network, realizaron la exposici\u00f3n \"A Multiomics and Model Organisms Approach to Rare and Undiagnosed Diseases\".","og_url":"https:\/\/medicina.udd.cl\/centro-genetica-genomica\/noticias\/2018\/10\/04\/expertos-internacionales-en-enfermedades-raras-y-desconocidas-dictaron-charla-en-la-udd\/","og_site_name":"Centro de Gen\u00e9tica y Gen\u00f3mica","article_published_time":"2018-10-04T13:20:11+00:00","og_image":[{"width":1024,"height":768,"url":"https:\/\/medicina.udd.cl\/centro-genetica-genomica\/files\/2018\/10\/Charla-expertos-en-enfermedades-raras-2-1024x768.jpg","type":"image\/jpeg"}],"twitter_misc":{"Escrito por":"","Tiempo de lectura":"1 minuto"},"schema":{"@context":"https:\/\/schema.org","@graph":[{"@type":"Article","@id":"https:\/\/medicina.udd.cl\/centro-genetica-genomica\/noticias\/2018\/10\/04\/expertos-internacionales-en-enfermedades-raras-y-desconocidas-dictaron-charla-en-la-udd\/#article","isPartOf":{"@id":"https:\/\/medicina.udd.cl\/centro-genetica-genomica\/noticias\/2018\/10\/04\/expertos-internacionales-en-enfermedades-raras-y-desconocidas-dictaron-charla-en-la-udd\/"},"author":{"name":"","@id":""},"headline":"Expertos internacionales en enfermedades raras y desconocidas dictaron charla en la UDD","datePublished":"2018-10-04T13:20:11+00:00","mainEntityOfPage":{"@id":"https:\/\/medicina.udd.cl\/centro-genetica-genomica\/noticias\/2018\/10\/04\/expertos-internacionales-en-enfermedades-raras-y-desconocidas-dictaron-charla-en-la-udd\/"},"wordCount":204,"commentCount":0,"image":{"@id":"https:\/\/medicina.udd.cl\/centro-genetica-genomica\/noticias\/2018\/10\/04\/expertos-internacionales-en-enfermedades-raras-y-desconocidas-dictaron-charla-en-la-udd\/#primaryimage"},"thumbnailUrl":"https:\/\/medicina.udd.cl\/centro-genetica-genomica\/files\/2018\/10\/Charla-expertos-en-enfermedades-raras-2.jpg","articleSection":["Noticias"],"inLanguage":"es","potentialAction":[{"@type":"CommentAction","name":"Comment","target":["https:\/\/medicina.udd.cl\/centro-genetica-genomica\/noticias\/2018\/10\/04\/expertos-internacionales-en-enfermedades-raras-y-desconocidas-dictaron-charla-en-la-udd\/#respond"]}]},{"@type":"WebPage","@id":"https:\/\/medicina.udd.cl\/centro-genetica-genomica\/noticias\/2018\/10\/04\/expertos-internacionales-en-enfermedades-raras-y-desconocidas-dictaron-charla-en-la-udd\/","url":"https:\/\/medicina.udd.cl\/centro-genetica-genomica\/noticias\/2018\/10\/04\/expertos-internacionales-en-enfermedades-raras-y-desconocidas-dictaron-charla-en-la-udd\/","name":"Expertos internacionales en enfermedades raras y desconocidas dictaron charla en la UDD - Centro de Gen\u00e9tica y Gen\u00f3mica","isPartOf":{"@id":"https:\/\/medicina.udd.cl\/centro-genetica-genomica\/#website"},"primaryImageOfPage":{"@id":"https:\/\/medicina.udd.cl\/centro-genetica-genomica\/noticias\/2018\/10\/04\/expertos-internacionales-en-enfermedades-raras-y-desconocidas-dictaron-charla-en-la-udd\/#primaryimage"},"image":{"@id":"https:\/\/medicina.udd.cl\/centro-genetica-genomica\/noticias\/2018\/10\/04\/expertos-internacionales-en-enfermedades-raras-y-desconocidas-dictaron-charla-en-la-udd\/#primaryimage"},"thumbnailUrl":"https:\/\/medicina.udd.cl\/centro-genetica-genomica\/files\/2018\/10\/Charla-expertos-en-enfermedades-raras-2.jpg","datePublished":"2018-10-04T13:20:11+00:00","author":{"@id":""},"breadcrumb":{"@id":"https:\/\/medicina.udd.cl\/centro-genetica-genomica\/noticias\/2018\/10\/04\/expertos-internacionales-en-enfermedades-raras-y-desconocidas-dictaron-charla-en-la-udd\/#breadcrumb"},"inLanguage":"es","potentialAction":[{"@type":"ReadAction","target":["https:\/\/medicina.udd.cl\/centro-genetica-genomica\/noticias\/2018\/10\/04\/expertos-internacionales-en-enfermedades-raras-y-desconocidas-dictaron-charla-en-la-udd\/"]}]},{"@type":"ImageObject","inLanguage":"es","@id":"https:\/\/medicina.udd.cl\/centro-genetica-genomica\/noticias\/2018\/10\/04\/expertos-internacionales-en-enfermedades-raras-y-desconocidas-dictaron-charla-en-la-udd\/#primaryimage","url":"https:\/\/medicina.udd.cl\/centro-genetica-genomica\/files\/2018\/10\/Charla-expertos-en-enfermedades-raras-2.jpg","contentUrl":"https:\/\/medicina.udd.cl\/centro-genetica-genomica\/files\/2018\/10\/Charla-expertos-en-enfermedades-raras-2.jpg","width":4608,"height":3456},{"@type":"BreadcrumbList","@id":"https:\/\/medicina.udd.cl\/centro-genetica-genomica\/noticias\/2018\/10\/04\/expertos-internacionales-en-enfermedades-raras-y-desconocidas-dictaron-charla-en-la-udd\/#breadcrumb","itemListElement":[{"@type":"ListItem","position":1,"name":"Inicio","item":"https:\/\/medicina.udd.cl\/centro-genetica-genomica\/"},{"@type":"ListItem","position":2,"name":"Expertos internacionales en enfermedades raras y desconocidas dictaron charla en la UDD"}]},{"@type":"WebSite","@id":"https:\/\/medicina.udd.cl\/centro-genetica-genomica\/#website","url":"https:\/\/medicina.udd.cl\/centro-genetica-genomica\/","name":"Centro de Gen\u00e9tica y Gen\u00f3mica","description":"","inLanguage":"es"},{"@type":"Person","@id":"","url":"https:\/\/medicina.udd.cl\/centro-genetica-genomica\/noticias\/author\/"}]}},"featured_image_url":"https:\/\/medicina.udd.cl\/centro-genetica-genomica\/files\/2018\/10\/Charla-expertos-en-enfermedades-raras-2.jpg","_links":{"self":[{"href":"https:\/\/medicina.udd.cl\/centro-genetica-genomica\/wp-json\/wp\/v2\/posts\/2341","targetHints":{"allow":["GET"]}}],"collection":[{"href":"https:\/\/medicina.udd.cl\/centro-genetica-genomica\/wp-json\/wp\/v2\/posts"}],"about":[{"href":"https:\/\/medicina.udd.cl\/centro-genetica-genomica\/wp-json\/wp\/v2\/types\/post"}],"author":[{"embeddable":true,"href":"https:\/\/medicina.udd.cl\/centro-genetica-genomica\/wp-json\/wp\/v2\/users\/42"}],"replies":[{"embeddable":true,"href":"https:\/\/medicina.udd.cl\/centro-genetica-genomica\/wp-json\/wp\/v2\/comments?post=2341"}],"version-history":[{"count":1,"href":"https:\/\/medicina.udd.cl\/centro-genetica-genomica\/wp-json\/wp\/v2\/posts\/2341\/revisions"}],"predecessor-version":[{"id":2348,"href":"https:\/\/medicina.udd.cl\/centro-genetica-genomica\/wp-json\/wp\/v2\/posts\/2341\/revisions\/2348"}],"wp:featuredmedia":[{"embeddable":true,"href":"https:\/\/medicina.udd.cl\/centro-genetica-genomica\/wp-json\/wp\/v2\/media\/2343"}],"wp:attachment":[{"href":"https:\/\/medicina.udd.cl\/centro-genetica-genomica\/wp-json\/wp\/v2\/media?parent=2341"}],"wp:term":[{"taxonomy":"category","embeddable":true,"href":"https:\/\/medicina.udd.cl\/centro-genetica-genomica\/wp-json\/wp\/v2\/categories?post=2341"},{"taxonomy":"post_tag","embeddable":true,"href":"https:\/\/medicina.udd.cl\/centro-genetica-genomica\/wp-json\/wp\/v2\/tags?post=2341"}],"curies":[{"name":"wp","href":"https:\/\/api.w.org\/{rel}","templated":true}]}}