{"id":2353,"date":"2018-10-26T14:31:54","date_gmt":"2018-10-26T17:31:54","guid":{"rendered":"http:\/\/medicina.udd.cl\/centro-genetica-genomica\/?p=2353"},"modified":"2018-11-13T12:10:08","modified_gmt":"2018-11-13T15:10:08","slug":"centro-de-genetica-y-genomica-se-adjudica-para-la-formacion-de-redes-internacionales-de-conicyt","status":"publish","type":"post","link":"https:\/\/medicina.udd.cl\/centro-genetica-genomica\/noticias\/2018\/10\/26\/centro-de-genetica-y-genomica-se-adjudica-para-la-formacion-de-redes-internacionales-de-conicyt\/","title":{"rendered":"Centro de Gen\u00e9tica y Gen\u00f3mica se adjudica fondos para la Formaci\u00f3n de Redes Internacionales de Conicyt"},"content":{"rendered":"<p>El Centro de Gen\u00e9tica y Gen\u00f3mica del Instituto de Ciencias e Innovaci\u00f3n en Medicina (ICIM) de la Universidad del Desarrollo se adjudic\u00f3 fondos del Concurso para la Formaci\u00f3n de Redes Internacionales entre Centros de Investigaci\u00f3n 2018, de Conicyt.<\/p>\n<p>El proyecto, liderado por la Dra. Repetto, tiene como objetivo acelerar la implementaci\u00f3n de herramientas de vanguardia en el Instituto de Ciencias e Innovaci\u00f3n en Medicina para la investigaci\u00f3n gen\u00f3mica y bio\u00e9tica de las enfermedades raras no diagnosticadas. Para esto, se propuso crear una colaboraci\u00f3n internacional sobre gen\u00f3mica, pol\u00edtica y educaci\u00f3n en patolog\u00edas poco frecuentes entre el ICIM, el Departamento de Gen\u00e9tica Humana de la Escuela de Medicina de Baylor en Estados Unidos y el Centro de Gen\u00f3mica y Pol\u00edtica de la Universidad de McGill.<\/p>\n<p>Con esto, lo que se busca es avanzar en el descubrimiento de nuevas causas de este tipo de enfermedades, a\u00fan no diagnosticadas, en un grupo de ni\u00f1os chilenos con anomal\u00edas cong\u00e9nitas, discapacidades intelectuales e inmunodeficiencias; contribuir con datos gen\u00f3micos de buena calidad para que sean compartidos en bases de datos p\u00fablicas; y establecer colaboraciones formales entre las instituciones participantes para fines de investigaci\u00f3n.<\/p>\n<p>La doctora Repetto cuenta que, en el equipo, la noticia fue muy bien recibida y entrega mucho valor al trabajo que se realiza en la UDD, pues adem\u00e1s de ser el primer proyecto que se adjudican como Programa de Enfermedades Poco frecuentes, \u201ces multidisciplinario, pues involucra a varios grupos del ICIM: Inmunolog\u00eda Traslacional, Bio\u00e9tica y SaBio. Adem\u00e1s, apoya la formaci\u00f3n de gente joven en elementos clave para el programa en centros l\u00edderes en sus respectivas \u00e1reas y nos permitir\u00e1 difundir nuestro trabajo en un curso que se realizar\u00e1 entre el 24 y 26 de septiembre de 2019 en Cl\u00ednica Alemana\u201d.<\/p>\n<p>Cabe destacar que esta propuesta se suma a dos m\u00e1s adjudicadas por parte del ICIM, lideradas por las investigadoras Jessica Mart\u00ednez, del Centro de Medicina Regenerativa; y Cecilia Vial, del Programa Hantavirus; adem\u00e1s de un proyecto de la Facultad de Psicolog\u00eda de la UDD.<\/p>\n","protected":false},"excerpt":{"rendered":"<p>El proyecto tiene como objetivo acelerar la implementaci\u00f3n de herramientas de vanguardia en el ICIM UDD para la investigaci\u00f3n gen\u00f3mica y bio\u00e9tica de las enfermedades raras no diagnosticadas, mediante la creaci\u00f3n de una colaboraci\u00f3n internacional con las universidades Baylor y McGill en Estados Unidos. <\/p>\n","protected":false},"author":42,"featured_media":2354,"comment_status":"open","ping_status":"open","sticky":false,"template":"","format":"standard","meta":{"footnotes":""},"categories":[4],"tags":[],"class_list":["post-2353","post","type-post","status-publish","format-standard","has-post-thumbnail","hentry","category-noticias"],"yoast_head":"<!-- This site is optimized with the Yoast SEO plugin v26.9 - https:\/\/yoast.com\/product\/yoast-seo-wordpress\/ -->\n<title>Centro de Gen\u00e9tica y Gen\u00f3mica se adjudica fondos para la Formaci\u00f3n de Redes Internacionales de Conicyt - Centro de Gen\u00e9tica y Gen\u00f3mica<\/title>\n<meta name=\"robots\" content=\"index, follow, max-snippet:-1, max-image-preview:large, max-video-preview:-1\" \/>\n<link rel=\"canonical\" href=\"https:\/\/medicina.udd.cl\/centro-genetica-genomica\/noticias\/2018\/10\/26\/centro-de-genetica-y-genomica-se-adjudica-para-la-formacion-de-redes-internacionales-de-conicyt\/\" \/>\n<meta property=\"og:locale\" content=\"es_ES\" \/>\n<meta property=\"og:type\" content=\"article\" \/>\n<meta property=\"og:title\" content=\"Centro de Gen\u00e9tica y Gen\u00f3mica se adjudica fondos para la Formaci\u00f3n de Redes Internacionales de Conicyt - Centro de Gen\u00e9tica y Gen\u00f3mica\" \/>\n<meta property=\"og:description\" content=\"El proyecto tiene como objetivo acelerar la implementaci\u00f3n de herramientas de vanguardia en el ICIM UDD para la investigaci\u00f3n gen\u00f3mica y bio\u00e9tica de las enfermedades raras no diagnosticadas, mediante la creaci\u00f3n de una colaboraci\u00f3n internacional con las universidades Baylor y McGill en Estados Unidos.\" \/>\n<meta property=\"og:url\" content=\"https:\/\/medicina.udd.cl\/centro-genetica-genomica\/noticias\/2018\/10\/26\/centro-de-genetica-y-genomica-se-adjudica-para-la-formacion-de-redes-internacionales-de-conicyt\/\" \/>\n<meta property=\"og:site_name\" content=\"Centro de Gen\u00e9tica y Gen\u00f3mica\" \/>\n<meta property=\"article:published_time\" content=\"2018-10-26T17:31:54+00:00\" \/>\n<meta property=\"article:modified_time\" content=\"2018-11-13T15:10:08+00:00\" \/>\n<meta property=\"og:image\" content=\"https:\/\/medicina.udd.cl\/centro-genetica-genomica\/files\/2018\/10\/IMG_3178-1024x683.jpg\" \/>\n\t<meta property=\"og:image:width\" content=\"1024\" \/>\n\t<meta property=\"og:image:height\" content=\"683\" \/>\n\t<meta property=\"og:image:type\" content=\"image\/jpeg\" \/>\n<meta name=\"twitter:label1\" content=\"Escrito por\" \/>\n\t<meta name=\"twitter:data1\" content=\"\" \/>\n\t<meta name=\"twitter:label2\" content=\"Tiempo de lectura\" \/>\n\t<meta name=\"twitter:data2\" content=\"2 minutos\" \/>\n<script type=\"application\/ld+json\" class=\"yoast-schema-graph\">{\"@context\":\"https:\/\/schema.org\",\"@graph\":[{\"@type\":\"Article\",\"@id\":\"https:\/\/medicina.udd.cl\/centro-genetica-genomica\/noticias\/2018\/10\/26\/centro-de-genetica-y-genomica-se-adjudica-para-la-formacion-de-redes-internacionales-de-conicyt\/#article\",\"isPartOf\":{\"@id\":\"https:\/\/medicina.udd.cl\/centro-genetica-genomica\/noticias\/2018\/10\/26\/centro-de-genetica-y-genomica-se-adjudica-para-la-formacion-de-redes-internacionales-de-conicyt\/\"},\"author\":{\"name\":\"\",\"@id\":\"\"},\"headline\":\"Centro de Gen\u00e9tica y Gen\u00f3mica se adjudica fondos para la Formaci\u00f3n de Redes Internacionales de Conicyt\",\"datePublished\":\"2018-10-26T17:31:54+00:00\",\"dateModified\":\"2018-11-13T15:10:08+00:00\",\"mainEntityOfPage\":{\"@id\":\"https:\/\/medicina.udd.cl\/centro-genetica-genomica\/noticias\/2018\/10\/26\/centro-de-genetica-y-genomica-se-adjudica-para-la-formacion-de-redes-internacionales-de-conicyt\/\"},\"wordCount\":381,\"commentCount\":0,\"image\":{\"@id\":\"https:\/\/medicina.udd.cl\/centro-genetica-genomica\/noticias\/2018\/10\/26\/centro-de-genetica-y-genomica-se-adjudica-para-la-formacion-de-redes-internacionales-de-conicyt\/#primaryimage\"},\"thumbnailUrl\":\"https:\/\/medicina.udd.cl\/centro-genetica-genomica\/files\/2018\/10\/IMG_3178.jpg\",\"articleSection\":[\"Noticias\"],\"inLanguage\":\"es\",\"potentialAction\":[{\"@type\":\"CommentAction\",\"name\":\"Comment\",\"target\":[\"https:\/\/medicina.udd.cl\/centro-genetica-genomica\/noticias\/2018\/10\/26\/centro-de-genetica-y-genomica-se-adjudica-para-la-formacion-de-redes-internacionales-de-conicyt\/#respond\"]}]},{\"@type\":\"WebPage\",\"@id\":\"https:\/\/medicina.udd.cl\/centro-genetica-genomica\/noticias\/2018\/10\/26\/centro-de-genetica-y-genomica-se-adjudica-para-la-formacion-de-redes-internacionales-de-conicyt\/\",\"url\":\"https:\/\/medicina.udd.cl\/centro-genetica-genomica\/noticias\/2018\/10\/26\/centro-de-genetica-y-genomica-se-adjudica-para-la-formacion-de-redes-internacionales-de-conicyt\/\",\"name\":\"Centro de Gen\u00e9tica y Gen\u00f3mica se adjudica fondos para la Formaci\u00f3n de Redes Internacionales de Conicyt - Centro de Gen\u00e9tica y Gen\u00f3mica\",\"isPartOf\":{\"@id\":\"https:\/\/medicina.udd.cl\/centro-genetica-genomica\/#website\"},\"primaryImageOfPage\":{\"@id\":\"https:\/\/medicina.udd.cl\/centro-genetica-genomica\/noticias\/2018\/10\/26\/centro-de-genetica-y-genomica-se-adjudica-para-la-formacion-de-redes-internacionales-de-conicyt\/#primaryimage\"},\"image\":{\"@id\":\"https:\/\/medicina.udd.cl\/centro-genetica-genomica\/noticias\/2018\/10\/26\/centro-de-genetica-y-genomica-se-adjudica-para-la-formacion-de-redes-internacionales-de-conicyt\/#primaryimage\"},\"thumbnailUrl\":\"https:\/\/medicina.udd.cl\/centro-genetica-genomica\/files\/2018\/10\/IMG_3178.jpg\",\"datePublished\":\"2018-10-26T17:31:54+00:00\",\"dateModified\":\"2018-11-13T15:10:08+00:00\",\"author\":{\"@id\":\"\"},\"breadcrumb\":{\"@id\":\"https:\/\/medicina.udd.cl\/centro-genetica-genomica\/noticias\/2018\/10\/26\/centro-de-genetica-y-genomica-se-adjudica-para-la-formacion-de-redes-internacionales-de-conicyt\/#breadcrumb\"},\"inLanguage\":\"es\",\"potentialAction\":[{\"@type\":\"ReadAction\",\"target\":[\"https:\/\/medicina.udd.cl\/centro-genetica-genomica\/noticias\/2018\/10\/26\/centro-de-genetica-y-genomica-se-adjudica-para-la-formacion-de-redes-internacionales-de-conicyt\/\"]}]},{\"@type\":\"ImageObject\",\"inLanguage\":\"es\",\"@id\":\"https:\/\/medicina.udd.cl\/centro-genetica-genomica\/noticias\/2018\/10\/26\/centro-de-genetica-y-genomica-se-adjudica-para-la-formacion-de-redes-internacionales-de-conicyt\/#primaryimage\",\"url\":\"https:\/\/medicina.udd.cl\/centro-genetica-genomica\/files\/2018\/10\/IMG_3178.jpg\",\"contentUrl\":\"https:\/\/medicina.udd.cl\/centro-genetica-genomica\/files\/2018\/10\/IMG_3178.jpg\",\"width\":4096,\"height\":2731},{\"@type\":\"BreadcrumbList\",\"@id\":\"https:\/\/medicina.udd.cl\/centro-genetica-genomica\/noticias\/2018\/10\/26\/centro-de-genetica-y-genomica-se-adjudica-para-la-formacion-de-redes-internacionales-de-conicyt\/#breadcrumb\",\"itemListElement\":[{\"@type\":\"ListItem\",\"position\":1,\"name\":\"Inicio\",\"item\":\"https:\/\/medicina.udd.cl\/centro-genetica-genomica\/\"},{\"@type\":\"ListItem\",\"position\":2,\"name\":\"Centro de Gen\u00e9tica y Gen\u00f3mica se adjudica fondos para la Formaci\u00f3n de Redes Internacionales de Conicyt\"}]},{\"@type\":\"WebSite\",\"@id\":\"https:\/\/medicina.udd.cl\/centro-genetica-genomica\/#website\",\"url\":\"https:\/\/medicina.udd.cl\/centro-genetica-genomica\/\",\"name\":\"Centro de Gen\u00e9tica y Gen\u00f3mica\",\"description\":\"\",\"inLanguage\":\"es\"},{\"@type\":\"Person\",\"@id\":\"\",\"url\":\"https:\/\/medicina.udd.cl\/centro-genetica-genomica\/noticias\/author\/\"}]}<\/script>\n<!-- \/ Yoast SEO plugin. -->","yoast_head_json":{"title":"Centro de Gen\u00e9tica y Gen\u00f3mica se adjudica fondos para la Formaci\u00f3n de Redes Internacionales de Conicyt - Centro de Gen\u00e9tica y Gen\u00f3mica","robots":{"index":"index","follow":"follow","max-snippet":"max-snippet:-1","max-image-preview":"max-image-preview:large","max-video-preview":"max-video-preview:-1"},"canonical":"https:\/\/medicina.udd.cl\/centro-genetica-genomica\/noticias\/2018\/10\/26\/centro-de-genetica-y-genomica-se-adjudica-para-la-formacion-de-redes-internacionales-de-conicyt\/","og_locale":"es_ES","og_type":"article","og_title":"Centro de Gen\u00e9tica y Gen\u00f3mica se adjudica fondos para la Formaci\u00f3n de Redes Internacionales de Conicyt - Centro de Gen\u00e9tica y Gen\u00f3mica","og_description":"El proyecto tiene como objetivo acelerar la implementaci\u00f3n de herramientas de vanguardia en el ICIM UDD para la investigaci\u00f3n gen\u00f3mica y bio\u00e9tica de las enfermedades raras no diagnosticadas, mediante la creaci\u00f3n de una colaboraci\u00f3n internacional con las universidades Baylor y McGill en Estados Unidos.","og_url":"https:\/\/medicina.udd.cl\/centro-genetica-genomica\/noticias\/2018\/10\/26\/centro-de-genetica-y-genomica-se-adjudica-para-la-formacion-de-redes-internacionales-de-conicyt\/","og_site_name":"Centro de Gen\u00e9tica y Gen\u00f3mica","article_published_time":"2018-10-26T17:31:54+00:00","article_modified_time":"2018-11-13T15:10:08+00:00","og_image":[{"width":1024,"height":683,"url":"https:\/\/medicina.udd.cl\/centro-genetica-genomica\/files\/2018\/10\/IMG_3178-1024x683.jpg","type":"image\/jpeg"}],"twitter_misc":{"Escrito por":"","Tiempo de lectura":"2 minutos"},"schema":{"@context":"https:\/\/schema.org","@graph":[{"@type":"Article","@id":"https:\/\/medicina.udd.cl\/centro-genetica-genomica\/noticias\/2018\/10\/26\/centro-de-genetica-y-genomica-se-adjudica-para-la-formacion-de-redes-internacionales-de-conicyt\/#article","isPartOf":{"@id":"https:\/\/medicina.udd.cl\/centro-genetica-genomica\/noticias\/2018\/10\/26\/centro-de-genetica-y-genomica-se-adjudica-para-la-formacion-de-redes-internacionales-de-conicyt\/"},"author":{"name":"","@id":""},"headline":"Centro de Gen\u00e9tica y Gen\u00f3mica se adjudica fondos para la Formaci\u00f3n de Redes Internacionales de Conicyt","datePublished":"2018-10-26T17:31:54+00:00","dateModified":"2018-11-13T15:10:08+00:00","mainEntityOfPage":{"@id":"https:\/\/medicina.udd.cl\/centro-genetica-genomica\/noticias\/2018\/10\/26\/centro-de-genetica-y-genomica-se-adjudica-para-la-formacion-de-redes-internacionales-de-conicyt\/"},"wordCount":381,"commentCount":0,"image":{"@id":"https:\/\/medicina.udd.cl\/centro-genetica-genomica\/noticias\/2018\/10\/26\/centro-de-genetica-y-genomica-se-adjudica-para-la-formacion-de-redes-internacionales-de-conicyt\/#primaryimage"},"thumbnailUrl":"https:\/\/medicina.udd.cl\/centro-genetica-genomica\/files\/2018\/10\/IMG_3178.jpg","articleSection":["Noticias"],"inLanguage":"es","potentialAction":[{"@type":"CommentAction","name":"Comment","target":["https:\/\/medicina.udd.cl\/centro-genetica-genomica\/noticias\/2018\/10\/26\/centro-de-genetica-y-genomica-se-adjudica-para-la-formacion-de-redes-internacionales-de-conicyt\/#respond"]}]},{"@type":"WebPage","@id":"https:\/\/medicina.udd.cl\/centro-genetica-genomica\/noticias\/2018\/10\/26\/centro-de-genetica-y-genomica-se-adjudica-para-la-formacion-de-redes-internacionales-de-conicyt\/","url":"https:\/\/medicina.udd.cl\/centro-genetica-genomica\/noticias\/2018\/10\/26\/centro-de-genetica-y-genomica-se-adjudica-para-la-formacion-de-redes-internacionales-de-conicyt\/","name":"Centro de Gen\u00e9tica y Gen\u00f3mica se adjudica fondos para la Formaci\u00f3n de Redes Internacionales de Conicyt - Centro de Gen\u00e9tica y Gen\u00f3mica","isPartOf":{"@id":"https:\/\/medicina.udd.cl\/centro-genetica-genomica\/#website"},"primaryImageOfPage":{"@id":"https:\/\/medicina.udd.cl\/centro-genetica-genomica\/noticias\/2018\/10\/26\/centro-de-genetica-y-genomica-se-adjudica-para-la-formacion-de-redes-internacionales-de-conicyt\/#primaryimage"},"image":{"@id":"https:\/\/medicina.udd.cl\/centro-genetica-genomica\/noticias\/2018\/10\/26\/centro-de-genetica-y-genomica-se-adjudica-para-la-formacion-de-redes-internacionales-de-conicyt\/#primaryimage"},"thumbnailUrl":"https:\/\/medicina.udd.cl\/centro-genetica-genomica\/files\/2018\/10\/IMG_3178.jpg","datePublished":"2018-10-26T17:31:54+00:00","dateModified":"2018-11-13T15:10:08+00:00","author":{"@id":""},"breadcrumb":{"@id":"https:\/\/medicina.udd.cl\/centro-genetica-genomica\/noticias\/2018\/10\/26\/centro-de-genetica-y-genomica-se-adjudica-para-la-formacion-de-redes-internacionales-de-conicyt\/#breadcrumb"},"inLanguage":"es","potentialAction":[{"@type":"ReadAction","target":["https:\/\/medicina.udd.cl\/centro-genetica-genomica\/noticias\/2018\/10\/26\/centro-de-genetica-y-genomica-se-adjudica-para-la-formacion-de-redes-internacionales-de-conicyt\/"]}]},{"@type":"ImageObject","inLanguage":"es","@id":"https:\/\/medicina.udd.cl\/centro-genetica-genomica\/noticias\/2018\/10\/26\/centro-de-genetica-y-genomica-se-adjudica-para-la-formacion-de-redes-internacionales-de-conicyt\/#primaryimage","url":"https:\/\/medicina.udd.cl\/centro-genetica-genomica\/files\/2018\/10\/IMG_3178.jpg","contentUrl":"https:\/\/medicina.udd.cl\/centro-genetica-genomica\/files\/2018\/10\/IMG_3178.jpg","width":4096,"height":2731},{"@type":"BreadcrumbList","@id":"https:\/\/medicina.udd.cl\/centro-genetica-genomica\/noticias\/2018\/10\/26\/centro-de-genetica-y-genomica-se-adjudica-para-la-formacion-de-redes-internacionales-de-conicyt\/#breadcrumb","itemListElement":[{"@type":"ListItem","position":1,"name":"Inicio","item":"https:\/\/medicina.udd.cl\/centro-genetica-genomica\/"},{"@type":"ListItem","position":2,"name":"Centro de Gen\u00e9tica y Gen\u00f3mica se adjudica fondos para la Formaci\u00f3n de Redes Internacionales de Conicyt"}]},{"@type":"WebSite","@id":"https:\/\/medicina.udd.cl\/centro-genetica-genomica\/#website","url":"https:\/\/medicina.udd.cl\/centro-genetica-genomica\/","name":"Centro de Gen\u00e9tica y Gen\u00f3mica","description":"","inLanguage":"es"},{"@type":"Person","@id":"","url":"https:\/\/medicina.udd.cl\/centro-genetica-genomica\/noticias\/author\/"}]}},"featured_image_url":"https:\/\/medicina.udd.cl\/centro-genetica-genomica\/files\/2018\/10\/IMG_3178.jpg","_links":{"self":[{"href":"https:\/\/medicina.udd.cl\/centro-genetica-genomica\/wp-json\/wp\/v2\/posts\/2353","targetHints":{"allow":["GET"]}}],"collection":[{"href":"https:\/\/medicina.udd.cl\/centro-genetica-genomica\/wp-json\/wp\/v2\/posts"}],"about":[{"href":"https:\/\/medicina.udd.cl\/centro-genetica-genomica\/wp-json\/wp\/v2\/types\/post"}],"author":[{"embeddable":true,"href":"https:\/\/medicina.udd.cl\/centro-genetica-genomica\/wp-json\/wp\/v2\/users\/42"}],"replies":[{"embeddable":true,"href":"https:\/\/medicina.udd.cl\/centro-genetica-genomica\/wp-json\/wp\/v2\/comments?post=2353"}],"version-history":[{"count":2,"href":"https:\/\/medicina.udd.cl\/centro-genetica-genomica\/wp-json\/wp\/v2\/posts\/2353\/revisions"}],"predecessor-version":[{"id":2357,"href":"https:\/\/medicina.udd.cl\/centro-genetica-genomica\/wp-json\/wp\/v2\/posts\/2353\/revisions\/2357"}],"wp:featuredmedia":[{"embeddable":true,"href":"https:\/\/medicina.udd.cl\/centro-genetica-genomica\/wp-json\/wp\/v2\/media\/2354"}],"wp:attachment":[{"href":"https:\/\/medicina.udd.cl\/centro-genetica-genomica\/wp-json\/wp\/v2\/media?parent=2353"}],"wp:term":[{"taxonomy":"category","embeddable":true,"href":"https:\/\/medicina.udd.cl\/centro-genetica-genomica\/wp-json\/wp\/v2\/categories?post=2353"},{"taxonomy":"post_tag","embeddable":true,"href":"https:\/\/medicina.udd.cl\/centro-genetica-genomica\/wp-json\/wp\/v2\/tags?post=2353"}],"curies":[{"name":"wp","href":"https:\/\/api.w.org\/{rel}","templated":true}]}}